{"id":300415,"date":"2019-03-29T08:35:10","date_gmt":"2019-03-29T11:35:10","guid":{"rendered":"https:\/\/bahiaeconomica.com.br\/wp\/beta\/?p=300415"},"modified":"2019-03-29T08:35:10","modified_gmt":"2019-03-29T11:35:10","slug":"fgv-confianca-da-industria-recua-18-ponto-em-marco","status":"publish","type":"post","link":"https:\/\/bahiaeconomica.com.br\/wp\/2019\/03\/29\/fgv-confianca-da-industria-recua-18-ponto-em-marco\/","title":{"rendered":"FGV: CONFIAN\u00c7A DA IND\u00daSTRIA RECUA 1,8 PONTO EM MAR\u00c7O"},"content":{"rendered":"<p>O \u00cdndice de Confian\u00e7a da Ind\u00fastria (ICI) recuou 1,8 ponto em mar\u00e7o, passando a 97,2 pontos, divulgou a Funda\u00e7\u00e3o Get\u00falio Vargas (FGV) nesta sexta-feira (29). Foi menor n\u00edvel desde dezembro passado. A confian\u00e7a recuou em 14 dos 19 segmentos industriais pesquisados. O \u00cdndice da Situa\u00e7\u00e3o Atual (ISA) retrocedeu 1,7 ponto, para 97,1 pontos, ap\u00f3s quatro avan\u00e7os seguidos. J\u00e1 o \u00cdndice de Expectativas (IE) recuou 1,8 ponto, para 97,4 pontos.<\/p>\n<p>Segundo a FGV, o indicador que mede o grau de satisfa\u00e7\u00e3o com o n\u00edvel atual de demanda regrediu 3,0 pontos, para 96,3 pontos. Foi o que exerceu a maior influ\u00eancia negativa para o resultado do ISA em mar\u00e7o. A parcela de empresas que avaliam a demanda atual como forte diminuiu de 10,1% para 8,6%. J\u00e1 a propor\u00e7\u00e3o das que consideram a demanda fraca aumentou de 18,3% para 20,5% do total.<\/p>\n<p>O otimismo dos empres\u00e1rios com a evolu\u00e7\u00e3o do ambiente de neg\u00f3cios nos seis meses seguintes exerceu a maior influ\u00eancia para a queda das expectativas no m\u00eas, ao recuar 3,7 pontos, para 100,6 pontos. Entre fevereiro e mar\u00e7o, a parcela de empresas que preveem melhora nos neg\u00f3cios recuou de 47,6% para 40,5%, enquanto a das que esperam piora subiu de 6,8% para 10,5%. No mesmo sentido, o Indicador que mede as expectativas para a produ\u00e7\u00e3o nos tr\u00eas meses seguintes recuou 2,4 pontos, para 94,6 pontos. O n\u00edvel de utiliza\u00e7\u00e3o da capacidade instalada ficou est\u00e1vel entre os meses de fevereiro e mar\u00e7o, em 74,7%.<\/p>\n","protected":false},"excerpt":{"rendered":"<p>O \u00cdndice de Confian\u00e7a da Ind\u00fastria (ICI) recuou 1,8 ponto em mar\u00e7o, passando a 97,2 pontos, divulgou a Funda\u00e7\u00e3o Get\u00falio Vargas (FGV) nesta sexta-feira (29). Foi menor n\u00edvel desde dezembro passado. A confian\u00e7a recuou em 14 dos 19 segmentos industriais pesquisados. O \u00cdndice da Situa\u00e7\u00e3o Atual (ISA) retrocedeu 1,7 ponto, para 97,1 pontos, ap\u00f3s quatro [&hellip;]<\/p>\n","protected":false},"author":1,"featured_media":86419,"comment_status":"closed","ping_status":"closed","sticky":false,"template":"","format":"standard","meta":[],"categories":[14,3],"tags":[],"acf":[],"yoast_head":"<!-- This site is optimized with the Yoast SEO plugin v20.8 - https:\/\/yoast.com\/wordpress\/plugins\/seo\/ -->\n<title>FGV: CONFIAN\u00c7A DA IND\u00daSTRIA RECUA 1,8 PONTO EM MAR\u00c7O - Bahia Economica<\/title>\n<meta name=\"description\" content=\"O maior portal de Economia da Bahia DESTAQUE DO DIA, ECONOMIA \/ POL\u00cdTICA Bahia Economica\" \/>\n<meta name=\"robots\" content=\"index, follow, max-snippet:-1, max-image-preview:large, max-video-preview:-1\" \/>\n<link rel=\"canonical\" href=\"https:\/\/bahiaeconomica.com.br\/wp\/2019\/03\/29\/fgv-confianca-da-industria-recua-18-ponto-em-marco\/\" \/>\n<meta property=\"og:locale\" content=\"pt_BR\" \/>\n<meta property=\"og:type\" content=\"article\" \/>\n<meta property=\"og:title\" content=\"FGV: CONFIAN\u00c7A DA IND\u00daSTRIA RECUA 1,8 PONTO EM MAR\u00c7O - Bahia Economica\" \/>\n<meta property=\"og:description\" content=\"O maior portal de Economia da Bahia DESTAQUE DO DIA, ECONOMIA \/ POL\u00cdTICA Bahia Economica\" \/>\n<meta property=\"og:url\" content=\"https:\/\/bahiaeconomica.com.br\/wp\/2019\/03\/29\/fgv-confianca-da-industria-recua-18-ponto-em-marco\/\" \/>\n<meta property=\"og:site_name\" content=\"Bahia Economica\" \/>\n<meta property=\"article:publisher\" content=\"https:\/\/www.facebook.com\/bahiaeconomica\" \/>\n<meta property=\"article:published_time\" content=\"2019-03-29T11:35:10+00:00\" \/>\n<meta property=\"og:image\" content=\"https:\/\/bahiaeconomica.com.br\/wp\/wp-content\/uploads\/2018\/06\/industrias_wd2219_1.jpg\" \/>\n\t<meta property=\"og:image:width\" content=\"500\" \/>\n\t<meta property=\"og:image:height\" content=\"322\" \/>\n\t<meta property=\"og:image:type\" content=\"image\/jpeg\" \/>\n<meta name=\"author\" content=\"admin\" \/>\n<meta name=\"twitter:card\" content=\"summary_large_image\" \/>\n<meta name=\"twitter:label1\" content=\"Escrito por\" \/>\n\t<meta name=\"twitter:data1\" content=\"admin\" \/>\n\t<meta name=\"twitter:label2\" content=\"Est. tempo de leitura\" \/>\n\t<meta name=\"twitter:data2\" content=\"1 minuto\" \/>\n<script type=\"application\/ld+json\" class=\"yoast-schema-graph\">{\"@context\":\"https:\/\/schema.org\",\"@graph\":[{\"@type\":\"Article\",\"@id\":\"https:\/\/bahiaeconomica.com.br\/wp\/2019\/03\/29\/fgv-confianca-da-industria-recua-18-ponto-em-marco\/#article\",\"isPartOf\":{\"@id\":\"https:\/\/bahiaeconomica.com.br\/wp\/2019\/03\/29\/fgv-confianca-da-industria-recua-18-ponto-em-marco\/\"},\"author\":{\"name\":\"admin\",\"@id\":\"https:\/\/bahiaeconomica.com.br\/wp\/#\/schema\/person\/cb1ab5ba96ad3d9390805381c76284ec\"},\"headline\":\"FGV: CONFIAN\u00c7A DA IND\u00daSTRIA RECUA 1,8 PONTO EM MAR\u00c7O\",\"datePublished\":\"2019-03-29T11:35:10+00:00\",\"dateModified\":\"2019-03-29T11:35:10+00:00\",\"mainEntityOfPage\":{\"@id\":\"https:\/\/bahiaeconomica.com.br\/wp\/2019\/03\/29\/fgv-confianca-da-industria-recua-18-ponto-em-marco\/\"},\"wordCount\":256,\"publisher\":{\"@id\":\"https:\/\/bahiaeconomica.com.br\/wp\/#organization\"},\"articleSection\":[\"DESTAQUE DO DIA\",\"ECONOMIA \/ POL\u00cdTICA\"],\"inLanguage\":\"pt-BR\"},{\"@type\":\"WebPage\",\"@id\":\"https:\/\/bahiaeconomica.com.br\/wp\/2019\/03\/29\/fgv-confianca-da-industria-recua-18-ponto-em-marco\/\",\"url\":\"https:\/\/bahiaeconomica.com.br\/wp\/2019\/03\/29\/fgv-confianca-da-industria-recua-18-ponto-em-marco\/\",\"name\":\"FGV: CONFIAN\u00c7A DA IND\u00daSTRIA RECUA 1,8 PONTO EM MAR\u00c7O - Bahia Economica\",\"isPartOf\":{\"@id\":\"https:\/\/bahiaeconomica.com.br\/wp\/#website\"},\"datePublished\":\"2019-03-29T11:35:10+00:00\",\"dateModified\":\"2019-03-29T11:35:10+00:00\",\"description\":\"O maior portal de Economia da Bahia DESTAQUE DO DIA, ECONOMIA \/ POL\u00cdTICA Bahia Economica\",\"breadcrumb\":{\"@id\":\"https:\/\/bahiaeconomica.com.br\/wp\/2019\/03\/29\/fgv-confianca-da-industria-recua-18-ponto-em-marco\/#breadcrumb\"},\"inLanguage\":\"pt-BR\",\"potentialAction\":[{\"@type\":\"ReadAction\",\"target\":[\"https:\/\/bahiaeconomica.com.br\/wp\/2019\/03\/29\/fgv-confianca-da-industria-recua-18-ponto-em-marco\/\"]}]},{\"@type\":\"BreadcrumbList\",\"@id\":\"https:\/\/bahiaeconomica.com.br\/wp\/2019\/03\/29\/fgv-confianca-da-industria-recua-18-ponto-em-marco\/#breadcrumb\",\"itemListElement\":[{\"@type\":\"ListItem\",\"position\":1,\"name\":\"In\u00edcio\",\"item\":\"https:\/\/bahiaeconomica.com.br\/wp\/\"},{\"@type\":\"ListItem\",\"position\":2,\"name\":\"FGV: CONFIAN\u00c7A DA IND\u00daSTRIA RECUA 1,8 PONTO EM MAR\u00c7O\"}]},{\"@type\":\"WebSite\",\"@id\":\"https:\/\/bahiaeconomica.com.br\/wp\/#website\",\"url\":\"https:\/\/bahiaeconomica.com.br\/wp\/\",\"name\":\"Bahia Economica\",\"description\":\"O maior portal de Economia da Bahia\",\"publisher\":{\"@id\":\"https:\/\/bahiaeconomica.com.br\/wp\/#organization\"},\"potentialAction\":[{\"@type\":\"SearchAction\",\"target\":{\"@type\":\"EntryPoint\",\"urlTemplate\":\"https:\/\/bahiaeconomica.com.br\/wp\/?s={search_term_string}\"},\"query-input\":\"required name=search_term_string\"}],\"inLanguage\":\"pt-BR\"},{\"@type\":\"Organization\",\"@id\":\"https:\/\/bahiaeconomica.com.br\/wp\/#organization\",\"name\":\"Bahia Econ\u00f4mica\",\"url\":\"https:\/\/bahiaeconomica.com.br\/wp\/\",\"logo\":{\"@type\":\"ImageObject\",\"inLanguage\":\"pt-BR\",\"@id\":\"https:\/\/bahiaeconomica.com.br\/wp\/#\/schema\/logo\/image\/\",\"url\":\"https:\/\/bahiaeconomica.com.br\/wp\/wp-content\/uploads\/2020\/12\/cropped-BE.png\",\"contentUrl\":\"https:\/\/bahiaeconomica.com.br\/wp\/wp-content\/uploads\/2020\/12\/cropped-BE.png\",\"width\":512,\"height\":512,\"caption\":\"Bahia Econ\u00f4mica\"},\"image\":{\"@id\":\"https:\/\/bahiaeconomica.com.br\/wp\/#\/schema\/logo\/image\/\"},\"sameAs\":[\"https:\/\/www.facebook.com\/bahiaeconomica\"]},{\"@type\":\"Person\",\"@id\":\"https:\/\/bahiaeconomica.com.br\/wp\/#\/schema\/person\/cb1ab5ba96ad3d9390805381c76284ec\",\"name\":\"admin\",\"url\":\"https:\/\/bahiaeconomica.com.br\/wp\/author\/admin\/\"}]}<\/script>\n<!-- \/ Yoast SEO plugin. -->","yoast_head_json":{"title":"FGV: CONFIAN\u00c7A DA IND\u00daSTRIA RECUA 1,8 PONTO EM MAR\u00c7O - Bahia Economica","description":"O maior portal de Economia da Bahia DESTAQUE DO DIA, ECONOMIA \/ POL\u00cdTICA Bahia Economica","robots":{"index":"index","follow":"follow","max-snippet":"max-snippet:-1","max-image-preview":"max-image-preview:large","max-video-preview":"max-video-preview:-1"},"canonical":"https:\/\/bahiaeconomica.com.br\/wp\/2019\/03\/29\/fgv-confianca-da-industria-recua-18-ponto-em-marco\/","og_locale":"pt_BR","og_type":"article","og_title":"FGV: CONFIAN\u00c7A DA IND\u00daSTRIA RECUA 1,8 PONTO EM MAR\u00c7O - Bahia Economica","og_description":"O maior portal de Economia da Bahia DESTAQUE DO DIA, ECONOMIA \/ POL\u00cdTICA Bahia Economica","og_url":"https:\/\/bahiaeconomica.com.br\/wp\/2019\/03\/29\/fgv-confianca-da-industria-recua-18-ponto-em-marco\/","og_site_name":"Bahia Economica","article_publisher":"https:\/\/www.facebook.com\/bahiaeconomica","article_published_time":"2019-03-29T11:35:10+00:00","og_image":[{"width":500,"height":322,"url":"https:\/\/bahiaeconomica.com.br\/wp\/wp-content\/uploads\/2018\/06\/industrias_wd2219_1.jpg","type":"image\/jpeg"}],"author":"admin","twitter_card":"summary_large_image","twitter_misc":{"Escrito por":"admin","Est. tempo de leitura":"1 minuto"},"schema":{"@context":"https:\/\/schema.org","@graph":[{"@type":"Article","@id":"https:\/\/bahiaeconomica.com.br\/wp\/2019\/03\/29\/fgv-confianca-da-industria-recua-18-ponto-em-marco\/#article","isPartOf":{"@id":"https:\/\/bahiaeconomica.com.br\/wp\/2019\/03\/29\/fgv-confianca-da-industria-recua-18-ponto-em-marco\/"},"author":{"name":"admin","@id":"https:\/\/bahiaeconomica.com.br\/wp\/#\/schema\/person\/cb1ab5ba96ad3d9390805381c76284ec"},"headline":"FGV: CONFIAN\u00c7A DA IND\u00daSTRIA RECUA 1,8 PONTO EM MAR\u00c7O","datePublished":"2019-03-29T11:35:10+00:00","dateModified":"2019-03-29T11:35:10+00:00","mainEntityOfPage":{"@id":"https:\/\/bahiaeconomica.com.br\/wp\/2019\/03\/29\/fgv-confianca-da-industria-recua-18-ponto-em-marco\/"},"wordCount":256,"publisher":{"@id":"https:\/\/bahiaeconomica.com.br\/wp\/#organization"},"articleSection":["DESTAQUE DO DIA","ECONOMIA \/ POL\u00cdTICA"],"inLanguage":"pt-BR"},{"@type":"WebPage","@id":"https:\/\/bahiaeconomica.com.br\/wp\/2019\/03\/29\/fgv-confianca-da-industria-recua-18-ponto-em-marco\/","url":"https:\/\/bahiaeconomica.com.br\/wp\/2019\/03\/29\/fgv-confianca-da-industria-recua-18-ponto-em-marco\/","name":"FGV: CONFIAN\u00c7A DA IND\u00daSTRIA RECUA 1,8 PONTO EM MAR\u00c7O - Bahia Economica","isPartOf":{"@id":"https:\/\/bahiaeconomica.com.br\/wp\/#website"},"datePublished":"2019-03-29T11:35:10+00:00","dateModified":"2019-03-29T11:35:10+00:00","description":"O maior portal de Economia da Bahia DESTAQUE DO DIA, ECONOMIA \/ POL\u00cdTICA Bahia Economica","breadcrumb":{"@id":"https:\/\/bahiaeconomica.com.br\/wp\/2019\/03\/29\/fgv-confianca-da-industria-recua-18-ponto-em-marco\/#breadcrumb"},"inLanguage":"pt-BR","potentialAction":[{"@type":"ReadAction","target":["https:\/\/bahiaeconomica.com.br\/wp\/2019\/03\/29\/fgv-confianca-da-industria-recua-18-ponto-em-marco\/"]}]},{"@type":"BreadcrumbList","@id":"https:\/\/bahiaeconomica.com.br\/wp\/2019\/03\/29\/fgv-confianca-da-industria-recua-18-ponto-em-marco\/#breadcrumb","itemListElement":[{"@type":"ListItem","position":1,"name":"In\u00edcio","item":"https:\/\/bahiaeconomica.com.br\/wp\/"},{"@type":"ListItem","position":2,"name":"FGV: CONFIAN\u00c7A DA IND\u00daSTRIA RECUA 1,8 PONTO EM MAR\u00c7O"}]},{"@type":"WebSite","@id":"https:\/\/bahiaeconomica.com.br\/wp\/#website","url":"https:\/\/bahiaeconomica.com.br\/wp\/","name":"Bahia Economica","description":"O maior portal de Economia da Bahia","publisher":{"@id":"https:\/\/bahiaeconomica.com.br\/wp\/#organization"},"potentialAction":[{"@type":"SearchAction","target":{"@type":"EntryPoint","urlTemplate":"https:\/\/bahiaeconomica.com.br\/wp\/?s={search_term_string}"},"query-input":"required name=search_term_string"}],"inLanguage":"pt-BR"},{"@type":"Organization","@id":"https:\/\/bahiaeconomica.com.br\/wp\/#organization","name":"Bahia Econ\u00f4mica","url":"https:\/\/bahiaeconomica.com.br\/wp\/","logo":{"@type":"ImageObject","inLanguage":"pt-BR","@id":"https:\/\/bahiaeconomica.com.br\/wp\/#\/schema\/logo\/image\/","url":"https:\/\/bahiaeconomica.com.br\/wp\/wp-content\/uploads\/2020\/12\/cropped-BE.png","contentUrl":"https:\/\/bahiaeconomica.com.br\/wp\/wp-content\/uploads\/2020\/12\/cropped-BE.png","width":512,"height":512,"caption":"Bahia Econ\u00f4mica"},"image":{"@id":"https:\/\/bahiaeconomica.com.br\/wp\/#\/schema\/logo\/image\/"},"sameAs":["https:\/\/www.facebook.com\/bahiaeconomica"]},{"@type":"Person","@id":"https:\/\/bahiaeconomica.com.br\/wp\/#\/schema\/person\/cb1ab5ba96ad3d9390805381c76284ec","name":"admin","url":"https:\/\/bahiaeconomica.com.br\/wp\/author\/admin\/"}]}},"views":1,"_links":{"self":[{"href":"https:\/\/bahiaeconomica.com.br\/wp\/wp-json\/wp\/v2\/posts\/300415"}],"collection":[{"href":"https:\/\/bahiaeconomica.com.br\/wp\/wp-json\/wp\/v2\/posts"}],"about":[{"href":"https:\/\/bahiaeconomica.com.br\/wp\/wp-json\/wp\/v2\/types\/post"}],"author":[{"embeddable":true,"href":"https:\/\/bahiaeconomica.com.br\/wp\/wp-json\/wp\/v2\/users\/1"}],"replies":[{"embeddable":true,"href":"https:\/\/bahiaeconomica.com.br\/wp\/wp-json\/wp\/v2\/comments?post=300415"}],"version-history":[{"count":1,"href":"https:\/\/bahiaeconomica.com.br\/wp\/wp-json\/wp\/v2\/posts\/300415\/revisions"}],"predecessor-version":[{"id":300422,"href":"https:\/\/bahiaeconomica.com.br\/wp\/wp-json\/wp\/v2\/posts\/300415\/revisions\/300422"}],"wp:featuredmedia":[{"embeddable":true,"href":"https:\/\/bahiaeconomica.com.br\/wp\/wp-json\/wp\/v2\/media\/86419"}],"wp:attachment":[{"href":"https:\/\/bahiaeconomica.com.br\/wp\/wp-json\/wp\/v2\/media?parent=300415"}],"wp:term":[{"taxonomy":"category","embeddable":true,"href":"https:\/\/bahiaeconomica.com.br\/wp\/wp-json\/wp\/v2\/categories?post=300415"},{"taxonomy":"post_tag","embeddable":true,"href":"https:\/\/bahiaeconomica.com.br\/wp\/wp-json\/wp\/v2\/tags?post=300415"}],"curies":[{"name":"wp","href":"https:\/\/api.w.org\/{rel}","templated":true}]}}