{"id":297131,"date":"2019-03-25T12:15:27","date_gmt":"2019-03-25T15:15:27","guid":{"rendered":"https:\/\/bahiaeconomica.com.br\/wp\/beta\/?p=297131"},"modified":"2019-03-25T12:06:18","modified_gmt":"2019-03-25T15:06:18","slug":"gasto-de-brasileiros-no-exterior-recua-73-em-fevereiro","status":"publish","type":"post","link":"https:\/\/bahiaeconomica.com.br\/wp\/2019\/03\/25\/gasto-de-brasileiros-no-exterior-recua-73-em-fevereiro\/","title":{"rendered":"GASTO DE BRASILEIROS NO EXTERIOR RECUA 7,3% EM FEVEREIRO"},"content":{"rendered":"<p>Os gastos de brasileiros no exterior somaram US$ 1,302 bilh\u00e3o em fevereiro deste ano, segundo informa\u00e7\u00f5es divulgadas nesta segunda-feira (25) pelo Banco Central (BC). Com isso, foi registrada uma queda de 7,33% frente ao mesmo per\u00edodo de 2018, quando as despesas l\u00e1 fora somaram US$ 1,405 bilh\u00f5es. Tamb\u00e9m foi o menor valor, para meses de fevereiro, desde 2016 (US$ 841 milh\u00f5es), ou seja, em tr\u00eas anos.<\/p>\n<p>Nos dois primeiros meses deste ano, ainda segundo dados oficiais, as despesas de brasileiros em outros pa\u00edses somaram US$ 2,991 bilh\u00f5es, contra US$ 3,407 bilh\u00f5es no mesmo per\u00edodo do ano passado. O recuo, nesse caso, foi de 12,21%.<\/p>\n<p>A queda dos gastos de brasileiros l\u00e1 fora aconteceu em um momento de alta do d\u00f3lar. Em janeiro e fevereiro deste ano, o d\u00f3lar m\u00e9dio para venda (com base na Ptax, taxa calculada pelo BC) estava em R$ 3,225. No primeiro bimestre de 2019, por sua vez, o c\u00e2mbio m\u00e9dio somou R$ 3,734. Segundo o G1, com a escalada do d\u00f3lar, as viagens de brasileiros ao exterior ficam mais caras. Isso porque as passagens e as despesas com hot\u00e9is, por exemplo, s\u00e3o cotadas em moeda estrangeira. O papel moeda tamb\u00e9m fica mais custoso.<\/p>\n<p>&nbsp;<\/p>\n","protected":false},"excerpt":{"rendered":"<p>Os gastos de brasileiros no exterior somaram US$ 1,302 bilh\u00e3o em fevereiro deste ano, segundo informa\u00e7\u00f5es divulgadas nesta segunda-feira (25) pelo Banco Central (BC). Com isso, foi registrada uma queda de 7,33% frente ao mesmo per\u00edodo de 2018, quando as despesas l\u00e1 fora somaram US$ 1,405 bilh\u00f5es. Tamb\u00e9m foi o menor valor, para meses de [&hellip;]<\/p>\n","protected":false},"author":1,"featured_media":20943,"comment_status":"closed","ping_status":"closed","sticky":false,"template":"","format":"standard","meta":[],"categories":[14,3],"tags":[],"acf":[],"yoast_head":"<!-- This site is optimized with the Yoast SEO plugin v20.8 - https:\/\/yoast.com\/wordpress\/plugins\/seo\/ -->\n<title>GASTO DE BRASILEIROS NO EXTERIOR RECUA 7,3% EM FEVEREIRO - Bahia Economica<\/title>\n<meta name=\"description\" content=\"O maior portal de Economia da Bahia DESTAQUE DO DIA, ECONOMIA \/ POL\u00cdTICA Bahia Economica\" \/>\n<meta name=\"robots\" content=\"index, follow, max-snippet:-1, max-image-preview:large, max-video-preview:-1\" \/>\n<link rel=\"canonical\" href=\"https:\/\/bahiaeconomica.com.br\/wp\/2019\/03\/25\/gasto-de-brasileiros-no-exterior-recua-73-em-fevereiro\/\" \/>\n<meta property=\"og:locale\" content=\"pt_BR\" \/>\n<meta property=\"og:type\" content=\"article\" \/>\n<meta property=\"og:title\" content=\"GASTO DE BRASILEIROS NO EXTERIOR RECUA 7,3% EM FEVEREIRO - Bahia Economica\" \/>\n<meta property=\"og:description\" content=\"O maior portal de Economia da Bahia DESTAQUE DO DIA, ECONOMIA \/ POL\u00cdTICA Bahia Economica\" \/>\n<meta property=\"og:url\" content=\"https:\/\/bahiaeconomica.com.br\/wp\/2019\/03\/25\/gasto-de-brasileiros-no-exterior-recua-73-em-fevereiro\/\" \/>\n<meta property=\"og:site_name\" content=\"Bahia Economica\" \/>\n<meta property=\"article:publisher\" content=\"https:\/\/www.facebook.com\/bahiaeconomica\" \/>\n<meta property=\"article:published_time\" content=\"2019-03-25T15:15:27+00:00\" \/>\n<meta property=\"article:modified_time\" content=\"2019-03-25T15:06:18+00:00\" \/>\n<meta property=\"og:image\" content=\"https:\/\/bahiaeconomica.com.br\/wp\/wp-content\/uploads\/2018\/04\/Gastos-de-brasileiros-crescem-no-Exterior-mesmo-com-moeda-americana-em-alta-Reprodu\u00e7\u00e3o-e1524665623848.jpg\" \/>\n\t<meta property=\"og:image:width\" content=\"500\" \/>\n\t<meta property=\"og:image:height\" content=\"375\" \/>\n\t<meta property=\"og:image:type\" content=\"image\/jpeg\" \/>\n<meta name=\"author\" content=\"admin\" \/>\n<meta name=\"twitter:card\" content=\"summary_large_image\" \/>\n<meta name=\"twitter:label1\" content=\"Escrito por\" \/>\n\t<meta name=\"twitter:data1\" content=\"admin\" \/>\n\t<meta name=\"twitter:label2\" content=\"Est. tempo de leitura\" \/>\n\t<meta name=\"twitter:data2\" content=\"1 minuto\" \/>\n<script type=\"application\/ld+json\" class=\"yoast-schema-graph\">{\"@context\":\"https:\/\/schema.org\",\"@graph\":[{\"@type\":\"Article\",\"@id\":\"https:\/\/bahiaeconomica.com.br\/wp\/2019\/03\/25\/gasto-de-brasileiros-no-exterior-recua-73-em-fevereiro\/#article\",\"isPartOf\":{\"@id\":\"https:\/\/bahiaeconomica.com.br\/wp\/2019\/03\/25\/gasto-de-brasileiros-no-exterior-recua-73-em-fevereiro\/\"},\"author\":{\"name\":\"admin\",\"@id\":\"https:\/\/bahiaeconomica.com.br\/wp\/#\/schema\/person\/cb1ab5ba96ad3d9390805381c76284ec\"},\"headline\":\"GASTO DE BRASILEIROS NO EXTERIOR RECUA 7,3% EM FEVEREIRO\",\"datePublished\":\"2019-03-25T15:15:27+00:00\",\"dateModified\":\"2019-03-25T15:06:18+00:00\",\"mainEntityOfPage\":{\"@id\":\"https:\/\/bahiaeconomica.com.br\/wp\/2019\/03\/25\/gasto-de-brasileiros-no-exterior-recua-73-em-fevereiro\/\"},\"wordCount\":213,\"publisher\":{\"@id\":\"https:\/\/bahiaeconomica.com.br\/wp\/#organization\"},\"articleSection\":[\"DESTAQUE DO DIA\",\"ECONOMIA \/ POL\u00cdTICA\"],\"inLanguage\":\"pt-BR\"},{\"@type\":\"WebPage\",\"@id\":\"https:\/\/bahiaeconomica.com.br\/wp\/2019\/03\/25\/gasto-de-brasileiros-no-exterior-recua-73-em-fevereiro\/\",\"url\":\"https:\/\/bahiaeconomica.com.br\/wp\/2019\/03\/25\/gasto-de-brasileiros-no-exterior-recua-73-em-fevereiro\/\",\"name\":\"GASTO DE BRASILEIROS NO EXTERIOR RECUA 7,3% EM FEVEREIRO - Bahia Economica\",\"isPartOf\":{\"@id\":\"https:\/\/bahiaeconomica.com.br\/wp\/#website\"},\"datePublished\":\"2019-03-25T15:15:27+00:00\",\"dateModified\":\"2019-03-25T15:06:18+00:00\",\"description\":\"O maior portal de Economia da Bahia DESTAQUE DO DIA, ECONOMIA \/ POL\u00cdTICA Bahia Economica\",\"breadcrumb\":{\"@id\":\"https:\/\/bahiaeconomica.com.br\/wp\/2019\/03\/25\/gasto-de-brasileiros-no-exterior-recua-73-em-fevereiro\/#breadcrumb\"},\"inLanguage\":\"pt-BR\",\"potentialAction\":[{\"@type\":\"ReadAction\",\"target\":[\"https:\/\/bahiaeconomica.com.br\/wp\/2019\/03\/25\/gasto-de-brasileiros-no-exterior-recua-73-em-fevereiro\/\"]}]},{\"@type\":\"BreadcrumbList\",\"@id\":\"https:\/\/bahiaeconomica.com.br\/wp\/2019\/03\/25\/gasto-de-brasileiros-no-exterior-recua-73-em-fevereiro\/#breadcrumb\",\"itemListElement\":[{\"@type\":\"ListItem\",\"position\":1,\"name\":\"In\u00edcio\",\"item\":\"https:\/\/bahiaeconomica.com.br\/wp\/\"},{\"@type\":\"ListItem\",\"position\":2,\"name\":\"GASTO DE BRASILEIROS NO EXTERIOR RECUA 7,3% EM FEVEREIRO\"}]},{\"@type\":\"WebSite\",\"@id\":\"https:\/\/bahiaeconomica.com.br\/wp\/#website\",\"url\":\"https:\/\/bahiaeconomica.com.br\/wp\/\",\"name\":\"Bahia Economica\",\"description\":\"O maior portal de Economia da Bahia\",\"publisher\":{\"@id\":\"https:\/\/bahiaeconomica.com.br\/wp\/#organization\"},\"potentialAction\":[{\"@type\":\"SearchAction\",\"target\":{\"@type\":\"EntryPoint\",\"urlTemplate\":\"https:\/\/bahiaeconomica.com.br\/wp\/?s={search_term_string}\"},\"query-input\":\"required name=search_term_string\"}],\"inLanguage\":\"pt-BR\"},{\"@type\":\"Organization\",\"@id\":\"https:\/\/bahiaeconomica.com.br\/wp\/#organization\",\"name\":\"Bahia Econ\u00f4mica\",\"url\":\"https:\/\/bahiaeconomica.com.br\/wp\/\",\"logo\":{\"@type\":\"ImageObject\",\"inLanguage\":\"pt-BR\",\"@id\":\"https:\/\/bahiaeconomica.com.br\/wp\/#\/schema\/logo\/image\/\",\"url\":\"https:\/\/bahiaeconomica.com.br\/wp\/wp-content\/uploads\/2020\/12\/cropped-BE.png\",\"contentUrl\":\"https:\/\/bahiaeconomica.com.br\/wp\/wp-content\/uploads\/2020\/12\/cropped-BE.png\",\"width\":512,\"height\":512,\"caption\":\"Bahia Econ\u00f4mica\"},\"image\":{\"@id\":\"https:\/\/bahiaeconomica.com.br\/wp\/#\/schema\/logo\/image\/\"},\"sameAs\":[\"https:\/\/www.facebook.com\/bahiaeconomica\"]},{\"@type\":\"Person\",\"@id\":\"https:\/\/bahiaeconomica.com.br\/wp\/#\/schema\/person\/cb1ab5ba96ad3d9390805381c76284ec\",\"name\":\"admin\",\"url\":\"https:\/\/bahiaeconomica.com.br\/wp\/author\/admin\/\"}]}<\/script>\n<!-- \/ Yoast SEO plugin. -->","yoast_head_json":{"title":"GASTO DE BRASILEIROS NO EXTERIOR RECUA 7,3% EM FEVEREIRO - Bahia Economica","description":"O maior portal de Economia da Bahia DESTAQUE DO DIA, ECONOMIA \/ POL\u00cdTICA Bahia Economica","robots":{"index":"index","follow":"follow","max-snippet":"max-snippet:-1","max-image-preview":"max-image-preview:large","max-video-preview":"max-video-preview:-1"},"canonical":"https:\/\/bahiaeconomica.com.br\/wp\/2019\/03\/25\/gasto-de-brasileiros-no-exterior-recua-73-em-fevereiro\/","og_locale":"pt_BR","og_type":"article","og_title":"GASTO DE BRASILEIROS NO EXTERIOR RECUA 7,3% EM FEVEREIRO - Bahia Economica","og_description":"O maior portal de Economia da Bahia DESTAQUE DO DIA, ECONOMIA \/ POL\u00cdTICA Bahia Economica","og_url":"https:\/\/bahiaeconomica.com.br\/wp\/2019\/03\/25\/gasto-de-brasileiros-no-exterior-recua-73-em-fevereiro\/","og_site_name":"Bahia Economica","article_publisher":"https:\/\/www.facebook.com\/bahiaeconomica","article_published_time":"2019-03-25T15:15:27+00:00","article_modified_time":"2019-03-25T15:06:18+00:00","og_image":[{"width":500,"height":375,"url":"https:\/\/bahiaeconomica.com.br\/wp\/wp-content\/uploads\/2018\/04\/Gastos-de-brasileiros-crescem-no-Exterior-mesmo-com-moeda-americana-em-alta-Reprodu\u00e7\u00e3o-e1524665623848.jpg","type":"image\/jpeg"}],"author":"admin","twitter_card":"summary_large_image","twitter_misc":{"Escrito por":"admin","Est. tempo de leitura":"1 minuto"},"schema":{"@context":"https:\/\/schema.org","@graph":[{"@type":"Article","@id":"https:\/\/bahiaeconomica.com.br\/wp\/2019\/03\/25\/gasto-de-brasileiros-no-exterior-recua-73-em-fevereiro\/#article","isPartOf":{"@id":"https:\/\/bahiaeconomica.com.br\/wp\/2019\/03\/25\/gasto-de-brasileiros-no-exterior-recua-73-em-fevereiro\/"},"author":{"name":"admin","@id":"https:\/\/bahiaeconomica.com.br\/wp\/#\/schema\/person\/cb1ab5ba96ad3d9390805381c76284ec"},"headline":"GASTO DE BRASILEIROS NO EXTERIOR RECUA 7,3% EM FEVEREIRO","datePublished":"2019-03-25T15:15:27+00:00","dateModified":"2019-03-25T15:06:18+00:00","mainEntityOfPage":{"@id":"https:\/\/bahiaeconomica.com.br\/wp\/2019\/03\/25\/gasto-de-brasileiros-no-exterior-recua-73-em-fevereiro\/"},"wordCount":213,"publisher":{"@id":"https:\/\/bahiaeconomica.com.br\/wp\/#organization"},"articleSection":["DESTAQUE DO DIA","ECONOMIA \/ POL\u00cdTICA"],"inLanguage":"pt-BR"},{"@type":"WebPage","@id":"https:\/\/bahiaeconomica.com.br\/wp\/2019\/03\/25\/gasto-de-brasileiros-no-exterior-recua-73-em-fevereiro\/","url":"https:\/\/bahiaeconomica.com.br\/wp\/2019\/03\/25\/gasto-de-brasileiros-no-exterior-recua-73-em-fevereiro\/","name":"GASTO DE BRASILEIROS NO EXTERIOR RECUA 7,3% EM FEVEREIRO - Bahia Economica","isPartOf":{"@id":"https:\/\/bahiaeconomica.com.br\/wp\/#website"},"datePublished":"2019-03-25T15:15:27+00:00","dateModified":"2019-03-25T15:06:18+00:00","description":"O maior portal de Economia da Bahia DESTAQUE DO DIA, ECONOMIA \/ POL\u00cdTICA Bahia Economica","breadcrumb":{"@id":"https:\/\/bahiaeconomica.com.br\/wp\/2019\/03\/25\/gasto-de-brasileiros-no-exterior-recua-73-em-fevereiro\/#breadcrumb"},"inLanguage":"pt-BR","potentialAction":[{"@type":"ReadAction","target":["https:\/\/bahiaeconomica.com.br\/wp\/2019\/03\/25\/gasto-de-brasileiros-no-exterior-recua-73-em-fevereiro\/"]}]},{"@type":"BreadcrumbList","@id":"https:\/\/bahiaeconomica.com.br\/wp\/2019\/03\/25\/gasto-de-brasileiros-no-exterior-recua-73-em-fevereiro\/#breadcrumb","itemListElement":[{"@type":"ListItem","position":1,"name":"In\u00edcio","item":"https:\/\/bahiaeconomica.com.br\/wp\/"},{"@type":"ListItem","position":2,"name":"GASTO DE BRASILEIROS NO EXTERIOR RECUA 7,3% EM FEVEREIRO"}]},{"@type":"WebSite","@id":"https:\/\/bahiaeconomica.com.br\/wp\/#website","url":"https:\/\/bahiaeconomica.com.br\/wp\/","name":"Bahia Economica","description":"O maior portal de Economia da Bahia","publisher":{"@id":"https:\/\/bahiaeconomica.com.br\/wp\/#organization"},"potentialAction":[{"@type":"SearchAction","target":{"@type":"EntryPoint","urlTemplate":"https:\/\/bahiaeconomica.com.br\/wp\/?s={search_term_string}"},"query-input":"required name=search_term_string"}],"inLanguage":"pt-BR"},{"@type":"Organization","@id":"https:\/\/bahiaeconomica.com.br\/wp\/#organization","name":"Bahia Econ\u00f4mica","url":"https:\/\/bahiaeconomica.com.br\/wp\/","logo":{"@type":"ImageObject","inLanguage":"pt-BR","@id":"https:\/\/bahiaeconomica.com.br\/wp\/#\/schema\/logo\/image\/","url":"https:\/\/bahiaeconomica.com.br\/wp\/wp-content\/uploads\/2020\/12\/cropped-BE.png","contentUrl":"https:\/\/bahiaeconomica.com.br\/wp\/wp-content\/uploads\/2020\/12\/cropped-BE.png","width":512,"height":512,"caption":"Bahia Econ\u00f4mica"},"image":{"@id":"https:\/\/bahiaeconomica.com.br\/wp\/#\/schema\/logo\/image\/"},"sameAs":["https:\/\/www.facebook.com\/bahiaeconomica"]},{"@type":"Person","@id":"https:\/\/bahiaeconomica.com.br\/wp\/#\/schema\/person\/cb1ab5ba96ad3d9390805381c76284ec","name":"admin","url":"https:\/\/bahiaeconomica.com.br\/wp\/author\/admin\/"}]}},"views":10,"_links":{"self":[{"href":"https:\/\/bahiaeconomica.com.br\/wp\/wp-json\/wp\/v2\/posts\/297131"}],"collection":[{"href":"https:\/\/bahiaeconomica.com.br\/wp\/wp-json\/wp\/v2\/posts"}],"about":[{"href":"https:\/\/bahiaeconomica.com.br\/wp\/wp-json\/wp\/v2\/types\/post"}],"author":[{"embeddable":true,"href":"https:\/\/bahiaeconomica.com.br\/wp\/wp-json\/wp\/v2\/users\/1"}],"replies":[{"embeddable":true,"href":"https:\/\/bahiaeconomica.com.br\/wp\/wp-json\/wp\/v2\/comments?post=297131"}],"version-history":[{"count":1,"href":"https:\/\/bahiaeconomica.com.br\/wp\/wp-json\/wp\/v2\/posts\/297131\/revisions"}],"predecessor-version":[{"id":297141,"href":"https:\/\/bahiaeconomica.com.br\/wp\/wp-json\/wp\/v2\/posts\/297131\/revisions\/297141"}],"wp:featuredmedia":[{"embeddable":true,"href":"https:\/\/bahiaeconomica.com.br\/wp\/wp-json\/wp\/v2\/media\/20943"}],"wp:attachment":[{"href":"https:\/\/bahiaeconomica.com.br\/wp\/wp-json\/wp\/v2\/media?parent=297131"}],"wp:term":[{"taxonomy":"category","embeddable":true,"href":"https:\/\/bahiaeconomica.com.br\/wp\/wp-json\/wp\/v2\/categories?post=297131"},{"taxonomy":"post_tag","embeddable":true,"href":"https:\/\/bahiaeconomica.com.br\/wp\/wp-json\/wp\/v2\/tags?post=297131"}],"curies":[{"name":"wp","href":"https:\/\/api.w.org\/{rel}","templated":true}]}}