{"id":295821,"date":"2019-03-22T09:11:29","date_gmt":"2019-03-22T12:11:29","guid":{"rendered":"https:\/\/bahiaeconomica.com.br\/wp\/beta\/?p=295821"},"modified":"2019-03-22T09:19:51","modified_gmt":"2019-03-22T12:19:51","slug":"juiz-que-prendeu-temer-ganha-seguidores-na-internet-com-fotos-na-academia","status":"publish","type":"post","link":"https:\/\/bahiaeconomica.com.br\/wp\/2019\/03\/22\/juiz-que-prendeu-temer-ganha-seguidores-na-internet-com-fotos-na-academia\/","title":{"rendered":"BRETAS GANHA SEGUIDORES NA INTERNET COM FOTOS NA ACADEMIA"},"content":{"rendered":"<p style=\"text-align: justify;\">Respons\u00e1vel por mandar prender o ex-presidente Michel Temer e os seus antigos ministros Eliseu Padilha e Moreira Franco, o juiz Marcelo Bretas viu sua popularidade aumentar significativamente em menos de 24 horas. Sem a toga, o juiz mostra o seu lado marombeiro nas redes sociais. No Instagram, \u00e9 comum v\u00ea-lo com roupa de academia e frases como \u201cMente s\u00e3o, corpo s\u00e3o\u201d. Ele n\u00e3o para nem quando viaja. \u201cEm Vit\u00f3ria\/ES tamb\u00e9m se malha\u201d, diz o carioca em uma das publica\u00e7\u00f5es na academia. N\u00e3o \u00e9 raro tamb\u00e9m ver Bretas demonstrar a sua paix\u00e3o pelo Flamengo. Em janeiro, exibiu um presente que causa inveja em qualquer torcedor: uma camisa autografada pelos jogadores do rubro-negro.<\/p>\n<p style=\"text-align: justify;\">H\u00e1 tr\u00eas dias atr\u00e1s, Marcelo Bretas compartilhou uma fala sua que foi publicada no Estad\u00e3o, a respeito da opera\u00e7\u00e3o Lava-Jato no Rio de Janeiro: \u201cA decis\u00e3o est\u00e1 tomada e ser\u00e1 obedecida. Mas o Minist\u00e9rio P\u00fablico e a Justi\u00e7a do Brasil seguir\u00e3o cumprindo suas miss\u00f5es constitucionais\u201d. Desde que ordenou a pris\u00e3o de Temer, o juiz ganhou uma legi\u00e3o de f\u00e3s que encheram os posts de elogios. \u201cAdmiro muito o seu trabalho\u201d, disse um internauta. \u201cBrasileiros n\u00e3o sabem como agradecer. Parab\u00e9ns\u201d, comentou outro. \u201cDeus te ilumine por livrar nosso pa\u00eds dos corruptos\u201d foi mais um dos coment\u00e1rios.<\/p>\n","protected":false},"excerpt":{"rendered":"<p>Respons\u00e1vel por mandar prender o ex-presidente Michel Temer e os seus antigos ministros Eliseu Padilha e Moreira Franco, o juiz Marcelo Bretas viu sua popularidade aumentar significativamente em menos de 24 horas. Sem a toga, o juiz mostra o seu lado marombeiro nas redes sociais. No Instagram, \u00e9 comum v\u00ea-lo com roupa de academia e [&hellip;]<\/p>\n","protected":false},"author":1,"featured_media":295857,"comment_status":"closed","ping_status":"closed","sticky":false,"template":"","format":"standard","meta":[],"categories":[14,3],"tags":[],"acf":[],"yoast_head":"<!-- This site is optimized with the Yoast SEO plugin v20.8 - https:\/\/yoast.com\/wordpress\/plugins\/seo\/ -->\n<title>BRETAS GANHA SEGUIDORES NA INTERNET COM FOTOS NA ACADEMIA - Bahia Economica<\/title>\n<meta name=\"description\" content=\"O maior portal de Economia da Bahia DESTAQUE DO DIA, ECONOMIA \/ POL\u00cdTICA Bahia Economica\" \/>\n<meta name=\"robots\" content=\"index, follow, max-snippet:-1, max-image-preview:large, max-video-preview:-1\" \/>\n<link rel=\"canonical\" href=\"https:\/\/bahiaeconomica.com.br\/wp\/2019\/03\/22\/juiz-que-prendeu-temer-ganha-seguidores-na-internet-com-fotos-na-academia\/\" \/>\n<meta property=\"og:locale\" content=\"pt_BR\" \/>\n<meta property=\"og:type\" content=\"article\" \/>\n<meta property=\"og:title\" content=\"BRETAS GANHA SEGUIDORES NA INTERNET COM FOTOS NA ACADEMIA - Bahia Economica\" \/>\n<meta property=\"og:description\" content=\"O maior portal de Economia da Bahia DESTAQUE DO DIA, ECONOMIA \/ POL\u00cdTICA Bahia Economica\" \/>\n<meta property=\"og:url\" content=\"https:\/\/bahiaeconomica.com.br\/wp\/2019\/03\/22\/juiz-que-prendeu-temer-ganha-seguidores-na-internet-com-fotos-na-academia\/\" \/>\n<meta property=\"og:site_name\" content=\"Bahia Economica\" \/>\n<meta property=\"article:publisher\" content=\"https:\/\/www.facebook.com\/bahiaeconomica\" \/>\n<meta property=\"article:published_time\" content=\"2019-03-22T12:11:29+00:00\" \/>\n<meta property=\"article:modified_time\" content=\"2019-03-22T12:19:51+00:00\" \/>\n<meta property=\"og:image\" content=\"https:\/\/bahiaeconomica.com.br\/wp\/wp-content\/uploads\/2019\/03\/marcelo-bretas-juiz-arquivo-pessoal-instagram.png\" \/>\n\t<meta property=\"og:image:width\" content=\"600\" \/>\n\t<meta property=\"og:image:height\" content=\"420\" \/>\n\t<meta property=\"og:image:type\" content=\"image\/png\" \/>\n<meta name=\"author\" content=\"admin\" \/>\n<meta name=\"twitter:card\" content=\"summary_large_image\" \/>\n<meta name=\"twitter:label1\" content=\"Escrito por\" \/>\n\t<meta name=\"twitter:data1\" content=\"admin\" \/>\n\t<meta name=\"twitter:label2\" content=\"Est. tempo de leitura\" \/>\n\t<meta name=\"twitter:data2\" content=\"1 minuto\" \/>\n<script type=\"application\/ld+json\" class=\"yoast-schema-graph\">{\"@context\":\"https:\/\/schema.org\",\"@graph\":[{\"@type\":\"Article\",\"@id\":\"https:\/\/bahiaeconomica.com.br\/wp\/2019\/03\/22\/juiz-que-prendeu-temer-ganha-seguidores-na-internet-com-fotos-na-academia\/#article\",\"isPartOf\":{\"@id\":\"https:\/\/bahiaeconomica.com.br\/wp\/2019\/03\/22\/juiz-que-prendeu-temer-ganha-seguidores-na-internet-com-fotos-na-academia\/\"},\"author\":{\"name\":\"admin\",\"@id\":\"https:\/\/bahiaeconomica.com.br\/wp\/#\/schema\/person\/cb1ab5ba96ad3d9390805381c76284ec\"},\"headline\":\"BRETAS GANHA SEGUIDORES NA INTERNET COM FOTOS NA ACADEMIA\",\"datePublished\":\"2019-03-22T12:11:29+00:00\",\"dateModified\":\"2019-03-22T12:19:51+00:00\",\"mainEntityOfPage\":{\"@id\":\"https:\/\/bahiaeconomica.com.br\/wp\/2019\/03\/22\/juiz-que-prendeu-temer-ganha-seguidores-na-internet-com-fotos-na-academia\/\"},\"wordCount\":241,\"publisher\":{\"@id\":\"https:\/\/bahiaeconomica.com.br\/wp\/#organization\"},\"articleSection\":[\"DESTAQUE DO DIA\",\"ECONOMIA \/ POL\u00cdTICA\"],\"inLanguage\":\"pt-BR\"},{\"@type\":\"WebPage\",\"@id\":\"https:\/\/bahiaeconomica.com.br\/wp\/2019\/03\/22\/juiz-que-prendeu-temer-ganha-seguidores-na-internet-com-fotos-na-academia\/\",\"url\":\"https:\/\/bahiaeconomica.com.br\/wp\/2019\/03\/22\/juiz-que-prendeu-temer-ganha-seguidores-na-internet-com-fotos-na-academia\/\",\"name\":\"BRETAS GANHA SEGUIDORES NA INTERNET COM FOTOS NA ACADEMIA - Bahia Economica\",\"isPartOf\":{\"@id\":\"https:\/\/bahiaeconomica.com.br\/wp\/#website\"},\"datePublished\":\"2019-03-22T12:11:29+00:00\",\"dateModified\":\"2019-03-22T12:19:51+00:00\",\"description\":\"O maior portal de Economia da Bahia DESTAQUE DO DIA, ECONOMIA \/ POL\u00cdTICA Bahia Economica\",\"breadcrumb\":{\"@id\":\"https:\/\/bahiaeconomica.com.br\/wp\/2019\/03\/22\/juiz-que-prendeu-temer-ganha-seguidores-na-internet-com-fotos-na-academia\/#breadcrumb\"},\"inLanguage\":\"pt-BR\",\"potentialAction\":[{\"@type\":\"ReadAction\",\"target\":[\"https:\/\/bahiaeconomica.com.br\/wp\/2019\/03\/22\/juiz-que-prendeu-temer-ganha-seguidores-na-internet-com-fotos-na-academia\/\"]}]},{\"@type\":\"BreadcrumbList\",\"@id\":\"https:\/\/bahiaeconomica.com.br\/wp\/2019\/03\/22\/juiz-que-prendeu-temer-ganha-seguidores-na-internet-com-fotos-na-academia\/#breadcrumb\",\"itemListElement\":[{\"@type\":\"ListItem\",\"position\":1,\"name\":\"In\u00edcio\",\"item\":\"https:\/\/bahiaeconomica.com.br\/wp\/\"},{\"@type\":\"ListItem\",\"position\":2,\"name\":\"BRETAS GANHA SEGUIDORES NA INTERNET COM FOTOS NA ACADEMIA\"}]},{\"@type\":\"WebSite\",\"@id\":\"https:\/\/bahiaeconomica.com.br\/wp\/#website\",\"url\":\"https:\/\/bahiaeconomica.com.br\/wp\/\",\"name\":\"Bahia Economica\",\"description\":\"O maior portal de Economia da Bahia\",\"publisher\":{\"@id\":\"https:\/\/bahiaeconomica.com.br\/wp\/#organization\"},\"potentialAction\":[{\"@type\":\"SearchAction\",\"target\":{\"@type\":\"EntryPoint\",\"urlTemplate\":\"https:\/\/bahiaeconomica.com.br\/wp\/?s={search_term_string}\"},\"query-input\":\"required name=search_term_string\"}],\"inLanguage\":\"pt-BR\"},{\"@type\":\"Organization\",\"@id\":\"https:\/\/bahiaeconomica.com.br\/wp\/#organization\",\"name\":\"Bahia Econ\u00f4mica\",\"url\":\"https:\/\/bahiaeconomica.com.br\/wp\/\",\"logo\":{\"@type\":\"ImageObject\",\"inLanguage\":\"pt-BR\",\"@id\":\"https:\/\/bahiaeconomica.com.br\/wp\/#\/schema\/logo\/image\/\",\"url\":\"https:\/\/bahiaeconomica.com.br\/wp\/wp-content\/uploads\/2020\/12\/cropped-BE.png\",\"contentUrl\":\"https:\/\/bahiaeconomica.com.br\/wp\/wp-content\/uploads\/2020\/12\/cropped-BE.png\",\"width\":512,\"height\":512,\"caption\":\"Bahia Econ\u00f4mica\"},\"image\":{\"@id\":\"https:\/\/bahiaeconomica.com.br\/wp\/#\/schema\/logo\/image\/\"},\"sameAs\":[\"https:\/\/www.facebook.com\/bahiaeconomica\"]},{\"@type\":\"Person\",\"@id\":\"https:\/\/bahiaeconomica.com.br\/wp\/#\/schema\/person\/cb1ab5ba96ad3d9390805381c76284ec\",\"name\":\"admin\",\"url\":\"https:\/\/bahiaeconomica.com.br\/wp\/author\/admin\/\"}]}<\/script>\n<!-- \/ Yoast SEO plugin. -->","yoast_head_json":{"title":"BRETAS GANHA SEGUIDORES NA INTERNET COM FOTOS NA ACADEMIA - Bahia Economica","description":"O maior portal de Economia da Bahia DESTAQUE DO DIA, ECONOMIA \/ POL\u00cdTICA Bahia Economica","robots":{"index":"index","follow":"follow","max-snippet":"max-snippet:-1","max-image-preview":"max-image-preview:large","max-video-preview":"max-video-preview:-1"},"canonical":"https:\/\/bahiaeconomica.com.br\/wp\/2019\/03\/22\/juiz-que-prendeu-temer-ganha-seguidores-na-internet-com-fotos-na-academia\/","og_locale":"pt_BR","og_type":"article","og_title":"BRETAS GANHA SEGUIDORES NA INTERNET COM FOTOS NA ACADEMIA - Bahia Economica","og_description":"O maior portal de Economia da Bahia DESTAQUE DO DIA, ECONOMIA \/ POL\u00cdTICA Bahia Economica","og_url":"https:\/\/bahiaeconomica.com.br\/wp\/2019\/03\/22\/juiz-que-prendeu-temer-ganha-seguidores-na-internet-com-fotos-na-academia\/","og_site_name":"Bahia Economica","article_publisher":"https:\/\/www.facebook.com\/bahiaeconomica","article_published_time":"2019-03-22T12:11:29+00:00","article_modified_time":"2019-03-22T12:19:51+00:00","og_image":[{"width":600,"height":420,"url":"https:\/\/bahiaeconomica.com.br\/wp\/wp-content\/uploads\/2019\/03\/marcelo-bretas-juiz-arquivo-pessoal-instagram.png","type":"image\/png"}],"author":"admin","twitter_card":"summary_large_image","twitter_misc":{"Escrito por":"admin","Est. tempo de leitura":"1 minuto"},"schema":{"@context":"https:\/\/schema.org","@graph":[{"@type":"Article","@id":"https:\/\/bahiaeconomica.com.br\/wp\/2019\/03\/22\/juiz-que-prendeu-temer-ganha-seguidores-na-internet-com-fotos-na-academia\/#article","isPartOf":{"@id":"https:\/\/bahiaeconomica.com.br\/wp\/2019\/03\/22\/juiz-que-prendeu-temer-ganha-seguidores-na-internet-com-fotos-na-academia\/"},"author":{"name":"admin","@id":"https:\/\/bahiaeconomica.com.br\/wp\/#\/schema\/person\/cb1ab5ba96ad3d9390805381c76284ec"},"headline":"BRETAS GANHA SEGUIDORES NA INTERNET COM FOTOS NA ACADEMIA","datePublished":"2019-03-22T12:11:29+00:00","dateModified":"2019-03-22T12:19:51+00:00","mainEntityOfPage":{"@id":"https:\/\/bahiaeconomica.com.br\/wp\/2019\/03\/22\/juiz-que-prendeu-temer-ganha-seguidores-na-internet-com-fotos-na-academia\/"},"wordCount":241,"publisher":{"@id":"https:\/\/bahiaeconomica.com.br\/wp\/#organization"},"articleSection":["DESTAQUE DO DIA","ECONOMIA \/ POL\u00cdTICA"],"inLanguage":"pt-BR"},{"@type":"WebPage","@id":"https:\/\/bahiaeconomica.com.br\/wp\/2019\/03\/22\/juiz-que-prendeu-temer-ganha-seguidores-na-internet-com-fotos-na-academia\/","url":"https:\/\/bahiaeconomica.com.br\/wp\/2019\/03\/22\/juiz-que-prendeu-temer-ganha-seguidores-na-internet-com-fotos-na-academia\/","name":"BRETAS GANHA SEGUIDORES NA INTERNET COM FOTOS NA ACADEMIA - Bahia Economica","isPartOf":{"@id":"https:\/\/bahiaeconomica.com.br\/wp\/#website"},"datePublished":"2019-03-22T12:11:29+00:00","dateModified":"2019-03-22T12:19:51+00:00","description":"O maior portal de Economia da Bahia DESTAQUE DO DIA, ECONOMIA \/ POL\u00cdTICA Bahia Economica","breadcrumb":{"@id":"https:\/\/bahiaeconomica.com.br\/wp\/2019\/03\/22\/juiz-que-prendeu-temer-ganha-seguidores-na-internet-com-fotos-na-academia\/#breadcrumb"},"inLanguage":"pt-BR","potentialAction":[{"@type":"ReadAction","target":["https:\/\/bahiaeconomica.com.br\/wp\/2019\/03\/22\/juiz-que-prendeu-temer-ganha-seguidores-na-internet-com-fotos-na-academia\/"]}]},{"@type":"BreadcrumbList","@id":"https:\/\/bahiaeconomica.com.br\/wp\/2019\/03\/22\/juiz-que-prendeu-temer-ganha-seguidores-na-internet-com-fotos-na-academia\/#breadcrumb","itemListElement":[{"@type":"ListItem","position":1,"name":"In\u00edcio","item":"https:\/\/bahiaeconomica.com.br\/wp\/"},{"@type":"ListItem","position":2,"name":"BRETAS GANHA SEGUIDORES NA INTERNET COM FOTOS NA ACADEMIA"}]},{"@type":"WebSite","@id":"https:\/\/bahiaeconomica.com.br\/wp\/#website","url":"https:\/\/bahiaeconomica.com.br\/wp\/","name":"Bahia Economica","description":"O maior portal de Economia da Bahia","publisher":{"@id":"https:\/\/bahiaeconomica.com.br\/wp\/#organization"},"potentialAction":[{"@type":"SearchAction","target":{"@type":"EntryPoint","urlTemplate":"https:\/\/bahiaeconomica.com.br\/wp\/?s={search_term_string}"},"query-input":"required name=search_term_string"}],"inLanguage":"pt-BR"},{"@type":"Organization","@id":"https:\/\/bahiaeconomica.com.br\/wp\/#organization","name":"Bahia Econ\u00f4mica","url":"https:\/\/bahiaeconomica.com.br\/wp\/","logo":{"@type":"ImageObject","inLanguage":"pt-BR","@id":"https:\/\/bahiaeconomica.com.br\/wp\/#\/schema\/logo\/image\/","url":"https:\/\/bahiaeconomica.com.br\/wp\/wp-content\/uploads\/2020\/12\/cropped-BE.png","contentUrl":"https:\/\/bahiaeconomica.com.br\/wp\/wp-content\/uploads\/2020\/12\/cropped-BE.png","width":512,"height":512,"caption":"Bahia Econ\u00f4mica"},"image":{"@id":"https:\/\/bahiaeconomica.com.br\/wp\/#\/schema\/logo\/image\/"},"sameAs":["https:\/\/www.facebook.com\/bahiaeconomica"]},{"@type":"Person","@id":"https:\/\/bahiaeconomica.com.br\/wp\/#\/schema\/person\/cb1ab5ba96ad3d9390805381c76284ec","name":"admin","url":"https:\/\/bahiaeconomica.com.br\/wp\/author\/admin\/"}]}},"views":5,"_links":{"self":[{"href":"https:\/\/bahiaeconomica.com.br\/wp\/wp-json\/wp\/v2\/posts\/295821"}],"collection":[{"href":"https:\/\/bahiaeconomica.com.br\/wp\/wp-json\/wp\/v2\/posts"}],"about":[{"href":"https:\/\/bahiaeconomica.com.br\/wp\/wp-json\/wp\/v2\/types\/post"}],"author":[{"embeddable":true,"href":"https:\/\/bahiaeconomica.com.br\/wp\/wp-json\/wp\/v2\/users\/1"}],"replies":[{"embeddable":true,"href":"https:\/\/bahiaeconomica.com.br\/wp\/wp-json\/wp\/v2\/comments?post=295821"}],"version-history":[{"count":2,"href":"https:\/\/bahiaeconomica.com.br\/wp\/wp-json\/wp\/v2\/posts\/295821\/revisions"}],"predecessor-version":[{"id":295856,"href":"https:\/\/bahiaeconomica.com.br\/wp\/wp-json\/wp\/v2\/posts\/295821\/revisions\/295856"}],"wp:featuredmedia":[{"embeddable":true,"href":"https:\/\/bahiaeconomica.com.br\/wp\/wp-json\/wp\/v2\/media\/295857"}],"wp:attachment":[{"href":"https:\/\/bahiaeconomica.com.br\/wp\/wp-json\/wp\/v2\/media?parent=295821"}],"wp:term":[{"taxonomy":"category","embeddable":true,"href":"https:\/\/bahiaeconomica.com.br\/wp\/wp-json\/wp\/v2\/categories?post=295821"},{"taxonomy":"post_tag","embeddable":true,"href":"https:\/\/bahiaeconomica.com.br\/wp\/wp-json\/wp\/v2\/tags?post=295821"}],"curies":[{"name":"wp","href":"https:\/\/api.w.org\/{rel}","templated":true}]}}