{"id":294008,"date":"2019-03-20T08:34:14","date_gmt":"2019-03-20T11:34:14","guid":{"rendered":"https:\/\/bahiaeconomica.com.br\/wp\/beta\/?p=294008"},"modified":"2019-03-20T08:34:48","modified_gmt":"2019-03-20T11:34:48","slug":"lava-jato-pf-e-mpf-cumprem-mandados-de-prisao-contra-doleiros","status":"publish","type":"post","link":"https:\/\/bahiaeconomica.com.br\/wp\/2019\/03\/20\/lava-jato-pf-e-mpf-cumprem-mandados-de-prisao-contra-doleiros\/","title":{"rendered":"PF E MPF CUMPREM MANDADOS DE PRIS\u00c3O CONTRA DOLEIROS"},"content":{"rendered":"<p>Agentes da Pol\u00edcia Federal e do Minist\u00e9rio P\u00fablico Federal est\u00e3o nas ruas de S\u00e3o Paulo para cumprir quatro mandados de pris\u00e3o contra doleiros e outros de busca e apreens\u00e3o em mais uma fase da &#8220;Opera\u00e7\u00e3o C\u00e2mbio, Desligo&#8221;, um desdobramento da Lava Jato no Rio de Janeiro.<\/p>\n<p>Os mandados foram expedidos pelo juiz Marcelo Bretas da 7\u00aa Vara Federal Criminal do RJ. Nessa fase, a pol\u00edcia apura um esquema de evas\u00e3o de divisas, lavagem de dinheiro e corrup\u00e7\u00e3o, chefiado pelo ex-governador S\u00e9rgio Cabral. Os alvos foram identificados dentro do esquema de S\u00e9rgio Cabral, a partir das dela\u00e7\u00f5es premiadas Vinicius Clarer (Juca), e Cl\u00e1udio Fernando Barboza, o Tony.<\/p>\n<p>Os mandados de pris\u00e3o preventiva s\u00e3o para o doleiro: S\u00e9rgio Guaraciaba Martins Reinas, conhecido como &#8220;Roma&#8221; e &#8220;Mister&#8221;; o doleiro: Nissim Chreim, o &#8220;Miojo&#8221;; e Th\u00e2nia Nazli Battat Chreim. J\u00e1 o mandado de pris\u00e3o tempor\u00e1ria \u00e9 para Jonathan Chahoud Chreim. Os sete mandados de busca e apreens\u00e3o est\u00e3o sendo cumpridos em endere\u00e7os comerciais e residenciais dos alvos citados.<\/p>\n","protected":false},"excerpt":{"rendered":"<p>Agentes da Pol\u00edcia Federal e do Minist\u00e9rio P\u00fablico Federal est\u00e3o nas ruas de S\u00e3o Paulo para cumprir quatro mandados de pris\u00e3o contra doleiros e outros de busca e apreens\u00e3o em mais uma fase da &#8220;Opera\u00e7\u00e3o C\u00e2mbio, Desligo&#8221;, um desdobramento da Lava Jato no Rio de Janeiro. Os mandados foram expedidos pelo juiz Marcelo Bretas da [&hellip;]<\/p>\n","protected":false},"author":1,"featured_media":289300,"comment_status":"closed","ping_status":"closed","sticky":false,"template":"","format":"standard","meta":[],"categories":[14,3],"tags":[],"acf":[],"yoast_head":"<!-- This site is optimized with the Yoast SEO plugin v20.8 - https:\/\/yoast.com\/wordpress\/plugins\/seo\/ -->\n<title>PF E MPF CUMPREM MANDADOS DE PRIS\u00c3O CONTRA DOLEIROS - Bahia Economica<\/title>\n<meta name=\"description\" content=\"O maior portal de Economia da Bahia DESTAQUE DO DIA, ECONOMIA \/ POL\u00cdTICA Bahia Economica\" \/>\n<meta name=\"robots\" content=\"index, follow, max-snippet:-1, max-image-preview:large, max-video-preview:-1\" \/>\n<link rel=\"canonical\" href=\"https:\/\/bahiaeconomica.com.br\/wp\/2019\/03\/20\/lava-jato-pf-e-mpf-cumprem-mandados-de-prisao-contra-doleiros\/\" \/>\n<meta property=\"og:locale\" content=\"pt_BR\" \/>\n<meta property=\"og:type\" content=\"article\" \/>\n<meta property=\"og:title\" content=\"PF E MPF CUMPREM MANDADOS DE PRIS\u00c3O CONTRA DOLEIROS - Bahia Economica\" \/>\n<meta property=\"og:description\" content=\"O maior portal de Economia da Bahia DESTAQUE DO DIA, ECONOMIA \/ POL\u00cdTICA Bahia Economica\" \/>\n<meta property=\"og:url\" content=\"https:\/\/bahiaeconomica.com.br\/wp\/2019\/03\/20\/lava-jato-pf-e-mpf-cumprem-mandados-de-prisao-contra-doleiros\/\" \/>\n<meta property=\"og:site_name\" content=\"Bahia Economica\" \/>\n<meta property=\"article:publisher\" content=\"https:\/\/www.facebook.com\/bahiaeconomica\" \/>\n<meta property=\"article:published_time\" content=\"2019-03-20T11:34:14+00:00\" \/>\n<meta property=\"article:modified_time\" content=\"2019-03-20T11:34:48+00:00\" \/>\n<meta property=\"og:image\" content=\"https:\/\/bahiaeconomica.com.br\/wp\/wp-content\/uploads\/2019\/03\/lava-jato-e1552427876588.jpg\" \/>\n\t<meta property=\"og:image:width\" content=\"500\" \/>\n\t<meta property=\"og:image:height\" content=\"333\" \/>\n\t<meta property=\"og:image:type\" content=\"image\/jpeg\" \/>\n<meta name=\"author\" content=\"admin\" \/>\n<meta name=\"twitter:card\" content=\"summary_large_image\" \/>\n<meta name=\"twitter:label1\" content=\"Escrito por\" \/>\n\t<meta name=\"twitter:data1\" content=\"admin\" \/>\n\t<meta name=\"twitter:label2\" content=\"Est. tempo de leitura\" \/>\n\t<meta name=\"twitter:data2\" content=\"1 minuto\" \/>\n<script type=\"application\/ld+json\" class=\"yoast-schema-graph\">{\"@context\":\"https:\/\/schema.org\",\"@graph\":[{\"@type\":\"Article\",\"@id\":\"https:\/\/bahiaeconomica.com.br\/wp\/2019\/03\/20\/lava-jato-pf-e-mpf-cumprem-mandados-de-prisao-contra-doleiros\/#article\",\"isPartOf\":{\"@id\":\"https:\/\/bahiaeconomica.com.br\/wp\/2019\/03\/20\/lava-jato-pf-e-mpf-cumprem-mandados-de-prisao-contra-doleiros\/\"},\"author\":{\"name\":\"admin\",\"@id\":\"https:\/\/bahiaeconomica.com.br\/wp\/#\/schema\/person\/cb1ab5ba96ad3d9390805381c76284ec\"},\"headline\":\"PF E MPF CUMPREM MANDADOS DE PRIS\u00c3O CONTRA DOLEIROS\",\"datePublished\":\"2019-03-20T11:34:14+00:00\",\"dateModified\":\"2019-03-20T11:34:48+00:00\",\"mainEntityOfPage\":{\"@id\":\"https:\/\/bahiaeconomica.com.br\/wp\/2019\/03\/20\/lava-jato-pf-e-mpf-cumprem-mandados-de-prisao-contra-doleiros\/\"},\"wordCount\":197,\"publisher\":{\"@id\":\"https:\/\/bahiaeconomica.com.br\/wp\/#organization\"},\"articleSection\":[\"DESTAQUE DO DIA\",\"ECONOMIA \/ POL\u00cdTICA\"],\"inLanguage\":\"pt-BR\"},{\"@type\":\"WebPage\",\"@id\":\"https:\/\/bahiaeconomica.com.br\/wp\/2019\/03\/20\/lava-jato-pf-e-mpf-cumprem-mandados-de-prisao-contra-doleiros\/\",\"url\":\"https:\/\/bahiaeconomica.com.br\/wp\/2019\/03\/20\/lava-jato-pf-e-mpf-cumprem-mandados-de-prisao-contra-doleiros\/\",\"name\":\"PF E MPF CUMPREM MANDADOS DE PRIS\u00c3O CONTRA DOLEIROS - Bahia Economica\",\"isPartOf\":{\"@id\":\"https:\/\/bahiaeconomica.com.br\/wp\/#website\"},\"datePublished\":\"2019-03-20T11:34:14+00:00\",\"dateModified\":\"2019-03-20T11:34:48+00:00\",\"description\":\"O maior portal de Economia da Bahia DESTAQUE DO DIA, ECONOMIA \/ POL\u00cdTICA Bahia Economica\",\"breadcrumb\":{\"@id\":\"https:\/\/bahiaeconomica.com.br\/wp\/2019\/03\/20\/lava-jato-pf-e-mpf-cumprem-mandados-de-prisao-contra-doleiros\/#breadcrumb\"},\"inLanguage\":\"pt-BR\",\"potentialAction\":[{\"@type\":\"ReadAction\",\"target\":[\"https:\/\/bahiaeconomica.com.br\/wp\/2019\/03\/20\/lava-jato-pf-e-mpf-cumprem-mandados-de-prisao-contra-doleiros\/\"]}]},{\"@type\":\"BreadcrumbList\",\"@id\":\"https:\/\/bahiaeconomica.com.br\/wp\/2019\/03\/20\/lava-jato-pf-e-mpf-cumprem-mandados-de-prisao-contra-doleiros\/#breadcrumb\",\"itemListElement\":[{\"@type\":\"ListItem\",\"position\":1,\"name\":\"In\u00edcio\",\"item\":\"https:\/\/bahiaeconomica.com.br\/wp\/\"},{\"@type\":\"ListItem\",\"position\":2,\"name\":\"PF E MPF CUMPREM MANDADOS DE PRIS\u00c3O CONTRA DOLEIROS\"}]},{\"@type\":\"WebSite\",\"@id\":\"https:\/\/bahiaeconomica.com.br\/wp\/#website\",\"url\":\"https:\/\/bahiaeconomica.com.br\/wp\/\",\"name\":\"Bahia Economica\",\"description\":\"O maior portal de Economia da Bahia\",\"publisher\":{\"@id\":\"https:\/\/bahiaeconomica.com.br\/wp\/#organization\"},\"potentialAction\":[{\"@type\":\"SearchAction\",\"target\":{\"@type\":\"EntryPoint\",\"urlTemplate\":\"https:\/\/bahiaeconomica.com.br\/wp\/?s={search_term_string}\"},\"query-input\":\"required name=search_term_string\"}],\"inLanguage\":\"pt-BR\"},{\"@type\":\"Organization\",\"@id\":\"https:\/\/bahiaeconomica.com.br\/wp\/#organization\",\"name\":\"Bahia Econ\u00f4mica\",\"url\":\"https:\/\/bahiaeconomica.com.br\/wp\/\",\"logo\":{\"@type\":\"ImageObject\",\"inLanguage\":\"pt-BR\",\"@id\":\"https:\/\/bahiaeconomica.com.br\/wp\/#\/schema\/logo\/image\/\",\"url\":\"https:\/\/bahiaeconomica.com.br\/wp\/wp-content\/uploads\/2020\/12\/cropped-BE.png\",\"contentUrl\":\"https:\/\/bahiaeconomica.com.br\/wp\/wp-content\/uploads\/2020\/12\/cropped-BE.png\",\"width\":512,\"height\":512,\"caption\":\"Bahia Econ\u00f4mica\"},\"image\":{\"@id\":\"https:\/\/bahiaeconomica.com.br\/wp\/#\/schema\/logo\/image\/\"},\"sameAs\":[\"https:\/\/www.facebook.com\/bahiaeconomica\"]},{\"@type\":\"Person\",\"@id\":\"https:\/\/bahiaeconomica.com.br\/wp\/#\/schema\/person\/cb1ab5ba96ad3d9390805381c76284ec\",\"name\":\"admin\",\"url\":\"https:\/\/bahiaeconomica.com.br\/wp\/author\/admin\/\"}]}<\/script>\n<!-- \/ Yoast SEO plugin. -->","yoast_head_json":{"title":"PF E MPF CUMPREM MANDADOS DE PRIS\u00c3O CONTRA DOLEIROS - Bahia Economica","description":"O maior portal de Economia da Bahia DESTAQUE DO DIA, ECONOMIA \/ POL\u00cdTICA Bahia Economica","robots":{"index":"index","follow":"follow","max-snippet":"max-snippet:-1","max-image-preview":"max-image-preview:large","max-video-preview":"max-video-preview:-1"},"canonical":"https:\/\/bahiaeconomica.com.br\/wp\/2019\/03\/20\/lava-jato-pf-e-mpf-cumprem-mandados-de-prisao-contra-doleiros\/","og_locale":"pt_BR","og_type":"article","og_title":"PF E MPF CUMPREM MANDADOS DE PRIS\u00c3O CONTRA DOLEIROS - Bahia Economica","og_description":"O maior portal de Economia da Bahia DESTAQUE DO DIA, ECONOMIA \/ POL\u00cdTICA Bahia Economica","og_url":"https:\/\/bahiaeconomica.com.br\/wp\/2019\/03\/20\/lava-jato-pf-e-mpf-cumprem-mandados-de-prisao-contra-doleiros\/","og_site_name":"Bahia Economica","article_publisher":"https:\/\/www.facebook.com\/bahiaeconomica","article_published_time":"2019-03-20T11:34:14+00:00","article_modified_time":"2019-03-20T11:34:48+00:00","og_image":[{"width":500,"height":333,"url":"https:\/\/bahiaeconomica.com.br\/wp\/wp-content\/uploads\/2019\/03\/lava-jato-e1552427876588.jpg","type":"image\/jpeg"}],"author":"admin","twitter_card":"summary_large_image","twitter_misc":{"Escrito por":"admin","Est. tempo de leitura":"1 minuto"},"schema":{"@context":"https:\/\/schema.org","@graph":[{"@type":"Article","@id":"https:\/\/bahiaeconomica.com.br\/wp\/2019\/03\/20\/lava-jato-pf-e-mpf-cumprem-mandados-de-prisao-contra-doleiros\/#article","isPartOf":{"@id":"https:\/\/bahiaeconomica.com.br\/wp\/2019\/03\/20\/lava-jato-pf-e-mpf-cumprem-mandados-de-prisao-contra-doleiros\/"},"author":{"name":"admin","@id":"https:\/\/bahiaeconomica.com.br\/wp\/#\/schema\/person\/cb1ab5ba96ad3d9390805381c76284ec"},"headline":"PF E MPF CUMPREM MANDADOS DE PRIS\u00c3O CONTRA DOLEIROS","datePublished":"2019-03-20T11:34:14+00:00","dateModified":"2019-03-20T11:34:48+00:00","mainEntityOfPage":{"@id":"https:\/\/bahiaeconomica.com.br\/wp\/2019\/03\/20\/lava-jato-pf-e-mpf-cumprem-mandados-de-prisao-contra-doleiros\/"},"wordCount":197,"publisher":{"@id":"https:\/\/bahiaeconomica.com.br\/wp\/#organization"},"articleSection":["DESTAQUE DO DIA","ECONOMIA \/ POL\u00cdTICA"],"inLanguage":"pt-BR"},{"@type":"WebPage","@id":"https:\/\/bahiaeconomica.com.br\/wp\/2019\/03\/20\/lava-jato-pf-e-mpf-cumprem-mandados-de-prisao-contra-doleiros\/","url":"https:\/\/bahiaeconomica.com.br\/wp\/2019\/03\/20\/lava-jato-pf-e-mpf-cumprem-mandados-de-prisao-contra-doleiros\/","name":"PF E MPF CUMPREM MANDADOS DE PRIS\u00c3O CONTRA DOLEIROS - Bahia Economica","isPartOf":{"@id":"https:\/\/bahiaeconomica.com.br\/wp\/#website"},"datePublished":"2019-03-20T11:34:14+00:00","dateModified":"2019-03-20T11:34:48+00:00","description":"O maior portal de Economia da Bahia DESTAQUE DO DIA, ECONOMIA \/ POL\u00cdTICA Bahia Economica","breadcrumb":{"@id":"https:\/\/bahiaeconomica.com.br\/wp\/2019\/03\/20\/lava-jato-pf-e-mpf-cumprem-mandados-de-prisao-contra-doleiros\/#breadcrumb"},"inLanguage":"pt-BR","potentialAction":[{"@type":"ReadAction","target":["https:\/\/bahiaeconomica.com.br\/wp\/2019\/03\/20\/lava-jato-pf-e-mpf-cumprem-mandados-de-prisao-contra-doleiros\/"]}]},{"@type":"BreadcrumbList","@id":"https:\/\/bahiaeconomica.com.br\/wp\/2019\/03\/20\/lava-jato-pf-e-mpf-cumprem-mandados-de-prisao-contra-doleiros\/#breadcrumb","itemListElement":[{"@type":"ListItem","position":1,"name":"In\u00edcio","item":"https:\/\/bahiaeconomica.com.br\/wp\/"},{"@type":"ListItem","position":2,"name":"PF E MPF CUMPREM MANDADOS DE PRIS\u00c3O CONTRA DOLEIROS"}]},{"@type":"WebSite","@id":"https:\/\/bahiaeconomica.com.br\/wp\/#website","url":"https:\/\/bahiaeconomica.com.br\/wp\/","name":"Bahia Economica","description":"O maior portal de Economia da Bahia","publisher":{"@id":"https:\/\/bahiaeconomica.com.br\/wp\/#organization"},"potentialAction":[{"@type":"SearchAction","target":{"@type":"EntryPoint","urlTemplate":"https:\/\/bahiaeconomica.com.br\/wp\/?s={search_term_string}"},"query-input":"required name=search_term_string"}],"inLanguage":"pt-BR"},{"@type":"Organization","@id":"https:\/\/bahiaeconomica.com.br\/wp\/#organization","name":"Bahia Econ\u00f4mica","url":"https:\/\/bahiaeconomica.com.br\/wp\/","logo":{"@type":"ImageObject","inLanguage":"pt-BR","@id":"https:\/\/bahiaeconomica.com.br\/wp\/#\/schema\/logo\/image\/","url":"https:\/\/bahiaeconomica.com.br\/wp\/wp-content\/uploads\/2020\/12\/cropped-BE.png","contentUrl":"https:\/\/bahiaeconomica.com.br\/wp\/wp-content\/uploads\/2020\/12\/cropped-BE.png","width":512,"height":512,"caption":"Bahia Econ\u00f4mica"},"image":{"@id":"https:\/\/bahiaeconomica.com.br\/wp\/#\/schema\/logo\/image\/"},"sameAs":["https:\/\/www.facebook.com\/bahiaeconomica"]},{"@type":"Person","@id":"https:\/\/bahiaeconomica.com.br\/wp\/#\/schema\/person\/cb1ab5ba96ad3d9390805381c76284ec","name":"admin","url":"https:\/\/bahiaeconomica.com.br\/wp\/author\/admin\/"}]}},"views":0,"_links":{"self":[{"href":"https:\/\/bahiaeconomica.com.br\/wp\/wp-json\/wp\/v2\/posts\/294008"}],"collection":[{"href":"https:\/\/bahiaeconomica.com.br\/wp\/wp-json\/wp\/v2\/posts"}],"about":[{"href":"https:\/\/bahiaeconomica.com.br\/wp\/wp-json\/wp\/v2\/types\/post"}],"author":[{"embeddable":true,"href":"https:\/\/bahiaeconomica.com.br\/wp\/wp-json\/wp\/v2\/users\/1"}],"replies":[{"embeddable":true,"href":"https:\/\/bahiaeconomica.com.br\/wp\/wp-json\/wp\/v2\/comments?post=294008"}],"version-history":[{"count":2,"href":"https:\/\/bahiaeconomica.com.br\/wp\/wp-json\/wp\/v2\/posts\/294008\/revisions"}],"predecessor-version":[{"id":294016,"href":"https:\/\/bahiaeconomica.com.br\/wp\/wp-json\/wp\/v2\/posts\/294008\/revisions\/294016"}],"wp:featuredmedia":[{"embeddable":true,"href":"https:\/\/bahiaeconomica.com.br\/wp\/wp-json\/wp\/v2\/media\/289300"}],"wp:attachment":[{"href":"https:\/\/bahiaeconomica.com.br\/wp\/wp-json\/wp\/v2\/media?parent=294008"}],"wp:term":[{"taxonomy":"category","embeddable":true,"href":"https:\/\/bahiaeconomica.com.br\/wp\/wp-json\/wp\/v2\/categories?post=294008"},{"taxonomy":"post_tag","embeddable":true,"href":"https:\/\/bahiaeconomica.com.br\/wp\/wp-json\/wp\/v2\/tags?post=294008"}],"curies":[{"name":"wp","href":"https:\/\/api.w.org\/{rel}","templated":true}]}}