{"id":290652,"date":"2019-03-14T12:18:25","date_gmt":"2019-03-14T15:18:25","guid":{"rendered":"https:\/\/bahiaeconomica.com.br\/wp\/beta\/?p=290652"},"modified":"2019-03-14T12:29:43","modified_gmt":"2019-03-14T15:29:43","slug":"ultimo-lote-do-abono-salarial-ano-base-2017-sera-liberado-hoje","status":"publish","type":"post","link":"https:\/\/bahiaeconomica.com.br\/wp\/2019\/03\/14\/ultimo-lote-do-abono-salarial-ano-base-2017-sera-liberado-hoje\/","title":{"rendered":"\u00daLTIMO LOTE DO ABONO SALARIAL ANO-BASE 2017 SER\u00c1 LIBERADO HOJE"},"content":{"rendered":"<p>O \u00faltimo lote do Abono Salarial ano-base 2017 ser\u00e1 liberado hoje (14). A data marca o in\u00edcio do pagamento do nono lote do benef\u00edcio, destinado a trabalhadores da iniciativa privada nascidos em maio e junho e servidores p\u00fablicos com final da inscri\u00e7\u00e3o 8 e 9. Segundo a Ag\u00eancia Brasil, a estimativa do Minist\u00e9rio da Economia \u00e9 que R$ 3,1 bilh\u00f5es sejam destinados a 3,9 milh\u00f5es de pessoas.<\/p>\n<p>O prazo final para o saque de todos aqueles que t\u00eam direito ao Abono 2017 \u00e9 28 de junho. Depois dessa data, o recurso volta para o Fundo de Amparo ao Trabalhador (FAT). Benefici\u00e1rios que s\u00e3o correntistas da Caixa Econ\u00f4mica Federal, respons\u00e1vel pelo pagamento do PIS (iniciativa privada), tiveram os valores depositados em suas contas na \u00faltima ter\u00e7a-feira (12). A consulta pode ser feita pessoalmente, pela internet ou pelo telefone 0800-726 02 07. Para servidores p\u00fablicos, a refer\u00eancia \u00e9 o Banco do Brasil, que tamb\u00e9m fornece informa\u00e7\u00f5es pessoalmente, pela internet ou pelo telefone 0800-729 00 01.<\/p>\n","protected":false},"excerpt":{"rendered":"<p>O \u00faltimo lote do Abono Salarial ano-base 2017 ser\u00e1 liberado hoje (14). A data marca o in\u00edcio do pagamento do nono lote do benef\u00edcio, destinado a trabalhadores da iniciativa privada nascidos em maio e junho e servidores p\u00fablicos com final da inscri\u00e7\u00e3o 8 e 9. Segundo a Ag\u00eancia Brasil, a estimativa do Minist\u00e9rio da Economia [&hellip;]<\/p>\n","protected":false},"author":1,"featured_media":122045,"comment_status":"closed","ping_status":"closed","sticky":false,"template":"","format":"standard","meta":[],"categories":[14,3],"tags":[],"acf":[],"yoast_head":"<!-- This site is optimized with the Yoast SEO plugin v20.8 - https:\/\/yoast.com\/wordpress\/plugins\/seo\/ -->\n<title>\u00daLTIMO LOTE DO ABONO SALARIAL ANO-BASE 2017 SER\u00c1 LIBERADO HOJE - Bahia Economica<\/title>\n<meta name=\"description\" content=\"O maior portal de Economia da Bahia DESTAQUE DO DIA, ECONOMIA \/ POL\u00cdTICA Bahia Economica\" \/>\n<meta name=\"robots\" content=\"index, follow, max-snippet:-1, max-image-preview:large, max-video-preview:-1\" \/>\n<link rel=\"canonical\" href=\"https:\/\/bahiaeconomica.com.br\/wp\/2019\/03\/14\/ultimo-lote-do-abono-salarial-ano-base-2017-sera-liberado-hoje\/\" \/>\n<meta property=\"og:locale\" content=\"pt_BR\" \/>\n<meta property=\"og:type\" content=\"article\" \/>\n<meta property=\"og:title\" content=\"\u00daLTIMO LOTE DO ABONO SALARIAL ANO-BASE 2017 SER\u00c1 LIBERADO HOJE - Bahia Economica\" \/>\n<meta property=\"og:description\" content=\"O maior portal de Economia da Bahia DESTAQUE DO DIA, ECONOMIA \/ POL\u00cdTICA Bahia Economica\" \/>\n<meta property=\"og:url\" content=\"https:\/\/bahiaeconomica.com.br\/wp\/2019\/03\/14\/ultimo-lote-do-abono-salarial-ano-base-2017-sera-liberado-hoje\/\" \/>\n<meta property=\"og:site_name\" content=\"Bahia Economica\" \/>\n<meta property=\"article:publisher\" content=\"https:\/\/www.facebook.com\/bahiaeconomica\" \/>\n<meta property=\"article:published_time\" content=\"2019-03-14T15:18:25+00:00\" \/>\n<meta property=\"article:modified_time\" content=\"2019-03-14T15:29:43+00:00\" \/>\n<meta property=\"og:image\" content=\"https:\/\/bahiaeconomica.com.br\/wp\/wp-content\/uploads\/2018\/08\/pis-1.jpg\" \/>\n\t<meta property=\"og:image:width\" content=\"500\" \/>\n\t<meta property=\"og:image:height\" content=\"300\" \/>\n\t<meta property=\"og:image:type\" content=\"image\/jpeg\" \/>\n<meta name=\"author\" content=\"admin\" \/>\n<meta name=\"twitter:card\" content=\"summary_large_image\" \/>\n<meta name=\"twitter:label1\" content=\"Escrito por\" \/>\n\t<meta name=\"twitter:data1\" content=\"admin\" \/>\n\t<meta name=\"twitter:label2\" content=\"Est. tempo de leitura\" \/>\n\t<meta name=\"twitter:data2\" content=\"1 minuto\" \/>\n<script type=\"application\/ld+json\" class=\"yoast-schema-graph\">{\"@context\":\"https:\/\/schema.org\",\"@graph\":[{\"@type\":\"Article\",\"@id\":\"https:\/\/bahiaeconomica.com.br\/wp\/2019\/03\/14\/ultimo-lote-do-abono-salarial-ano-base-2017-sera-liberado-hoje\/#article\",\"isPartOf\":{\"@id\":\"https:\/\/bahiaeconomica.com.br\/wp\/2019\/03\/14\/ultimo-lote-do-abono-salarial-ano-base-2017-sera-liberado-hoje\/\"},\"author\":{\"name\":\"admin\",\"@id\":\"https:\/\/bahiaeconomica.com.br\/wp\/#\/schema\/person\/cb1ab5ba96ad3d9390805381c76284ec\"},\"headline\":\"\u00daLTIMO LOTE DO ABONO SALARIAL ANO-BASE 2017 SER\u00c1 LIBERADO HOJE\",\"datePublished\":\"2019-03-14T15:18:25+00:00\",\"dateModified\":\"2019-03-14T15:29:43+00:00\",\"mainEntityOfPage\":{\"@id\":\"https:\/\/bahiaeconomica.com.br\/wp\/2019\/03\/14\/ultimo-lote-do-abono-salarial-ano-base-2017-sera-liberado-hoje\/\"},\"wordCount\":174,\"publisher\":{\"@id\":\"https:\/\/bahiaeconomica.com.br\/wp\/#organization\"},\"articleSection\":[\"DESTAQUE DO DIA\",\"ECONOMIA \/ POL\u00cdTICA\"],\"inLanguage\":\"pt-BR\"},{\"@type\":\"WebPage\",\"@id\":\"https:\/\/bahiaeconomica.com.br\/wp\/2019\/03\/14\/ultimo-lote-do-abono-salarial-ano-base-2017-sera-liberado-hoje\/\",\"url\":\"https:\/\/bahiaeconomica.com.br\/wp\/2019\/03\/14\/ultimo-lote-do-abono-salarial-ano-base-2017-sera-liberado-hoje\/\",\"name\":\"\u00daLTIMO LOTE DO ABONO SALARIAL ANO-BASE 2017 SER\u00c1 LIBERADO HOJE - Bahia Economica\",\"isPartOf\":{\"@id\":\"https:\/\/bahiaeconomica.com.br\/wp\/#website\"},\"datePublished\":\"2019-03-14T15:18:25+00:00\",\"dateModified\":\"2019-03-14T15:29:43+00:00\",\"description\":\"O maior portal de Economia da Bahia DESTAQUE DO DIA, ECONOMIA \/ POL\u00cdTICA Bahia Economica\",\"breadcrumb\":{\"@id\":\"https:\/\/bahiaeconomica.com.br\/wp\/2019\/03\/14\/ultimo-lote-do-abono-salarial-ano-base-2017-sera-liberado-hoje\/#breadcrumb\"},\"inLanguage\":\"pt-BR\",\"potentialAction\":[{\"@type\":\"ReadAction\",\"target\":[\"https:\/\/bahiaeconomica.com.br\/wp\/2019\/03\/14\/ultimo-lote-do-abono-salarial-ano-base-2017-sera-liberado-hoje\/\"]}]},{\"@type\":\"BreadcrumbList\",\"@id\":\"https:\/\/bahiaeconomica.com.br\/wp\/2019\/03\/14\/ultimo-lote-do-abono-salarial-ano-base-2017-sera-liberado-hoje\/#breadcrumb\",\"itemListElement\":[{\"@type\":\"ListItem\",\"position\":1,\"name\":\"In\u00edcio\",\"item\":\"https:\/\/bahiaeconomica.com.br\/wp\/\"},{\"@type\":\"ListItem\",\"position\":2,\"name\":\"\u00daLTIMO LOTE DO ABONO SALARIAL ANO-BASE 2017 SER\u00c1 LIBERADO HOJE\"}]},{\"@type\":\"WebSite\",\"@id\":\"https:\/\/bahiaeconomica.com.br\/wp\/#website\",\"url\":\"https:\/\/bahiaeconomica.com.br\/wp\/\",\"name\":\"Bahia Economica\",\"description\":\"O maior portal de Economia da Bahia\",\"publisher\":{\"@id\":\"https:\/\/bahiaeconomica.com.br\/wp\/#organization\"},\"potentialAction\":[{\"@type\":\"SearchAction\",\"target\":{\"@type\":\"EntryPoint\",\"urlTemplate\":\"https:\/\/bahiaeconomica.com.br\/wp\/?s={search_term_string}\"},\"query-input\":\"required name=search_term_string\"}],\"inLanguage\":\"pt-BR\"},{\"@type\":\"Organization\",\"@id\":\"https:\/\/bahiaeconomica.com.br\/wp\/#organization\",\"name\":\"Bahia Econ\u00f4mica\",\"url\":\"https:\/\/bahiaeconomica.com.br\/wp\/\",\"logo\":{\"@type\":\"ImageObject\",\"inLanguage\":\"pt-BR\",\"@id\":\"https:\/\/bahiaeconomica.com.br\/wp\/#\/schema\/logo\/image\/\",\"url\":\"https:\/\/bahiaeconomica.com.br\/wp\/wp-content\/uploads\/2020\/12\/cropped-BE.png\",\"contentUrl\":\"https:\/\/bahiaeconomica.com.br\/wp\/wp-content\/uploads\/2020\/12\/cropped-BE.png\",\"width\":512,\"height\":512,\"caption\":\"Bahia Econ\u00f4mica\"},\"image\":{\"@id\":\"https:\/\/bahiaeconomica.com.br\/wp\/#\/schema\/logo\/image\/\"},\"sameAs\":[\"https:\/\/www.facebook.com\/bahiaeconomica\"]},{\"@type\":\"Person\",\"@id\":\"https:\/\/bahiaeconomica.com.br\/wp\/#\/schema\/person\/cb1ab5ba96ad3d9390805381c76284ec\",\"name\":\"admin\",\"url\":\"https:\/\/bahiaeconomica.com.br\/wp\/author\/admin\/\"}]}<\/script>\n<!-- \/ Yoast SEO plugin. -->","yoast_head_json":{"title":"\u00daLTIMO LOTE DO ABONO SALARIAL ANO-BASE 2017 SER\u00c1 LIBERADO HOJE - Bahia Economica","description":"O maior portal de Economia da Bahia DESTAQUE DO DIA, ECONOMIA \/ POL\u00cdTICA Bahia Economica","robots":{"index":"index","follow":"follow","max-snippet":"max-snippet:-1","max-image-preview":"max-image-preview:large","max-video-preview":"max-video-preview:-1"},"canonical":"https:\/\/bahiaeconomica.com.br\/wp\/2019\/03\/14\/ultimo-lote-do-abono-salarial-ano-base-2017-sera-liberado-hoje\/","og_locale":"pt_BR","og_type":"article","og_title":"\u00daLTIMO LOTE DO ABONO SALARIAL ANO-BASE 2017 SER\u00c1 LIBERADO HOJE - Bahia Economica","og_description":"O maior portal de Economia da Bahia DESTAQUE DO DIA, ECONOMIA \/ POL\u00cdTICA Bahia Economica","og_url":"https:\/\/bahiaeconomica.com.br\/wp\/2019\/03\/14\/ultimo-lote-do-abono-salarial-ano-base-2017-sera-liberado-hoje\/","og_site_name":"Bahia Economica","article_publisher":"https:\/\/www.facebook.com\/bahiaeconomica","article_published_time":"2019-03-14T15:18:25+00:00","article_modified_time":"2019-03-14T15:29:43+00:00","og_image":[{"width":500,"height":300,"url":"https:\/\/bahiaeconomica.com.br\/wp\/wp-content\/uploads\/2018\/08\/pis-1.jpg","type":"image\/jpeg"}],"author":"admin","twitter_card":"summary_large_image","twitter_misc":{"Escrito por":"admin","Est. tempo de leitura":"1 minuto"},"schema":{"@context":"https:\/\/schema.org","@graph":[{"@type":"Article","@id":"https:\/\/bahiaeconomica.com.br\/wp\/2019\/03\/14\/ultimo-lote-do-abono-salarial-ano-base-2017-sera-liberado-hoje\/#article","isPartOf":{"@id":"https:\/\/bahiaeconomica.com.br\/wp\/2019\/03\/14\/ultimo-lote-do-abono-salarial-ano-base-2017-sera-liberado-hoje\/"},"author":{"name":"admin","@id":"https:\/\/bahiaeconomica.com.br\/wp\/#\/schema\/person\/cb1ab5ba96ad3d9390805381c76284ec"},"headline":"\u00daLTIMO LOTE DO ABONO SALARIAL ANO-BASE 2017 SER\u00c1 LIBERADO HOJE","datePublished":"2019-03-14T15:18:25+00:00","dateModified":"2019-03-14T15:29:43+00:00","mainEntityOfPage":{"@id":"https:\/\/bahiaeconomica.com.br\/wp\/2019\/03\/14\/ultimo-lote-do-abono-salarial-ano-base-2017-sera-liberado-hoje\/"},"wordCount":174,"publisher":{"@id":"https:\/\/bahiaeconomica.com.br\/wp\/#organization"},"articleSection":["DESTAQUE DO DIA","ECONOMIA \/ POL\u00cdTICA"],"inLanguage":"pt-BR"},{"@type":"WebPage","@id":"https:\/\/bahiaeconomica.com.br\/wp\/2019\/03\/14\/ultimo-lote-do-abono-salarial-ano-base-2017-sera-liberado-hoje\/","url":"https:\/\/bahiaeconomica.com.br\/wp\/2019\/03\/14\/ultimo-lote-do-abono-salarial-ano-base-2017-sera-liberado-hoje\/","name":"\u00daLTIMO LOTE DO ABONO SALARIAL ANO-BASE 2017 SER\u00c1 LIBERADO HOJE - Bahia Economica","isPartOf":{"@id":"https:\/\/bahiaeconomica.com.br\/wp\/#website"},"datePublished":"2019-03-14T15:18:25+00:00","dateModified":"2019-03-14T15:29:43+00:00","description":"O maior portal de Economia da Bahia DESTAQUE DO DIA, ECONOMIA \/ POL\u00cdTICA Bahia Economica","breadcrumb":{"@id":"https:\/\/bahiaeconomica.com.br\/wp\/2019\/03\/14\/ultimo-lote-do-abono-salarial-ano-base-2017-sera-liberado-hoje\/#breadcrumb"},"inLanguage":"pt-BR","potentialAction":[{"@type":"ReadAction","target":["https:\/\/bahiaeconomica.com.br\/wp\/2019\/03\/14\/ultimo-lote-do-abono-salarial-ano-base-2017-sera-liberado-hoje\/"]}]},{"@type":"BreadcrumbList","@id":"https:\/\/bahiaeconomica.com.br\/wp\/2019\/03\/14\/ultimo-lote-do-abono-salarial-ano-base-2017-sera-liberado-hoje\/#breadcrumb","itemListElement":[{"@type":"ListItem","position":1,"name":"In\u00edcio","item":"https:\/\/bahiaeconomica.com.br\/wp\/"},{"@type":"ListItem","position":2,"name":"\u00daLTIMO LOTE DO ABONO SALARIAL ANO-BASE 2017 SER\u00c1 LIBERADO HOJE"}]},{"@type":"WebSite","@id":"https:\/\/bahiaeconomica.com.br\/wp\/#website","url":"https:\/\/bahiaeconomica.com.br\/wp\/","name":"Bahia Economica","description":"O maior portal de Economia da Bahia","publisher":{"@id":"https:\/\/bahiaeconomica.com.br\/wp\/#organization"},"potentialAction":[{"@type":"SearchAction","target":{"@type":"EntryPoint","urlTemplate":"https:\/\/bahiaeconomica.com.br\/wp\/?s={search_term_string}"},"query-input":"required name=search_term_string"}],"inLanguage":"pt-BR"},{"@type":"Organization","@id":"https:\/\/bahiaeconomica.com.br\/wp\/#organization","name":"Bahia Econ\u00f4mica","url":"https:\/\/bahiaeconomica.com.br\/wp\/","logo":{"@type":"ImageObject","inLanguage":"pt-BR","@id":"https:\/\/bahiaeconomica.com.br\/wp\/#\/schema\/logo\/image\/","url":"https:\/\/bahiaeconomica.com.br\/wp\/wp-content\/uploads\/2020\/12\/cropped-BE.png","contentUrl":"https:\/\/bahiaeconomica.com.br\/wp\/wp-content\/uploads\/2020\/12\/cropped-BE.png","width":512,"height":512,"caption":"Bahia Econ\u00f4mica"},"image":{"@id":"https:\/\/bahiaeconomica.com.br\/wp\/#\/schema\/logo\/image\/"},"sameAs":["https:\/\/www.facebook.com\/bahiaeconomica"]},{"@type":"Person","@id":"https:\/\/bahiaeconomica.com.br\/wp\/#\/schema\/person\/cb1ab5ba96ad3d9390805381c76284ec","name":"admin","url":"https:\/\/bahiaeconomica.com.br\/wp\/author\/admin\/"}]}},"views":1,"_links":{"self":[{"href":"https:\/\/bahiaeconomica.com.br\/wp\/wp-json\/wp\/v2\/posts\/290652"}],"collection":[{"href":"https:\/\/bahiaeconomica.com.br\/wp\/wp-json\/wp\/v2\/posts"}],"about":[{"href":"https:\/\/bahiaeconomica.com.br\/wp\/wp-json\/wp\/v2\/types\/post"}],"author":[{"embeddable":true,"href":"https:\/\/bahiaeconomica.com.br\/wp\/wp-json\/wp\/v2\/users\/1"}],"replies":[{"embeddable":true,"href":"https:\/\/bahiaeconomica.com.br\/wp\/wp-json\/wp\/v2\/comments?post=290652"}],"version-history":[{"count":0,"href":"https:\/\/bahiaeconomica.com.br\/wp\/wp-json\/wp\/v2\/posts\/290652\/revisions"}],"wp:featuredmedia":[{"embeddable":true,"href":"https:\/\/bahiaeconomica.com.br\/wp\/wp-json\/wp\/v2\/media\/122045"}],"wp:attachment":[{"href":"https:\/\/bahiaeconomica.com.br\/wp\/wp-json\/wp\/v2\/media?parent=290652"}],"wp:term":[{"taxonomy":"category","embeddable":true,"href":"https:\/\/bahiaeconomica.com.br\/wp\/wp-json\/wp\/v2\/categories?post=290652"},{"taxonomy":"post_tag","embeddable":true,"href":"https:\/\/bahiaeconomica.com.br\/wp\/wp-json\/wp\/v2\/tags?post=290652"}],"curies":[{"name":"wp","href":"https:\/\/api.w.org\/{rel}","templated":true}]}}