{"id":290473,"date":"2019-03-14T11:27:33","date_gmt":"2019-03-14T14:27:33","guid":{"rendered":"https:\/\/bahiaeconomica.com.br\/wp\/beta\/?p=290473"},"modified":"2019-03-14T11:27:33","modified_gmt":"2019-03-14T14:27:33","slug":"projeto-pretende-transformar-cine-excelsior-em-espaco-para-eventos","status":"publish","type":"post","link":"https:\/\/bahiaeconomica.com.br\/wp\/2019\/03\/14\/projeto-pretende-transformar-cine-excelsior-em-espaco-para-eventos\/","title":{"rendered":"PROJETO PRETENDE TRANSFORMAR CINE EXCELSIOR EM ESPA\u00c7O PARA EVENTOS"},"content":{"rendered":"<p>Inaugurado na noite de 17 de abril de 1935, o Excelsior, considerado o primeiro cinema cat\u00f3lico da Bahia, ocupou o lugar do antigo Cine S\u00e3o Jer\u00f4nimo. Tinha o luxo das cortinas vermelhas emoldurando a tela grande, tinha a vista para a Ba\u00eda de Todos-os-Santos aos fundos. De propriedade da Congrega\u00e7\u00e3o Mariana de S\u00e3o Luiz, foi criado para servir de fonte de renda aos franciscanos. A programa\u00e7\u00e3o andou casta por boas d\u00e9cadas, at\u00e9 virem as crises e a decad\u00eancia.<\/p>\n<p>Nos anos de 1980, o Excelsior foi arrendado e passou a exibir filmes er\u00f3ticos. A diretoria da congrega\u00e7\u00e3o botou um cartaz na porta para avisar que n\u00e3o tinha responsabilidade nenhuma pela qualidade dos filmes exibidos. O caso foi parar na Justi\u00e7a, para que fosse rescindido o contrato, e o cinema acabou desativado.<\/p>\n<p>No in\u00edcio dos anos 2000, uma chuva fez ruir o telhado. H\u00e1 muito tempo est\u00e1 oco, o Cine Excelsior, feito s\u00f3 de fachada. Onde antes formavam-se\u00a0 filas hoje h\u00e1 tapume, \u00e1rvores, ambulantes. S\u00f3 quem olha para o c\u00e9u encontra seu nome\u00a0 no letreiro. Mas \u00e9 poss\u00edvel que a hist\u00f3ria deste filme mude. O lugar deve ser restaurado para servir a um prop\u00f3sito id\u00eantico ao qual o fez nascer. A ideia \u00e9 que, refeito, o cinema gere renda para manter um pr\u00e9dio imponente, o Pal\u00e1cio Arquiepiscopal de Salvador, tamb\u00e9m da Arquidiocese.<\/p>\n<p>Em reforma desde 2015, o Pal\u00e1cio Arquiepiscopal vai abrigar o Museu da Igreja Cat\u00f3lica no Brasil. A inaugura\u00e7\u00e3o estava prevista para este m\u00eas, no dia 29 de mar\u00e7o, data do anivers\u00e1rio de Salvador, mas \u00e9 poss\u00edvel que atrase um pouco. As informa\u00e7\u00f5es s\u00e3o do A Tarde.<\/p>\n","protected":false},"excerpt":{"rendered":"<p>Inaugurado na noite de 17 de abril de 1935, o Excelsior, considerado o primeiro cinema cat\u00f3lico da Bahia, ocupou o lugar do antigo Cine S\u00e3o Jer\u00f4nimo. Tinha o luxo das cortinas vermelhas emoldurando a tela grande, tinha a vista para a Ba\u00eda de Todos-os-Santos aos fundos. De propriedade da Congrega\u00e7\u00e3o Mariana de S\u00e3o Luiz, foi [&hellip;]<\/p>\n","protected":false},"author":1,"featured_media":290482,"comment_status":"closed","ping_status":"closed","sticky":false,"template":"","format":"standard","meta":[],"categories":[7],"tags":[],"acf":[],"yoast_head":"<!-- This site is optimized with the Yoast SEO plugin v20.8 - https:\/\/yoast.com\/wordpress\/plugins\/seo\/ -->\n<title>PROJETO PRETENDE TRANSFORMAR CINE EXCELSIOR EM ESPA\u00c7O PARA EVENTOS - Bahia Economica<\/title>\n<meta name=\"description\" content=\"O maior portal de Economia da Bahia BAHIA INVEST Bahia Economica\" \/>\n<meta name=\"robots\" content=\"index, follow, max-snippet:-1, max-image-preview:large, max-video-preview:-1\" \/>\n<link rel=\"canonical\" href=\"https:\/\/bahiaeconomica.com.br\/wp\/2019\/03\/14\/projeto-pretende-transformar-cine-excelsior-em-espaco-para-eventos\/\" \/>\n<meta property=\"og:locale\" content=\"pt_BR\" \/>\n<meta property=\"og:type\" content=\"article\" \/>\n<meta property=\"og:title\" content=\"PROJETO PRETENDE TRANSFORMAR CINE EXCELSIOR EM ESPA\u00c7O PARA EVENTOS - Bahia Economica\" \/>\n<meta property=\"og:description\" content=\"O maior portal de Economia da Bahia BAHIA INVEST Bahia Economica\" \/>\n<meta property=\"og:url\" content=\"https:\/\/bahiaeconomica.com.br\/wp\/2019\/03\/14\/projeto-pretende-transformar-cine-excelsior-em-espaco-para-eventos\/\" \/>\n<meta property=\"og:site_name\" content=\"Bahia Economica\" \/>\n<meta property=\"article:publisher\" content=\"https:\/\/www.facebook.com\/bahiaeconomica\" \/>\n<meta property=\"article:published_time\" content=\"2019-03-14T14:27:33+00:00\" \/>\n<meta property=\"og:image\" content=\"https:\/\/bahiaeconomica.com.br\/wp\/wp-content\/uploads\/2019\/03\/750_cinema_2019313141027226.jpg\" \/>\n\t<meta property=\"og:image:width\" content=\"500\" \/>\n\t<meta property=\"og:image:height\" content=\"333\" \/>\n\t<meta property=\"og:image:type\" content=\"image\/jpeg\" \/>\n<meta name=\"author\" content=\"admin\" \/>\n<meta name=\"twitter:card\" content=\"summary_large_image\" \/>\n<meta name=\"twitter:label1\" content=\"Escrito por\" \/>\n\t<meta name=\"twitter:data1\" content=\"admin\" \/>\n\t<meta name=\"twitter:label2\" content=\"Est. tempo de leitura\" \/>\n\t<meta name=\"twitter:data2\" content=\"1 minuto\" \/>\n<script type=\"application\/ld+json\" class=\"yoast-schema-graph\">{\"@context\":\"https:\/\/schema.org\",\"@graph\":[{\"@type\":\"Article\",\"@id\":\"https:\/\/bahiaeconomica.com.br\/wp\/2019\/03\/14\/projeto-pretende-transformar-cine-excelsior-em-espaco-para-eventos\/#article\",\"isPartOf\":{\"@id\":\"https:\/\/bahiaeconomica.com.br\/wp\/2019\/03\/14\/projeto-pretende-transformar-cine-excelsior-em-espaco-para-eventos\/\"},\"author\":{\"name\":\"admin\",\"@id\":\"https:\/\/bahiaeconomica.com.br\/wp\/#\/schema\/person\/cb1ab5ba96ad3d9390805381c76284ec\"},\"headline\":\"PROJETO PRETENDE TRANSFORMAR CINE EXCELSIOR EM ESPA\u00c7O PARA EVENTOS\",\"datePublished\":\"2019-03-14T14:27:33+00:00\",\"dateModified\":\"2019-03-14T14:27:33+00:00\",\"mainEntityOfPage\":{\"@id\":\"https:\/\/bahiaeconomica.com.br\/wp\/2019\/03\/14\/projeto-pretende-transformar-cine-excelsior-em-espaco-para-eventos\/\"},\"wordCount\":298,\"publisher\":{\"@id\":\"https:\/\/bahiaeconomica.com.br\/wp\/#organization\"},\"articleSection\":[\"BAHIA INVEST\"],\"inLanguage\":\"pt-BR\"},{\"@type\":\"WebPage\",\"@id\":\"https:\/\/bahiaeconomica.com.br\/wp\/2019\/03\/14\/projeto-pretende-transformar-cine-excelsior-em-espaco-para-eventos\/\",\"url\":\"https:\/\/bahiaeconomica.com.br\/wp\/2019\/03\/14\/projeto-pretende-transformar-cine-excelsior-em-espaco-para-eventos\/\",\"name\":\"PROJETO PRETENDE TRANSFORMAR CINE EXCELSIOR EM ESPA\u00c7O PARA EVENTOS - Bahia Economica\",\"isPartOf\":{\"@id\":\"https:\/\/bahiaeconomica.com.br\/wp\/#website\"},\"datePublished\":\"2019-03-14T14:27:33+00:00\",\"dateModified\":\"2019-03-14T14:27:33+00:00\",\"description\":\"O maior portal de Economia da Bahia BAHIA INVEST Bahia Economica\",\"breadcrumb\":{\"@id\":\"https:\/\/bahiaeconomica.com.br\/wp\/2019\/03\/14\/projeto-pretende-transformar-cine-excelsior-em-espaco-para-eventos\/#breadcrumb\"},\"inLanguage\":\"pt-BR\",\"potentialAction\":[{\"@type\":\"ReadAction\",\"target\":[\"https:\/\/bahiaeconomica.com.br\/wp\/2019\/03\/14\/projeto-pretende-transformar-cine-excelsior-em-espaco-para-eventos\/\"]}]},{\"@type\":\"BreadcrumbList\",\"@id\":\"https:\/\/bahiaeconomica.com.br\/wp\/2019\/03\/14\/projeto-pretende-transformar-cine-excelsior-em-espaco-para-eventos\/#breadcrumb\",\"itemListElement\":[{\"@type\":\"ListItem\",\"position\":1,\"name\":\"In\u00edcio\",\"item\":\"https:\/\/bahiaeconomica.com.br\/wp\/\"},{\"@type\":\"ListItem\",\"position\":2,\"name\":\"PROJETO PRETENDE TRANSFORMAR CINE EXCELSIOR EM ESPA\u00c7O PARA EVENTOS\"}]},{\"@type\":\"WebSite\",\"@id\":\"https:\/\/bahiaeconomica.com.br\/wp\/#website\",\"url\":\"https:\/\/bahiaeconomica.com.br\/wp\/\",\"name\":\"Bahia Economica\",\"description\":\"O maior portal de Economia da Bahia\",\"publisher\":{\"@id\":\"https:\/\/bahiaeconomica.com.br\/wp\/#organization\"},\"potentialAction\":[{\"@type\":\"SearchAction\",\"target\":{\"@type\":\"EntryPoint\",\"urlTemplate\":\"https:\/\/bahiaeconomica.com.br\/wp\/?s={search_term_string}\"},\"query-input\":\"required name=search_term_string\"}],\"inLanguage\":\"pt-BR\"},{\"@type\":\"Organization\",\"@id\":\"https:\/\/bahiaeconomica.com.br\/wp\/#organization\",\"name\":\"Bahia Econ\u00f4mica\",\"url\":\"https:\/\/bahiaeconomica.com.br\/wp\/\",\"logo\":{\"@type\":\"ImageObject\",\"inLanguage\":\"pt-BR\",\"@id\":\"https:\/\/bahiaeconomica.com.br\/wp\/#\/schema\/logo\/image\/\",\"url\":\"https:\/\/bahiaeconomica.com.br\/wp\/wp-content\/uploads\/2020\/12\/cropped-BE.png\",\"contentUrl\":\"https:\/\/bahiaeconomica.com.br\/wp\/wp-content\/uploads\/2020\/12\/cropped-BE.png\",\"width\":512,\"height\":512,\"caption\":\"Bahia Econ\u00f4mica\"},\"image\":{\"@id\":\"https:\/\/bahiaeconomica.com.br\/wp\/#\/schema\/logo\/image\/\"},\"sameAs\":[\"https:\/\/www.facebook.com\/bahiaeconomica\"]},{\"@type\":\"Person\",\"@id\":\"https:\/\/bahiaeconomica.com.br\/wp\/#\/schema\/person\/cb1ab5ba96ad3d9390805381c76284ec\",\"name\":\"admin\",\"url\":\"https:\/\/bahiaeconomica.com.br\/wp\/author\/admin\/\"}]}<\/script>\n<!-- \/ Yoast SEO plugin. -->","yoast_head_json":{"title":"PROJETO PRETENDE TRANSFORMAR CINE EXCELSIOR EM ESPA\u00c7O PARA EVENTOS - Bahia Economica","description":"O maior portal de Economia da Bahia BAHIA INVEST Bahia Economica","robots":{"index":"index","follow":"follow","max-snippet":"max-snippet:-1","max-image-preview":"max-image-preview:large","max-video-preview":"max-video-preview:-1"},"canonical":"https:\/\/bahiaeconomica.com.br\/wp\/2019\/03\/14\/projeto-pretende-transformar-cine-excelsior-em-espaco-para-eventos\/","og_locale":"pt_BR","og_type":"article","og_title":"PROJETO PRETENDE TRANSFORMAR CINE EXCELSIOR EM ESPA\u00c7O PARA EVENTOS - Bahia Economica","og_description":"O maior portal de Economia da Bahia BAHIA INVEST Bahia Economica","og_url":"https:\/\/bahiaeconomica.com.br\/wp\/2019\/03\/14\/projeto-pretende-transformar-cine-excelsior-em-espaco-para-eventos\/","og_site_name":"Bahia Economica","article_publisher":"https:\/\/www.facebook.com\/bahiaeconomica","article_published_time":"2019-03-14T14:27:33+00:00","og_image":[{"width":500,"height":333,"url":"https:\/\/bahiaeconomica.com.br\/wp\/wp-content\/uploads\/2019\/03\/750_cinema_2019313141027226.jpg","type":"image\/jpeg"}],"author":"admin","twitter_card":"summary_large_image","twitter_misc":{"Escrito por":"admin","Est. tempo de leitura":"1 minuto"},"schema":{"@context":"https:\/\/schema.org","@graph":[{"@type":"Article","@id":"https:\/\/bahiaeconomica.com.br\/wp\/2019\/03\/14\/projeto-pretende-transformar-cine-excelsior-em-espaco-para-eventos\/#article","isPartOf":{"@id":"https:\/\/bahiaeconomica.com.br\/wp\/2019\/03\/14\/projeto-pretende-transformar-cine-excelsior-em-espaco-para-eventos\/"},"author":{"name":"admin","@id":"https:\/\/bahiaeconomica.com.br\/wp\/#\/schema\/person\/cb1ab5ba96ad3d9390805381c76284ec"},"headline":"PROJETO PRETENDE TRANSFORMAR CINE EXCELSIOR EM ESPA\u00c7O PARA EVENTOS","datePublished":"2019-03-14T14:27:33+00:00","dateModified":"2019-03-14T14:27:33+00:00","mainEntityOfPage":{"@id":"https:\/\/bahiaeconomica.com.br\/wp\/2019\/03\/14\/projeto-pretende-transformar-cine-excelsior-em-espaco-para-eventos\/"},"wordCount":298,"publisher":{"@id":"https:\/\/bahiaeconomica.com.br\/wp\/#organization"},"articleSection":["BAHIA INVEST"],"inLanguage":"pt-BR"},{"@type":"WebPage","@id":"https:\/\/bahiaeconomica.com.br\/wp\/2019\/03\/14\/projeto-pretende-transformar-cine-excelsior-em-espaco-para-eventos\/","url":"https:\/\/bahiaeconomica.com.br\/wp\/2019\/03\/14\/projeto-pretende-transformar-cine-excelsior-em-espaco-para-eventos\/","name":"PROJETO PRETENDE TRANSFORMAR CINE EXCELSIOR EM ESPA\u00c7O PARA EVENTOS - Bahia Economica","isPartOf":{"@id":"https:\/\/bahiaeconomica.com.br\/wp\/#website"},"datePublished":"2019-03-14T14:27:33+00:00","dateModified":"2019-03-14T14:27:33+00:00","description":"O maior portal de Economia da Bahia BAHIA INVEST Bahia Economica","breadcrumb":{"@id":"https:\/\/bahiaeconomica.com.br\/wp\/2019\/03\/14\/projeto-pretende-transformar-cine-excelsior-em-espaco-para-eventos\/#breadcrumb"},"inLanguage":"pt-BR","potentialAction":[{"@type":"ReadAction","target":["https:\/\/bahiaeconomica.com.br\/wp\/2019\/03\/14\/projeto-pretende-transformar-cine-excelsior-em-espaco-para-eventos\/"]}]},{"@type":"BreadcrumbList","@id":"https:\/\/bahiaeconomica.com.br\/wp\/2019\/03\/14\/projeto-pretende-transformar-cine-excelsior-em-espaco-para-eventos\/#breadcrumb","itemListElement":[{"@type":"ListItem","position":1,"name":"In\u00edcio","item":"https:\/\/bahiaeconomica.com.br\/wp\/"},{"@type":"ListItem","position":2,"name":"PROJETO PRETENDE TRANSFORMAR CINE EXCELSIOR EM ESPA\u00c7O PARA EVENTOS"}]},{"@type":"WebSite","@id":"https:\/\/bahiaeconomica.com.br\/wp\/#website","url":"https:\/\/bahiaeconomica.com.br\/wp\/","name":"Bahia Economica","description":"O maior portal de Economia da Bahia","publisher":{"@id":"https:\/\/bahiaeconomica.com.br\/wp\/#organization"},"potentialAction":[{"@type":"SearchAction","target":{"@type":"EntryPoint","urlTemplate":"https:\/\/bahiaeconomica.com.br\/wp\/?s={search_term_string}"},"query-input":"required name=search_term_string"}],"inLanguage":"pt-BR"},{"@type":"Organization","@id":"https:\/\/bahiaeconomica.com.br\/wp\/#organization","name":"Bahia Econ\u00f4mica","url":"https:\/\/bahiaeconomica.com.br\/wp\/","logo":{"@type":"ImageObject","inLanguage":"pt-BR","@id":"https:\/\/bahiaeconomica.com.br\/wp\/#\/schema\/logo\/image\/","url":"https:\/\/bahiaeconomica.com.br\/wp\/wp-content\/uploads\/2020\/12\/cropped-BE.png","contentUrl":"https:\/\/bahiaeconomica.com.br\/wp\/wp-content\/uploads\/2020\/12\/cropped-BE.png","width":512,"height":512,"caption":"Bahia Econ\u00f4mica"},"image":{"@id":"https:\/\/bahiaeconomica.com.br\/wp\/#\/schema\/logo\/image\/"},"sameAs":["https:\/\/www.facebook.com\/bahiaeconomica"]},{"@type":"Person","@id":"https:\/\/bahiaeconomica.com.br\/wp\/#\/schema\/person\/cb1ab5ba96ad3d9390805381c76284ec","name":"admin","url":"https:\/\/bahiaeconomica.com.br\/wp\/author\/admin\/"}]}},"views":47,"_links":{"self":[{"href":"https:\/\/bahiaeconomica.com.br\/wp\/wp-json\/wp\/v2\/posts\/290473"}],"collection":[{"href":"https:\/\/bahiaeconomica.com.br\/wp\/wp-json\/wp\/v2\/posts"}],"about":[{"href":"https:\/\/bahiaeconomica.com.br\/wp\/wp-json\/wp\/v2\/types\/post"}],"author":[{"embeddable":true,"href":"https:\/\/bahiaeconomica.com.br\/wp\/wp-json\/wp\/v2\/users\/1"}],"replies":[{"embeddable":true,"href":"https:\/\/bahiaeconomica.com.br\/wp\/wp-json\/wp\/v2\/comments?post=290473"}],"version-history":[{"count":0,"href":"https:\/\/bahiaeconomica.com.br\/wp\/wp-json\/wp\/v2\/posts\/290473\/revisions"}],"wp:featuredmedia":[{"embeddable":true,"href":"https:\/\/bahiaeconomica.com.br\/wp\/wp-json\/wp\/v2\/media\/290482"}],"wp:attachment":[{"href":"https:\/\/bahiaeconomica.com.br\/wp\/wp-json\/wp\/v2\/media?parent=290473"}],"wp:term":[{"taxonomy":"category","embeddable":true,"href":"https:\/\/bahiaeconomica.com.br\/wp\/wp-json\/wp\/v2\/categories?post=290473"},{"taxonomy":"post_tag","embeddable":true,"href":"https:\/\/bahiaeconomica.com.br\/wp\/wp-json\/wp\/v2\/tags?post=290473"}],"curies":[{"name":"wp","href":"https:\/\/api.w.org\/{rel}","templated":true}]}}