{"id":285410,"date":"2019-03-07T07:28:52","date_gmt":"2019-03-07T10:28:52","guid":{"rendered":"https:\/\/bahiaeconomica.com.br\/wp\/beta\/?p=285410"},"modified":"2019-03-07T07:28:52","modified_gmt":"2019-03-07T10:28:52","slug":"minas-e-energia-divulga-leiloes-de-energia-eletrica-ate-2021","status":"publish","type":"post","link":"https:\/\/bahiaeconomica.com.br\/wp\/2019\/03\/07\/minas-e-energia-divulga-leiloes-de-energia-eletrica-ate-2021\/","title":{"rendered":"MINAS E ENERGIA DIVULGA LEIL\u00d5ES DE ENERGIA EL\u00c9TRICA AT\u00c9 2021"},"content":{"rendered":"<p style=\"text-align: justify;\">O Minist\u00e9rio de Minas e Energia (MME) divulgou nesta quarta (6), no DOU (Di\u00e1rio Oficial da Uni\u00e3o), as portarias de n\u00famero 151 e 152, publicadas na se\u00e7\u00e3o 1. Nestas, h\u00e1 o calend\u00e1rio de leil\u00f5es de compra de energia el\u00e9trica de novos empreendimentos e de gera\u00e7\u00e3o existente que ser\u00e3o realizados entre 2019 e 2021. As informa\u00e7\u00f5es s\u00e3o da Ag\u00eancia Brasil. Para a compra de energia nova, est\u00e3o previstos, para 2019, o leil\u00e3o A-4 em 27 de junho e o A-6 em 26 de setembro. Em 2020, devem ser promovidos o leil\u00e3o A-4 em 23 de abril e o A-6 em 24 de setembro. Para 2021, est\u00e3o previstos o leil\u00e3o A-4 em 29 de abril e A-6 em 30 de setembro. Para a contrata\u00e7\u00e3o de energia de gera\u00e7\u00e3o j\u00e1 existente, o cronograma estimado prev\u00ea, em 2019, os leil\u00f5es A-1 e A-2 em 6 de dezembro. Para 2020, as previs\u00f5es s\u00e3o para os leil\u00f5es A-1 e A-2 em 4 de dezembro. O ano de 2021 deve ter os leil\u00f5es A-1 e A-2 em 3 de dezembro.<\/p>\n","protected":false},"excerpt":{"rendered":"<p>O Minist\u00e9rio de Minas e Energia (MME) divulgou nesta quarta (6), no DOU (Di\u00e1rio Oficial da Uni\u00e3o), as portarias de n\u00famero 151 e 152, publicadas na se\u00e7\u00e3o 1. Nestas, h\u00e1 o calend\u00e1rio de leil\u00f5es de compra de energia el\u00e9trica de novos empreendimentos e de gera\u00e7\u00e3o existente que ser\u00e3o realizados entre 2019 e 2021. As informa\u00e7\u00f5es [&hellip;]<\/p>\n","protected":false},"author":1,"featured_media":285412,"comment_status":"open","ping_status":"open","sticky":false,"template":"","format":"standard","meta":[],"categories":[14,3],"tags":[],"acf":[],"yoast_head":"<!-- This site is optimized with the Yoast SEO plugin v20.8 - https:\/\/yoast.com\/wordpress\/plugins\/seo\/ -->\n<title>MINAS E ENERGIA DIVULGA LEIL\u00d5ES DE ENERGIA EL\u00c9TRICA AT\u00c9 2021 - Bahia Economica<\/title>\n<meta name=\"description\" content=\"O maior portal de Economia da Bahia DESTAQUE DO DIA, ECONOMIA \/ POL\u00cdTICA Bahia Economica\" \/>\n<meta name=\"robots\" content=\"index, follow, max-snippet:-1, max-image-preview:large, max-video-preview:-1\" \/>\n<link rel=\"canonical\" href=\"https:\/\/bahiaeconomica.com.br\/wp\/2019\/03\/07\/minas-e-energia-divulga-leiloes-de-energia-eletrica-ate-2021\/\" \/>\n<meta property=\"og:locale\" content=\"pt_BR\" \/>\n<meta property=\"og:type\" content=\"article\" \/>\n<meta property=\"og:title\" content=\"MINAS E ENERGIA DIVULGA LEIL\u00d5ES DE ENERGIA EL\u00c9TRICA AT\u00c9 2021 - Bahia Economica\" \/>\n<meta property=\"og:description\" content=\"O maior portal de Economia da Bahia DESTAQUE DO DIA, ECONOMIA \/ POL\u00cdTICA Bahia Economica\" \/>\n<meta property=\"og:url\" content=\"https:\/\/bahiaeconomica.com.br\/wp\/2019\/03\/07\/minas-e-energia-divulga-leiloes-de-energia-eletrica-ate-2021\/\" \/>\n<meta property=\"og:site_name\" content=\"Bahia Economica\" \/>\n<meta property=\"article:publisher\" content=\"https:\/\/www.facebook.com\/bahiaeconomica\" \/>\n<meta property=\"article:published_time\" content=\"2019-03-07T10:28:52+00:00\" \/>\n<meta property=\"og:image\" content=\"https:\/\/bahiaeconomica.com.br\/wp\/wp-content\/uploads\/2019\/03\/para-que-nacionalizar-la-energia-electrica-e1551954521131.jpg\" \/>\n\t<meta property=\"og:image:width\" content=\"500\" \/>\n\t<meta property=\"og:image:height\" content=\"333\" \/>\n\t<meta property=\"og:image:type\" content=\"image\/jpeg\" \/>\n<meta name=\"author\" content=\"admin\" \/>\n<meta name=\"twitter:card\" content=\"summary_large_image\" \/>\n<meta name=\"twitter:label1\" content=\"Escrito por\" \/>\n\t<meta name=\"twitter:data1\" content=\"admin\" \/>\n\t<meta name=\"twitter:label2\" content=\"Est. tempo de leitura\" \/>\n\t<meta name=\"twitter:data2\" content=\"1 minuto\" \/>\n<script type=\"application\/ld+json\" class=\"yoast-schema-graph\">{\"@context\":\"https:\/\/schema.org\",\"@graph\":[{\"@type\":\"Article\",\"@id\":\"https:\/\/bahiaeconomica.com.br\/wp\/2019\/03\/07\/minas-e-energia-divulga-leiloes-de-energia-eletrica-ate-2021\/#article\",\"isPartOf\":{\"@id\":\"https:\/\/bahiaeconomica.com.br\/wp\/2019\/03\/07\/minas-e-energia-divulga-leiloes-de-energia-eletrica-ate-2021\/\"},\"author\":{\"name\":\"admin\",\"@id\":\"https:\/\/bahiaeconomica.com.br\/wp\/#\/schema\/person\/cb1ab5ba96ad3d9390805381c76284ec\"},\"headline\":\"MINAS E ENERGIA DIVULGA LEIL\u00d5ES DE ENERGIA EL\u00c9TRICA AT\u00c9 2021\",\"datePublished\":\"2019-03-07T10:28:52+00:00\",\"dateModified\":\"2019-03-07T10:28:52+00:00\",\"mainEntityOfPage\":{\"@id\":\"https:\/\/bahiaeconomica.com.br\/wp\/2019\/03\/07\/minas-e-energia-divulga-leiloes-de-energia-eletrica-ate-2021\/\"},\"wordCount\":188,\"commentCount\":0,\"publisher\":{\"@id\":\"https:\/\/bahiaeconomica.com.br\/wp\/#organization\"},\"articleSection\":[\"DESTAQUE DO DIA\",\"ECONOMIA \/ POL\u00cdTICA\"],\"inLanguage\":\"pt-BR\",\"potentialAction\":[{\"@type\":\"CommentAction\",\"name\":\"Comment\",\"target\":[\"https:\/\/bahiaeconomica.com.br\/wp\/2019\/03\/07\/minas-e-energia-divulga-leiloes-de-energia-eletrica-ate-2021\/#respond\"]}]},{\"@type\":\"WebPage\",\"@id\":\"https:\/\/bahiaeconomica.com.br\/wp\/2019\/03\/07\/minas-e-energia-divulga-leiloes-de-energia-eletrica-ate-2021\/\",\"url\":\"https:\/\/bahiaeconomica.com.br\/wp\/2019\/03\/07\/minas-e-energia-divulga-leiloes-de-energia-eletrica-ate-2021\/\",\"name\":\"MINAS E ENERGIA DIVULGA LEIL\u00d5ES DE ENERGIA EL\u00c9TRICA AT\u00c9 2021 - Bahia Economica\",\"isPartOf\":{\"@id\":\"https:\/\/bahiaeconomica.com.br\/wp\/#website\"},\"datePublished\":\"2019-03-07T10:28:52+00:00\",\"dateModified\":\"2019-03-07T10:28:52+00:00\",\"description\":\"O maior portal de Economia da Bahia DESTAQUE DO DIA, ECONOMIA \/ POL\u00cdTICA Bahia Economica\",\"breadcrumb\":{\"@id\":\"https:\/\/bahiaeconomica.com.br\/wp\/2019\/03\/07\/minas-e-energia-divulga-leiloes-de-energia-eletrica-ate-2021\/#breadcrumb\"},\"inLanguage\":\"pt-BR\",\"potentialAction\":[{\"@type\":\"ReadAction\",\"target\":[\"https:\/\/bahiaeconomica.com.br\/wp\/2019\/03\/07\/minas-e-energia-divulga-leiloes-de-energia-eletrica-ate-2021\/\"]}]},{\"@type\":\"BreadcrumbList\",\"@id\":\"https:\/\/bahiaeconomica.com.br\/wp\/2019\/03\/07\/minas-e-energia-divulga-leiloes-de-energia-eletrica-ate-2021\/#breadcrumb\",\"itemListElement\":[{\"@type\":\"ListItem\",\"position\":1,\"name\":\"In\u00edcio\",\"item\":\"https:\/\/bahiaeconomica.com.br\/wp\/\"},{\"@type\":\"ListItem\",\"position\":2,\"name\":\"MINAS E ENERGIA DIVULGA LEIL\u00d5ES DE ENERGIA EL\u00c9TRICA AT\u00c9 2021\"}]},{\"@type\":\"WebSite\",\"@id\":\"https:\/\/bahiaeconomica.com.br\/wp\/#website\",\"url\":\"https:\/\/bahiaeconomica.com.br\/wp\/\",\"name\":\"Bahia Economica\",\"description\":\"O maior portal de Economia da Bahia\",\"publisher\":{\"@id\":\"https:\/\/bahiaeconomica.com.br\/wp\/#organization\"},\"potentialAction\":[{\"@type\":\"SearchAction\",\"target\":{\"@type\":\"EntryPoint\",\"urlTemplate\":\"https:\/\/bahiaeconomica.com.br\/wp\/?s={search_term_string}\"},\"query-input\":\"required name=search_term_string\"}],\"inLanguage\":\"pt-BR\"},{\"@type\":\"Organization\",\"@id\":\"https:\/\/bahiaeconomica.com.br\/wp\/#organization\",\"name\":\"Bahia Econ\u00f4mica\",\"url\":\"https:\/\/bahiaeconomica.com.br\/wp\/\",\"logo\":{\"@type\":\"ImageObject\",\"inLanguage\":\"pt-BR\",\"@id\":\"https:\/\/bahiaeconomica.com.br\/wp\/#\/schema\/logo\/image\/\",\"url\":\"https:\/\/bahiaeconomica.com.br\/wp\/wp-content\/uploads\/2020\/12\/cropped-BE.png\",\"contentUrl\":\"https:\/\/bahiaeconomica.com.br\/wp\/wp-content\/uploads\/2020\/12\/cropped-BE.png\",\"width\":512,\"height\":512,\"caption\":\"Bahia Econ\u00f4mica\"},\"image\":{\"@id\":\"https:\/\/bahiaeconomica.com.br\/wp\/#\/schema\/logo\/image\/\"},\"sameAs\":[\"https:\/\/www.facebook.com\/bahiaeconomica\"]},{\"@type\":\"Person\",\"@id\":\"https:\/\/bahiaeconomica.com.br\/wp\/#\/schema\/person\/cb1ab5ba96ad3d9390805381c76284ec\",\"name\":\"admin\",\"url\":\"https:\/\/bahiaeconomica.com.br\/wp\/author\/admin\/\"}]}<\/script>\n<!-- \/ Yoast SEO plugin. -->","yoast_head_json":{"title":"MINAS E ENERGIA DIVULGA LEIL\u00d5ES DE ENERGIA EL\u00c9TRICA AT\u00c9 2021 - Bahia Economica","description":"O maior portal de Economia da Bahia DESTAQUE DO DIA, ECONOMIA \/ POL\u00cdTICA Bahia Economica","robots":{"index":"index","follow":"follow","max-snippet":"max-snippet:-1","max-image-preview":"max-image-preview:large","max-video-preview":"max-video-preview:-1"},"canonical":"https:\/\/bahiaeconomica.com.br\/wp\/2019\/03\/07\/minas-e-energia-divulga-leiloes-de-energia-eletrica-ate-2021\/","og_locale":"pt_BR","og_type":"article","og_title":"MINAS E ENERGIA DIVULGA LEIL\u00d5ES DE ENERGIA EL\u00c9TRICA AT\u00c9 2021 - Bahia Economica","og_description":"O maior portal de Economia da Bahia DESTAQUE DO DIA, ECONOMIA \/ POL\u00cdTICA Bahia Economica","og_url":"https:\/\/bahiaeconomica.com.br\/wp\/2019\/03\/07\/minas-e-energia-divulga-leiloes-de-energia-eletrica-ate-2021\/","og_site_name":"Bahia Economica","article_publisher":"https:\/\/www.facebook.com\/bahiaeconomica","article_published_time":"2019-03-07T10:28:52+00:00","og_image":[{"width":500,"height":333,"url":"https:\/\/bahiaeconomica.com.br\/wp\/wp-content\/uploads\/2019\/03\/para-que-nacionalizar-la-energia-electrica-e1551954521131.jpg","type":"image\/jpeg"}],"author":"admin","twitter_card":"summary_large_image","twitter_misc":{"Escrito por":"admin","Est. tempo de leitura":"1 minuto"},"schema":{"@context":"https:\/\/schema.org","@graph":[{"@type":"Article","@id":"https:\/\/bahiaeconomica.com.br\/wp\/2019\/03\/07\/minas-e-energia-divulga-leiloes-de-energia-eletrica-ate-2021\/#article","isPartOf":{"@id":"https:\/\/bahiaeconomica.com.br\/wp\/2019\/03\/07\/minas-e-energia-divulga-leiloes-de-energia-eletrica-ate-2021\/"},"author":{"name":"admin","@id":"https:\/\/bahiaeconomica.com.br\/wp\/#\/schema\/person\/cb1ab5ba96ad3d9390805381c76284ec"},"headline":"MINAS E ENERGIA DIVULGA LEIL\u00d5ES DE ENERGIA EL\u00c9TRICA AT\u00c9 2021","datePublished":"2019-03-07T10:28:52+00:00","dateModified":"2019-03-07T10:28:52+00:00","mainEntityOfPage":{"@id":"https:\/\/bahiaeconomica.com.br\/wp\/2019\/03\/07\/minas-e-energia-divulga-leiloes-de-energia-eletrica-ate-2021\/"},"wordCount":188,"commentCount":0,"publisher":{"@id":"https:\/\/bahiaeconomica.com.br\/wp\/#organization"},"articleSection":["DESTAQUE DO DIA","ECONOMIA \/ POL\u00cdTICA"],"inLanguage":"pt-BR","potentialAction":[{"@type":"CommentAction","name":"Comment","target":["https:\/\/bahiaeconomica.com.br\/wp\/2019\/03\/07\/minas-e-energia-divulga-leiloes-de-energia-eletrica-ate-2021\/#respond"]}]},{"@type":"WebPage","@id":"https:\/\/bahiaeconomica.com.br\/wp\/2019\/03\/07\/minas-e-energia-divulga-leiloes-de-energia-eletrica-ate-2021\/","url":"https:\/\/bahiaeconomica.com.br\/wp\/2019\/03\/07\/minas-e-energia-divulga-leiloes-de-energia-eletrica-ate-2021\/","name":"MINAS E ENERGIA DIVULGA LEIL\u00d5ES DE ENERGIA EL\u00c9TRICA AT\u00c9 2021 - Bahia Economica","isPartOf":{"@id":"https:\/\/bahiaeconomica.com.br\/wp\/#website"},"datePublished":"2019-03-07T10:28:52+00:00","dateModified":"2019-03-07T10:28:52+00:00","description":"O maior portal de Economia da Bahia DESTAQUE DO DIA, ECONOMIA \/ POL\u00cdTICA Bahia Economica","breadcrumb":{"@id":"https:\/\/bahiaeconomica.com.br\/wp\/2019\/03\/07\/minas-e-energia-divulga-leiloes-de-energia-eletrica-ate-2021\/#breadcrumb"},"inLanguage":"pt-BR","potentialAction":[{"@type":"ReadAction","target":["https:\/\/bahiaeconomica.com.br\/wp\/2019\/03\/07\/minas-e-energia-divulga-leiloes-de-energia-eletrica-ate-2021\/"]}]},{"@type":"BreadcrumbList","@id":"https:\/\/bahiaeconomica.com.br\/wp\/2019\/03\/07\/minas-e-energia-divulga-leiloes-de-energia-eletrica-ate-2021\/#breadcrumb","itemListElement":[{"@type":"ListItem","position":1,"name":"In\u00edcio","item":"https:\/\/bahiaeconomica.com.br\/wp\/"},{"@type":"ListItem","position":2,"name":"MINAS E ENERGIA DIVULGA LEIL\u00d5ES DE ENERGIA EL\u00c9TRICA AT\u00c9 2021"}]},{"@type":"WebSite","@id":"https:\/\/bahiaeconomica.com.br\/wp\/#website","url":"https:\/\/bahiaeconomica.com.br\/wp\/","name":"Bahia Economica","description":"O maior portal de Economia da Bahia","publisher":{"@id":"https:\/\/bahiaeconomica.com.br\/wp\/#organization"},"potentialAction":[{"@type":"SearchAction","target":{"@type":"EntryPoint","urlTemplate":"https:\/\/bahiaeconomica.com.br\/wp\/?s={search_term_string}"},"query-input":"required name=search_term_string"}],"inLanguage":"pt-BR"},{"@type":"Organization","@id":"https:\/\/bahiaeconomica.com.br\/wp\/#organization","name":"Bahia Econ\u00f4mica","url":"https:\/\/bahiaeconomica.com.br\/wp\/","logo":{"@type":"ImageObject","inLanguage":"pt-BR","@id":"https:\/\/bahiaeconomica.com.br\/wp\/#\/schema\/logo\/image\/","url":"https:\/\/bahiaeconomica.com.br\/wp\/wp-content\/uploads\/2020\/12\/cropped-BE.png","contentUrl":"https:\/\/bahiaeconomica.com.br\/wp\/wp-content\/uploads\/2020\/12\/cropped-BE.png","width":512,"height":512,"caption":"Bahia Econ\u00f4mica"},"image":{"@id":"https:\/\/bahiaeconomica.com.br\/wp\/#\/schema\/logo\/image\/"},"sameAs":["https:\/\/www.facebook.com\/bahiaeconomica"]},{"@type":"Person","@id":"https:\/\/bahiaeconomica.com.br\/wp\/#\/schema\/person\/cb1ab5ba96ad3d9390805381c76284ec","name":"admin","url":"https:\/\/bahiaeconomica.com.br\/wp\/author\/admin\/"}]}},"views":1,"_links":{"self":[{"href":"https:\/\/bahiaeconomica.com.br\/wp\/wp-json\/wp\/v2\/posts\/285410"}],"collection":[{"href":"https:\/\/bahiaeconomica.com.br\/wp\/wp-json\/wp\/v2\/posts"}],"about":[{"href":"https:\/\/bahiaeconomica.com.br\/wp\/wp-json\/wp\/v2\/types\/post"}],"author":[{"embeddable":true,"href":"https:\/\/bahiaeconomica.com.br\/wp\/wp-json\/wp\/v2\/users\/1"}],"replies":[{"embeddable":true,"href":"https:\/\/bahiaeconomica.com.br\/wp\/wp-json\/wp\/v2\/comments?post=285410"}],"version-history":[{"count":0,"href":"https:\/\/bahiaeconomica.com.br\/wp\/wp-json\/wp\/v2\/posts\/285410\/revisions"}],"wp:featuredmedia":[{"embeddable":true,"href":"https:\/\/bahiaeconomica.com.br\/wp\/wp-json\/wp\/v2\/media\/285412"}],"wp:attachment":[{"href":"https:\/\/bahiaeconomica.com.br\/wp\/wp-json\/wp\/v2\/media?parent=285410"}],"wp:term":[{"taxonomy":"category","embeddable":true,"href":"https:\/\/bahiaeconomica.com.br\/wp\/wp-json\/wp\/v2\/categories?post=285410"},{"taxonomy":"post_tag","embeddable":true,"href":"https:\/\/bahiaeconomica.com.br\/wp\/wp-json\/wp\/v2\/tags?post=285410"}],"curies":[{"name":"wp","href":"https:\/\/api.w.org\/{rel}","templated":true}]}}