{"id":275270,"date":"2019-02-20T13:00:35","date_gmt":"2019-02-20T16:00:35","guid":{"rendered":"https:\/\/bahiaeconomica.com.br\/wp\/beta\/?p=275270"},"modified":"2019-02-20T13:22:35","modified_gmt":"2019-02-20T16:22:35","slug":"ilheus-camara-inicia-trabalhos-do-bienio-2019-2020","status":"publish","type":"post","link":"https:\/\/bahiaeconomica.com.br\/wp\/2019\/02\/20\/ilheus-camara-inicia-trabalhos-do-bienio-2019-2020\/","title":{"rendered":"ILH\u00c9US: C\u00c2MARA INICIA TRABALHOS DO BI\u00caNIO 2019\/2020"},"content":{"rendered":"<p style=\"text-align: justify;\">Na ter\u00e7a-feira (19) o Poder Legislativo de Ilh\u00e9us retornou aos trabalhos. O retorno contou com a participa\u00e7\u00e3o de v\u00e1rias autoridades civis e militares como o prefeito M\u00e1rio Alexandre, o vice-prefeito Jos\u00e9 Nazal, secret\u00e1rios municipais, imprensa e sociedade civil. O presidente da C\u00e2mara, C\u00e9sar Porto, deu in\u00edcio \u00e0 solenidade convocando os participantes a entoarem o hino nacional.<\/p>\n<p style=\"text-align: justify;\">Em seu discurso de abertura, o prefeito M\u00e1rio Alexandre ressaltou as v\u00e1rias a\u00e7\u00f5es positivas realizadas pela Prefeitura de Ilh\u00e9us durante os dois anos de governo. O prefeito ressaltou que as constas de 2017 foram aprovadas pelo Tribunal de Contas dos Munic\u00edpios, bem como a aprova\u00e7\u00e3o das contas da Sa\u00fade e da Assist\u00eancia Social pelos respectivos conselhos municipais.<\/p>\n<p style=\"text-align: justify;\">\u201cIlh\u00e9us \u00e9 uma cidade em transforma\u00e7\u00e3o. Colocamos em curso obras estruturantes, atendendo anseios de d\u00e9cadas. Em meio \u00e0 crise economia que assola os estados e munic\u00edpios, n\u00e3o deixamos de pagar um \u00fanico m\u00eas dos sal\u00e1rios dos servidores. Pontuamos Ilh\u00e9us como uma das gest\u00f5es mais bem avaliadas pela Controladoria Geral da Uni\u00e3o. Estamos executando um projeto in\u00e9dito de mobilidade urbana e proporcionamos aos ilheenses um atendimento de sa\u00fade eficiente na Aten\u00e7\u00e3o B\u00e1sica, M\u00e9dia e Alta Complexidade\u201d informou o prefeito M\u00e1rio Alexandre.<\/p>\n<p style=\"text-align: justify;\">O plen\u00e1rio Gilberto Fialho estava completamente lotado. De acordo com o presidente C\u00e9sar Porto, \u201cFaremos o que for melhor para o desenvolvimento de Ilh\u00e9us. Estaremos juntos, pois \u00e9 hora de recuperar a credibilidade do Legislativo junto \u00e0 popula\u00e7\u00e3o. A C\u00e2mara, sob nossa gest\u00e3o, estar\u00e1 sempre receptiva \u00e0s pretens\u00f5es da popula\u00e7\u00e3o, garantindo a participa\u00e7\u00e3o popular e o exerc\u00edcio do direito de cidadania\u201d.<\/p>\n","protected":false},"excerpt":{"rendered":"<p>Na ter\u00e7a-feira (19) o Poder Legislativo de Ilh\u00e9us retornou aos trabalhos. O retorno contou com a participa\u00e7\u00e3o de v\u00e1rias autoridades civis e militares como o prefeito M\u00e1rio Alexandre, o vice-prefeito Jos\u00e9 Nazal, secret\u00e1rios municipais, imprensa e sociedade civil. O presidente da C\u00e2mara, C\u00e9sar Porto, deu in\u00edcio \u00e0 solenidade convocando os participantes a entoarem o hino [&hellip;]<\/p>\n","protected":false},"author":1,"featured_media":275274,"comment_status":"open","ping_status":"open","sticky":false,"template":"","format":"standard","meta":[],"categories":[5],"tags":[],"acf":[],"yoast_head":"<!-- This site is optimized with the Yoast SEO plugin v20.8 - https:\/\/yoast.com\/wordpress\/plugins\/seo\/ -->\n<title>ILH\u00c9US: C\u00c2MARA INICIA TRABALHOS DO BI\u00caNIO 2019\/2020 - Bahia Economica<\/title>\n<meta name=\"description\" content=\"O maior portal de Economia da Bahia MUNIC\u00cdPIOS Bahia Economica\" \/>\n<meta name=\"robots\" content=\"index, follow, max-snippet:-1, max-image-preview:large, max-video-preview:-1\" \/>\n<link rel=\"canonical\" href=\"https:\/\/bahiaeconomica.com.br\/wp\/2019\/02\/20\/ilheus-camara-inicia-trabalhos-do-bienio-2019-2020\/\" \/>\n<meta property=\"og:locale\" content=\"pt_BR\" \/>\n<meta property=\"og:type\" content=\"article\" \/>\n<meta property=\"og:title\" content=\"ILH\u00c9US: C\u00c2MARA INICIA TRABALHOS DO BI\u00caNIO 2019\/2020 - Bahia Economica\" \/>\n<meta property=\"og:description\" content=\"O maior portal de Economia da Bahia MUNIC\u00cdPIOS Bahia Economica\" \/>\n<meta property=\"og:url\" content=\"https:\/\/bahiaeconomica.com.br\/wp\/2019\/02\/20\/ilheus-camara-inicia-trabalhos-do-bienio-2019-2020\/\" \/>\n<meta property=\"og:site_name\" content=\"Bahia Economica\" \/>\n<meta property=\"article:publisher\" content=\"https:\/\/www.facebook.com\/bahiaeconomica\" \/>\n<meta property=\"article:published_time\" content=\"2019-02-20T16:00:35+00:00\" \/>\n<meta property=\"article:modified_time\" content=\"2019-02-20T16:22:35+00:00\" \/>\n<meta property=\"og:image\" content=\"https:\/\/bahiaeconomica.com.br\/wp\/wp-content\/uploads\/2019\/02\/Foto-Clodoaldo-Ribeiro-1-e1550624781298.jpg\" \/>\n\t<meta property=\"og:image:width\" content=\"450\" \/>\n\t<meta property=\"og:image:height\" content=\"300\" \/>\n\t<meta property=\"og:image:type\" content=\"image\/jpeg\" \/>\n<meta name=\"author\" content=\"admin\" \/>\n<meta name=\"twitter:card\" content=\"summary_large_image\" \/>\n<meta name=\"twitter:label1\" content=\"Escrito por\" \/>\n\t<meta name=\"twitter:data1\" content=\"admin\" \/>\n\t<meta name=\"twitter:label2\" content=\"Est. tempo de leitura\" \/>\n\t<meta name=\"twitter:data2\" content=\"1 minuto\" \/>\n<script type=\"application\/ld+json\" class=\"yoast-schema-graph\">{\"@context\":\"https:\/\/schema.org\",\"@graph\":[{\"@type\":\"Article\",\"@id\":\"https:\/\/bahiaeconomica.com.br\/wp\/2019\/02\/20\/ilheus-camara-inicia-trabalhos-do-bienio-2019-2020\/#article\",\"isPartOf\":{\"@id\":\"https:\/\/bahiaeconomica.com.br\/wp\/2019\/02\/20\/ilheus-camara-inicia-trabalhos-do-bienio-2019-2020\/\"},\"author\":{\"name\":\"admin\",\"@id\":\"https:\/\/bahiaeconomica.com.br\/wp\/#\/schema\/person\/cb1ab5ba96ad3d9390805381c76284ec\"},\"headline\":\"ILH\u00c9US: C\u00c2MARA INICIA TRABALHOS DO BI\u00caNIO 2019\/2020\",\"datePublished\":\"2019-02-20T16:00:35+00:00\",\"dateModified\":\"2019-02-20T16:22:35+00:00\",\"mainEntityOfPage\":{\"@id\":\"https:\/\/bahiaeconomica.com.br\/wp\/2019\/02\/20\/ilheus-camara-inicia-trabalhos-do-bienio-2019-2020\/\"},\"wordCount\":299,\"commentCount\":0,\"publisher\":{\"@id\":\"https:\/\/bahiaeconomica.com.br\/wp\/#organization\"},\"articleSection\":[\"MUNIC\u00cdPIOS\"],\"inLanguage\":\"pt-BR\",\"potentialAction\":[{\"@type\":\"CommentAction\",\"name\":\"Comment\",\"target\":[\"https:\/\/bahiaeconomica.com.br\/wp\/2019\/02\/20\/ilheus-camara-inicia-trabalhos-do-bienio-2019-2020\/#respond\"]}]},{\"@type\":\"WebPage\",\"@id\":\"https:\/\/bahiaeconomica.com.br\/wp\/2019\/02\/20\/ilheus-camara-inicia-trabalhos-do-bienio-2019-2020\/\",\"url\":\"https:\/\/bahiaeconomica.com.br\/wp\/2019\/02\/20\/ilheus-camara-inicia-trabalhos-do-bienio-2019-2020\/\",\"name\":\"ILH\u00c9US: C\u00c2MARA INICIA TRABALHOS DO BI\u00caNIO 2019\/2020 - Bahia Economica\",\"isPartOf\":{\"@id\":\"https:\/\/bahiaeconomica.com.br\/wp\/#website\"},\"datePublished\":\"2019-02-20T16:00:35+00:00\",\"dateModified\":\"2019-02-20T16:22:35+00:00\",\"description\":\"O maior portal de Economia da Bahia MUNIC\u00cdPIOS Bahia Economica\",\"breadcrumb\":{\"@id\":\"https:\/\/bahiaeconomica.com.br\/wp\/2019\/02\/20\/ilheus-camara-inicia-trabalhos-do-bienio-2019-2020\/#breadcrumb\"},\"inLanguage\":\"pt-BR\",\"potentialAction\":[{\"@type\":\"ReadAction\",\"target\":[\"https:\/\/bahiaeconomica.com.br\/wp\/2019\/02\/20\/ilheus-camara-inicia-trabalhos-do-bienio-2019-2020\/\"]}]},{\"@type\":\"BreadcrumbList\",\"@id\":\"https:\/\/bahiaeconomica.com.br\/wp\/2019\/02\/20\/ilheus-camara-inicia-trabalhos-do-bienio-2019-2020\/#breadcrumb\",\"itemListElement\":[{\"@type\":\"ListItem\",\"position\":1,\"name\":\"In\u00edcio\",\"item\":\"https:\/\/bahiaeconomica.com.br\/wp\/\"},{\"@type\":\"ListItem\",\"position\":2,\"name\":\"ILH\u00c9US: C\u00c2MARA INICIA TRABALHOS DO BI\u00caNIO 2019\/2020\"}]},{\"@type\":\"WebSite\",\"@id\":\"https:\/\/bahiaeconomica.com.br\/wp\/#website\",\"url\":\"https:\/\/bahiaeconomica.com.br\/wp\/\",\"name\":\"Bahia Economica\",\"description\":\"O maior portal de Economia da Bahia\",\"publisher\":{\"@id\":\"https:\/\/bahiaeconomica.com.br\/wp\/#organization\"},\"potentialAction\":[{\"@type\":\"SearchAction\",\"target\":{\"@type\":\"EntryPoint\",\"urlTemplate\":\"https:\/\/bahiaeconomica.com.br\/wp\/?s={search_term_string}\"},\"query-input\":\"required name=search_term_string\"}],\"inLanguage\":\"pt-BR\"},{\"@type\":\"Organization\",\"@id\":\"https:\/\/bahiaeconomica.com.br\/wp\/#organization\",\"name\":\"Bahia Econ\u00f4mica\",\"url\":\"https:\/\/bahiaeconomica.com.br\/wp\/\",\"logo\":{\"@type\":\"ImageObject\",\"inLanguage\":\"pt-BR\",\"@id\":\"https:\/\/bahiaeconomica.com.br\/wp\/#\/schema\/logo\/image\/\",\"url\":\"https:\/\/bahiaeconomica.com.br\/wp\/wp-content\/uploads\/2020\/12\/cropped-BE.png\",\"contentUrl\":\"https:\/\/bahiaeconomica.com.br\/wp\/wp-content\/uploads\/2020\/12\/cropped-BE.png\",\"width\":512,\"height\":512,\"caption\":\"Bahia Econ\u00f4mica\"},\"image\":{\"@id\":\"https:\/\/bahiaeconomica.com.br\/wp\/#\/schema\/logo\/image\/\"},\"sameAs\":[\"https:\/\/www.facebook.com\/bahiaeconomica\"]},{\"@type\":\"Person\",\"@id\":\"https:\/\/bahiaeconomica.com.br\/wp\/#\/schema\/person\/cb1ab5ba96ad3d9390805381c76284ec\",\"name\":\"admin\",\"url\":\"https:\/\/bahiaeconomica.com.br\/wp\/author\/admin\/\"}]}<\/script>\n<!-- \/ Yoast SEO plugin. -->","yoast_head_json":{"title":"ILH\u00c9US: C\u00c2MARA INICIA TRABALHOS DO BI\u00caNIO 2019\/2020 - Bahia Economica","description":"O maior portal de Economia da Bahia MUNIC\u00cdPIOS Bahia Economica","robots":{"index":"index","follow":"follow","max-snippet":"max-snippet:-1","max-image-preview":"max-image-preview:large","max-video-preview":"max-video-preview:-1"},"canonical":"https:\/\/bahiaeconomica.com.br\/wp\/2019\/02\/20\/ilheus-camara-inicia-trabalhos-do-bienio-2019-2020\/","og_locale":"pt_BR","og_type":"article","og_title":"ILH\u00c9US: C\u00c2MARA INICIA TRABALHOS DO BI\u00caNIO 2019\/2020 - Bahia Economica","og_description":"O maior portal de Economia da Bahia MUNIC\u00cdPIOS Bahia Economica","og_url":"https:\/\/bahiaeconomica.com.br\/wp\/2019\/02\/20\/ilheus-camara-inicia-trabalhos-do-bienio-2019-2020\/","og_site_name":"Bahia Economica","article_publisher":"https:\/\/www.facebook.com\/bahiaeconomica","article_published_time":"2019-02-20T16:00:35+00:00","article_modified_time":"2019-02-20T16:22:35+00:00","og_image":[{"width":450,"height":300,"url":"https:\/\/bahiaeconomica.com.br\/wp\/wp-content\/uploads\/2019\/02\/Foto-Clodoaldo-Ribeiro-1-e1550624781298.jpg","type":"image\/jpeg"}],"author":"admin","twitter_card":"summary_large_image","twitter_misc":{"Escrito por":"admin","Est. tempo de leitura":"1 minuto"},"schema":{"@context":"https:\/\/schema.org","@graph":[{"@type":"Article","@id":"https:\/\/bahiaeconomica.com.br\/wp\/2019\/02\/20\/ilheus-camara-inicia-trabalhos-do-bienio-2019-2020\/#article","isPartOf":{"@id":"https:\/\/bahiaeconomica.com.br\/wp\/2019\/02\/20\/ilheus-camara-inicia-trabalhos-do-bienio-2019-2020\/"},"author":{"name":"admin","@id":"https:\/\/bahiaeconomica.com.br\/wp\/#\/schema\/person\/cb1ab5ba96ad3d9390805381c76284ec"},"headline":"ILH\u00c9US: C\u00c2MARA INICIA TRABALHOS DO BI\u00caNIO 2019\/2020","datePublished":"2019-02-20T16:00:35+00:00","dateModified":"2019-02-20T16:22:35+00:00","mainEntityOfPage":{"@id":"https:\/\/bahiaeconomica.com.br\/wp\/2019\/02\/20\/ilheus-camara-inicia-trabalhos-do-bienio-2019-2020\/"},"wordCount":299,"commentCount":0,"publisher":{"@id":"https:\/\/bahiaeconomica.com.br\/wp\/#organization"},"articleSection":["MUNIC\u00cdPIOS"],"inLanguage":"pt-BR","potentialAction":[{"@type":"CommentAction","name":"Comment","target":["https:\/\/bahiaeconomica.com.br\/wp\/2019\/02\/20\/ilheus-camara-inicia-trabalhos-do-bienio-2019-2020\/#respond"]}]},{"@type":"WebPage","@id":"https:\/\/bahiaeconomica.com.br\/wp\/2019\/02\/20\/ilheus-camara-inicia-trabalhos-do-bienio-2019-2020\/","url":"https:\/\/bahiaeconomica.com.br\/wp\/2019\/02\/20\/ilheus-camara-inicia-trabalhos-do-bienio-2019-2020\/","name":"ILH\u00c9US: C\u00c2MARA INICIA TRABALHOS DO BI\u00caNIO 2019\/2020 - Bahia Economica","isPartOf":{"@id":"https:\/\/bahiaeconomica.com.br\/wp\/#website"},"datePublished":"2019-02-20T16:00:35+00:00","dateModified":"2019-02-20T16:22:35+00:00","description":"O maior portal de Economia da Bahia MUNIC\u00cdPIOS Bahia Economica","breadcrumb":{"@id":"https:\/\/bahiaeconomica.com.br\/wp\/2019\/02\/20\/ilheus-camara-inicia-trabalhos-do-bienio-2019-2020\/#breadcrumb"},"inLanguage":"pt-BR","potentialAction":[{"@type":"ReadAction","target":["https:\/\/bahiaeconomica.com.br\/wp\/2019\/02\/20\/ilheus-camara-inicia-trabalhos-do-bienio-2019-2020\/"]}]},{"@type":"BreadcrumbList","@id":"https:\/\/bahiaeconomica.com.br\/wp\/2019\/02\/20\/ilheus-camara-inicia-trabalhos-do-bienio-2019-2020\/#breadcrumb","itemListElement":[{"@type":"ListItem","position":1,"name":"In\u00edcio","item":"https:\/\/bahiaeconomica.com.br\/wp\/"},{"@type":"ListItem","position":2,"name":"ILH\u00c9US: C\u00c2MARA INICIA TRABALHOS DO BI\u00caNIO 2019\/2020"}]},{"@type":"WebSite","@id":"https:\/\/bahiaeconomica.com.br\/wp\/#website","url":"https:\/\/bahiaeconomica.com.br\/wp\/","name":"Bahia Economica","description":"O maior portal de Economia da Bahia","publisher":{"@id":"https:\/\/bahiaeconomica.com.br\/wp\/#organization"},"potentialAction":[{"@type":"SearchAction","target":{"@type":"EntryPoint","urlTemplate":"https:\/\/bahiaeconomica.com.br\/wp\/?s={search_term_string}"},"query-input":"required name=search_term_string"}],"inLanguage":"pt-BR"},{"@type":"Organization","@id":"https:\/\/bahiaeconomica.com.br\/wp\/#organization","name":"Bahia Econ\u00f4mica","url":"https:\/\/bahiaeconomica.com.br\/wp\/","logo":{"@type":"ImageObject","inLanguage":"pt-BR","@id":"https:\/\/bahiaeconomica.com.br\/wp\/#\/schema\/logo\/image\/","url":"https:\/\/bahiaeconomica.com.br\/wp\/wp-content\/uploads\/2020\/12\/cropped-BE.png","contentUrl":"https:\/\/bahiaeconomica.com.br\/wp\/wp-content\/uploads\/2020\/12\/cropped-BE.png","width":512,"height":512,"caption":"Bahia Econ\u00f4mica"},"image":{"@id":"https:\/\/bahiaeconomica.com.br\/wp\/#\/schema\/logo\/image\/"},"sameAs":["https:\/\/www.facebook.com\/bahiaeconomica"]},{"@type":"Person","@id":"https:\/\/bahiaeconomica.com.br\/wp\/#\/schema\/person\/cb1ab5ba96ad3d9390805381c76284ec","name":"admin","url":"https:\/\/bahiaeconomica.com.br\/wp\/author\/admin\/"}]}},"views":0,"_links":{"self":[{"href":"https:\/\/bahiaeconomica.com.br\/wp\/wp-json\/wp\/v2\/posts\/275270"}],"collection":[{"href":"https:\/\/bahiaeconomica.com.br\/wp\/wp-json\/wp\/v2\/posts"}],"about":[{"href":"https:\/\/bahiaeconomica.com.br\/wp\/wp-json\/wp\/v2\/types\/post"}],"author":[{"embeddable":true,"href":"https:\/\/bahiaeconomica.com.br\/wp\/wp-json\/wp\/v2\/users\/1"}],"replies":[{"embeddable":true,"href":"https:\/\/bahiaeconomica.com.br\/wp\/wp-json\/wp\/v2\/comments?post=275270"}],"version-history":[{"count":0,"href":"https:\/\/bahiaeconomica.com.br\/wp\/wp-json\/wp\/v2\/posts\/275270\/revisions"}],"wp:featuredmedia":[{"embeddable":true,"href":"https:\/\/bahiaeconomica.com.br\/wp\/wp-json\/wp\/v2\/media\/275274"}],"wp:attachment":[{"href":"https:\/\/bahiaeconomica.com.br\/wp\/wp-json\/wp\/v2\/media?parent=275270"}],"wp:term":[{"taxonomy":"category","embeddable":true,"href":"https:\/\/bahiaeconomica.com.br\/wp\/wp-json\/wp\/v2\/categories?post=275270"},{"taxonomy":"post_tag","embeddable":true,"href":"https:\/\/bahiaeconomica.com.br\/wp\/wp-json\/wp\/v2\/tags?post=275270"}],"curies":[{"name":"wp","href":"https:\/\/api.w.org\/{rel}","templated":true}]}}