{"id":274110,"date":"2019-03-01T12:00:38","date_gmt":"2019-03-01T15:00:38","guid":{"rendered":"https:\/\/bahiaeconomica.com.br\/wp\/beta\/?p=274110"},"modified":"2019-03-01T12:55:46","modified_gmt":"2019-03-01T15:55:46","slug":"aedes-aegypti-oferece-mais-perigo-durante-o-verao","status":"publish","type":"post","link":"https:\/\/bahiaeconomica.com.br\/wp\/2019\/03\/01\/aedes-aegypti-oferece-mais-perigo-durante-o-verao\/","title":{"rendered":"AEDES AEGYPTI OFERECE MAIS PERIGO DURANTE O VER\u00c3O"},"content":{"rendered":"<p>As altas temperaturas e o grande volume de precipita\u00e7\u00e3o tornam o ver\u00e3o a \u00e9poca do ano mais prop\u00edcia para a reprodu\u00e7\u00e3o de mosquitos, dentre eles o Aedes Aegypti. Esse inseto faz o papel de vetor de doen\u00e7as como Dengue, Zika e Chikungunya, transmitindo o v\u00edrus de uma pessoa para a outra. \u201cEle tamb\u00e9m pode carregar o v\u00edrus da febre amarela urbana, por\u00e9m, no Brasil, n\u00e3o existe relato de transmiss\u00e3o urbana desde 1942\u201d, afirma o infectologista Jorge Isaac Garcia.\u00a0Essas arboviroses ocorrem em ciclos epid\u00eamicos, havendo um per\u00edodo de dois a tr\u00eas anos entre uma epidemia e outra. O crescimento desgovernado dos grandes centros urbanos e a falta de saneamento b\u00e1sico, de pol\u00edticas p\u00fablicas e de colabora\u00e7\u00e3o da popula\u00e7\u00e3o dificulta uma mudan\u00e7a nesse quadro. De acordo com Dr. Garcia, o comportamento hist\u00f3rico dessas doen\u00e7as aponta para um novo ciclo, que j\u00e1 se iniciou.<\/p>\n<p>No caso da Febre Amarela, transmitida pelos mosquitos Haemagogus e Sabethes, o aumento de casos est\u00e1 associado \u00e0 expans\u00e3o das zonas de matas ocupadas pelo ser humano, uma vez que essas \u00e1reas s\u00e3o habitat dos vetores da febre amarela silvestre. Trag\u00e9dias ambientais tamb\u00e9m s\u00e3o fatores que alteram a frequ\u00eancia dos ciclos de epidemia, porque provocam uma altera\u00e7\u00e3o na biodiversidade local e promovem migra\u00e7\u00e3o de animais, que podem estar contaminados.\u00a0O m\u00e9todo mais eficaz para evitar a contamina\u00e7\u00e3o \u00e9 controlar a prolifera\u00e7\u00e3o desses mosquitos. Eles est\u00e3o mais presentes em cidades populosas e buscam \u00e1gua limpa e parada para depositarem seus ovos. O especialista \u00a0d\u00e1 algumas dicas simples de como impedir a forma\u00e7\u00e3o de criadouros:<\/p>\n<p>Eliminar \u00e1gua parada de garrafas, pratos, vasos e pneus;<\/p>\n<p>Manter calhas limpas;<\/p>\n<p>Manter sa\u00eddas de \u00e1gua desobstru\u00eddas;<\/p>\n<p>Tampar ralos;<\/p>\n<p>Manter as vacinas em dia (no caso da febre amarela).<\/p>\n<p>A utiliza\u00e7\u00e3o de repelentes funciona para manter os mosquitos afastados, mas a elimina\u00e7\u00e3o dos criadores surte mais efeito. Atualmente, existem produtos que protegem as pessoas at\u00e9 da picada de Aedes Aegypti, mas eles devem ter o certificado da ANVISA e indica\u00e7\u00f5es de aplica\u00e7\u00e3o nos r\u00f3tulos. Mulheres gestantes, principalmente, devem estar atentas \u00e0s orienta\u00e7\u00f5es de uso e \u00e0s dadas pelos m\u00e9dicos que est\u00e3o acompanhando a gravidez.<\/p>\n","protected":false},"excerpt":{"rendered":"<p>As altas temperaturas e o grande volume de precipita\u00e7\u00e3o tornam o ver\u00e3o a \u00e9poca do ano mais prop\u00edcia para a reprodu\u00e7\u00e3o de mosquitos, dentre eles o Aedes Aegypti. Esse inseto faz o papel de vetor de doen\u00e7as como Dengue, Zika e Chikungunya, transmitindo o v\u00edrus de uma pessoa para a outra. \u201cEle tamb\u00e9m pode carregar [&hellip;]<\/p>\n","protected":false},"author":1,"featured_media":274123,"comment_status":"open","ping_status":"open","sticky":false,"template":"","format":"standard","meta":[],"categories":[21],"tags":[],"acf":[],"yoast_head":"<!-- This site is optimized with the Yoast SEO plugin v20.8 - https:\/\/yoast.com\/wordpress\/plugins\/seo\/ -->\n<title>AEDES AEGYPTI OFERECE MAIS PERIGO DURANTE O VER\u00c3O - Bahia Economica<\/title>\n<meta name=\"description\" content=\"O maior portal de Economia da Bahia Sa\u00fade \/ Educa\u00e7\u00e3o Bahia Economica\" \/>\n<meta name=\"robots\" content=\"index, follow, max-snippet:-1, max-image-preview:large, max-video-preview:-1\" \/>\n<link rel=\"canonical\" href=\"https:\/\/bahiaeconomica.com.br\/wp\/2019\/03\/01\/aedes-aegypti-oferece-mais-perigo-durante-o-verao\/\" \/>\n<meta property=\"og:locale\" content=\"pt_BR\" \/>\n<meta property=\"og:type\" content=\"article\" \/>\n<meta property=\"og:title\" content=\"AEDES AEGYPTI OFERECE MAIS PERIGO DURANTE O VER\u00c3O - Bahia Economica\" \/>\n<meta property=\"og:description\" content=\"O maior portal de Economia da Bahia Sa\u00fade \/ Educa\u00e7\u00e3o Bahia Economica\" \/>\n<meta property=\"og:url\" content=\"https:\/\/bahiaeconomica.com.br\/wp\/2019\/03\/01\/aedes-aegypti-oferece-mais-perigo-durante-o-verao\/\" \/>\n<meta property=\"og:site_name\" content=\"Bahia Economica\" \/>\n<meta property=\"article:publisher\" content=\"https:\/\/www.facebook.com\/bahiaeconomica\" \/>\n<meta property=\"article:published_time\" content=\"2019-03-01T15:00:38+00:00\" \/>\n<meta property=\"article:modified_time\" content=\"2019-03-01T15:55:46+00:00\" \/>\n<meta property=\"og:image\" content=\"https:\/\/bahiaeconomica.com.br\/wp\/wp-content\/uploads\/2019\/02\/imagem_release_1608319.jpg\" \/>\n\t<meta property=\"og:image:width\" content=\"500\" \/>\n\t<meta property=\"og:image:height\" content=\"300\" \/>\n\t<meta property=\"og:image:type\" content=\"image\/jpeg\" \/>\n<meta name=\"author\" content=\"admin\" \/>\n<meta name=\"twitter:card\" content=\"summary_large_image\" \/>\n<meta name=\"twitter:label1\" content=\"Escrito por\" \/>\n\t<meta name=\"twitter:data1\" content=\"admin\" \/>\n\t<meta name=\"twitter:label2\" content=\"Est. tempo de leitura\" \/>\n\t<meta name=\"twitter:data2\" content=\"2 minutos\" \/>\n<script type=\"application\/ld+json\" class=\"yoast-schema-graph\">{\"@context\":\"https:\/\/schema.org\",\"@graph\":[{\"@type\":\"Article\",\"@id\":\"https:\/\/bahiaeconomica.com.br\/wp\/2019\/03\/01\/aedes-aegypti-oferece-mais-perigo-durante-o-verao\/#article\",\"isPartOf\":{\"@id\":\"https:\/\/bahiaeconomica.com.br\/wp\/2019\/03\/01\/aedes-aegypti-oferece-mais-perigo-durante-o-verao\/\"},\"author\":{\"name\":\"admin\",\"@id\":\"https:\/\/bahiaeconomica.com.br\/wp\/#\/schema\/person\/cb1ab5ba96ad3d9390805381c76284ec\"},\"headline\":\"AEDES AEGYPTI OFERECE MAIS PERIGO DURANTE O VER\u00c3O\",\"datePublished\":\"2019-03-01T15:00:38+00:00\",\"dateModified\":\"2019-03-01T15:55:46+00:00\",\"mainEntityOfPage\":{\"@id\":\"https:\/\/bahiaeconomica.com.br\/wp\/2019\/03\/01\/aedes-aegypti-oferece-mais-perigo-durante-o-verao\/\"},\"wordCount\":400,\"commentCount\":0,\"publisher\":{\"@id\":\"https:\/\/bahiaeconomica.com.br\/wp\/#organization\"},\"articleSection\":[\"Sa\u00fade \/ Educa\u00e7\u00e3o\"],\"inLanguage\":\"pt-BR\",\"potentialAction\":[{\"@type\":\"CommentAction\",\"name\":\"Comment\",\"target\":[\"https:\/\/bahiaeconomica.com.br\/wp\/2019\/03\/01\/aedes-aegypti-oferece-mais-perigo-durante-o-verao\/#respond\"]}]},{\"@type\":\"WebPage\",\"@id\":\"https:\/\/bahiaeconomica.com.br\/wp\/2019\/03\/01\/aedes-aegypti-oferece-mais-perigo-durante-o-verao\/\",\"url\":\"https:\/\/bahiaeconomica.com.br\/wp\/2019\/03\/01\/aedes-aegypti-oferece-mais-perigo-durante-o-verao\/\",\"name\":\"AEDES AEGYPTI OFERECE MAIS PERIGO DURANTE O VER\u00c3O - Bahia Economica\",\"isPartOf\":{\"@id\":\"https:\/\/bahiaeconomica.com.br\/wp\/#website\"},\"datePublished\":\"2019-03-01T15:00:38+00:00\",\"dateModified\":\"2019-03-01T15:55:46+00:00\",\"description\":\"O maior portal de Economia da Bahia Sa\u00fade \/ Educa\u00e7\u00e3o Bahia Economica\",\"breadcrumb\":{\"@id\":\"https:\/\/bahiaeconomica.com.br\/wp\/2019\/03\/01\/aedes-aegypti-oferece-mais-perigo-durante-o-verao\/#breadcrumb\"},\"inLanguage\":\"pt-BR\",\"potentialAction\":[{\"@type\":\"ReadAction\",\"target\":[\"https:\/\/bahiaeconomica.com.br\/wp\/2019\/03\/01\/aedes-aegypti-oferece-mais-perigo-durante-o-verao\/\"]}]},{\"@type\":\"BreadcrumbList\",\"@id\":\"https:\/\/bahiaeconomica.com.br\/wp\/2019\/03\/01\/aedes-aegypti-oferece-mais-perigo-durante-o-verao\/#breadcrumb\",\"itemListElement\":[{\"@type\":\"ListItem\",\"position\":1,\"name\":\"In\u00edcio\",\"item\":\"https:\/\/bahiaeconomica.com.br\/wp\/\"},{\"@type\":\"ListItem\",\"position\":2,\"name\":\"AEDES AEGYPTI OFERECE MAIS PERIGO DURANTE O VER\u00c3O\"}]},{\"@type\":\"WebSite\",\"@id\":\"https:\/\/bahiaeconomica.com.br\/wp\/#website\",\"url\":\"https:\/\/bahiaeconomica.com.br\/wp\/\",\"name\":\"Bahia Economica\",\"description\":\"O maior portal de Economia da Bahia\",\"publisher\":{\"@id\":\"https:\/\/bahiaeconomica.com.br\/wp\/#organization\"},\"potentialAction\":[{\"@type\":\"SearchAction\",\"target\":{\"@type\":\"EntryPoint\",\"urlTemplate\":\"https:\/\/bahiaeconomica.com.br\/wp\/?s={search_term_string}\"},\"query-input\":\"required name=search_term_string\"}],\"inLanguage\":\"pt-BR\"},{\"@type\":\"Organization\",\"@id\":\"https:\/\/bahiaeconomica.com.br\/wp\/#organization\",\"name\":\"Bahia Econ\u00f4mica\",\"url\":\"https:\/\/bahiaeconomica.com.br\/wp\/\",\"logo\":{\"@type\":\"ImageObject\",\"inLanguage\":\"pt-BR\",\"@id\":\"https:\/\/bahiaeconomica.com.br\/wp\/#\/schema\/logo\/image\/\",\"url\":\"https:\/\/bahiaeconomica.com.br\/wp\/wp-content\/uploads\/2020\/12\/cropped-BE.png\",\"contentUrl\":\"https:\/\/bahiaeconomica.com.br\/wp\/wp-content\/uploads\/2020\/12\/cropped-BE.png\",\"width\":512,\"height\":512,\"caption\":\"Bahia Econ\u00f4mica\"},\"image\":{\"@id\":\"https:\/\/bahiaeconomica.com.br\/wp\/#\/schema\/logo\/image\/\"},\"sameAs\":[\"https:\/\/www.facebook.com\/bahiaeconomica\"]},{\"@type\":\"Person\",\"@id\":\"https:\/\/bahiaeconomica.com.br\/wp\/#\/schema\/person\/cb1ab5ba96ad3d9390805381c76284ec\",\"name\":\"admin\",\"url\":\"https:\/\/bahiaeconomica.com.br\/wp\/author\/admin\/\"}]}<\/script>\n<!-- \/ Yoast SEO plugin. -->","yoast_head_json":{"title":"AEDES AEGYPTI OFERECE MAIS PERIGO DURANTE O VER\u00c3O - Bahia Economica","description":"O maior portal de Economia da Bahia Sa\u00fade \/ Educa\u00e7\u00e3o Bahia Economica","robots":{"index":"index","follow":"follow","max-snippet":"max-snippet:-1","max-image-preview":"max-image-preview:large","max-video-preview":"max-video-preview:-1"},"canonical":"https:\/\/bahiaeconomica.com.br\/wp\/2019\/03\/01\/aedes-aegypti-oferece-mais-perigo-durante-o-verao\/","og_locale":"pt_BR","og_type":"article","og_title":"AEDES AEGYPTI OFERECE MAIS PERIGO DURANTE O VER\u00c3O - Bahia Economica","og_description":"O maior portal de Economia da Bahia Sa\u00fade \/ Educa\u00e7\u00e3o Bahia Economica","og_url":"https:\/\/bahiaeconomica.com.br\/wp\/2019\/03\/01\/aedes-aegypti-oferece-mais-perigo-durante-o-verao\/","og_site_name":"Bahia Economica","article_publisher":"https:\/\/www.facebook.com\/bahiaeconomica","article_published_time":"2019-03-01T15:00:38+00:00","article_modified_time":"2019-03-01T15:55:46+00:00","og_image":[{"width":500,"height":300,"url":"https:\/\/bahiaeconomica.com.br\/wp\/wp-content\/uploads\/2019\/02\/imagem_release_1608319.jpg","type":"image\/jpeg"}],"author":"admin","twitter_card":"summary_large_image","twitter_misc":{"Escrito por":"admin","Est. tempo de leitura":"2 minutos"},"schema":{"@context":"https:\/\/schema.org","@graph":[{"@type":"Article","@id":"https:\/\/bahiaeconomica.com.br\/wp\/2019\/03\/01\/aedes-aegypti-oferece-mais-perigo-durante-o-verao\/#article","isPartOf":{"@id":"https:\/\/bahiaeconomica.com.br\/wp\/2019\/03\/01\/aedes-aegypti-oferece-mais-perigo-durante-o-verao\/"},"author":{"name":"admin","@id":"https:\/\/bahiaeconomica.com.br\/wp\/#\/schema\/person\/cb1ab5ba96ad3d9390805381c76284ec"},"headline":"AEDES AEGYPTI OFERECE MAIS PERIGO DURANTE O VER\u00c3O","datePublished":"2019-03-01T15:00:38+00:00","dateModified":"2019-03-01T15:55:46+00:00","mainEntityOfPage":{"@id":"https:\/\/bahiaeconomica.com.br\/wp\/2019\/03\/01\/aedes-aegypti-oferece-mais-perigo-durante-o-verao\/"},"wordCount":400,"commentCount":0,"publisher":{"@id":"https:\/\/bahiaeconomica.com.br\/wp\/#organization"},"articleSection":["Sa\u00fade \/ Educa\u00e7\u00e3o"],"inLanguage":"pt-BR","potentialAction":[{"@type":"CommentAction","name":"Comment","target":["https:\/\/bahiaeconomica.com.br\/wp\/2019\/03\/01\/aedes-aegypti-oferece-mais-perigo-durante-o-verao\/#respond"]}]},{"@type":"WebPage","@id":"https:\/\/bahiaeconomica.com.br\/wp\/2019\/03\/01\/aedes-aegypti-oferece-mais-perigo-durante-o-verao\/","url":"https:\/\/bahiaeconomica.com.br\/wp\/2019\/03\/01\/aedes-aegypti-oferece-mais-perigo-durante-o-verao\/","name":"AEDES AEGYPTI OFERECE MAIS PERIGO DURANTE O VER\u00c3O - Bahia Economica","isPartOf":{"@id":"https:\/\/bahiaeconomica.com.br\/wp\/#website"},"datePublished":"2019-03-01T15:00:38+00:00","dateModified":"2019-03-01T15:55:46+00:00","description":"O maior portal de Economia da Bahia Sa\u00fade \/ Educa\u00e7\u00e3o Bahia Economica","breadcrumb":{"@id":"https:\/\/bahiaeconomica.com.br\/wp\/2019\/03\/01\/aedes-aegypti-oferece-mais-perigo-durante-o-verao\/#breadcrumb"},"inLanguage":"pt-BR","potentialAction":[{"@type":"ReadAction","target":["https:\/\/bahiaeconomica.com.br\/wp\/2019\/03\/01\/aedes-aegypti-oferece-mais-perigo-durante-o-verao\/"]}]},{"@type":"BreadcrumbList","@id":"https:\/\/bahiaeconomica.com.br\/wp\/2019\/03\/01\/aedes-aegypti-oferece-mais-perigo-durante-o-verao\/#breadcrumb","itemListElement":[{"@type":"ListItem","position":1,"name":"In\u00edcio","item":"https:\/\/bahiaeconomica.com.br\/wp\/"},{"@type":"ListItem","position":2,"name":"AEDES AEGYPTI OFERECE MAIS PERIGO DURANTE O VER\u00c3O"}]},{"@type":"WebSite","@id":"https:\/\/bahiaeconomica.com.br\/wp\/#website","url":"https:\/\/bahiaeconomica.com.br\/wp\/","name":"Bahia Economica","description":"O maior portal de Economia da Bahia","publisher":{"@id":"https:\/\/bahiaeconomica.com.br\/wp\/#organization"},"potentialAction":[{"@type":"SearchAction","target":{"@type":"EntryPoint","urlTemplate":"https:\/\/bahiaeconomica.com.br\/wp\/?s={search_term_string}"},"query-input":"required name=search_term_string"}],"inLanguage":"pt-BR"},{"@type":"Organization","@id":"https:\/\/bahiaeconomica.com.br\/wp\/#organization","name":"Bahia Econ\u00f4mica","url":"https:\/\/bahiaeconomica.com.br\/wp\/","logo":{"@type":"ImageObject","inLanguage":"pt-BR","@id":"https:\/\/bahiaeconomica.com.br\/wp\/#\/schema\/logo\/image\/","url":"https:\/\/bahiaeconomica.com.br\/wp\/wp-content\/uploads\/2020\/12\/cropped-BE.png","contentUrl":"https:\/\/bahiaeconomica.com.br\/wp\/wp-content\/uploads\/2020\/12\/cropped-BE.png","width":512,"height":512,"caption":"Bahia Econ\u00f4mica"},"image":{"@id":"https:\/\/bahiaeconomica.com.br\/wp\/#\/schema\/logo\/image\/"},"sameAs":["https:\/\/www.facebook.com\/bahiaeconomica"]},{"@type":"Person","@id":"https:\/\/bahiaeconomica.com.br\/wp\/#\/schema\/person\/cb1ab5ba96ad3d9390805381c76284ec","name":"admin","url":"https:\/\/bahiaeconomica.com.br\/wp\/author\/admin\/"}]}},"views":1,"_links":{"self":[{"href":"https:\/\/bahiaeconomica.com.br\/wp\/wp-json\/wp\/v2\/posts\/274110"}],"collection":[{"href":"https:\/\/bahiaeconomica.com.br\/wp\/wp-json\/wp\/v2\/posts"}],"about":[{"href":"https:\/\/bahiaeconomica.com.br\/wp\/wp-json\/wp\/v2\/types\/post"}],"author":[{"embeddable":true,"href":"https:\/\/bahiaeconomica.com.br\/wp\/wp-json\/wp\/v2\/users\/1"}],"replies":[{"embeddable":true,"href":"https:\/\/bahiaeconomica.com.br\/wp\/wp-json\/wp\/v2\/comments?post=274110"}],"version-history":[{"count":0,"href":"https:\/\/bahiaeconomica.com.br\/wp\/wp-json\/wp\/v2\/posts\/274110\/revisions"}],"wp:featuredmedia":[{"embeddable":true,"href":"https:\/\/bahiaeconomica.com.br\/wp\/wp-json\/wp\/v2\/media\/274123"}],"wp:attachment":[{"href":"https:\/\/bahiaeconomica.com.br\/wp\/wp-json\/wp\/v2\/media?parent=274110"}],"wp:term":[{"taxonomy":"category","embeddable":true,"href":"https:\/\/bahiaeconomica.com.br\/wp\/wp-json\/wp\/v2\/categories?post=274110"},{"taxonomy":"post_tag","embeddable":true,"href":"https:\/\/bahiaeconomica.com.br\/wp\/wp-json\/wp\/v2\/tags?post=274110"}],"curies":[{"name":"wp","href":"https:\/\/api.w.org\/{rel}","templated":true}]}}