{"id":272188,"date":"2019-02-15T17:44:05","date_gmt":"2019-02-15T19:44:05","guid":{"rendered":"https:\/\/bahiaeconomica.com.br\/wp\/beta\/?p=272188"},"modified":"2019-02-15T17:45:31","modified_gmt":"2019-02-15T19:45:31","slug":"veiculos-poderao-apresentar-danos-ambientais-com-o-aumento-do-biodiesel-na-mistura-do-diesel","status":"publish","type":"post","link":"https:\/\/bahiaeconomica.com.br\/wp\/2019\/02\/15\/veiculos-poderao-apresentar-danos-ambientais-com-o-aumento-do-biodiesel-na-mistura-do-diesel\/","title":{"rendered":"AUMENTO DO BIODIESEL NA MISTURA DO DIESEL PODE CAUSAR DANOS AMBIENTAIS"},"content":{"rendered":"<p style=\"text-align: justify;\">A Associa\u00e7\u00e3o Nacional dos Fabricantes de Ve\u00edculos Automotores (Anfavea) distribuiu nota \u00e0 imprensa nesta sexta-feira, 15, na qual reafirma que entregou relat\u00f3rio ao governo sobre testes referentes ao aumento do biodiesel na mistura do diesel e lista os resultados obtidos que levaram \u00e0 n\u00e3o recomenda\u00e7\u00e3o. Segundo a associa\u00e7\u00e3o, os testes feitos pelos fabricantes indicaram aumento da emiss\u00e3o de NOx; n\u00e3o atendimento \u00e0 demanda legal para garantia de durabilidade de emiss\u00f5es, previsto pelo Proconve; aumento da periodicidade da troca de \u00f3leo e filtros; entupimento de filtro e injetores; aumento do consumo de combust\u00edvel; desgaste dos componentes met\u00e1licos do motor; e combust\u00edvel com baixa estabilidade \u00e0 oxida\u00e7\u00e3o (forma res\u00edduos).<\/p>\n<p style=\"text-align: justify;\">&#8220;A conclus\u00e3o dos testes mostrou que, caso o governo decida aumentar o teor de biodiesel no \u00f3leo diesel comercial para 15%, os ve\u00edculos poder\u00e3o apresentar danos ambientais, aumento de custo operacional para o transportador e impactos para a seguran\u00e7a do ve\u00edculo. Principalmente para a frota em circula\u00e7\u00e3o que n\u00e3o est\u00e1 adaptada para o novo teor de biodiesel&#8221;, diz a nota. Em entrevista ao Broadcast, sistema de not\u00edcias em tempo real do Grupo Estado, o diretor t\u00e9cnico da Anfavea, Henry Joseph Jr, disse que associa\u00e7\u00e3o ficou surpresa com a postura do governo e dos produtores de biodiesel, que disseram que a entidade n\u00e3o entregou o relat\u00f3rio em reuni\u00e3o realizada na quinta-feira, um dia antes do prazo definido para a entrega.<\/p>\n<p style=\"text-align: justify;\">&#8220;N\u00f3s apresentamos o relat\u00f3rio ontem (quinta) e n\u00e3o recomendamos o aumento da mistura do biodiesel de 10% para 15%, e o governo e os produtores reagiram pressionando o nosso posicionamento&#8221;, disse o diretor. &#8220;Foi uma manifesta irrita\u00e7\u00e3o com a nossa conclus\u00e3o&#8221;, acrescentou. O diretor disse, ainda, que o prazo dado para a realiza\u00e7\u00e3o de testes foi curto e que, por isso, cada montadora se comprometeu a fazer um tipo de teste. Portanto, se uma montadora apresenta algum resultado insatisfat\u00f3rio, n\u00e3o quer dizer que o problema est\u00e1 com a empresa.<\/p>\n","protected":false},"excerpt":{"rendered":"<p>A Associa\u00e7\u00e3o Nacional dos Fabricantes de Ve\u00edculos Automotores (Anfavea) distribuiu nota \u00e0 imprensa nesta sexta-feira, 15, na qual reafirma que entregou relat\u00f3rio ao governo sobre testes referentes ao aumento do biodiesel na mistura do diesel e lista os resultados obtidos que levaram \u00e0 n\u00e3o recomenda\u00e7\u00e3o. Segundo a associa\u00e7\u00e3o, os testes feitos pelos fabricantes indicaram aumento [&hellip;]<\/p>\n","protected":false},"author":1,"featured_media":272205,"comment_status":"open","ping_status":"open","sticky":false,"template":"","format":"standard","meta":[],"categories":[14],"tags":[],"acf":[],"yoast_head":"<!-- This site is optimized with the Yoast SEO plugin v20.8 - https:\/\/yoast.com\/wordpress\/plugins\/seo\/ -->\n<title>AUMENTO DO BIODIESEL NA MISTURA DO DIESEL PODE CAUSAR DANOS AMBIENTAIS - Bahia Economica<\/title>\n<meta name=\"description\" content=\"O maior portal de Economia da Bahia DESTAQUE DO DIA Bahia Economica\" \/>\n<meta name=\"robots\" content=\"index, follow, max-snippet:-1, max-image-preview:large, max-video-preview:-1\" \/>\n<link rel=\"canonical\" href=\"https:\/\/bahiaeconomica.com.br\/wp\/2019\/02\/15\/veiculos-poderao-apresentar-danos-ambientais-com-o-aumento-do-biodiesel-na-mistura-do-diesel\/\" \/>\n<meta property=\"og:locale\" content=\"pt_BR\" \/>\n<meta property=\"og:type\" content=\"article\" \/>\n<meta property=\"og:title\" content=\"AUMENTO DO BIODIESEL NA MISTURA DO DIESEL PODE CAUSAR DANOS AMBIENTAIS - Bahia Economica\" \/>\n<meta property=\"og:description\" content=\"O maior portal de Economia da Bahia DESTAQUE DO DIA Bahia Economica\" \/>\n<meta property=\"og:url\" content=\"https:\/\/bahiaeconomica.com.br\/wp\/2019\/02\/15\/veiculos-poderao-apresentar-danos-ambientais-com-o-aumento-do-biodiesel-na-mistura-do-diesel\/\" \/>\n<meta property=\"og:site_name\" content=\"Bahia Economica\" \/>\n<meta property=\"article:publisher\" content=\"https:\/\/www.facebook.com\/bahiaeconomica\" \/>\n<meta property=\"article:published_time\" content=\"2019-02-15T19:44:05+00:00\" \/>\n<meta property=\"article:modified_time\" content=\"2019-02-15T19:45:31+00:00\" \/>\n<meta property=\"og:image\" content=\"https:\/\/bahiaeconomica.com.br\/wp\/wp-content\/uploads\/2019\/02\/biodiesel-e1550259834560.jpg\" \/>\n\t<meta property=\"og:image:width\" content=\"500\" \/>\n\t<meta property=\"og:image:height\" content=\"246\" \/>\n\t<meta property=\"og:image:type\" content=\"image\/jpeg\" \/>\n<meta name=\"author\" content=\"admin\" \/>\n<meta name=\"twitter:card\" content=\"summary_large_image\" \/>\n<meta name=\"twitter:label1\" content=\"Escrito por\" \/>\n\t<meta name=\"twitter:data1\" content=\"admin\" \/>\n\t<meta name=\"twitter:label2\" content=\"Est. tempo de leitura\" \/>\n\t<meta name=\"twitter:data2\" content=\"2 minutos\" \/>\n<script type=\"application\/ld+json\" class=\"yoast-schema-graph\">{\"@context\":\"https:\/\/schema.org\",\"@graph\":[{\"@type\":\"Article\",\"@id\":\"https:\/\/bahiaeconomica.com.br\/wp\/2019\/02\/15\/veiculos-poderao-apresentar-danos-ambientais-com-o-aumento-do-biodiesel-na-mistura-do-diesel\/#article\",\"isPartOf\":{\"@id\":\"https:\/\/bahiaeconomica.com.br\/wp\/2019\/02\/15\/veiculos-poderao-apresentar-danos-ambientais-com-o-aumento-do-biodiesel-na-mistura-do-diesel\/\"},\"author\":{\"name\":\"admin\",\"@id\":\"https:\/\/bahiaeconomica.com.br\/wp\/#\/schema\/person\/cb1ab5ba96ad3d9390805381c76284ec\"},\"headline\":\"AUMENTO DO BIODIESEL NA MISTURA DO DIESEL PODE CAUSAR DANOS AMBIENTAIS\",\"datePublished\":\"2019-02-15T19:44:05+00:00\",\"dateModified\":\"2019-02-15T19:45:31+00:00\",\"mainEntityOfPage\":{\"@id\":\"https:\/\/bahiaeconomica.com.br\/wp\/2019\/02\/15\/veiculos-poderao-apresentar-danos-ambientais-com-o-aumento-do-biodiesel-na-mistura-do-diesel\/\"},\"wordCount\":353,\"commentCount\":0,\"publisher\":{\"@id\":\"https:\/\/bahiaeconomica.com.br\/wp\/#organization\"},\"articleSection\":[\"DESTAQUE DO DIA\"],\"inLanguage\":\"pt-BR\",\"potentialAction\":[{\"@type\":\"CommentAction\",\"name\":\"Comment\",\"target\":[\"https:\/\/bahiaeconomica.com.br\/wp\/2019\/02\/15\/veiculos-poderao-apresentar-danos-ambientais-com-o-aumento-do-biodiesel-na-mistura-do-diesel\/#respond\"]}]},{\"@type\":\"WebPage\",\"@id\":\"https:\/\/bahiaeconomica.com.br\/wp\/2019\/02\/15\/veiculos-poderao-apresentar-danos-ambientais-com-o-aumento-do-biodiesel-na-mistura-do-diesel\/\",\"url\":\"https:\/\/bahiaeconomica.com.br\/wp\/2019\/02\/15\/veiculos-poderao-apresentar-danos-ambientais-com-o-aumento-do-biodiesel-na-mistura-do-diesel\/\",\"name\":\"AUMENTO DO BIODIESEL NA MISTURA DO DIESEL PODE CAUSAR DANOS AMBIENTAIS - Bahia Economica\",\"isPartOf\":{\"@id\":\"https:\/\/bahiaeconomica.com.br\/wp\/#website\"},\"datePublished\":\"2019-02-15T19:44:05+00:00\",\"dateModified\":\"2019-02-15T19:45:31+00:00\",\"description\":\"O maior portal de Economia da Bahia DESTAQUE DO DIA Bahia Economica\",\"breadcrumb\":{\"@id\":\"https:\/\/bahiaeconomica.com.br\/wp\/2019\/02\/15\/veiculos-poderao-apresentar-danos-ambientais-com-o-aumento-do-biodiesel-na-mistura-do-diesel\/#breadcrumb\"},\"inLanguage\":\"pt-BR\",\"potentialAction\":[{\"@type\":\"ReadAction\",\"target\":[\"https:\/\/bahiaeconomica.com.br\/wp\/2019\/02\/15\/veiculos-poderao-apresentar-danos-ambientais-com-o-aumento-do-biodiesel-na-mistura-do-diesel\/\"]}]},{\"@type\":\"BreadcrumbList\",\"@id\":\"https:\/\/bahiaeconomica.com.br\/wp\/2019\/02\/15\/veiculos-poderao-apresentar-danos-ambientais-com-o-aumento-do-biodiesel-na-mistura-do-diesel\/#breadcrumb\",\"itemListElement\":[{\"@type\":\"ListItem\",\"position\":1,\"name\":\"In\u00edcio\",\"item\":\"https:\/\/bahiaeconomica.com.br\/wp\/\"},{\"@type\":\"ListItem\",\"position\":2,\"name\":\"AUMENTO DO BIODIESEL NA MISTURA DO DIESEL PODE CAUSAR DANOS AMBIENTAIS\"}]},{\"@type\":\"WebSite\",\"@id\":\"https:\/\/bahiaeconomica.com.br\/wp\/#website\",\"url\":\"https:\/\/bahiaeconomica.com.br\/wp\/\",\"name\":\"Bahia Economica\",\"description\":\"O maior portal de Economia da Bahia\",\"publisher\":{\"@id\":\"https:\/\/bahiaeconomica.com.br\/wp\/#organization\"},\"potentialAction\":[{\"@type\":\"SearchAction\",\"target\":{\"@type\":\"EntryPoint\",\"urlTemplate\":\"https:\/\/bahiaeconomica.com.br\/wp\/?s={search_term_string}\"},\"query-input\":\"required name=search_term_string\"}],\"inLanguage\":\"pt-BR\"},{\"@type\":\"Organization\",\"@id\":\"https:\/\/bahiaeconomica.com.br\/wp\/#organization\",\"name\":\"Bahia Econ\u00f4mica\",\"url\":\"https:\/\/bahiaeconomica.com.br\/wp\/\",\"logo\":{\"@type\":\"ImageObject\",\"inLanguage\":\"pt-BR\",\"@id\":\"https:\/\/bahiaeconomica.com.br\/wp\/#\/schema\/logo\/image\/\",\"url\":\"https:\/\/bahiaeconomica.com.br\/wp\/wp-content\/uploads\/2020\/12\/cropped-BE.png\",\"contentUrl\":\"https:\/\/bahiaeconomica.com.br\/wp\/wp-content\/uploads\/2020\/12\/cropped-BE.png\",\"width\":512,\"height\":512,\"caption\":\"Bahia Econ\u00f4mica\"},\"image\":{\"@id\":\"https:\/\/bahiaeconomica.com.br\/wp\/#\/schema\/logo\/image\/\"},\"sameAs\":[\"https:\/\/www.facebook.com\/bahiaeconomica\"]},{\"@type\":\"Person\",\"@id\":\"https:\/\/bahiaeconomica.com.br\/wp\/#\/schema\/person\/cb1ab5ba96ad3d9390805381c76284ec\",\"name\":\"admin\",\"url\":\"https:\/\/bahiaeconomica.com.br\/wp\/author\/admin\/\"}]}<\/script>\n<!-- \/ Yoast SEO plugin. -->","yoast_head_json":{"title":"AUMENTO DO BIODIESEL NA MISTURA DO DIESEL PODE CAUSAR DANOS AMBIENTAIS - Bahia Economica","description":"O maior portal de Economia da Bahia DESTAQUE DO DIA Bahia Economica","robots":{"index":"index","follow":"follow","max-snippet":"max-snippet:-1","max-image-preview":"max-image-preview:large","max-video-preview":"max-video-preview:-1"},"canonical":"https:\/\/bahiaeconomica.com.br\/wp\/2019\/02\/15\/veiculos-poderao-apresentar-danos-ambientais-com-o-aumento-do-biodiesel-na-mistura-do-diesel\/","og_locale":"pt_BR","og_type":"article","og_title":"AUMENTO DO BIODIESEL NA MISTURA DO DIESEL PODE CAUSAR DANOS AMBIENTAIS - Bahia Economica","og_description":"O maior portal de Economia da Bahia DESTAQUE DO DIA Bahia Economica","og_url":"https:\/\/bahiaeconomica.com.br\/wp\/2019\/02\/15\/veiculos-poderao-apresentar-danos-ambientais-com-o-aumento-do-biodiesel-na-mistura-do-diesel\/","og_site_name":"Bahia Economica","article_publisher":"https:\/\/www.facebook.com\/bahiaeconomica","article_published_time":"2019-02-15T19:44:05+00:00","article_modified_time":"2019-02-15T19:45:31+00:00","og_image":[{"width":500,"height":246,"url":"https:\/\/bahiaeconomica.com.br\/wp\/wp-content\/uploads\/2019\/02\/biodiesel-e1550259834560.jpg","type":"image\/jpeg"}],"author":"admin","twitter_card":"summary_large_image","twitter_misc":{"Escrito por":"admin","Est. tempo de leitura":"2 minutos"},"schema":{"@context":"https:\/\/schema.org","@graph":[{"@type":"Article","@id":"https:\/\/bahiaeconomica.com.br\/wp\/2019\/02\/15\/veiculos-poderao-apresentar-danos-ambientais-com-o-aumento-do-biodiesel-na-mistura-do-diesel\/#article","isPartOf":{"@id":"https:\/\/bahiaeconomica.com.br\/wp\/2019\/02\/15\/veiculos-poderao-apresentar-danos-ambientais-com-o-aumento-do-biodiesel-na-mistura-do-diesel\/"},"author":{"name":"admin","@id":"https:\/\/bahiaeconomica.com.br\/wp\/#\/schema\/person\/cb1ab5ba96ad3d9390805381c76284ec"},"headline":"AUMENTO DO BIODIESEL NA MISTURA DO DIESEL PODE CAUSAR DANOS AMBIENTAIS","datePublished":"2019-02-15T19:44:05+00:00","dateModified":"2019-02-15T19:45:31+00:00","mainEntityOfPage":{"@id":"https:\/\/bahiaeconomica.com.br\/wp\/2019\/02\/15\/veiculos-poderao-apresentar-danos-ambientais-com-o-aumento-do-biodiesel-na-mistura-do-diesel\/"},"wordCount":353,"commentCount":0,"publisher":{"@id":"https:\/\/bahiaeconomica.com.br\/wp\/#organization"},"articleSection":["DESTAQUE DO DIA"],"inLanguage":"pt-BR","potentialAction":[{"@type":"CommentAction","name":"Comment","target":["https:\/\/bahiaeconomica.com.br\/wp\/2019\/02\/15\/veiculos-poderao-apresentar-danos-ambientais-com-o-aumento-do-biodiesel-na-mistura-do-diesel\/#respond"]}]},{"@type":"WebPage","@id":"https:\/\/bahiaeconomica.com.br\/wp\/2019\/02\/15\/veiculos-poderao-apresentar-danos-ambientais-com-o-aumento-do-biodiesel-na-mistura-do-diesel\/","url":"https:\/\/bahiaeconomica.com.br\/wp\/2019\/02\/15\/veiculos-poderao-apresentar-danos-ambientais-com-o-aumento-do-biodiesel-na-mistura-do-diesel\/","name":"AUMENTO DO BIODIESEL NA MISTURA DO DIESEL PODE CAUSAR DANOS AMBIENTAIS - Bahia Economica","isPartOf":{"@id":"https:\/\/bahiaeconomica.com.br\/wp\/#website"},"datePublished":"2019-02-15T19:44:05+00:00","dateModified":"2019-02-15T19:45:31+00:00","description":"O maior portal de Economia da Bahia DESTAQUE DO DIA Bahia Economica","breadcrumb":{"@id":"https:\/\/bahiaeconomica.com.br\/wp\/2019\/02\/15\/veiculos-poderao-apresentar-danos-ambientais-com-o-aumento-do-biodiesel-na-mistura-do-diesel\/#breadcrumb"},"inLanguage":"pt-BR","potentialAction":[{"@type":"ReadAction","target":["https:\/\/bahiaeconomica.com.br\/wp\/2019\/02\/15\/veiculos-poderao-apresentar-danos-ambientais-com-o-aumento-do-biodiesel-na-mistura-do-diesel\/"]}]},{"@type":"BreadcrumbList","@id":"https:\/\/bahiaeconomica.com.br\/wp\/2019\/02\/15\/veiculos-poderao-apresentar-danos-ambientais-com-o-aumento-do-biodiesel-na-mistura-do-diesel\/#breadcrumb","itemListElement":[{"@type":"ListItem","position":1,"name":"In\u00edcio","item":"https:\/\/bahiaeconomica.com.br\/wp\/"},{"@type":"ListItem","position":2,"name":"AUMENTO DO BIODIESEL NA MISTURA DO DIESEL PODE CAUSAR DANOS AMBIENTAIS"}]},{"@type":"WebSite","@id":"https:\/\/bahiaeconomica.com.br\/wp\/#website","url":"https:\/\/bahiaeconomica.com.br\/wp\/","name":"Bahia Economica","description":"O maior portal de Economia da Bahia","publisher":{"@id":"https:\/\/bahiaeconomica.com.br\/wp\/#organization"},"potentialAction":[{"@type":"SearchAction","target":{"@type":"EntryPoint","urlTemplate":"https:\/\/bahiaeconomica.com.br\/wp\/?s={search_term_string}"},"query-input":"required name=search_term_string"}],"inLanguage":"pt-BR"},{"@type":"Organization","@id":"https:\/\/bahiaeconomica.com.br\/wp\/#organization","name":"Bahia Econ\u00f4mica","url":"https:\/\/bahiaeconomica.com.br\/wp\/","logo":{"@type":"ImageObject","inLanguage":"pt-BR","@id":"https:\/\/bahiaeconomica.com.br\/wp\/#\/schema\/logo\/image\/","url":"https:\/\/bahiaeconomica.com.br\/wp\/wp-content\/uploads\/2020\/12\/cropped-BE.png","contentUrl":"https:\/\/bahiaeconomica.com.br\/wp\/wp-content\/uploads\/2020\/12\/cropped-BE.png","width":512,"height":512,"caption":"Bahia Econ\u00f4mica"},"image":{"@id":"https:\/\/bahiaeconomica.com.br\/wp\/#\/schema\/logo\/image\/"},"sameAs":["https:\/\/www.facebook.com\/bahiaeconomica"]},{"@type":"Person","@id":"https:\/\/bahiaeconomica.com.br\/wp\/#\/schema\/person\/cb1ab5ba96ad3d9390805381c76284ec","name":"admin","url":"https:\/\/bahiaeconomica.com.br\/wp\/author\/admin\/"}]}},"views":3,"_links":{"self":[{"href":"https:\/\/bahiaeconomica.com.br\/wp\/wp-json\/wp\/v2\/posts\/272188"}],"collection":[{"href":"https:\/\/bahiaeconomica.com.br\/wp\/wp-json\/wp\/v2\/posts"}],"about":[{"href":"https:\/\/bahiaeconomica.com.br\/wp\/wp-json\/wp\/v2\/types\/post"}],"author":[{"embeddable":true,"href":"https:\/\/bahiaeconomica.com.br\/wp\/wp-json\/wp\/v2\/users\/1"}],"replies":[{"embeddable":true,"href":"https:\/\/bahiaeconomica.com.br\/wp\/wp-json\/wp\/v2\/comments?post=272188"}],"version-history":[{"count":0,"href":"https:\/\/bahiaeconomica.com.br\/wp\/wp-json\/wp\/v2\/posts\/272188\/revisions"}],"wp:featuredmedia":[{"embeddable":true,"href":"https:\/\/bahiaeconomica.com.br\/wp\/wp-json\/wp\/v2\/media\/272205"}],"wp:attachment":[{"href":"https:\/\/bahiaeconomica.com.br\/wp\/wp-json\/wp\/v2\/media?parent=272188"}],"wp:term":[{"taxonomy":"category","embeddable":true,"href":"https:\/\/bahiaeconomica.com.br\/wp\/wp-json\/wp\/v2\/categories?post=272188"},{"taxonomy":"post_tag","embeddable":true,"href":"https:\/\/bahiaeconomica.com.br\/wp\/wp-json\/wp\/v2\/tags?post=272188"}],"curies":[{"name":"wp","href":"https:\/\/api.w.org\/{rel}","templated":true}]}}