{"id":267624,"date":"2019-02-12T09:05:21","date_gmt":"2019-02-12T11:05:21","guid":{"rendered":"https:\/\/bahiaeconomica.com.br\/wp\/beta\/?p=267624"},"modified":"2019-02-12T09:05:21","modified_gmt":"2019-02-12T11:05:21","slug":"integrantes-do-afoxe-filhos-de-gandhy-sao-personagens-de-exposicao-fotografica","status":"publish","type":"post","link":"https:\/\/bahiaeconomica.com.br\/wp\/2019\/02\/12\/integrantes-do-afoxe-filhos-de-gandhy-sao-personagens-de-exposicao-fotografica\/","title":{"rendered":"INTEGRANTES DO AFOX\u00c9 FILHOS DE GANDHY S\u00c3O PERSONAGENS DE EXPOSI\u00c7\u00c3O FOTOGR\u00c1FICA"},"content":{"rendered":"<p style=\"text-align: justify;\">Na semana que antecede o Carnaval, Salvador recebe uma exposi\u00e7\u00e3o fotogr\u00e1fica e o lan\u00e7amento de um livro que t\u00eam como tema um dos mais importantes \u00edcones da cultura carnavalesca baiana, com fotos de um nome de peso das artes visuais. Trata-se da mostra Filhos de Gandhy por Christian Cravo, que ter\u00e1 vernissage no dia 19 de fevereiro, \u00e0s 19h na Sala Mario Cravo J\u00fanior do Palacete das Artes \u2013 espa\u00e7o administrado pelo Instituto do Patrim\u00f4nio Art\u00edstico e Cultural (IPAC\/SecultBA) \u2013 e segue em cartaz at\u00e9 31 de mar\u00e7o.<\/p>\n<p>Mais do que uma experi\u00eancia visual, a exposi\u00e7\u00e3o tamb\u00e9m se prop\u00f5e a estimular outros sentidos, com a trilha sonora marcada pelos instrumentos de percuss\u00e3o espec\u00edficos do ijex\u00e1, ritmo que cadencia o desfile do afox\u00e9, e o inconfund\u00edvel aroma da alfazema espalhado pelo cortejo da paz na avenida. Na mesma noite, o artista estar\u00e1 assinando o livro que deu origem \u00e0 exposi\u00e7\u00e3o, com 100 fotos individuais de integrantes do Gandhy, registradas nos tr\u00eas \u00faltimos carnavais. Coincidentemente, a exposi\u00e7\u00e3o ser\u00e1 inaugurada um dia depois que o Afox\u00e9 Filhos de Gandhy completa 70 anos.<\/p>\n<p>A exposi\u00e7\u00e3o \u00e9 uma realiza\u00e7\u00e3o da produtora Janela do Mundo em parceria com a Hasta La Luna e conta com o patroc\u00ednio da Bahiagas e do Governo do Estado atrav\u00e9s do Fazcultura, Secretaria da Fazenda e Secretaria de Cultura do Estado da Bahia, da Caixa e do Governo Federal e apoio da Avatim e Palacete das Artes, \u00f3rg\u00e3o vinculado ao Instituto do Patrim\u00f4nio Art\u00edstico e Cultural da Bahia (IPAC)\/Secretaria de Cultura do Estado da Bahia (SecultBA). O livro \u00e9 lan\u00e7ado tamb\u00e9m com apoio financeiro do Governo do Estado, atrav\u00e9s do Fundo de Cultura, Funda\u00e7\u00e3o Cultural do Estado, Secretaria da Fazenda e Secretaria de Cultura do Estado da Bahia.<\/p>\n<p>A g\u00eanese \u2013 O projeto Filhos de Gandhy por Christian Cravo \u00e9 resultado de tr\u00eas anos de trabalho do artista, e nasceu de seu desejo de dar nome a um personagem que sempre foi tido como uma massa, como o famoso \u2018tapete branco\u2019. \u201cO que busquei foi dar uma identidade aos personagens retratados, um rosto, uma idade, uma profiss\u00e3o\u201d, explicou. \u201cNunca tive rela\u00e7\u00e3o pr\u00f3xima com os Filhos de Gandhy, mas a minha vontade de fotografar o grupo se deu pelo hist\u00f3rico do meu trabalho, muito voltado para a antropologia visual. Sempre me interessei por tem\u00e1ticas de express\u00e3o art\u00edstica, cultural e religiosa de personagens ao redor do mundo\u201d, disse Christian.<\/p>\n<p>A grande \u2018co-autora\u2019 do projeto foi Adriana, mulher do artista, que o instigou a mergulhar nele quando ainda moravam em S\u00e3o Paulo. Mas ele contou tamb\u00e9m com a ajuda valiosa de Xiko Lima, \u00e0 \u00e9poca presidente do Gandhy, que abra\u00e7ou a causa e ajudou de todas as formas poss\u00edveis. \u201cA exposi\u00e7\u00e3o e livro de Christian Cravo \u00e9 mais uma oportunidade de mostrar atrav\u00e9s da sensibilidade do fot\u00f3grafo o p\u00fablico que referenda a nossa miss\u00e3o: diversificado, de todos os credos, condi\u00e7\u00f5es sociais e ra\u00e7as\u201d, declara Xiko.<\/p>\n","protected":false},"excerpt":{"rendered":"<p>Na semana que antecede o Carnaval, Salvador recebe uma exposi\u00e7\u00e3o fotogr\u00e1fica e o lan\u00e7amento de um livro que t\u00eam como tema um dos mais importantes \u00edcones da cultura carnavalesca baiana, com fotos de um nome de peso das artes visuais. Trata-se da mostra Filhos de Gandhy por Christian Cravo, que ter\u00e1 vernissage no dia 19 [&hellip;]<\/p>\n","protected":false},"author":1,"featured_media":267626,"comment_status":"open","ping_status":"open","sticky":false,"template":"","format":"standard","meta":[],"categories":[4],"tags":[],"acf":[],"yoast_head":"<!-- This site is optimized with the Yoast SEO plugin v20.8 - https:\/\/yoast.com\/wordpress\/plugins\/seo\/ -->\n<title>INTEGRANTES DO AFOX\u00c9 FILHOS DE GANDHY S\u00c3O PERSONAGENS DE EXPOSI\u00c7\u00c3O FOTOGR\u00c1FICA - Bahia Economica<\/title>\n<meta name=\"description\" content=\"O maior portal de Economia da Bahia ENTRETENIMENTO Bahia Economica\" \/>\n<meta name=\"robots\" content=\"index, follow, max-snippet:-1, max-image-preview:large, max-video-preview:-1\" \/>\n<link rel=\"canonical\" href=\"https:\/\/bahiaeconomica.com.br\/wp\/2019\/02\/12\/integrantes-do-afoxe-filhos-de-gandhy-sao-personagens-de-exposicao-fotografica\/\" \/>\n<meta property=\"og:locale\" content=\"pt_BR\" \/>\n<meta property=\"og:type\" content=\"article\" \/>\n<meta property=\"og:title\" content=\"INTEGRANTES DO AFOX\u00c9 FILHOS DE GANDHY S\u00c3O PERSONAGENS DE EXPOSI\u00c7\u00c3O FOTOGR\u00c1FICA - Bahia Economica\" \/>\n<meta property=\"og:description\" content=\"O maior portal de Economia da Bahia ENTRETENIMENTO Bahia Economica\" \/>\n<meta property=\"og:url\" content=\"https:\/\/bahiaeconomica.com.br\/wp\/2019\/02\/12\/integrantes-do-afoxe-filhos-de-gandhy-sao-personagens-de-exposicao-fotografica\/\" \/>\n<meta property=\"og:site_name\" content=\"Bahia Economica\" \/>\n<meta property=\"article:publisher\" content=\"https:\/\/www.facebook.com\/bahiaeconomica\" \/>\n<meta property=\"article:published_time\" content=\"2019-02-12T11:05:21+00:00\" \/>\n<meta property=\"og:image\" content=\"https:\/\/bahiaeconomica.com.br\/wp\/wp-content\/uploads\/2019\/02\/filhos_de_gandhy_foto_christiancravo-e1549969499668.jpg\" \/>\n\t<meta property=\"og:image:width\" content=\"500\" \/>\n\t<meta property=\"og:image:height\" content=\"569\" \/>\n\t<meta property=\"og:image:type\" content=\"image\/jpeg\" \/>\n<meta name=\"author\" content=\"admin\" \/>\n<meta name=\"twitter:card\" content=\"summary_large_image\" \/>\n<meta name=\"twitter:label1\" content=\"Escrito por\" \/>\n\t<meta name=\"twitter:data1\" content=\"admin\" \/>\n\t<meta name=\"twitter:label2\" content=\"Est. tempo de leitura\" \/>\n\t<meta name=\"twitter:data2\" content=\"3 minutos\" \/>\n<script type=\"application\/ld+json\" class=\"yoast-schema-graph\">{\"@context\":\"https:\/\/schema.org\",\"@graph\":[{\"@type\":\"Article\",\"@id\":\"https:\/\/bahiaeconomica.com.br\/wp\/2019\/02\/12\/integrantes-do-afoxe-filhos-de-gandhy-sao-personagens-de-exposicao-fotografica\/#article\",\"isPartOf\":{\"@id\":\"https:\/\/bahiaeconomica.com.br\/wp\/2019\/02\/12\/integrantes-do-afoxe-filhos-de-gandhy-sao-personagens-de-exposicao-fotografica\/\"},\"author\":{\"name\":\"admin\",\"@id\":\"https:\/\/bahiaeconomica.com.br\/wp\/#\/schema\/person\/cb1ab5ba96ad3d9390805381c76284ec\"},\"headline\":\"INTEGRANTES DO AFOX\u00c9 FILHOS DE GANDHY S\u00c3O PERSONAGENS DE EXPOSI\u00c7\u00c3O FOTOGR\u00c1FICA\",\"datePublished\":\"2019-02-12T11:05:21+00:00\",\"dateModified\":\"2019-02-12T11:05:21+00:00\",\"mainEntityOfPage\":{\"@id\":\"https:\/\/bahiaeconomica.com.br\/wp\/2019\/02\/12\/integrantes-do-afoxe-filhos-de-gandhy-sao-personagens-de-exposicao-fotografica\/\"},\"wordCount\":534,\"commentCount\":0,\"publisher\":{\"@id\":\"https:\/\/bahiaeconomica.com.br\/wp\/#organization\"},\"articleSection\":[\"ENTRETENIMENTO\"],\"inLanguage\":\"pt-BR\",\"potentialAction\":[{\"@type\":\"CommentAction\",\"name\":\"Comment\",\"target\":[\"https:\/\/bahiaeconomica.com.br\/wp\/2019\/02\/12\/integrantes-do-afoxe-filhos-de-gandhy-sao-personagens-de-exposicao-fotografica\/#respond\"]}]},{\"@type\":\"WebPage\",\"@id\":\"https:\/\/bahiaeconomica.com.br\/wp\/2019\/02\/12\/integrantes-do-afoxe-filhos-de-gandhy-sao-personagens-de-exposicao-fotografica\/\",\"url\":\"https:\/\/bahiaeconomica.com.br\/wp\/2019\/02\/12\/integrantes-do-afoxe-filhos-de-gandhy-sao-personagens-de-exposicao-fotografica\/\",\"name\":\"INTEGRANTES DO AFOX\u00c9 FILHOS DE GANDHY S\u00c3O PERSONAGENS DE EXPOSI\u00c7\u00c3O FOTOGR\u00c1FICA - Bahia Economica\",\"isPartOf\":{\"@id\":\"https:\/\/bahiaeconomica.com.br\/wp\/#website\"},\"datePublished\":\"2019-02-12T11:05:21+00:00\",\"dateModified\":\"2019-02-12T11:05:21+00:00\",\"description\":\"O maior portal de Economia da Bahia ENTRETENIMENTO Bahia Economica\",\"breadcrumb\":{\"@id\":\"https:\/\/bahiaeconomica.com.br\/wp\/2019\/02\/12\/integrantes-do-afoxe-filhos-de-gandhy-sao-personagens-de-exposicao-fotografica\/#breadcrumb\"},\"inLanguage\":\"pt-BR\",\"potentialAction\":[{\"@type\":\"ReadAction\",\"target\":[\"https:\/\/bahiaeconomica.com.br\/wp\/2019\/02\/12\/integrantes-do-afoxe-filhos-de-gandhy-sao-personagens-de-exposicao-fotografica\/\"]}]},{\"@type\":\"BreadcrumbList\",\"@id\":\"https:\/\/bahiaeconomica.com.br\/wp\/2019\/02\/12\/integrantes-do-afoxe-filhos-de-gandhy-sao-personagens-de-exposicao-fotografica\/#breadcrumb\",\"itemListElement\":[{\"@type\":\"ListItem\",\"position\":1,\"name\":\"In\u00edcio\",\"item\":\"https:\/\/bahiaeconomica.com.br\/wp\/\"},{\"@type\":\"ListItem\",\"position\":2,\"name\":\"INTEGRANTES DO AFOX\u00c9 FILHOS DE GANDHY S\u00c3O PERSONAGENS DE EXPOSI\u00c7\u00c3O FOTOGR\u00c1FICA\"}]},{\"@type\":\"WebSite\",\"@id\":\"https:\/\/bahiaeconomica.com.br\/wp\/#website\",\"url\":\"https:\/\/bahiaeconomica.com.br\/wp\/\",\"name\":\"Bahia Economica\",\"description\":\"O maior portal de Economia da Bahia\",\"publisher\":{\"@id\":\"https:\/\/bahiaeconomica.com.br\/wp\/#organization\"},\"potentialAction\":[{\"@type\":\"SearchAction\",\"target\":{\"@type\":\"EntryPoint\",\"urlTemplate\":\"https:\/\/bahiaeconomica.com.br\/wp\/?s={search_term_string}\"},\"query-input\":\"required name=search_term_string\"}],\"inLanguage\":\"pt-BR\"},{\"@type\":\"Organization\",\"@id\":\"https:\/\/bahiaeconomica.com.br\/wp\/#organization\",\"name\":\"Bahia Econ\u00f4mica\",\"url\":\"https:\/\/bahiaeconomica.com.br\/wp\/\",\"logo\":{\"@type\":\"ImageObject\",\"inLanguage\":\"pt-BR\",\"@id\":\"https:\/\/bahiaeconomica.com.br\/wp\/#\/schema\/logo\/image\/\",\"url\":\"https:\/\/bahiaeconomica.com.br\/wp\/wp-content\/uploads\/2020\/12\/cropped-BE.png\",\"contentUrl\":\"https:\/\/bahiaeconomica.com.br\/wp\/wp-content\/uploads\/2020\/12\/cropped-BE.png\",\"width\":512,\"height\":512,\"caption\":\"Bahia Econ\u00f4mica\"},\"image\":{\"@id\":\"https:\/\/bahiaeconomica.com.br\/wp\/#\/schema\/logo\/image\/\"},\"sameAs\":[\"https:\/\/www.facebook.com\/bahiaeconomica\"]},{\"@type\":\"Person\",\"@id\":\"https:\/\/bahiaeconomica.com.br\/wp\/#\/schema\/person\/cb1ab5ba96ad3d9390805381c76284ec\",\"name\":\"admin\",\"url\":\"https:\/\/bahiaeconomica.com.br\/wp\/author\/admin\/\"}]}<\/script>\n<!-- \/ Yoast SEO plugin. -->","yoast_head_json":{"title":"INTEGRANTES DO AFOX\u00c9 FILHOS DE GANDHY S\u00c3O PERSONAGENS DE EXPOSI\u00c7\u00c3O FOTOGR\u00c1FICA - Bahia Economica","description":"O maior portal de Economia da Bahia ENTRETENIMENTO Bahia Economica","robots":{"index":"index","follow":"follow","max-snippet":"max-snippet:-1","max-image-preview":"max-image-preview:large","max-video-preview":"max-video-preview:-1"},"canonical":"https:\/\/bahiaeconomica.com.br\/wp\/2019\/02\/12\/integrantes-do-afoxe-filhos-de-gandhy-sao-personagens-de-exposicao-fotografica\/","og_locale":"pt_BR","og_type":"article","og_title":"INTEGRANTES DO AFOX\u00c9 FILHOS DE GANDHY S\u00c3O PERSONAGENS DE EXPOSI\u00c7\u00c3O FOTOGR\u00c1FICA - Bahia Economica","og_description":"O maior portal de Economia da Bahia ENTRETENIMENTO Bahia Economica","og_url":"https:\/\/bahiaeconomica.com.br\/wp\/2019\/02\/12\/integrantes-do-afoxe-filhos-de-gandhy-sao-personagens-de-exposicao-fotografica\/","og_site_name":"Bahia Economica","article_publisher":"https:\/\/www.facebook.com\/bahiaeconomica","article_published_time":"2019-02-12T11:05:21+00:00","og_image":[{"width":500,"height":569,"url":"https:\/\/bahiaeconomica.com.br\/wp\/wp-content\/uploads\/2019\/02\/filhos_de_gandhy_foto_christiancravo-e1549969499668.jpg","type":"image\/jpeg"}],"author":"admin","twitter_card":"summary_large_image","twitter_misc":{"Escrito por":"admin","Est. tempo de leitura":"3 minutos"},"schema":{"@context":"https:\/\/schema.org","@graph":[{"@type":"Article","@id":"https:\/\/bahiaeconomica.com.br\/wp\/2019\/02\/12\/integrantes-do-afoxe-filhos-de-gandhy-sao-personagens-de-exposicao-fotografica\/#article","isPartOf":{"@id":"https:\/\/bahiaeconomica.com.br\/wp\/2019\/02\/12\/integrantes-do-afoxe-filhos-de-gandhy-sao-personagens-de-exposicao-fotografica\/"},"author":{"name":"admin","@id":"https:\/\/bahiaeconomica.com.br\/wp\/#\/schema\/person\/cb1ab5ba96ad3d9390805381c76284ec"},"headline":"INTEGRANTES DO AFOX\u00c9 FILHOS DE GANDHY S\u00c3O PERSONAGENS DE EXPOSI\u00c7\u00c3O FOTOGR\u00c1FICA","datePublished":"2019-02-12T11:05:21+00:00","dateModified":"2019-02-12T11:05:21+00:00","mainEntityOfPage":{"@id":"https:\/\/bahiaeconomica.com.br\/wp\/2019\/02\/12\/integrantes-do-afoxe-filhos-de-gandhy-sao-personagens-de-exposicao-fotografica\/"},"wordCount":534,"commentCount":0,"publisher":{"@id":"https:\/\/bahiaeconomica.com.br\/wp\/#organization"},"articleSection":["ENTRETENIMENTO"],"inLanguage":"pt-BR","potentialAction":[{"@type":"CommentAction","name":"Comment","target":["https:\/\/bahiaeconomica.com.br\/wp\/2019\/02\/12\/integrantes-do-afoxe-filhos-de-gandhy-sao-personagens-de-exposicao-fotografica\/#respond"]}]},{"@type":"WebPage","@id":"https:\/\/bahiaeconomica.com.br\/wp\/2019\/02\/12\/integrantes-do-afoxe-filhos-de-gandhy-sao-personagens-de-exposicao-fotografica\/","url":"https:\/\/bahiaeconomica.com.br\/wp\/2019\/02\/12\/integrantes-do-afoxe-filhos-de-gandhy-sao-personagens-de-exposicao-fotografica\/","name":"INTEGRANTES DO AFOX\u00c9 FILHOS DE GANDHY S\u00c3O PERSONAGENS DE EXPOSI\u00c7\u00c3O FOTOGR\u00c1FICA - Bahia Economica","isPartOf":{"@id":"https:\/\/bahiaeconomica.com.br\/wp\/#website"},"datePublished":"2019-02-12T11:05:21+00:00","dateModified":"2019-02-12T11:05:21+00:00","description":"O maior portal de Economia da Bahia ENTRETENIMENTO Bahia Economica","breadcrumb":{"@id":"https:\/\/bahiaeconomica.com.br\/wp\/2019\/02\/12\/integrantes-do-afoxe-filhos-de-gandhy-sao-personagens-de-exposicao-fotografica\/#breadcrumb"},"inLanguage":"pt-BR","potentialAction":[{"@type":"ReadAction","target":["https:\/\/bahiaeconomica.com.br\/wp\/2019\/02\/12\/integrantes-do-afoxe-filhos-de-gandhy-sao-personagens-de-exposicao-fotografica\/"]}]},{"@type":"BreadcrumbList","@id":"https:\/\/bahiaeconomica.com.br\/wp\/2019\/02\/12\/integrantes-do-afoxe-filhos-de-gandhy-sao-personagens-de-exposicao-fotografica\/#breadcrumb","itemListElement":[{"@type":"ListItem","position":1,"name":"In\u00edcio","item":"https:\/\/bahiaeconomica.com.br\/wp\/"},{"@type":"ListItem","position":2,"name":"INTEGRANTES DO AFOX\u00c9 FILHOS DE GANDHY S\u00c3O PERSONAGENS DE EXPOSI\u00c7\u00c3O FOTOGR\u00c1FICA"}]},{"@type":"WebSite","@id":"https:\/\/bahiaeconomica.com.br\/wp\/#website","url":"https:\/\/bahiaeconomica.com.br\/wp\/","name":"Bahia Economica","description":"O maior portal de Economia da Bahia","publisher":{"@id":"https:\/\/bahiaeconomica.com.br\/wp\/#organization"},"potentialAction":[{"@type":"SearchAction","target":{"@type":"EntryPoint","urlTemplate":"https:\/\/bahiaeconomica.com.br\/wp\/?s={search_term_string}"},"query-input":"required name=search_term_string"}],"inLanguage":"pt-BR"},{"@type":"Organization","@id":"https:\/\/bahiaeconomica.com.br\/wp\/#organization","name":"Bahia Econ\u00f4mica","url":"https:\/\/bahiaeconomica.com.br\/wp\/","logo":{"@type":"ImageObject","inLanguage":"pt-BR","@id":"https:\/\/bahiaeconomica.com.br\/wp\/#\/schema\/logo\/image\/","url":"https:\/\/bahiaeconomica.com.br\/wp\/wp-content\/uploads\/2020\/12\/cropped-BE.png","contentUrl":"https:\/\/bahiaeconomica.com.br\/wp\/wp-content\/uploads\/2020\/12\/cropped-BE.png","width":512,"height":512,"caption":"Bahia Econ\u00f4mica"},"image":{"@id":"https:\/\/bahiaeconomica.com.br\/wp\/#\/schema\/logo\/image\/"},"sameAs":["https:\/\/www.facebook.com\/bahiaeconomica"]},{"@type":"Person","@id":"https:\/\/bahiaeconomica.com.br\/wp\/#\/schema\/person\/cb1ab5ba96ad3d9390805381c76284ec","name":"admin","url":"https:\/\/bahiaeconomica.com.br\/wp\/author\/admin\/"}]}},"views":2,"_links":{"self":[{"href":"https:\/\/bahiaeconomica.com.br\/wp\/wp-json\/wp\/v2\/posts\/267624"}],"collection":[{"href":"https:\/\/bahiaeconomica.com.br\/wp\/wp-json\/wp\/v2\/posts"}],"about":[{"href":"https:\/\/bahiaeconomica.com.br\/wp\/wp-json\/wp\/v2\/types\/post"}],"author":[{"embeddable":true,"href":"https:\/\/bahiaeconomica.com.br\/wp\/wp-json\/wp\/v2\/users\/1"}],"replies":[{"embeddable":true,"href":"https:\/\/bahiaeconomica.com.br\/wp\/wp-json\/wp\/v2\/comments?post=267624"}],"version-history":[{"count":0,"href":"https:\/\/bahiaeconomica.com.br\/wp\/wp-json\/wp\/v2\/posts\/267624\/revisions"}],"wp:featuredmedia":[{"embeddable":true,"href":"https:\/\/bahiaeconomica.com.br\/wp\/wp-json\/wp\/v2\/media\/267626"}],"wp:attachment":[{"href":"https:\/\/bahiaeconomica.com.br\/wp\/wp-json\/wp\/v2\/media?parent=267624"}],"wp:term":[{"taxonomy":"category","embeddable":true,"href":"https:\/\/bahiaeconomica.com.br\/wp\/wp-json\/wp\/v2\/categories?post=267624"},{"taxonomy":"post_tag","embeddable":true,"href":"https:\/\/bahiaeconomica.com.br\/wp\/wp-json\/wp\/v2\/tags?post=267624"}],"curies":[{"name":"wp","href":"https:\/\/api.w.org\/{rel}","templated":true}]}}