{"id":264852,"date":"2019-02-08T07:50:07","date_gmt":"2019-02-08T09:50:07","guid":{"rendered":"https:\/\/bahiaeconomica.com.br\/wp\/beta\/?p=264852"},"modified":"2019-02-08T09:15:09","modified_gmt":"2019-02-08T11:15:09","slug":"csgo-smooya-e-banido-da-faceit-pro-league-por-comportamento-toxico","status":"publish","type":"post","link":"https:\/\/bahiaeconomica.com.br\/wp\/2019\/02\/08\/csgo-smooya-e-banido-da-faceit-pro-league-por-comportamento-toxico\/","title":{"rendered":"CS:GO: SMOOYA \u00c9 BANIDO DA FACEIT PRO LEAGUE POR MAU COMPORTAMENTO"},"content":{"rendered":"<p style=\"text-align: justify;\">Owen &#8220;smooya&#8221; Butterfield est\u00e1 temporariamente banido da FACEIT Pro League (FPL) de Counter-Strike: Global Offensive (CS:GO). O an\u00fancio foi feito pela pr\u00f3pria organiza\u00e7\u00e3o do evento nesta quarta-feira (6), que alegou que o Awper da BIG foi t\u00f3xico ao fazer coment\u00e1rios ofensivos para outro jogador. Na noite de ter\u00e7a-feira (5), smooya confessou em uma live na Twitch TV que ofendeu o jogador Ismail &#8220;refrezh&#8221; Ali, da OpTic Gaming, em uma partida da FPL. Al\u00e9m de ter xingado refrezh, smooya mandou o jogador da OpTic &#8220;se matar&#8221;. O brit\u00e2nico continuou as ofensas em seu Twitter, onde em mensagem j\u00e1 apagada dizia para refrezh &#8220;n\u00e3o competir na FPL quando estiver de mau humor&#8221;, e &#8220;n\u00e3o desperdi\u00e7ar&#8221; o tempo do AWPer. A FACEIT n\u00e3o revelou quando o pro player vai poder voltar a jogar.<\/p>\n<p style=\"text-align: justify;\">O caso rapidamente ganhou destaque nas redes sociais, levando ao pronunciamento da FACEIT. &#8220;Ap\u00f3s os eventos recentes e os v\u00e1rios clipes que surgiram, decidimos colocar smooya no banco da FPL, dando a ele algum tempo para clarear suas ideias e ajustar seu comportamento&#8221;, disse o manager da FACEIT Milos Nedeljkovic, no site oficial da FACEIT. &#8220;Ele ir\u00e1 refletir sobre tudo e se acalmar, sem potencialmente dizer nenhuma palavra que possa possa arruinar sua carreira. S\u00f3 quer\u00edamos avisar a voc\u00eas porque voc\u00eas n\u00e3o ver\u00e3o ele [na competi\u00e7\u00e3o]&#8221;, completou o texto. Logo ap\u00f3s a not\u00edcia do banimento tempor\u00e1rio sair, smooya declarou em seu Twitter que a puni\u00e7\u00e3o valeria &#8220;para o futuro pr\u00f3ximo&#8221;. Embora o jogador n\u00e3o tenha pedido desculpas pelo comportamento, ele disse que n\u00e3o acha que seu comportamento foi certo.<\/p>\n<p style=\"text-align: justify;\">Em outubro do ano passado, smooya j\u00e1 havia se envolvida em outra controv\u00e9rsia do tipo, desta vez durante a Season 6 da StarSeries. Na ocasi\u00e3o, o ex-capit\u00e3o da Mousesports, Chris &#8220;chrisj&#8221; Jong chamou o AWPer de &#8220;desrespeitoso em seu Twitter, ap\u00f3s suas atitudes dentro do jogo durante uma partida na Fase de Grupos da competi\u00e7\u00e3o&#8221;. Smooya foi colocado no banco da BIG, permitindo o retorno de Johannes \u201cnex\u201d Maget para a line up. Nex deve defender a BIG no Intel Extreme Masters Katowice Major e na etapa online da FACEIT Pro League.<\/p>\n","protected":false},"excerpt":{"rendered":"<p>Owen &#8220;smooya&#8221; Butterfield est\u00e1 temporariamente banido da FACEIT Pro League (FPL) de Counter-Strike: Global Offensive (CS:GO). O an\u00fancio foi feito pela pr\u00f3pria organiza\u00e7\u00e3o do evento nesta quarta-feira (6), que alegou que o Awper da BIG foi t\u00f3xico ao fazer coment\u00e1rios ofensivos para outro jogador. Na noite de ter\u00e7a-feira (5), smooya confessou em uma live na [&hellip;]<\/p>\n","protected":false},"author":1,"featured_media":264856,"comment_status":"open","ping_status":"open","sticky":false,"template":"","format":"standard","meta":[],"categories":[21],"tags":[],"acf":[],"yoast_head":"<!-- This site is optimized with the Yoast SEO plugin v20.8 - https:\/\/yoast.com\/wordpress\/plugins\/seo\/ -->\n<title>CS:GO: SMOOYA \u00c9 BANIDO DA FACEIT PRO LEAGUE POR MAU COMPORTAMENTO - Bahia Economica<\/title>\n<meta name=\"description\" content=\"O maior portal de Economia da Bahia Sa\u00fade \/ Educa\u00e7\u00e3o Bahia Economica\" \/>\n<meta name=\"robots\" content=\"index, follow, max-snippet:-1, max-image-preview:large, max-video-preview:-1\" \/>\n<link rel=\"canonical\" href=\"https:\/\/bahiaeconomica.com.br\/wp\/2019\/02\/08\/csgo-smooya-e-banido-da-faceit-pro-league-por-comportamento-toxico\/\" \/>\n<meta property=\"og:locale\" content=\"pt_BR\" \/>\n<meta property=\"og:type\" content=\"article\" \/>\n<meta property=\"og:title\" content=\"CS:GO: SMOOYA \u00c9 BANIDO DA FACEIT PRO LEAGUE POR MAU COMPORTAMENTO - Bahia Economica\" \/>\n<meta property=\"og:description\" content=\"O maior portal de Economia da Bahia Sa\u00fade \/ Educa\u00e7\u00e3o Bahia Economica\" \/>\n<meta property=\"og:url\" content=\"https:\/\/bahiaeconomica.com.br\/wp\/2019\/02\/08\/csgo-smooya-e-banido-da-faceit-pro-league-por-comportamento-toxico\/\" \/>\n<meta property=\"og:site_name\" content=\"Bahia Economica\" \/>\n<meta property=\"article:publisher\" content=\"https:\/\/www.facebook.com\/bahiaeconomica\" \/>\n<meta property=\"article:published_time\" content=\"2019-02-08T09:50:07+00:00\" \/>\n<meta property=\"article:modified_time\" content=\"2019-02-08T11:15:09+00:00\" \/>\n<meta property=\"og:image\" content=\"https:\/\/bahiaeconomica.com.br\/wp\/wp-content\/uploads\/2019\/02\/smooya-esl-one-cologne-e1549623058860.jpg\" \/>\n\t<meta property=\"og:image:width\" content=\"500\" \/>\n\t<meta property=\"og:image:height\" content=\"334\" \/>\n\t<meta property=\"og:image:type\" content=\"image\/jpeg\" \/>\n<meta name=\"author\" content=\"admin\" \/>\n<meta name=\"twitter:card\" content=\"summary_large_image\" \/>\n<meta name=\"twitter:label1\" content=\"Escrito por\" \/>\n\t<meta name=\"twitter:data1\" content=\"admin\" \/>\n\t<meta name=\"twitter:label2\" content=\"Est. tempo de leitura\" \/>\n\t<meta name=\"twitter:data2\" content=\"2 minutos\" \/>\n<script type=\"application\/ld+json\" class=\"yoast-schema-graph\">{\"@context\":\"https:\/\/schema.org\",\"@graph\":[{\"@type\":\"Article\",\"@id\":\"https:\/\/bahiaeconomica.com.br\/wp\/2019\/02\/08\/csgo-smooya-e-banido-da-faceit-pro-league-por-comportamento-toxico\/#article\",\"isPartOf\":{\"@id\":\"https:\/\/bahiaeconomica.com.br\/wp\/2019\/02\/08\/csgo-smooya-e-banido-da-faceit-pro-league-por-comportamento-toxico\/\"},\"author\":{\"name\":\"admin\",\"@id\":\"https:\/\/bahiaeconomica.com.br\/wp\/#\/schema\/person\/cb1ab5ba96ad3d9390805381c76284ec\"},\"headline\":\"CS:GO: SMOOYA \u00c9 BANIDO DA FACEIT PRO LEAGUE POR MAU COMPORTAMENTO\",\"datePublished\":\"2019-02-08T09:50:07+00:00\",\"dateModified\":\"2019-02-08T11:15:09+00:00\",\"mainEntityOfPage\":{\"@id\":\"https:\/\/bahiaeconomica.com.br\/wp\/2019\/02\/08\/csgo-smooya-e-banido-da-faceit-pro-league-por-comportamento-toxico\/\"},\"wordCount\":392,\"commentCount\":0,\"publisher\":{\"@id\":\"https:\/\/bahiaeconomica.com.br\/wp\/#organization\"},\"articleSection\":[\"Sa\u00fade \/ Educa\u00e7\u00e3o\"],\"inLanguage\":\"pt-BR\",\"potentialAction\":[{\"@type\":\"CommentAction\",\"name\":\"Comment\",\"target\":[\"https:\/\/bahiaeconomica.com.br\/wp\/2019\/02\/08\/csgo-smooya-e-banido-da-faceit-pro-league-por-comportamento-toxico\/#respond\"]}]},{\"@type\":\"WebPage\",\"@id\":\"https:\/\/bahiaeconomica.com.br\/wp\/2019\/02\/08\/csgo-smooya-e-banido-da-faceit-pro-league-por-comportamento-toxico\/\",\"url\":\"https:\/\/bahiaeconomica.com.br\/wp\/2019\/02\/08\/csgo-smooya-e-banido-da-faceit-pro-league-por-comportamento-toxico\/\",\"name\":\"CS:GO: SMOOYA \u00c9 BANIDO DA FACEIT PRO LEAGUE POR MAU COMPORTAMENTO - Bahia Economica\",\"isPartOf\":{\"@id\":\"https:\/\/bahiaeconomica.com.br\/wp\/#website\"},\"datePublished\":\"2019-02-08T09:50:07+00:00\",\"dateModified\":\"2019-02-08T11:15:09+00:00\",\"description\":\"O maior portal de Economia da Bahia Sa\u00fade \/ Educa\u00e7\u00e3o Bahia Economica\",\"breadcrumb\":{\"@id\":\"https:\/\/bahiaeconomica.com.br\/wp\/2019\/02\/08\/csgo-smooya-e-banido-da-faceit-pro-league-por-comportamento-toxico\/#breadcrumb\"},\"inLanguage\":\"pt-BR\",\"potentialAction\":[{\"@type\":\"ReadAction\",\"target\":[\"https:\/\/bahiaeconomica.com.br\/wp\/2019\/02\/08\/csgo-smooya-e-banido-da-faceit-pro-league-por-comportamento-toxico\/\"]}]},{\"@type\":\"BreadcrumbList\",\"@id\":\"https:\/\/bahiaeconomica.com.br\/wp\/2019\/02\/08\/csgo-smooya-e-banido-da-faceit-pro-league-por-comportamento-toxico\/#breadcrumb\",\"itemListElement\":[{\"@type\":\"ListItem\",\"position\":1,\"name\":\"In\u00edcio\",\"item\":\"https:\/\/bahiaeconomica.com.br\/wp\/\"},{\"@type\":\"ListItem\",\"position\":2,\"name\":\"CS:GO: SMOOYA \u00c9 BANIDO DA FACEIT PRO LEAGUE POR MAU COMPORTAMENTO\"}]},{\"@type\":\"WebSite\",\"@id\":\"https:\/\/bahiaeconomica.com.br\/wp\/#website\",\"url\":\"https:\/\/bahiaeconomica.com.br\/wp\/\",\"name\":\"Bahia Economica\",\"description\":\"O maior portal de Economia da Bahia\",\"publisher\":{\"@id\":\"https:\/\/bahiaeconomica.com.br\/wp\/#organization\"},\"potentialAction\":[{\"@type\":\"SearchAction\",\"target\":{\"@type\":\"EntryPoint\",\"urlTemplate\":\"https:\/\/bahiaeconomica.com.br\/wp\/?s={search_term_string}\"},\"query-input\":\"required name=search_term_string\"}],\"inLanguage\":\"pt-BR\"},{\"@type\":\"Organization\",\"@id\":\"https:\/\/bahiaeconomica.com.br\/wp\/#organization\",\"name\":\"Bahia Econ\u00f4mica\",\"url\":\"https:\/\/bahiaeconomica.com.br\/wp\/\",\"logo\":{\"@type\":\"ImageObject\",\"inLanguage\":\"pt-BR\",\"@id\":\"https:\/\/bahiaeconomica.com.br\/wp\/#\/schema\/logo\/image\/\",\"url\":\"https:\/\/bahiaeconomica.com.br\/wp\/wp-content\/uploads\/2020\/12\/cropped-BE.png\",\"contentUrl\":\"https:\/\/bahiaeconomica.com.br\/wp\/wp-content\/uploads\/2020\/12\/cropped-BE.png\",\"width\":512,\"height\":512,\"caption\":\"Bahia Econ\u00f4mica\"},\"image\":{\"@id\":\"https:\/\/bahiaeconomica.com.br\/wp\/#\/schema\/logo\/image\/\"},\"sameAs\":[\"https:\/\/www.facebook.com\/bahiaeconomica\"]},{\"@type\":\"Person\",\"@id\":\"https:\/\/bahiaeconomica.com.br\/wp\/#\/schema\/person\/cb1ab5ba96ad3d9390805381c76284ec\",\"name\":\"admin\",\"url\":\"https:\/\/bahiaeconomica.com.br\/wp\/author\/admin\/\"}]}<\/script>\n<!-- \/ Yoast SEO plugin. -->","yoast_head_json":{"title":"CS:GO: SMOOYA \u00c9 BANIDO DA FACEIT PRO LEAGUE POR MAU COMPORTAMENTO - Bahia Economica","description":"O maior portal de Economia da Bahia Sa\u00fade \/ Educa\u00e7\u00e3o Bahia Economica","robots":{"index":"index","follow":"follow","max-snippet":"max-snippet:-1","max-image-preview":"max-image-preview:large","max-video-preview":"max-video-preview:-1"},"canonical":"https:\/\/bahiaeconomica.com.br\/wp\/2019\/02\/08\/csgo-smooya-e-banido-da-faceit-pro-league-por-comportamento-toxico\/","og_locale":"pt_BR","og_type":"article","og_title":"CS:GO: SMOOYA \u00c9 BANIDO DA FACEIT PRO LEAGUE POR MAU COMPORTAMENTO - Bahia Economica","og_description":"O maior portal de Economia da Bahia Sa\u00fade \/ Educa\u00e7\u00e3o Bahia Economica","og_url":"https:\/\/bahiaeconomica.com.br\/wp\/2019\/02\/08\/csgo-smooya-e-banido-da-faceit-pro-league-por-comportamento-toxico\/","og_site_name":"Bahia Economica","article_publisher":"https:\/\/www.facebook.com\/bahiaeconomica","article_published_time":"2019-02-08T09:50:07+00:00","article_modified_time":"2019-02-08T11:15:09+00:00","og_image":[{"width":500,"height":334,"url":"https:\/\/bahiaeconomica.com.br\/wp\/wp-content\/uploads\/2019\/02\/smooya-esl-one-cologne-e1549623058860.jpg","type":"image\/jpeg"}],"author":"admin","twitter_card":"summary_large_image","twitter_misc":{"Escrito por":"admin","Est. tempo de leitura":"2 minutos"},"schema":{"@context":"https:\/\/schema.org","@graph":[{"@type":"Article","@id":"https:\/\/bahiaeconomica.com.br\/wp\/2019\/02\/08\/csgo-smooya-e-banido-da-faceit-pro-league-por-comportamento-toxico\/#article","isPartOf":{"@id":"https:\/\/bahiaeconomica.com.br\/wp\/2019\/02\/08\/csgo-smooya-e-banido-da-faceit-pro-league-por-comportamento-toxico\/"},"author":{"name":"admin","@id":"https:\/\/bahiaeconomica.com.br\/wp\/#\/schema\/person\/cb1ab5ba96ad3d9390805381c76284ec"},"headline":"CS:GO: SMOOYA \u00c9 BANIDO DA FACEIT PRO LEAGUE POR MAU COMPORTAMENTO","datePublished":"2019-02-08T09:50:07+00:00","dateModified":"2019-02-08T11:15:09+00:00","mainEntityOfPage":{"@id":"https:\/\/bahiaeconomica.com.br\/wp\/2019\/02\/08\/csgo-smooya-e-banido-da-faceit-pro-league-por-comportamento-toxico\/"},"wordCount":392,"commentCount":0,"publisher":{"@id":"https:\/\/bahiaeconomica.com.br\/wp\/#organization"},"articleSection":["Sa\u00fade \/ Educa\u00e7\u00e3o"],"inLanguage":"pt-BR","potentialAction":[{"@type":"CommentAction","name":"Comment","target":["https:\/\/bahiaeconomica.com.br\/wp\/2019\/02\/08\/csgo-smooya-e-banido-da-faceit-pro-league-por-comportamento-toxico\/#respond"]}]},{"@type":"WebPage","@id":"https:\/\/bahiaeconomica.com.br\/wp\/2019\/02\/08\/csgo-smooya-e-banido-da-faceit-pro-league-por-comportamento-toxico\/","url":"https:\/\/bahiaeconomica.com.br\/wp\/2019\/02\/08\/csgo-smooya-e-banido-da-faceit-pro-league-por-comportamento-toxico\/","name":"CS:GO: SMOOYA \u00c9 BANIDO DA FACEIT PRO LEAGUE POR MAU COMPORTAMENTO - Bahia Economica","isPartOf":{"@id":"https:\/\/bahiaeconomica.com.br\/wp\/#website"},"datePublished":"2019-02-08T09:50:07+00:00","dateModified":"2019-02-08T11:15:09+00:00","description":"O maior portal de Economia da Bahia Sa\u00fade \/ Educa\u00e7\u00e3o Bahia Economica","breadcrumb":{"@id":"https:\/\/bahiaeconomica.com.br\/wp\/2019\/02\/08\/csgo-smooya-e-banido-da-faceit-pro-league-por-comportamento-toxico\/#breadcrumb"},"inLanguage":"pt-BR","potentialAction":[{"@type":"ReadAction","target":["https:\/\/bahiaeconomica.com.br\/wp\/2019\/02\/08\/csgo-smooya-e-banido-da-faceit-pro-league-por-comportamento-toxico\/"]}]},{"@type":"BreadcrumbList","@id":"https:\/\/bahiaeconomica.com.br\/wp\/2019\/02\/08\/csgo-smooya-e-banido-da-faceit-pro-league-por-comportamento-toxico\/#breadcrumb","itemListElement":[{"@type":"ListItem","position":1,"name":"In\u00edcio","item":"https:\/\/bahiaeconomica.com.br\/wp\/"},{"@type":"ListItem","position":2,"name":"CS:GO: SMOOYA \u00c9 BANIDO DA FACEIT PRO LEAGUE POR MAU COMPORTAMENTO"}]},{"@type":"WebSite","@id":"https:\/\/bahiaeconomica.com.br\/wp\/#website","url":"https:\/\/bahiaeconomica.com.br\/wp\/","name":"Bahia Economica","description":"O maior portal de Economia da Bahia","publisher":{"@id":"https:\/\/bahiaeconomica.com.br\/wp\/#organization"},"potentialAction":[{"@type":"SearchAction","target":{"@type":"EntryPoint","urlTemplate":"https:\/\/bahiaeconomica.com.br\/wp\/?s={search_term_string}"},"query-input":"required name=search_term_string"}],"inLanguage":"pt-BR"},{"@type":"Organization","@id":"https:\/\/bahiaeconomica.com.br\/wp\/#organization","name":"Bahia Econ\u00f4mica","url":"https:\/\/bahiaeconomica.com.br\/wp\/","logo":{"@type":"ImageObject","inLanguage":"pt-BR","@id":"https:\/\/bahiaeconomica.com.br\/wp\/#\/schema\/logo\/image\/","url":"https:\/\/bahiaeconomica.com.br\/wp\/wp-content\/uploads\/2020\/12\/cropped-BE.png","contentUrl":"https:\/\/bahiaeconomica.com.br\/wp\/wp-content\/uploads\/2020\/12\/cropped-BE.png","width":512,"height":512,"caption":"Bahia Econ\u00f4mica"},"image":{"@id":"https:\/\/bahiaeconomica.com.br\/wp\/#\/schema\/logo\/image\/"},"sameAs":["https:\/\/www.facebook.com\/bahiaeconomica"]},{"@type":"Person","@id":"https:\/\/bahiaeconomica.com.br\/wp\/#\/schema\/person\/cb1ab5ba96ad3d9390805381c76284ec","name":"admin","url":"https:\/\/bahiaeconomica.com.br\/wp\/author\/admin\/"}]}},"views":2,"_links":{"self":[{"href":"https:\/\/bahiaeconomica.com.br\/wp\/wp-json\/wp\/v2\/posts\/264852"}],"collection":[{"href":"https:\/\/bahiaeconomica.com.br\/wp\/wp-json\/wp\/v2\/posts"}],"about":[{"href":"https:\/\/bahiaeconomica.com.br\/wp\/wp-json\/wp\/v2\/types\/post"}],"author":[{"embeddable":true,"href":"https:\/\/bahiaeconomica.com.br\/wp\/wp-json\/wp\/v2\/users\/1"}],"replies":[{"embeddable":true,"href":"https:\/\/bahiaeconomica.com.br\/wp\/wp-json\/wp\/v2\/comments?post=264852"}],"version-history":[{"count":0,"href":"https:\/\/bahiaeconomica.com.br\/wp\/wp-json\/wp\/v2\/posts\/264852\/revisions"}],"wp:featuredmedia":[{"embeddable":true,"href":"https:\/\/bahiaeconomica.com.br\/wp\/wp-json\/wp\/v2\/media\/264856"}],"wp:attachment":[{"href":"https:\/\/bahiaeconomica.com.br\/wp\/wp-json\/wp\/v2\/media?parent=264852"}],"wp:term":[{"taxonomy":"category","embeddable":true,"href":"https:\/\/bahiaeconomica.com.br\/wp\/wp-json\/wp\/v2\/categories?post=264852"},{"taxonomy":"post_tag","embeddable":true,"href":"https:\/\/bahiaeconomica.com.br\/wp\/wp-json\/wp\/v2\/tags?post=264852"}],"curies":[{"name":"wp","href":"https:\/\/api.w.org\/{rel}","templated":true}]}}