{"id":25792,"date":"2018-05-02T12:42:39","date_gmt":"2018-05-02T15:42:39","guid":{"rendered":"https:\/\/bahiaeconomica.com.br\/wp\/beta\/?p=25792"},"modified":"2018-05-02T12:21:52","modified_gmt":"2018-05-02T15:21:52","slug":"fim-do-foro-ameaca-12-senadores-e-36-deputados","status":"publish","type":"post","link":"https:\/\/bahiaeconomica.com.br\/wp\/2018\/05\/02\/fim-do-foro-ameaca-12-senadores-e-36-deputados\/","title":{"rendered":"VOTA\u00c7\u00c3O DO FIM DO FORO NO STF AMEA\u00c7A 12 SENADORES E 36 DEPUTADOS"},"content":{"rendered":"<p style=\"text-align: justify;\">Pelo menos 12 senadores e 36 deputados com inqu\u00e9ritos abertos no Supremo Tribunal Federal no \u00e2mbito da Opera\u00e7\u00e3o Lava Jato ficariam sujeitos \u00e0 perda do foro privilegiado, segundo a interpreta\u00e7\u00e3o da nova regra em vota\u00e7\u00e3o no Supremo. Segundo o Estad\u00e3o, a maioria dos casos envolve investiga\u00e7\u00f5es de recebimento de propina, via caixa 2, para pol\u00edticos que j\u00e1 exerciam mandatos no Congresso e tentavam a reelei\u00e7\u00e3o ou novo cargo no Executivo.<\/p>\n<p style=\"text-align: justify;\">\u00c9 o caso, por exemplo, dos senadores A\u00e9cio Neves (PSDB-MG) e Gleisi Hoffmann (PT-PR) e dos deputados Rodrigo Maia (DEM-RJ), Cac\u00e1 Le\u00e3o (PP-BA) e Celso Russomanno (PRB-SP). Todos negam uso de caixa 2 e afirmam que as doa\u00e7\u00f5es foram contabilizadas dentro da legisla\u00e7\u00e3o eleitoral.<\/p>\n","protected":false},"excerpt":{"rendered":"<p>Pelo menos 12 senadores e 36 deputados com inqu\u00e9ritos abertos no Supremo Tribunal Federal no \u00e2mbito da Opera\u00e7\u00e3o Lava Jato ficariam sujeitos \u00e0 perda do foro privilegiado, segundo a interpreta\u00e7\u00e3o da nova regra em vota\u00e7\u00e3o no Supremo. Segundo o Estad\u00e3o, a maioria dos casos envolve investiga\u00e7\u00f5es de recebimento de propina, via caixa 2, para pol\u00edticos [&hellip;]<\/p>\n","protected":false},"author":1,"featured_media":25794,"comment_status":"open","ping_status":"open","sticky":false,"template":"","format":"standard","meta":[],"categories":[14],"tags":[],"acf":[],"yoast_head":"<!-- This site is optimized with the Yoast SEO plugin v20.8 - https:\/\/yoast.com\/wordpress\/plugins\/seo\/ -->\n<title>VOTA\u00c7\u00c3O DO FIM DO FORO NO STF AMEA\u00c7A 12 SENADORES E 36 DEPUTADOS - Bahia Economica<\/title>\n<meta name=\"description\" content=\"O maior portal de Economia da Bahia DESTAQUE DO DIA Bahia Economica\" \/>\n<meta name=\"robots\" content=\"index, follow, max-snippet:-1, max-image-preview:large, max-video-preview:-1\" \/>\n<link rel=\"canonical\" href=\"https:\/\/bahiaeconomica.com.br\/wp\/2018\/05\/02\/fim-do-foro-ameaca-12-senadores-e-36-deputados\/\" \/>\n<meta property=\"og:locale\" content=\"pt_BR\" \/>\n<meta property=\"og:type\" content=\"article\" \/>\n<meta property=\"og:title\" content=\"VOTA\u00c7\u00c3O DO FIM DO FORO NO STF AMEA\u00c7A 12 SENADORES E 36 DEPUTADOS - Bahia Economica\" \/>\n<meta property=\"og:description\" content=\"O maior portal de Economia da Bahia DESTAQUE DO DIA Bahia Economica\" \/>\n<meta property=\"og:url\" content=\"https:\/\/bahiaeconomica.com.br\/wp\/2018\/05\/02\/fim-do-foro-ameaca-12-senadores-e-36-deputados\/\" \/>\n<meta property=\"og:site_name\" content=\"Bahia Economica\" \/>\n<meta property=\"article:publisher\" content=\"https:\/\/www.facebook.com\/bahiaeconomica\" \/>\n<meta property=\"article:published_time\" content=\"2018-05-02T15:42:39+00:00\" \/>\n<meta property=\"article:modified_time\" content=\"2018-05-02T15:21:52+00:00\" \/>\n<meta property=\"og:image\" content=\"https:\/\/bahiaeconomica.com.br\/wp\/wp-content\/uploads\/2018\/05\/aecio.jpg\" \/>\n\t<meta property=\"og:image:width\" content=\"500\" \/>\n\t<meta property=\"og:image:height\" content=\"326\" \/>\n\t<meta property=\"og:image:type\" content=\"image\/jpeg\" \/>\n<meta name=\"author\" content=\"admin\" \/>\n<meta name=\"twitter:card\" content=\"summary_large_image\" \/>\n<meta name=\"twitter:label1\" content=\"Escrito por\" \/>\n\t<meta name=\"twitter:data1\" content=\"admin\" \/>\n\t<meta name=\"twitter:label2\" content=\"Est. tempo de leitura\" \/>\n\t<meta name=\"twitter:data2\" content=\"1 minuto\" \/>\n<script type=\"application\/ld+json\" class=\"yoast-schema-graph\">{\"@context\":\"https:\/\/schema.org\",\"@graph\":[{\"@type\":\"Article\",\"@id\":\"https:\/\/bahiaeconomica.com.br\/wp\/2018\/05\/02\/fim-do-foro-ameaca-12-senadores-e-36-deputados\/#article\",\"isPartOf\":{\"@id\":\"https:\/\/bahiaeconomica.com.br\/wp\/2018\/05\/02\/fim-do-foro-ameaca-12-senadores-e-36-deputados\/\"},\"author\":{\"name\":\"admin\",\"@id\":\"https:\/\/bahiaeconomica.com.br\/wp\/#\/schema\/person\/cb1ab5ba96ad3d9390805381c76284ec\"},\"headline\":\"VOTA\u00c7\u00c3O DO FIM DO FORO NO STF AMEA\u00c7A 12 SENADORES E 36 DEPUTADOS\",\"datePublished\":\"2018-05-02T15:42:39+00:00\",\"dateModified\":\"2018-05-02T15:21:52+00:00\",\"mainEntityOfPage\":{\"@id\":\"https:\/\/bahiaeconomica.com.br\/wp\/2018\/05\/02\/fim-do-foro-ameaca-12-senadores-e-36-deputados\/\"},\"wordCount\":133,\"commentCount\":0,\"publisher\":{\"@id\":\"https:\/\/bahiaeconomica.com.br\/wp\/#organization\"},\"articleSection\":[\"DESTAQUE DO DIA\"],\"inLanguage\":\"pt-BR\",\"potentialAction\":[{\"@type\":\"CommentAction\",\"name\":\"Comment\",\"target\":[\"https:\/\/bahiaeconomica.com.br\/wp\/2018\/05\/02\/fim-do-foro-ameaca-12-senadores-e-36-deputados\/#respond\"]}]},{\"@type\":\"WebPage\",\"@id\":\"https:\/\/bahiaeconomica.com.br\/wp\/2018\/05\/02\/fim-do-foro-ameaca-12-senadores-e-36-deputados\/\",\"url\":\"https:\/\/bahiaeconomica.com.br\/wp\/2018\/05\/02\/fim-do-foro-ameaca-12-senadores-e-36-deputados\/\",\"name\":\"VOTA\u00c7\u00c3O DO FIM DO FORO NO STF AMEA\u00c7A 12 SENADORES E 36 DEPUTADOS - Bahia Economica\",\"isPartOf\":{\"@id\":\"https:\/\/bahiaeconomica.com.br\/wp\/#website\"},\"datePublished\":\"2018-05-02T15:42:39+00:00\",\"dateModified\":\"2018-05-02T15:21:52+00:00\",\"description\":\"O maior portal de Economia da Bahia DESTAQUE DO DIA Bahia Economica\",\"breadcrumb\":{\"@id\":\"https:\/\/bahiaeconomica.com.br\/wp\/2018\/05\/02\/fim-do-foro-ameaca-12-senadores-e-36-deputados\/#breadcrumb\"},\"inLanguage\":\"pt-BR\",\"potentialAction\":[{\"@type\":\"ReadAction\",\"target\":[\"https:\/\/bahiaeconomica.com.br\/wp\/2018\/05\/02\/fim-do-foro-ameaca-12-senadores-e-36-deputados\/\"]}]},{\"@type\":\"BreadcrumbList\",\"@id\":\"https:\/\/bahiaeconomica.com.br\/wp\/2018\/05\/02\/fim-do-foro-ameaca-12-senadores-e-36-deputados\/#breadcrumb\",\"itemListElement\":[{\"@type\":\"ListItem\",\"position\":1,\"name\":\"In\u00edcio\",\"item\":\"https:\/\/bahiaeconomica.com.br\/wp\/\"},{\"@type\":\"ListItem\",\"position\":2,\"name\":\"VOTA\u00c7\u00c3O DO FIM DO FORO NO STF AMEA\u00c7A 12 SENADORES E 36 DEPUTADOS\"}]},{\"@type\":\"WebSite\",\"@id\":\"https:\/\/bahiaeconomica.com.br\/wp\/#website\",\"url\":\"https:\/\/bahiaeconomica.com.br\/wp\/\",\"name\":\"Bahia Economica\",\"description\":\"O maior portal de Economia da Bahia\",\"publisher\":{\"@id\":\"https:\/\/bahiaeconomica.com.br\/wp\/#organization\"},\"potentialAction\":[{\"@type\":\"SearchAction\",\"target\":{\"@type\":\"EntryPoint\",\"urlTemplate\":\"https:\/\/bahiaeconomica.com.br\/wp\/?s={search_term_string}\"},\"query-input\":\"required name=search_term_string\"}],\"inLanguage\":\"pt-BR\"},{\"@type\":\"Organization\",\"@id\":\"https:\/\/bahiaeconomica.com.br\/wp\/#organization\",\"name\":\"Bahia Econ\u00f4mica\",\"url\":\"https:\/\/bahiaeconomica.com.br\/wp\/\",\"logo\":{\"@type\":\"ImageObject\",\"inLanguage\":\"pt-BR\",\"@id\":\"https:\/\/bahiaeconomica.com.br\/wp\/#\/schema\/logo\/image\/\",\"url\":\"https:\/\/bahiaeconomica.com.br\/wp\/wp-content\/uploads\/2020\/12\/cropped-BE.png\",\"contentUrl\":\"https:\/\/bahiaeconomica.com.br\/wp\/wp-content\/uploads\/2020\/12\/cropped-BE.png\",\"width\":512,\"height\":512,\"caption\":\"Bahia Econ\u00f4mica\"},\"image\":{\"@id\":\"https:\/\/bahiaeconomica.com.br\/wp\/#\/schema\/logo\/image\/\"},\"sameAs\":[\"https:\/\/www.facebook.com\/bahiaeconomica\"]},{\"@type\":\"Person\",\"@id\":\"https:\/\/bahiaeconomica.com.br\/wp\/#\/schema\/person\/cb1ab5ba96ad3d9390805381c76284ec\",\"name\":\"admin\",\"url\":\"https:\/\/bahiaeconomica.com.br\/wp\/author\/admin\/\"}]}<\/script>\n<!-- \/ Yoast SEO plugin. -->","yoast_head_json":{"title":"VOTA\u00c7\u00c3O DO FIM DO FORO NO STF AMEA\u00c7A 12 SENADORES E 36 DEPUTADOS - Bahia Economica","description":"O maior portal de Economia da Bahia DESTAQUE DO DIA Bahia Economica","robots":{"index":"index","follow":"follow","max-snippet":"max-snippet:-1","max-image-preview":"max-image-preview:large","max-video-preview":"max-video-preview:-1"},"canonical":"https:\/\/bahiaeconomica.com.br\/wp\/2018\/05\/02\/fim-do-foro-ameaca-12-senadores-e-36-deputados\/","og_locale":"pt_BR","og_type":"article","og_title":"VOTA\u00c7\u00c3O DO FIM DO FORO NO STF AMEA\u00c7A 12 SENADORES E 36 DEPUTADOS - Bahia Economica","og_description":"O maior portal de Economia da Bahia DESTAQUE DO DIA Bahia Economica","og_url":"https:\/\/bahiaeconomica.com.br\/wp\/2018\/05\/02\/fim-do-foro-ameaca-12-senadores-e-36-deputados\/","og_site_name":"Bahia Economica","article_publisher":"https:\/\/www.facebook.com\/bahiaeconomica","article_published_time":"2018-05-02T15:42:39+00:00","article_modified_time":"2018-05-02T15:21:52+00:00","og_image":[{"width":500,"height":326,"url":"https:\/\/bahiaeconomica.com.br\/wp\/wp-content\/uploads\/2018\/05\/aecio.jpg","type":"image\/jpeg"}],"author":"admin","twitter_card":"summary_large_image","twitter_misc":{"Escrito por":"admin","Est. tempo de leitura":"1 minuto"},"schema":{"@context":"https:\/\/schema.org","@graph":[{"@type":"Article","@id":"https:\/\/bahiaeconomica.com.br\/wp\/2018\/05\/02\/fim-do-foro-ameaca-12-senadores-e-36-deputados\/#article","isPartOf":{"@id":"https:\/\/bahiaeconomica.com.br\/wp\/2018\/05\/02\/fim-do-foro-ameaca-12-senadores-e-36-deputados\/"},"author":{"name":"admin","@id":"https:\/\/bahiaeconomica.com.br\/wp\/#\/schema\/person\/cb1ab5ba96ad3d9390805381c76284ec"},"headline":"VOTA\u00c7\u00c3O DO FIM DO FORO NO STF AMEA\u00c7A 12 SENADORES E 36 DEPUTADOS","datePublished":"2018-05-02T15:42:39+00:00","dateModified":"2018-05-02T15:21:52+00:00","mainEntityOfPage":{"@id":"https:\/\/bahiaeconomica.com.br\/wp\/2018\/05\/02\/fim-do-foro-ameaca-12-senadores-e-36-deputados\/"},"wordCount":133,"commentCount":0,"publisher":{"@id":"https:\/\/bahiaeconomica.com.br\/wp\/#organization"},"articleSection":["DESTAQUE DO DIA"],"inLanguage":"pt-BR","potentialAction":[{"@type":"CommentAction","name":"Comment","target":["https:\/\/bahiaeconomica.com.br\/wp\/2018\/05\/02\/fim-do-foro-ameaca-12-senadores-e-36-deputados\/#respond"]}]},{"@type":"WebPage","@id":"https:\/\/bahiaeconomica.com.br\/wp\/2018\/05\/02\/fim-do-foro-ameaca-12-senadores-e-36-deputados\/","url":"https:\/\/bahiaeconomica.com.br\/wp\/2018\/05\/02\/fim-do-foro-ameaca-12-senadores-e-36-deputados\/","name":"VOTA\u00c7\u00c3O DO FIM DO FORO NO STF AMEA\u00c7A 12 SENADORES E 36 DEPUTADOS - Bahia Economica","isPartOf":{"@id":"https:\/\/bahiaeconomica.com.br\/wp\/#website"},"datePublished":"2018-05-02T15:42:39+00:00","dateModified":"2018-05-02T15:21:52+00:00","description":"O maior portal de Economia da Bahia DESTAQUE DO DIA Bahia Economica","breadcrumb":{"@id":"https:\/\/bahiaeconomica.com.br\/wp\/2018\/05\/02\/fim-do-foro-ameaca-12-senadores-e-36-deputados\/#breadcrumb"},"inLanguage":"pt-BR","potentialAction":[{"@type":"ReadAction","target":["https:\/\/bahiaeconomica.com.br\/wp\/2018\/05\/02\/fim-do-foro-ameaca-12-senadores-e-36-deputados\/"]}]},{"@type":"BreadcrumbList","@id":"https:\/\/bahiaeconomica.com.br\/wp\/2018\/05\/02\/fim-do-foro-ameaca-12-senadores-e-36-deputados\/#breadcrumb","itemListElement":[{"@type":"ListItem","position":1,"name":"In\u00edcio","item":"https:\/\/bahiaeconomica.com.br\/wp\/"},{"@type":"ListItem","position":2,"name":"VOTA\u00c7\u00c3O DO FIM DO FORO NO STF AMEA\u00c7A 12 SENADORES E 36 DEPUTADOS"}]},{"@type":"WebSite","@id":"https:\/\/bahiaeconomica.com.br\/wp\/#website","url":"https:\/\/bahiaeconomica.com.br\/wp\/","name":"Bahia Economica","description":"O maior portal de Economia da Bahia","publisher":{"@id":"https:\/\/bahiaeconomica.com.br\/wp\/#organization"},"potentialAction":[{"@type":"SearchAction","target":{"@type":"EntryPoint","urlTemplate":"https:\/\/bahiaeconomica.com.br\/wp\/?s={search_term_string}"},"query-input":"required name=search_term_string"}],"inLanguage":"pt-BR"},{"@type":"Organization","@id":"https:\/\/bahiaeconomica.com.br\/wp\/#organization","name":"Bahia Econ\u00f4mica","url":"https:\/\/bahiaeconomica.com.br\/wp\/","logo":{"@type":"ImageObject","inLanguage":"pt-BR","@id":"https:\/\/bahiaeconomica.com.br\/wp\/#\/schema\/logo\/image\/","url":"https:\/\/bahiaeconomica.com.br\/wp\/wp-content\/uploads\/2020\/12\/cropped-BE.png","contentUrl":"https:\/\/bahiaeconomica.com.br\/wp\/wp-content\/uploads\/2020\/12\/cropped-BE.png","width":512,"height":512,"caption":"Bahia Econ\u00f4mica"},"image":{"@id":"https:\/\/bahiaeconomica.com.br\/wp\/#\/schema\/logo\/image\/"},"sameAs":["https:\/\/www.facebook.com\/bahiaeconomica"]},{"@type":"Person","@id":"https:\/\/bahiaeconomica.com.br\/wp\/#\/schema\/person\/cb1ab5ba96ad3d9390805381c76284ec","name":"admin","url":"https:\/\/bahiaeconomica.com.br\/wp\/author\/admin\/"}]}},"views":1,"_links":{"self":[{"href":"https:\/\/bahiaeconomica.com.br\/wp\/wp-json\/wp\/v2\/posts\/25792"}],"collection":[{"href":"https:\/\/bahiaeconomica.com.br\/wp\/wp-json\/wp\/v2\/posts"}],"about":[{"href":"https:\/\/bahiaeconomica.com.br\/wp\/wp-json\/wp\/v2\/types\/post"}],"author":[{"embeddable":true,"href":"https:\/\/bahiaeconomica.com.br\/wp\/wp-json\/wp\/v2\/users\/1"}],"replies":[{"embeddable":true,"href":"https:\/\/bahiaeconomica.com.br\/wp\/wp-json\/wp\/v2\/comments?post=25792"}],"version-history":[{"count":0,"href":"https:\/\/bahiaeconomica.com.br\/wp\/wp-json\/wp\/v2\/posts\/25792\/revisions"}],"wp:featuredmedia":[{"embeddable":true,"href":"https:\/\/bahiaeconomica.com.br\/wp\/wp-json\/wp\/v2\/media\/25794"}],"wp:attachment":[{"href":"https:\/\/bahiaeconomica.com.br\/wp\/wp-json\/wp\/v2\/media?parent=25792"}],"wp:term":[{"taxonomy":"category","embeddable":true,"href":"https:\/\/bahiaeconomica.com.br\/wp\/wp-json\/wp\/v2\/categories?post=25792"},{"taxonomy":"post_tag","embeddable":true,"href":"https:\/\/bahiaeconomica.com.br\/wp\/wp-json\/wp\/v2\/tags?post=25792"}],"curies":[{"name":"wp","href":"https:\/\/api.w.org\/{rel}","templated":true}]}}