{"id":241001,"date":"2019-01-14T07:00:59","date_gmt":"2019-01-14T09:00:59","guid":{"rendered":"https:\/\/bahiaeconomica.com.br\/wp\/beta\/?p=241001"},"modified":"2019-01-12T06:59:48","modified_gmt":"2019-01-12T08:59:48","slug":"joao-leao-vice-governador-da-bahia","status":"publish","type":"post","link":"https:\/\/bahiaeconomica.com.br\/wp\/2019\/01\/14\/joao-leao-vice-governador-da-bahia\/","title":{"rendered":"JO\u00c3O LE\u00c3O &#8211; VICE GOVERNADOR DA BAHIA"},"content":{"rendered":"<p style=\"text-align: justify;\"><strong>BE- \u00a0O PP tem negociado com alguns deputados e caso as negocia\u00e7\u00f5es sejam concretizadas ele se tornar\u00e1 o partido com maior n\u00famero de representantes na Alba. Superando o PT. Como o senhor avalia a for\u00e7a do PP na Bahia?<\/strong><\/p>\n<p style=\"text-align: justify;\"><strong>JL-<\/strong> \u00a0A for\u00e7a do Progressistas na Bahia est\u00e1 na credibilidade dos nossos deputados que representam os interesses do povo baiano. Nossos deputados s\u00e3o competentes e comprometidos apenas com o desenvolvimento do Estado da Bahia. O povo reconhece quem trabalha.<\/p>\n<p style=\"text-align: justify;\"><strong>BE- O PP pretende brigar pela presid\u00eancia das comiss\u00f5es de justi\u00e7a e de finan\u00e7as na Alba em 2019?<\/strong><\/p>\n<p style=\"text-align: justify;\"><strong>JL-<\/strong> \u00a0O Progressistas \u00e9 um partido que dialoga com todos os outros partidos. N\u00f3s estamos \u00e0 disposi\u00e7\u00e3o para ajudar a Assembleia Legislativa da Bahia a realizar um maravilhoso trabalho em prol da Bahia. N\u00e3o vamos brigar por nada. Vamos brigar por uma Bahia melhor para os baianos.<\/p>\n<p style=\"text-align: justify;\"><strong>BE- \u00a0O governador Rui Costa est\u00e1 planejando seu novo secretariado e a pasta de planejamento deve continuar com o senhor ou existe algum projeto especifico para o senhor cuidar exclusivamente da ponte salvador Itaparica?<\/strong><\/p>\n<p style=\"text-align: justify;\"><strong>JL-<\/strong> \u00a0Quem fala por esse assunto \u00e9 o governador Rui Costa<\/p>\n<p style=\"text-align: justify;\"><strong>BE- \u00a0O senhor vai indicar o novo secretario da Seplan?<\/strong><\/p>\n<p style=\"text-align: justify;\"><strong>JL-<\/strong> \u00a0Quem fala por esse assunto \u00e9 o governador Rui Costa<\/p>\n<p style=\"text-align: justify;\"><strong>BE- \u00a0Como est\u00e1 o projeto da ponte salvador Itaparica? O governo do estado j\u00e1 tem os recursos dispon\u00edveis para o projeto? Se n\u00e3o como o projeto vai continuar?<\/strong><\/p>\n<p style=\"text-align: justify;\"><strong>JL &#8211;<\/strong> O projeto da ponte est\u00e1 pronto. J\u00e1 no pr\u00f3ximo m\u00eas lan\u00e7aremos o edital de licita\u00e7\u00e3o da obra e j\u00e1 temos empresas interessadas na realiza\u00e7\u00e3o desta grandiosa obra. Este projeto \u00e9 uma PPP e a parte que cabe ao governo da Bahia j\u00e1 est\u00e1 garantido.<\/p>\n<p style=\"text-align: justify;\"><strong>BE- \u00a0Como o senhor avalia a participa\u00e7\u00e3o do PP no \u00e2mbito nacional em rela\u00e7\u00e3o ao governo Jair Bolsonaro? A rela\u00e7\u00e3o de apoio no \u00e2mbito nacional pode atrapalhar o governo do estado?<\/strong><\/p>\n<p style=\"text-align: justify;\"><strong>JL-<\/strong> \u00a0O Partido Progressista apoia o Brasil. Vamos trabalhar para construir um pa\u00eds digno para os brasileiros. Se a pauta do presidente \u00e9 boa para o Brasil e para todos os brasileiros o Progressistas apoiar\u00e1. Nosso compromisso \u00e9 com o povo brasileiro. Aqui na Bahia estamos ajudando o governador Rui Costa a fazer uma gest\u00e3o que vem sendo reconhecida em todo Brasil. Esse \u00e9 o objetivo do Progressistas. Gest\u00e3o competente!<\/p>\n","protected":false},"excerpt":{"rendered":"<p>BE- \u00a0O PP tem negociado com alguns deputados e caso as negocia\u00e7\u00f5es sejam concretizadas ele se tornar\u00e1 o partido com maior n\u00famero de representantes na Alba. Superando o PT. Como o senhor avalia a for\u00e7a do PP na Bahia? JL- \u00a0A for\u00e7a do Progressistas na Bahia est\u00e1 na credibilidade dos nossos deputados que representam os [&hellip;]<\/p>\n","protected":false},"author":1,"featured_media":560,"comment_status":"open","ping_status":"open","sticky":false,"template":"","format":"standard","meta":[],"categories":[9],"tags":[],"acf":[],"yoast_head":"<!-- This site is optimized with the Yoast SEO plugin v20.8 - https:\/\/yoast.com\/wordpress\/plugins\/seo\/ -->\n<title>JO\u00c3O LE\u00c3O - VICE GOVERNADOR DA BAHIA - Bahia Economica<\/title>\n<meta name=\"description\" content=\"O maior portal de Economia da Bahia ENTREVISTAS Bahia Economica\" \/>\n<meta name=\"robots\" content=\"index, follow, max-snippet:-1, max-image-preview:large, max-video-preview:-1\" \/>\n<link rel=\"canonical\" href=\"https:\/\/bahiaeconomica.com.br\/wp\/2019\/01\/14\/joao-leao-vice-governador-da-bahia\/\" \/>\n<meta property=\"og:locale\" content=\"pt_BR\" \/>\n<meta property=\"og:type\" content=\"article\" \/>\n<meta property=\"og:title\" content=\"JO\u00c3O LE\u00c3O - VICE GOVERNADOR DA BAHIA - Bahia Economica\" \/>\n<meta property=\"og:description\" content=\"O maior portal de Economia da Bahia ENTREVISTAS Bahia Economica\" \/>\n<meta property=\"og:url\" content=\"https:\/\/bahiaeconomica.com.br\/wp\/2019\/01\/14\/joao-leao-vice-governador-da-bahia\/\" \/>\n<meta property=\"og:site_name\" content=\"Bahia Economica\" \/>\n<meta property=\"article:publisher\" content=\"https:\/\/www.facebook.com\/bahiaeconomica\" \/>\n<meta property=\"article:published_time\" content=\"2019-01-14T09:00:59+00:00\" \/>\n<meta property=\"article:modified_time\" content=\"2019-01-12T08:59:48+00:00\" \/>\n<meta property=\"og:image\" content=\"https:\/\/bahiaeconomica.com.br\/wp\/wp-content\/uploads\/2018\/03\/joao-leao-e1521498830391.jpg\" \/>\n\t<meta property=\"og:image:width\" content=\"500\" \/>\n\t<meta property=\"og:image:height\" content=\"247\" \/>\n\t<meta property=\"og:image:type\" content=\"image\/jpeg\" \/>\n<meta name=\"author\" content=\"admin\" \/>\n<meta name=\"twitter:card\" content=\"summary_large_image\" \/>\n<meta name=\"twitter:label1\" content=\"Escrito por\" \/>\n\t<meta name=\"twitter:data1\" content=\"admin\" \/>\n\t<meta name=\"twitter:label2\" content=\"Est. tempo de leitura\" \/>\n\t<meta name=\"twitter:data2\" content=\"2 minutos\" \/>\n<script type=\"application\/ld+json\" class=\"yoast-schema-graph\">{\"@context\":\"https:\/\/schema.org\",\"@graph\":[{\"@type\":\"Article\",\"@id\":\"https:\/\/bahiaeconomica.com.br\/wp\/2019\/01\/14\/joao-leao-vice-governador-da-bahia\/#article\",\"isPartOf\":{\"@id\":\"https:\/\/bahiaeconomica.com.br\/wp\/2019\/01\/14\/joao-leao-vice-governador-da-bahia\/\"},\"author\":{\"name\":\"admin\",\"@id\":\"https:\/\/bahiaeconomica.com.br\/wp\/#\/schema\/person\/cb1ab5ba96ad3d9390805381c76284ec\"},\"headline\":\"JO\u00c3O LE\u00c3O &#8211; VICE GOVERNADOR DA BAHIA\",\"datePublished\":\"2019-01-14T09:00:59+00:00\",\"dateModified\":\"2019-01-12T08:59:48+00:00\",\"mainEntityOfPage\":{\"@id\":\"https:\/\/bahiaeconomica.com.br\/wp\/2019\/01\/14\/joao-leao-vice-governador-da-bahia\/\"},\"wordCount\":409,\"commentCount\":0,\"publisher\":{\"@id\":\"https:\/\/bahiaeconomica.com.br\/wp\/#organization\"},\"articleSection\":[\"ENTREVISTAS\"],\"inLanguage\":\"pt-BR\",\"potentialAction\":[{\"@type\":\"CommentAction\",\"name\":\"Comment\",\"target\":[\"https:\/\/bahiaeconomica.com.br\/wp\/2019\/01\/14\/joao-leao-vice-governador-da-bahia\/#respond\"]}]},{\"@type\":\"WebPage\",\"@id\":\"https:\/\/bahiaeconomica.com.br\/wp\/2019\/01\/14\/joao-leao-vice-governador-da-bahia\/\",\"url\":\"https:\/\/bahiaeconomica.com.br\/wp\/2019\/01\/14\/joao-leao-vice-governador-da-bahia\/\",\"name\":\"JO\u00c3O LE\u00c3O - VICE GOVERNADOR DA BAHIA - Bahia Economica\",\"isPartOf\":{\"@id\":\"https:\/\/bahiaeconomica.com.br\/wp\/#website\"},\"datePublished\":\"2019-01-14T09:00:59+00:00\",\"dateModified\":\"2019-01-12T08:59:48+00:00\",\"description\":\"O maior portal de Economia da Bahia ENTREVISTAS Bahia Economica\",\"breadcrumb\":{\"@id\":\"https:\/\/bahiaeconomica.com.br\/wp\/2019\/01\/14\/joao-leao-vice-governador-da-bahia\/#breadcrumb\"},\"inLanguage\":\"pt-BR\",\"potentialAction\":[{\"@type\":\"ReadAction\",\"target\":[\"https:\/\/bahiaeconomica.com.br\/wp\/2019\/01\/14\/joao-leao-vice-governador-da-bahia\/\"]}]},{\"@type\":\"BreadcrumbList\",\"@id\":\"https:\/\/bahiaeconomica.com.br\/wp\/2019\/01\/14\/joao-leao-vice-governador-da-bahia\/#breadcrumb\",\"itemListElement\":[{\"@type\":\"ListItem\",\"position\":1,\"name\":\"In\u00edcio\",\"item\":\"https:\/\/bahiaeconomica.com.br\/wp\/\"},{\"@type\":\"ListItem\",\"position\":2,\"name\":\"JO\u00c3O LE\u00c3O &#8211; VICE GOVERNADOR DA BAHIA\"}]},{\"@type\":\"WebSite\",\"@id\":\"https:\/\/bahiaeconomica.com.br\/wp\/#website\",\"url\":\"https:\/\/bahiaeconomica.com.br\/wp\/\",\"name\":\"Bahia Economica\",\"description\":\"O maior portal de Economia da Bahia\",\"publisher\":{\"@id\":\"https:\/\/bahiaeconomica.com.br\/wp\/#organization\"},\"potentialAction\":[{\"@type\":\"SearchAction\",\"target\":{\"@type\":\"EntryPoint\",\"urlTemplate\":\"https:\/\/bahiaeconomica.com.br\/wp\/?s={search_term_string}\"},\"query-input\":\"required name=search_term_string\"}],\"inLanguage\":\"pt-BR\"},{\"@type\":\"Organization\",\"@id\":\"https:\/\/bahiaeconomica.com.br\/wp\/#organization\",\"name\":\"Bahia Econ\u00f4mica\",\"url\":\"https:\/\/bahiaeconomica.com.br\/wp\/\",\"logo\":{\"@type\":\"ImageObject\",\"inLanguage\":\"pt-BR\",\"@id\":\"https:\/\/bahiaeconomica.com.br\/wp\/#\/schema\/logo\/image\/\",\"url\":\"https:\/\/bahiaeconomica.com.br\/wp\/wp-content\/uploads\/2020\/12\/cropped-BE.png\",\"contentUrl\":\"https:\/\/bahiaeconomica.com.br\/wp\/wp-content\/uploads\/2020\/12\/cropped-BE.png\",\"width\":512,\"height\":512,\"caption\":\"Bahia Econ\u00f4mica\"},\"image\":{\"@id\":\"https:\/\/bahiaeconomica.com.br\/wp\/#\/schema\/logo\/image\/\"},\"sameAs\":[\"https:\/\/www.facebook.com\/bahiaeconomica\"]},{\"@type\":\"Person\",\"@id\":\"https:\/\/bahiaeconomica.com.br\/wp\/#\/schema\/person\/cb1ab5ba96ad3d9390805381c76284ec\",\"name\":\"admin\",\"url\":\"https:\/\/bahiaeconomica.com.br\/wp\/author\/admin\/\"}]}<\/script>\n<!-- \/ Yoast SEO plugin. -->","yoast_head_json":{"title":"JO\u00c3O LE\u00c3O - VICE GOVERNADOR DA BAHIA - Bahia Economica","description":"O maior portal de Economia da Bahia ENTREVISTAS Bahia Economica","robots":{"index":"index","follow":"follow","max-snippet":"max-snippet:-1","max-image-preview":"max-image-preview:large","max-video-preview":"max-video-preview:-1"},"canonical":"https:\/\/bahiaeconomica.com.br\/wp\/2019\/01\/14\/joao-leao-vice-governador-da-bahia\/","og_locale":"pt_BR","og_type":"article","og_title":"JO\u00c3O LE\u00c3O - VICE GOVERNADOR DA BAHIA - Bahia Economica","og_description":"O maior portal de Economia da Bahia ENTREVISTAS Bahia Economica","og_url":"https:\/\/bahiaeconomica.com.br\/wp\/2019\/01\/14\/joao-leao-vice-governador-da-bahia\/","og_site_name":"Bahia Economica","article_publisher":"https:\/\/www.facebook.com\/bahiaeconomica","article_published_time":"2019-01-14T09:00:59+00:00","article_modified_time":"2019-01-12T08:59:48+00:00","og_image":[{"width":500,"height":247,"url":"https:\/\/bahiaeconomica.com.br\/wp\/wp-content\/uploads\/2018\/03\/joao-leao-e1521498830391.jpg","type":"image\/jpeg"}],"author":"admin","twitter_card":"summary_large_image","twitter_misc":{"Escrito por":"admin","Est. tempo de leitura":"2 minutos"},"schema":{"@context":"https:\/\/schema.org","@graph":[{"@type":"Article","@id":"https:\/\/bahiaeconomica.com.br\/wp\/2019\/01\/14\/joao-leao-vice-governador-da-bahia\/#article","isPartOf":{"@id":"https:\/\/bahiaeconomica.com.br\/wp\/2019\/01\/14\/joao-leao-vice-governador-da-bahia\/"},"author":{"name":"admin","@id":"https:\/\/bahiaeconomica.com.br\/wp\/#\/schema\/person\/cb1ab5ba96ad3d9390805381c76284ec"},"headline":"JO\u00c3O LE\u00c3O &#8211; VICE GOVERNADOR DA BAHIA","datePublished":"2019-01-14T09:00:59+00:00","dateModified":"2019-01-12T08:59:48+00:00","mainEntityOfPage":{"@id":"https:\/\/bahiaeconomica.com.br\/wp\/2019\/01\/14\/joao-leao-vice-governador-da-bahia\/"},"wordCount":409,"commentCount":0,"publisher":{"@id":"https:\/\/bahiaeconomica.com.br\/wp\/#organization"},"articleSection":["ENTREVISTAS"],"inLanguage":"pt-BR","potentialAction":[{"@type":"CommentAction","name":"Comment","target":["https:\/\/bahiaeconomica.com.br\/wp\/2019\/01\/14\/joao-leao-vice-governador-da-bahia\/#respond"]}]},{"@type":"WebPage","@id":"https:\/\/bahiaeconomica.com.br\/wp\/2019\/01\/14\/joao-leao-vice-governador-da-bahia\/","url":"https:\/\/bahiaeconomica.com.br\/wp\/2019\/01\/14\/joao-leao-vice-governador-da-bahia\/","name":"JO\u00c3O LE\u00c3O - VICE GOVERNADOR DA BAHIA - Bahia Economica","isPartOf":{"@id":"https:\/\/bahiaeconomica.com.br\/wp\/#website"},"datePublished":"2019-01-14T09:00:59+00:00","dateModified":"2019-01-12T08:59:48+00:00","description":"O maior portal de Economia da Bahia ENTREVISTAS Bahia Economica","breadcrumb":{"@id":"https:\/\/bahiaeconomica.com.br\/wp\/2019\/01\/14\/joao-leao-vice-governador-da-bahia\/#breadcrumb"},"inLanguage":"pt-BR","potentialAction":[{"@type":"ReadAction","target":["https:\/\/bahiaeconomica.com.br\/wp\/2019\/01\/14\/joao-leao-vice-governador-da-bahia\/"]}]},{"@type":"BreadcrumbList","@id":"https:\/\/bahiaeconomica.com.br\/wp\/2019\/01\/14\/joao-leao-vice-governador-da-bahia\/#breadcrumb","itemListElement":[{"@type":"ListItem","position":1,"name":"In\u00edcio","item":"https:\/\/bahiaeconomica.com.br\/wp\/"},{"@type":"ListItem","position":2,"name":"JO\u00c3O LE\u00c3O &#8211; VICE GOVERNADOR DA BAHIA"}]},{"@type":"WebSite","@id":"https:\/\/bahiaeconomica.com.br\/wp\/#website","url":"https:\/\/bahiaeconomica.com.br\/wp\/","name":"Bahia Economica","description":"O maior portal de Economia da Bahia","publisher":{"@id":"https:\/\/bahiaeconomica.com.br\/wp\/#organization"},"potentialAction":[{"@type":"SearchAction","target":{"@type":"EntryPoint","urlTemplate":"https:\/\/bahiaeconomica.com.br\/wp\/?s={search_term_string}"},"query-input":"required name=search_term_string"}],"inLanguage":"pt-BR"},{"@type":"Organization","@id":"https:\/\/bahiaeconomica.com.br\/wp\/#organization","name":"Bahia Econ\u00f4mica","url":"https:\/\/bahiaeconomica.com.br\/wp\/","logo":{"@type":"ImageObject","inLanguage":"pt-BR","@id":"https:\/\/bahiaeconomica.com.br\/wp\/#\/schema\/logo\/image\/","url":"https:\/\/bahiaeconomica.com.br\/wp\/wp-content\/uploads\/2020\/12\/cropped-BE.png","contentUrl":"https:\/\/bahiaeconomica.com.br\/wp\/wp-content\/uploads\/2020\/12\/cropped-BE.png","width":512,"height":512,"caption":"Bahia Econ\u00f4mica"},"image":{"@id":"https:\/\/bahiaeconomica.com.br\/wp\/#\/schema\/logo\/image\/"},"sameAs":["https:\/\/www.facebook.com\/bahiaeconomica"]},{"@type":"Person","@id":"https:\/\/bahiaeconomica.com.br\/wp\/#\/schema\/person\/cb1ab5ba96ad3d9390805381c76284ec","name":"admin","url":"https:\/\/bahiaeconomica.com.br\/wp\/author\/admin\/"}]}},"views":3,"_links":{"self":[{"href":"https:\/\/bahiaeconomica.com.br\/wp\/wp-json\/wp\/v2\/posts\/241001"}],"collection":[{"href":"https:\/\/bahiaeconomica.com.br\/wp\/wp-json\/wp\/v2\/posts"}],"about":[{"href":"https:\/\/bahiaeconomica.com.br\/wp\/wp-json\/wp\/v2\/types\/post"}],"author":[{"embeddable":true,"href":"https:\/\/bahiaeconomica.com.br\/wp\/wp-json\/wp\/v2\/users\/1"}],"replies":[{"embeddable":true,"href":"https:\/\/bahiaeconomica.com.br\/wp\/wp-json\/wp\/v2\/comments?post=241001"}],"version-history":[{"count":0,"href":"https:\/\/bahiaeconomica.com.br\/wp\/wp-json\/wp\/v2\/posts\/241001\/revisions"}],"wp:featuredmedia":[{"embeddable":true,"href":"https:\/\/bahiaeconomica.com.br\/wp\/wp-json\/wp\/v2\/media\/560"}],"wp:attachment":[{"href":"https:\/\/bahiaeconomica.com.br\/wp\/wp-json\/wp\/v2\/media?parent=241001"}],"wp:term":[{"taxonomy":"category","embeddable":true,"href":"https:\/\/bahiaeconomica.com.br\/wp\/wp-json\/wp\/v2\/categories?post=241001"},{"taxonomy":"post_tag","embeddable":true,"href":"https:\/\/bahiaeconomica.com.br\/wp\/wp-json\/wp\/v2\/tags?post=241001"}],"curies":[{"name":"wp","href":"https:\/\/api.w.org\/{rel}","templated":true}]}}