{"id":226226,"date":"2018-12-17T10:46:46","date_gmt":"2018-12-17T12:46:46","guid":{"rendered":"https:\/\/bahiaeconomica.com.br\/wp\/beta\/?p=226226"},"modified":"2018-12-17T11:47:24","modified_gmt":"2018-12-17T13:47:24","slug":"prefeitura-vai-destinar-r474-mil-para-restauracao-do-palacio-da-se","status":"publish","type":"post","link":"https:\/\/bahiaeconomica.com.br\/wp\/2018\/12\/17\/prefeitura-vai-destinar-r474-mil-para-restauracao-do-palacio-da-se\/","title":{"rendered":"PREFEITURA VAI DESTINAR R$474 MIL PARA RESTAURA\u00c7\u00c3O DO PAL\u00c1CIO DA S\u00c9"},"content":{"rendered":"<p style=\"text-align: justify;\">O prefeito ACM Neto conheceu na manh\u00e3 desta segunda-feira (17), a convite do arcebispo Dom Murilo Krieger, parte das obras de recupera\u00e7\u00e3o realizadas no Pal\u00e1cio da S\u00e9, localizado no Pelourinho. As obras, que t\u00eam o objetivo de revitalizar e dinamizar o espa\u00e7o, devem ser entregues durante as comemora\u00e7\u00f5es pelo anivers\u00e1rio de 470 anos Salvador, em 29 de mar\u00e7o de 2019. O prefeito autorizou o investimento de R$ 474 mil para a conclus\u00e3o das interven\u00e7\u00f5es de restaura\u00e7\u00e3o do pr\u00e9dio hist\u00f3rico, que estavam sendo realizadas com verbas do BNDES e agora contar\u00e3o tamb\u00e9m com recursos municipais.<\/p>\n<p style=\"text-align: justify;\">&#8220;Salvador vai, aos poucos, ganhando, de um lado, a preserva\u00e7\u00e3o da sua hist\u00f3ria e cultura e, de outro, equipamentos que t\u00eam uma for\u00e7a extraordin\u00e1ria, sobretudo de atra\u00e7\u00e3o tur\u00edstica para nossa cidade. Fico feliz em trazer a contribui\u00e7\u00e3o da Prefeitura porque isso vai de encontro a tudo que estamos fazendo em termos de investimento no Centro Hist\u00f3rico. Eu n\u00e3o tenho d\u00favidas que isso vai ajudar a mudar o patamar urban\u00edstico do nosso Centro Antigo&#8221;, declarou o prefeito.<\/p>\n<p style=\"text-align: justify;\">&#8220;Essa obra n\u00e3o \u00e9 da igreja, e sim da sociedade. Conseguimos uma parte dos recursos, mas eles acabaram e gra\u00e7as a Deus estamos contando com compreens\u00e3o da Prefeitura para nos ajudar a dar continuidade. Com isso, a cidade vai se maravilhar e agradecer ao esfor\u00e7o feito pela Arquidiocese e pela Prefeitura. Quem vai ganhar com tudo isso \u00e9 o povo desse estado&#8221;, afirmou Dom Murilo Krieger.<\/p>\n<p style=\"text-align: justify;\">O Pal\u00e1cio Arquiepiscopal de Salvador localiza-se na Pra\u00e7a da S\u00e9, na zona hist\u00f3rica do Pelourinho. Foi constru\u00eddo no in\u00edcio do s\u00e9culo XVIII para ser resid\u00eancia de arcebispos. \u00c9 um dos exemplos de arquitetura do per\u00edodo colonial na cidade, possuindo subsolo e tr\u00eas pavimentos sobre a rua. Sua entrada \u00e9 marcada por um front\u00e3o barroco e um portal em pedra de lioz decorado com o bras\u00e3o de Dom Sebasti\u00e3o Monteiro da Vide, arcebispo de Salvador na \u00e9poca da constru\u00e7\u00e3o do edif\u00edcio.<\/p>\n","protected":false},"excerpt":{"rendered":"<p>O prefeito ACM Neto conheceu na manh\u00e3 desta segunda-feira (17), a convite do arcebispo Dom Murilo Krieger, parte das obras de recupera\u00e7\u00e3o realizadas no Pal\u00e1cio da S\u00e9, localizado no Pelourinho. As obras, que t\u00eam o objetivo de revitalizar e dinamizar o espa\u00e7o, devem ser entregues durante as comemora\u00e7\u00f5es pelo anivers\u00e1rio de 470 anos Salvador, em [&hellip;]<\/p>\n","protected":false},"author":1,"featured_media":226227,"comment_status":"open","ping_status":"open","sticky":false,"template":"","format":"standard","meta":[],"categories":[7],"tags":[],"acf":[],"yoast_head":"<!-- This site is optimized with the Yoast SEO plugin v20.8 - https:\/\/yoast.com\/wordpress\/plugins\/seo\/ -->\n<title>PREFEITURA VAI DESTINAR R$474 MIL PARA RESTAURA\u00c7\u00c3O DO PAL\u00c1CIO DA S\u00c9 - Bahia Economica<\/title>\n<meta name=\"description\" content=\"O maior portal de Economia da Bahia BAHIA INVEST Bahia Economica\" \/>\n<meta name=\"robots\" content=\"index, follow, max-snippet:-1, max-image-preview:large, max-video-preview:-1\" \/>\n<link rel=\"canonical\" href=\"https:\/\/bahiaeconomica.com.br\/wp\/2018\/12\/17\/prefeitura-vai-destinar-r474-mil-para-restauracao-do-palacio-da-se\/\" \/>\n<meta property=\"og:locale\" content=\"pt_BR\" \/>\n<meta property=\"og:type\" content=\"article\" \/>\n<meta property=\"og:title\" content=\"PREFEITURA VAI DESTINAR R$474 MIL PARA RESTAURA\u00c7\u00c3O DO PAL\u00c1CIO DA S\u00c9 - Bahia Economica\" \/>\n<meta property=\"og:description\" content=\"O maior portal de Economia da Bahia BAHIA INVEST Bahia Economica\" \/>\n<meta property=\"og:url\" content=\"https:\/\/bahiaeconomica.com.br\/wp\/2018\/12\/17\/prefeitura-vai-destinar-r474-mil-para-restauracao-do-palacio-da-se\/\" \/>\n<meta property=\"og:site_name\" content=\"Bahia Economica\" \/>\n<meta property=\"article:publisher\" content=\"https:\/\/www.facebook.com\/bahiaeconomica\" \/>\n<meta property=\"article:published_time\" content=\"2018-12-17T12:46:46+00:00\" \/>\n<meta property=\"article:modified_time\" content=\"2018-12-17T13:47:24+00:00\" \/>\n<meta property=\"og:image\" content=\"https:\/\/bahiaeconomica.com.br\/wp\/wp-content\/uploads\/2018\/12\/2018-12-17_Prefeito-ACM-Neto_Dom-Murilo-Krieger_Foto-Max-Haack_Secom-PMS-218.jpg\" \/>\n\t<meta property=\"og:image:width\" content=\"500\" \/>\n\t<meta property=\"og:image:height\" content=\"333\" \/>\n\t<meta property=\"og:image:type\" content=\"image\/jpeg\" \/>\n<meta name=\"author\" content=\"admin\" \/>\n<meta name=\"twitter:card\" content=\"summary_large_image\" \/>\n<meta name=\"twitter:label1\" content=\"Escrito por\" \/>\n\t<meta name=\"twitter:data1\" content=\"admin\" \/>\n\t<meta name=\"twitter:label2\" content=\"Est. tempo de leitura\" \/>\n\t<meta name=\"twitter:data2\" content=\"2 minutos\" \/>\n<script type=\"application\/ld+json\" class=\"yoast-schema-graph\">{\"@context\":\"https:\/\/schema.org\",\"@graph\":[{\"@type\":\"Article\",\"@id\":\"https:\/\/bahiaeconomica.com.br\/wp\/2018\/12\/17\/prefeitura-vai-destinar-r474-mil-para-restauracao-do-palacio-da-se\/#article\",\"isPartOf\":{\"@id\":\"https:\/\/bahiaeconomica.com.br\/wp\/2018\/12\/17\/prefeitura-vai-destinar-r474-mil-para-restauracao-do-palacio-da-se\/\"},\"author\":{\"name\":\"admin\",\"@id\":\"https:\/\/bahiaeconomica.com.br\/wp\/#\/schema\/person\/cb1ab5ba96ad3d9390805381c76284ec\"},\"headline\":\"PREFEITURA VAI DESTINAR R$474 MIL PARA RESTAURA\u00c7\u00c3O DO PAL\u00c1CIO DA S\u00c9\",\"datePublished\":\"2018-12-17T12:46:46+00:00\",\"dateModified\":\"2018-12-17T13:47:24+00:00\",\"mainEntityOfPage\":{\"@id\":\"https:\/\/bahiaeconomica.com.br\/wp\/2018\/12\/17\/prefeitura-vai-destinar-r474-mil-para-restauracao-do-palacio-da-se\/\"},\"wordCount\":364,\"commentCount\":0,\"publisher\":{\"@id\":\"https:\/\/bahiaeconomica.com.br\/wp\/#organization\"},\"articleSection\":[\"BAHIA INVEST\"],\"inLanguage\":\"pt-BR\",\"potentialAction\":[{\"@type\":\"CommentAction\",\"name\":\"Comment\",\"target\":[\"https:\/\/bahiaeconomica.com.br\/wp\/2018\/12\/17\/prefeitura-vai-destinar-r474-mil-para-restauracao-do-palacio-da-se\/#respond\"]}]},{\"@type\":\"WebPage\",\"@id\":\"https:\/\/bahiaeconomica.com.br\/wp\/2018\/12\/17\/prefeitura-vai-destinar-r474-mil-para-restauracao-do-palacio-da-se\/\",\"url\":\"https:\/\/bahiaeconomica.com.br\/wp\/2018\/12\/17\/prefeitura-vai-destinar-r474-mil-para-restauracao-do-palacio-da-se\/\",\"name\":\"PREFEITURA VAI DESTINAR R$474 MIL PARA RESTAURA\u00c7\u00c3O DO PAL\u00c1CIO DA S\u00c9 - Bahia Economica\",\"isPartOf\":{\"@id\":\"https:\/\/bahiaeconomica.com.br\/wp\/#website\"},\"datePublished\":\"2018-12-17T12:46:46+00:00\",\"dateModified\":\"2018-12-17T13:47:24+00:00\",\"description\":\"O maior portal de Economia da Bahia BAHIA INVEST Bahia Economica\",\"breadcrumb\":{\"@id\":\"https:\/\/bahiaeconomica.com.br\/wp\/2018\/12\/17\/prefeitura-vai-destinar-r474-mil-para-restauracao-do-palacio-da-se\/#breadcrumb\"},\"inLanguage\":\"pt-BR\",\"potentialAction\":[{\"@type\":\"ReadAction\",\"target\":[\"https:\/\/bahiaeconomica.com.br\/wp\/2018\/12\/17\/prefeitura-vai-destinar-r474-mil-para-restauracao-do-palacio-da-se\/\"]}]},{\"@type\":\"BreadcrumbList\",\"@id\":\"https:\/\/bahiaeconomica.com.br\/wp\/2018\/12\/17\/prefeitura-vai-destinar-r474-mil-para-restauracao-do-palacio-da-se\/#breadcrumb\",\"itemListElement\":[{\"@type\":\"ListItem\",\"position\":1,\"name\":\"In\u00edcio\",\"item\":\"https:\/\/bahiaeconomica.com.br\/wp\/\"},{\"@type\":\"ListItem\",\"position\":2,\"name\":\"PREFEITURA VAI DESTINAR R$474 MIL PARA RESTAURA\u00c7\u00c3O DO PAL\u00c1CIO DA S\u00c9\"}]},{\"@type\":\"WebSite\",\"@id\":\"https:\/\/bahiaeconomica.com.br\/wp\/#website\",\"url\":\"https:\/\/bahiaeconomica.com.br\/wp\/\",\"name\":\"Bahia Economica\",\"description\":\"O maior portal de Economia da Bahia\",\"publisher\":{\"@id\":\"https:\/\/bahiaeconomica.com.br\/wp\/#organization\"},\"potentialAction\":[{\"@type\":\"SearchAction\",\"target\":{\"@type\":\"EntryPoint\",\"urlTemplate\":\"https:\/\/bahiaeconomica.com.br\/wp\/?s={search_term_string}\"},\"query-input\":\"required name=search_term_string\"}],\"inLanguage\":\"pt-BR\"},{\"@type\":\"Organization\",\"@id\":\"https:\/\/bahiaeconomica.com.br\/wp\/#organization\",\"name\":\"Bahia Econ\u00f4mica\",\"url\":\"https:\/\/bahiaeconomica.com.br\/wp\/\",\"logo\":{\"@type\":\"ImageObject\",\"inLanguage\":\"pt-BR\",\"@id\":\"https:\/\/bahiaeconomica.com.br\/wp\/#\/schema\/logo\/image\/\",\"url\":\"https:\/\/bahiaeconomica.com.br\/wp\/wp-content\/uploads\/2020\/12\/cropped-BE.png\",\"contentUrl\":\"https:\/\/bahiaeconomica.com.br\/wp\/wp-content\/uploads\/2020\/12\/cropped-BE.png\",\"width\":512,\"height\":512,\"caption\":\"Bahia Econ\u00f4mica\"},\"image\":{\"@id\":\"https:\/\/bahiaeconomica.com.br\/wp\/#\/schema\/logo\/image\/\"},\"sameAs\":[\"https:\/\/www.facebook.com\/bahiaeconomica\"]},{\"@type\":\"Person\",\"@id\":\"https:\/\/bahiaeconomica.com.br\/wp\/#\/schema\/person\/cb1ab5ba96ad3d9390805381c76284ec\",\"name\":\"admin\",\"url\":\"https:\/\/bahiaeconomica.com.br\/wp\/author\/admin\/\"}]}<\/script>\n<!-- \/ Yoast SEO plugin. -->","yoast_head_json":{"title":"PREFEITURA VAI DESTINAR R$474 MIL PARA RESTAURA\u00c7\u00c3O DO PAL\u00c1CIO DA S\u00c9 - Bahia Economica","description":"O maior portal de Economia da Bahia BAHIA INVEST Bahia Economica","robots":{"index":"index","follow":"follow","max-snippet":"max-snippet:-1","max-image-preview":"max-image-preview:large","max-video-preview":"max-video-preview:-1"},"canonical":"https:\/\/bahiaeconomica.com.br\/wp\/2018\/12\/17\/prefeitura-vai-destinar-r474-mil-para-restauracao-do-palacio-da-se\/","og_locale":"pt_BR","og_type":"article","og_title":"PREFEITURA VAI DESTINAR R$474 MIL PARA RESTAURA\u00c7\u00c3O DO PAL\u00c1CIO DA S\u00c9 - Bahia Economica","og_description":"O maior portal de Economia da Bahia BAHIA INVEST Bahia Economica","og_url":"https:\/\/bahiaeconomica.com.br\/wp\/2018\/12\/17\/prefeitura-vai-destinar-r474-mil-para-restauracao-do-palacio-da-se\/","og_site_name":"Bahia Economica","article_publisher":"https:\/\/www.facebook.com\/bahiaeconomica","article_published_time":"2018-12-17T12:46:46+00:00","article_modified_time":"2018-12-17T13:47:24+00:00","og_image":[{"width":500,"height":333,"url":"https:\/\/bahiaeconomica.com.br\/wp\/wp-content\/uploads\/2018\/12\/2018-12-17_Prefeito-ACM-Neto_Dom-Murilo-Krieger_Foto-Max-Haack_Secom-PMS-218.jpg","type":"image\/jpeg"}],"author":"admin","twitter_card":"summary_large_image","twitter_misc":{"Escrito por":"admin","Est. tempo de leitura":"2 minutos"},"schema":{"@context":"https:\/\/schema.org","@graph":[{"@type":"Article","@id":"https:\/\/bahiaeconomica.com.br\/wp\/2018\/12\/17\/prefeitura-vai-destinar-r474-mil-para-restauracao-do-palacio-da-se\/#article","isPartOf":{"@id":"https:\/\/bahiaeconomica.com.br\/wp\/2018\/12\/17\/prefeitura-vai-destinar-r474-mil-para-restauracao-do-palacio-da-se\/"},"author":{"name":"admin","@id":"https:\/\/bahiaeconomica.com.br\/wp\/#\/schema\/person\/cb1ab5ba96ad3d9390805381c76284ec"},"headline":"PREFEITURA VAI DESTINAR R$474 MIL PARA RESTAURA\u00c7\u00c3O DO PAL\u00c1CIO DA S\u00c9","datePublished":"2018-12-17T12:46:46+00:00","dateModified":"2018-12-17T13:47:24+00:00","mainEntityOfPage":{"@id":"https:\/\/bahiaeconomica.com.br\/wp\/2018\/12\/17\/prefeitura-vai-destinar-r474-mil-para-restauracao-do-palacio-da-se\/"},"wordCount":364,"commentCount":0,"publisher":{"@id":"https:\/\/bahiaeconomica.com.br\/wp\/#organization"},"articleSection":["BAHIA INVEST"],"inLanguage":"pt-BR","potentialAction":[{"@type":"CommentAction","name":"Comment","target":["https:\/\/bahiaeconomica.com.br\/wp\/2018\/12\/17\/prefeitura-vai-destinar-r474-mil-para-restauracao-do-palacio-da-se\/#respond"]}]},{"@type":"WebPage","@id":"https:\/\/bahiaeconomica.com.br\/wp\/2018\/12\/17\/prefeitura-vai-destinar-r474-mil-para-restauracao-do-palacio-da-se\/","url":"https:\/\/bahiaeconomica.com.br\/wp\/2018\/12\/17\/prefeitura-vai-destinar-r474-mil-para-restauracao-do-palacio-da-se\/","name":"PREFEITURA VAI DESTINAR R$474 MIL PARA RESTAURA\u00c7\u00c3O DO PAL\u00c1CIO DA S\u00c9 - Bahia Economica","isPartOf":{"@id":"https:\/\/bahiaeconomica.com.br\/wp\/#website"},"datePublished":"2018-12-17T12:46:46+00:00","dateModified":"2018-12-17T13:47:24+00:00","description":"O maior portal de Economia da Bahia BAHIA INVEST Bahia Economica","breadcrumb":{"@id":"https:\/\/bahiaeconomica.com.br\/wp\/2018\/12\/17\/prefeitura-vai-destinar-r474-mil-para-restauracao-do-palacio-da-se\/#breadcrumb"},"inLanguage":"pt-BR","potentialAction":[{"@type":"ReadAction","target":["https:\/\/bahiaeconomica.com.br\/wp\/2018\/12\/17\/prefeitura-vai-destinar-r474-mil-para-restauracao-do-palacio-da-se\/"]}]},{"@type":"BreadcrumbList","@id":"https:\/\/bahiaeconomica.com.br\/wp\/2018\/12\/17\/prefeitura-vai-destinar-r474-mil-para-restauracao-do-palacio-da-se\/#breadcrumb","itemListElement":[{"@type":"ListItem","position":1,"name":"In\u00edcio","item":"https:\/\/bahiaeconomica.com.br\/wp\/"},{"@type":"ListItem","position":2,"name":"PREFEITURA VAI DESTINAR R$474 MIL PARA RESTAURA\u00c7\u00c3O DO PAL\u00c1CIO DA S\u00c9"}]},{"@type":"WebSite","@id":"https:\/\/bahiaeconomica.com.br\/wp\/#website","url":"https:\/\/bahiaeconomica.com.br\/wp\/","name":"Bahia Economica","description":"O maior portal de Economia da Bahia","publisher":{"@id":"https:\/\/bahiaeconomica.com.br\/wp\/#organization"},"potentialAction":[{"@type":"SearchAction","target":{"@type":"EntryPoint","urlTemplate":"https:\/\/bahiaeconomica.com.br\/wp\/?s={search_term_string}"},"query-input":"required name=search_term_string"}],"inLanguage":"pt-BR"},{"@type":"Organization","@id":"https:\/\/bahiaeconomica.com.br\/wp\/#organization","name":"Bahia Econ\u00f4mica","url":"https:\/\/bahiaeconomica.com.br\/wp\/","logo":{"@type":"ImageObject","inLanguage":"pt-BR","@id":"https:\/\/bahiaeconomica.com.br\/wp\/#\/schema\/logo\/image\/","url":"https:\/\/bahiaeconomica.com.br\/wp\/wp-content\/uploads\/2020\/12\/cropped-BE.png","contentUrl":"https:\/\/bahiaeconomica.com.br\/wp\/wp-content\/uploads\/2020\/12\/cropped-BE.png","width":512,"height":512,"caption":"Bahia Econ\u00f4mica"},"image":{"@id":"https:\/\/bahiaeconomica.com.br\/wp\/#\/schema\/logo\/image\/"},"sameAs":["https:\/\/www.facebook.com\/bahiaeconomica"]},{"@type":"Person","@id":"https:\/\/bahiaeconomica.com.br\/wp\/#\/schema\/person\/cb1ab5ba96ad3d9390805381c76284ec","name":"admin","url":"https:\/\/bahiaeconomica.com.br\/wp\/author\/admin\/"}]}},"views":36,"_links":{"self":[{"href":"https:\/\/bahiaeconomica.com.br\/wp\/wp-json\/wp\/v2\/posts\/226226"}],"collection":[{"href":"https:\/\/bahiaeconomica.com.br\/wp\/wp-json\/wp\/v2\/posts"}],"about":[{"href":"https:\/\/bahiaeconomica.com.br\/wp\/wp-json\/wp\/v2\/types\/post"}],"author":[{"embeddable":true,"href":"https:\/\/bahiaeconomica.com.br\/wp\/wp-json\/wp\/v2\/users\/1"}],"replies":[{"embeddable":true,"href":"https:\/\/bahiaeconomica.com.br\/wp\/wp-json\/wp\/v2\/comments?post=226226"}],"version-history":[{"count":0,"href":"https:\/\/bahiaeconomica.com.br\/wp\/wp-json\/wp\/v2\/posts\/226226\/revisions"}],"wp:featuredmedia":[{"embeddable":true,"href":"https:\/\/bahiaeconomica.com.br\/wp\/wp-json\/wp\/v2\/media\/226227"}],"wp:attachment":[{"href":"https:\/\/bahiaeconomica.com.br\/wp\/wp-json\/wp\/v2\/media?parent=226226"}],"wp:term":[{"taxonomy":"category","embeddable":true,"href":"https:\/\/bahiaeconomica.com.br\/wp\/wp-json\/wp\/v2\/categories?post=226226"},{"taxonomy":"post_tag","embeddable":true,"href":"https:\/\/bahiaeconomica.com.br\/wp\/wp-json\/wp\/v2\/tags?post=226226"}],"curies":[{"name":"wp","href":"https:\/\/api.w.org\/{rel}","templated":true}]}}