{"id":221661,"date":"2018-12-11T07:00:06","date_gmt":"2018-12-11T09:00:06","guid":{"rendered":"https:\/\/bahiaeconomica.com.br\/wp\/beta\/?p=221661"},"modified":"2018-12-11T09:48:04","modified_gmt":"2018-12-11T11:48:04","slug":"google-chega-ao-fim-antes-do-previsto-apos-segundo-vazamento-de-dados","status":"publish","type":"post","link":"https:\/\/bahiaeconomica.com.br\/wp\/2018\/12\/11\/google-chega-ao-fim-antes-do-previsto-apos-segundo-vazamento-de-dados\/","title":{"rendered":"GOOGLE+ CHEGA AO FIM ANTES DO PREVISTO AP\u00d3S VAZAMENTO DE DADOS"},"content":{"rendered":"<p style=\"text-align: justify;\">O Google adiantou o fim do Google+ para abril de 2019, segundo comunicado oficial no blog da empresa publicado nesta segunda-feira (10). A medida veio ap\u00f3s o segundo vazamento de dados da rede social, que impactou 52,5 milh\u00f5es de contas e exp\u00f4s informa\u00e7\u00f5es pessoais como nome, e-mail, idade e profiss\u00e3o \u2014 mesmos dos perfis n\u00e3o p\u00fablicos. O t\u00e9rmino de atividades da ferramenta havia sido anunciado para agosto de 2019, quando chegou a p\u00fablico o primeiro caso de viola\u00e7\u00e3o do conte\u00fado privado dos usu\u00e1rios.<\/p>\n<p style=\"text-align: justify;\">Segundo a companhia, a origem da falha \u00e9 parecida com a do caso anterior: um erro nas Interfaces de Programa de Aplica\u00e7\u00e3o (APIs) permitiu que aplicativos conectados ao servi\u00e7o acessassem dados restritos. O Google afirmou que as investiga\u00e7\u00f5es continuam em andamento e as pessoas afetadas receber\u00e3o um aviso sobre o ocorrido, a partir de hoje. O bug teria sido descoberto em um procedimento de rotina e a empresa afirma que &#8220;n\u00e3o h\u00e1 evid\u00eancia que apontem o mau uso dos dados acessados indevidamente durante seis dias pelos desenvolvedores de aplicativos&#8221;.<\/p>\n<p style=\"text-align: justify;\">Apesar da invas\u00e3o nos perfis, o Google garantiu a prote\u00e7\u00e3o de informa\u00e7\u00f5es sigilosas, tais como dados financeiros, n\u00fameros de documentos, senhas ou qualquer semelhante. Com a aquisi\u00e7\u00e3o desse conte\u00fado, organiza\u00e7\u00f5es criminosas poderiam roubar ou fraudar em nome dos propriet\u00e1rios, o que implicaria em interven\u00e7\u00f5es legais. Os usu\u00e1rios que desejarem podem baixar seus dados da plataforma e deletar a conta, a fim de evitar qualquer amea\u00e7a parecida no futuro.<\/p>\n<p style=\"text-align: justify;\">A falha inicial, ocorrida em outubro deste ano, teve um impacto cerca de cem vezes menor que a atual, pois atingiu por volta de 500 mil contas da plataforma. Na \u00e9poca, um dos argumentos utilizados pela companhia para justificar o fim da rede social foi a baixa ades\u00e3o dos usu\u00e1rios. O baixo uso e engajamento, com menos de cinco segundos de atividade em 90% das sess\u00f5es, tamb\u00e9m foram relevantes. O Google admitiu que as an\u00e1lises internas mostraram uma dificuldade em desenvolver e manter APIs e controles para os interessados na plataforma.<\/p>\n","protected":false},"excerpt":{"rendered":"<p>O Google adiantou o fim do Google+ para abril de 2019, segundo comunicado oficial no blog da empresa publicado nesta segunda-feira (10). A medida veio ap\u00f3s o segundo vazamento de dados da rede social, que impactou 52,5 milh\u00f5es de contas e exp\u00f4s informa\u00e7\u00f5es pessoais como nome, e-mail, idade e profiss\u00e3o \u2014 mesmos dos perfis n\u00e3o [&hellip;]<\/p>\n","protected":false},"author":1,"featured_media":221662,"comment_status":"open","ping_status":"open","sticky":false,"template":"","format":"standard","meta":[],"categories":[21],"tags":[],"acf":[],"yoast_head":"<!-- This site is optimized with the Yoast SEO plugin v20.8 - https:\/\/yoast.com\/wordpress\/plugins\/seo\/ -->\n<title>GOOGLE+ CHEGA AO FIM ANTES DO PREVISTO AP\u00d3S VAZAMENTO DE DADOS - Bahia Economica<\/title>\n<meta name=\"description\" content=\"O maior portal de Economia da Bahia Sa\u00fade \/ Educa\u00e7\u00e3o Bahia Economica\" \/>\n<meta name=\"robots\" content=\"index, follow, max-snippet:-1, max-image-preview:large, max-video-preview:-1\" \/>\n<link rel=\"canonical\" href=\"https:\/\/bahiaeconomica.com.br\/wp\/2018\/12\/11\/google-chega-ao-fim-antes-do-previsto-apos-segundo-vazamento-de-dados\/\" \/>\n<meta property=\"og:locale\" content=\"pt_BR\" \/>\n<meta property=\"og:type\" content=\"article\" \/>\n<meta property=\"og:title\" content=\"GOOGLE+ CHEGA AO FIM ANTES DO PREVISTO AP\u00d3S VAZAMENTO DE DADOS - Bahia Economica\" \/>\n<meta property=\"og:description\" content=\"O maior portal de Economia da Bahia Sa\u00fade \/ Educa\u00e7\u00e3o Bahia Economica\" \/>\n<meta property=\"og:url\" content=\"https:\/\/bahiaeconomica.com.br\/wp\/2018\/12\/11\/google-chega-ao-fim-antes-do-previsto-apos-segundo-vazamento-de-dados\/\" \/>\n<meta property=\"og:site_name\" content=\"Bahia Economica\" \/>\n<meta property=\"article:publisher\" content=\"https:\/\/www.facebook.com\/bahiaeconomica\" \/>\n<meta property=\"article:published_time\" content=\"2018-12-11T09:00:06+00:00\" \/>\n<meta property=\"article:modified_time\" content=\"2018-12-11T11:48:04+00:00\" \/>\n<meta property=\"og:image\" content=\"https:\/\/bahiaeconomica.com.br\/wp\/wp-content\/uploads\/2018\/12\/google--e1544518793295.jpg\" \/>\n\t<meta property=\"og:image:width\" content=\"500\" \/>\n\t<meta property=\"og:image:height\" content=\"293\" \/>\n\t<meta property=\"og:image:type\" content=\"image\/jpeg\" \/>\n<meta name=\"author\" content=\"admin\" \/>\n<meta name=\"twitter:card\" content=\"summary_large_image\" \/>\n<meta name=\"twitter:label1\" content=\"Escrito por\" \/>\n\t<meta name=\"twitter:data1\" content=\"admin\" \/>\n\t<meta name=\"twitter:label2\" content=\"Est. tempo de leitura\" \/>\n\t<meta name=\"twitter:data2\" content=\"2 minutos\" \/>\n<script type=\"application\/ld+json\" class=\"yoast-schema-graph\">{\"@context\":\"https:\/\/schema.org\",\"@graph\":[{\"@type\":\"Article\",\"@id\":\"https:\/\/bahiaeconomica.com.br\/wp\/2018\/12\/11\/google-chega-ao-fim-antes-do-previsto-apos-segundo-vazamento-de-dados\/#article\",\"isPartOf\":{\"@id\":\"https:\/\/bahiaeconomica.com.br\/wp\/2018\/12\/11\/google-chega-ao-fim-antes-do-previsto-apos-segundo-vazamento-de-dados\/\"},\"author\":{\"name\":\"admin\",\"@id\":\"https:\/\/bahiaeconomica.com.br\/wp\/#\/schema\/person\/cb1ab5ba96ad3d9390805381c76284ec\"},\"headline\":\"GOOGLE+ CHEGA AO FIM ANTES DO PREVISTO AP\u00d3S VAZAMENTO DE DADOS\",\"datePublished\":\"2018-12-11T09:00:06+00:00\",\"dateModified\":\"2018-12-11T11:48:04+00:00\",\"mainEntityOfPage\":{\"@id\":\"https:\/\/bahiaeconomica.com.br\/wp\/2018\/12\/11\/google-chega-ao-fim-antes-do-previsto-apos-segundo-vazamento-de-dados\/\"},\"wordCount\":369,\"commentCount\":0,\"publisher\":{\"@id\":\"https:\/\/bahiaeconomica.com.br\/wp\/#organization\"},\"articleSection\":[\"Sa\u00fade \/ Educa\u00e7\u00e3o\"],\"inLanguage\":\"pt-BR\",\"potentialAction\":[{\"@type\":\"CommentAction\",\"name\":\"Comment\",\"target\":[\"https:\/\/bahiaeconomica.com.br\/wp\/2018\/12\/11\/google-chega-ao-fim-antes-do-previsto-apos-segundo-vazamento-de-dados\/#respond\"]}]},{\"@type\":\"WebPage\",\"@id\":\"https:\/\/bahiaeconomica.com.br\/wp\/2018\/12\/11\/google-chega-ao-fim-antes-do-previsto-apos-segundo-vazamento-de-dados\/\",\"url\":\"https:\/\/bahiaeconomica.com.br\/wp\/2018\/12\/11\/google-chega-ao-fim-antes-do-previsto-apos-segundo-vazamento-de-dados\/\",\"name\":\"GOOGLE+ CHEGA AO FIM ANTES DO PREVISTO AP\u00d3S VAZAMENTO DE DADOS - Bahia Economica\",\"isPartOf\":{\"@id\":\"https:\/\/bahiaeconomica.com.br\/wp\/#website\"},\"datePublished\":\"2018-12-11T09:00:06+00:00\",\"dateModified\":\"2018-12-11T11:48:04+00:00\",\"description\":\"O maior portal de Economia da Bahia Sa\u00fade \/ Educa\u00e7\u00e3o Bahia Economica\",\"breadcrumb\":{\"@id\":\"https:\/\/bahiaeconomica.com.br\/wp\/2018\/12\/11\/google-chega-ao-fim-antes-do-previsto-apos-segundo-vazamento-de-dados\/#breadcrumb\"},\"inLanguage\":\"pt-BR\",\"potentialAction\":[{\"@type\":\"ReadAction\",\"target\":[\"https:\/\/bahiaeconomica.com.br\/wp\/2018\/12\/11\/google-chega-ao-fim-antes-do-previsto-apos-segundo-vazamento-de-dados\/\"]}]},{\"@type\":\"BreadcrumbList\",\"@id\":\"https:\/\/bahiaeconomica.com.br\/wp\/2018\/12\/11\/google-chega-ao-fim-antes-do-previsto-apos-segundo-vazamento-de-dados\/#breadcrumb\",\"itemListElement\":[{\"@type\":\"ListItem\",\"position\":1,\"name\":\"In\u00edcio\",\"item\":\"https:\/\/bahiaeconomica.com.br\/wp\/\"},{\"@type\":\"ListItem\",\"position\":2,\"name\":\"GOOGLE+ CHEGA AO FIM ANTES DO PREVISTO AP\u00d3S VAZAMENTO DE DADOS\"}]},{\"@type\":\"WebSite\",\"@id\":\"https:\/\/bahiaeconomica.com.br\/wp\/#website\",\"url\":\"https:\/\/bahiaeconomica.com.br\/wp\/\",\"name\":\"Bahia Economica\",\"description\":\"O maior portal de Economia da Bahia\",\"publisher\":{\"@id\":\"https:\/\/bahiaeconomica.com.br\/wp\/#organization\"},\"potentialAction\":[{\"@type\":\"SearchAction\",\"target\":{\"@type\":\"EntryPoint\",\"urlTemplate\":\"https:\/\/bahiaeconomica.com.br\/wp\/?s={search_term_string}\"},\"query-input\":\"required name=search_term_string\"}],\"inLanguage\":\"pt-BR\"},{\"@type\":\"Organization\",\"@id\":\"https:\/\/bahiaeconomica.com.br\/wp\/#organization\",\"name\":\"Bahia Econ\u00f4mica\",\"url\":\"https:\/\/bahiaeconomica.com.br\/wp\/\",\"logo\":{\"@type\":\"ImageObject\",\"inLanguage\":\"pt-BR\",\"@id\":\"https:\/\/bahiaeconomica.com.br\/wp\/#\/schema\/logo\/image\/\",\"url\":\"https:\/\/bahiaeconomica.com.br\/wp\/wp-content\/uploads\/2020\/12\/cropped-BE.png\",\"contentUrl\":\"https:\/\/bahiaeconomica.com.br\/wp\/wp-content\/uploads\/2020\/12\/cropped-BE.png\",\"width\":512,\"height\":512,\"caption\":\"Bahia Econ\u00f4mica\"},\"image\":{\"@id\":\"https:\/\/bahiaeconomica.com.br\/wp\/#\/schema\/logo\/image\/\"},\"sameAs\":[\"https:\/\/www.facebook.com\/bahiaeconomica\"]},{\"@type\":\"Person\",\"@id\":\"https:\/\/bahiaeconomica.com.br\/wp\/#\/schema\/person\/cb1ab5ba96ad3d9390805381c76284ec\",\"name\":\"admin\",\"url\":\"https:\/\/bahiaeconomica.com.br\/wp\/author\/admin\/\"}]}<\/script>\n<!-- \/ Yoast SEO plugin. -->","yoast_head_json":{"title":"GOOGLE+ CHEGA AO FIM ANTES DO PREVISTO AP\u00d3S VAZAMENTO DE DADOS - Bahia Economica","description":"O maior portal de Economia da Bahia Sa\u00fade \/ Educa\u00e7\u00e3o Bahia Economica","robots":{"index":"index","follow":"follow","max-snippet":"max-snippet:-1","max-image-preview":"max-image-preview:large","max-video-preview":"max-video-preview:-1"},"canonical":"https:\/\/bahiaeconomica.com.br\/wp\/2018\/12\/11\/google-chega-ao-fim-antes-do-previsto-apos-segundo-vazamento-de-dados\/","og_locale":"pt_BR","og_type":"article","og_title":"GOOGLE+ CHEGA AO FIM ANTES DO PREVISTO AP\u00d3S VAZAMENTO DE DADOS - Bahia Economica","og_description":"O maior portal de Economia da Bahia Sa\u00fade \/ Educa\u00e7\u00e3o Bahia Economica","og_url":"https:\/\/bahiaeconomica.com.br\/wp\/2018\/12\/11\/google-chega-ao-fim-antes-do-previsto-apos-segundo-vazamento-de-dados\/","og_site_name":"Bahia Economica","article_publisher":"https:\/\/www.facebook.com\/bahiaeconomica","article_published_time":"2018-12-11T09:00:06+00:00","article_modified_time":"2018-12-11T11:48:04+00:00","og_image":[{"width":500,"height":293,"url":"https:\/\/bahiaeconomica.com.br\/wp\/wp-content\/uploads\/2018\/12\/google--e1544518793295.jpg","type":"image\/jpeg"}],"author":"admin","twitter_card":"summary_large_image","twitter_misc":{"Escrito por":"admin","Est. tempo de leitura":"2 minutos"},"schema":{"@context":"https:\/\/schema.org","@graph":[{"@type":"Article","@id":"https:\/\/bahiaeconomica.com.br\/wp\/2018\/12\/11\/google-chega-ao-fim-antes-do-previsto-apos-segundo-vazamento-de-dados\/#article","isPartOf":{"@id":"https:\/\/bahiaeconomica.com.br\/wp\/2018\/12\/11\/google-chega-ao-fim-antes-do-previsto-apos-segundo-vazamento-de-dados\/"},"author":{"name":"admin","@id":"https:\/\/bahiaeconomica.com.br\/wp\/#\/schema\/person\/cb1ab5ba96ad3d9390805381c76284ec"},"headline":"GOOGLE+ CHEGA AO FIM ANTES DO PREVISTO AP\u00d3S VAZAMENTO DE DADOS","datePublished":"2018-12-11T09:00:06+00:00","dateModified":"2018-12-11T11:48:04+00:00","mainEntityOfPage":{"@id":"https:\/\/bahiaeconomica.com.br\/wp\/2018\/12\/11\/google-chega-ao-fim-antes-do-previsto-apos-segundo-vazamento-de-dados\/"},"wordCount":369,"commentCount":0,"publisher":{"@id":"https:\/\/bahiaeconomica.com.br\/wp\/#organization"},"articleSection":["Sa\u00fade \/ Educa\u00e7\u00e3o"],"inLanguage":"pt-BR","potentialAction":[{"@type":"CommentAction","name":"Comment","target":["https:\/\/bahiaeconomica.com.br\/wp\/2018\/12\/11\/google-chega-ao-fim-antes-do-previsto-apos-segundo-vazamento-de-dados\/#respond"]}]},{"@type":"WebPage","@id":"https:\/\/bahiaeconomica.com.br\/wp\/2018\/12\/11\/google-chega-ao-fim-antes-do-previsto-apos-segundo-vazamento-de-dados\/","url":"https:\/\/bahiaeconomica.com.br\/wp\/2018\/12\/11\/google-chega-ao-fim-antes-do-previsto-apos-segundo-vazamento-de-dados\/","name":"GOOGLE+ CHEGA AO FIM ANTES DO PREVISTO AP\u00d3S VAZAMENTO DE DADOS - Bahia Economica","isPartOf":{"@id":"https:\/\/bahiaeconomica.com.br\/wp\/#website"},"datePublished":"2018-12-11T09:00:06+00:00","dateModified":"2018-12-11T11:48:04+00:00","description":"O maior portal de Economia da Bahia Sa\u00fade \/ Educa\u00e7\u00e3o Bahia Economica","breadcrumb":{"@id":"https:\/\/bahiaeconomica.com.br\/wp\/2018\/12\/11\/google-chega-ao-fim-antes-do-previsto-apos-segundo-vazamento-de-dados\/#breadcrumb"},"inLanguage":"pt-BR","potentialAction":[{"@type":"ReadAction","target":["https:\/\/bahiaeconomica.com.br\/wp\/2018\/12\/11\/google-chega-ao-fim-antes-do-previsto-apos-segundo-vazamento-de-dados\/"]}]},{"@type":"BreadcrumbList","@id":"https:\/\/bahiaeconomica.com.br\/wp\/2018\/12\/11\/google-chega-ao-fim-antes-do-previsto-apos-segundo-vazamento-de-dados\/#breadcrumb","itemListElement":[{"@type":"ListItem","position":1,"name":"In\u00edcio","item":"https:\/\/bahiaeconomica.com.br\/wp\/"},{"@type":"ListItem","position":2,"name":"GOOGLE+ CHEGA AO FIM ANTES DO PREVISTO AP\u00d3S VAZAMENTO DE DADOS"}]},{"@type":"WebSite","@id":"https:\/\/bahiaeconomica.com.br\/wp\/#website","url":"https:\/\/bahiaeconomica.com.br\/wp\/","name":"Bahia Economica","description":"O maior portal de Economia da Bahia","publisher":{"@id":"https:\/\/bahiaeconomica.com.br\/wp\/#organization"},"potentialAction":[{"@type":"SearchAction","target":{"@type":"EntryPoint","urlTemplate":"https:\/\/bahiaeconomica.com.br\/wp\/?s={search_term_string}"},"query-input":"required name=search_term_string"}],"inLanguage":"pt-BR"},{"@type":"Organization","@id":"https:\/\/bahiaeconomica.com.br\/wp\/#organization","name":"Bahia Econ\u00f4mica","url":"https:\/\/bahiaeconomica.com.br\/wp\/","logo":{"@type":"ImageObject","inLanguage":"pt-BR","@id":"https:\/\/bahiaeconomica.com.br\/wp\/#\/schema\/logo\/image\/","url":"https:\/\/bahiaeconomica.com.br\/wp\/wp-content\/uploads\/2020\/12\/cropped-BE.png","contentUrl":"https:\/\/bahiaeconomica.com.br\/wp\/wp-content\/uploads\/2020\/12\/cropped-BE.png","width":512,"height":512,"caption":"Bahia Econ\u00f4mica"},"image":{"@id":"https:\/\/bahiaeconomica.com.br\/wp\/#\/schema\/logo\/image\/"},"sameAs":["https:\/\/www.facebook.com\/bahiaeconomica"]},{"@type":"Person","@id":"https:\/\/bahiaeconomica.com.br\/wp\/#\/schema\/person\/cb1ab5ba96ad3d9390805381c76284ec","name":"admin","url":"https:\/\/bahiaeconomica.com.br\/wp\/author\/admin\/"}]}},"views":0,"_links":{"self":[{"href":"https:\/\/bahiaeconomica.com.br\/wp\/wp-json\/wp\/v2\/posts\/221661"}],"collection":[{"href":"https:\/\/bahiaeconomica.com.br\/wp\/wp-json\/wp\/v2\/posts"}],"about":[{"href":"https:\/\/bahiaeconomica.com.br\/wp\/wp-json\/wp\/v2\/types\/post"}],"author":[{"embeddable":true,"href":"https:\/\/bahiaeconomica.com.br\/wp\/wp-json\/wp\/v2\/users\/1"}],"replies":[{"embeddable":true,"href":"https:\/\/bahiaeconomica.com.br\/wp\/wp-json\/wp\/v2\/comments?post=221661"}],"version-history":[{"count":0,"href":"https:\/\/bahiaeconomica.com.br\/wp\/wp-json\/wp\/v2\/posts\/221661\/revisions"}],"wp:featuredmedia":[{"embeddable":true,"href":"https:\/\/bahiaeconomica.com.br\/wp\/wp-json\/wp\/v2\/media\/221662"}],"wp:attachment":[{"href":"https:\/\/bahiaeconomica.com.br\/wp\/wp-json\/wp\/v2\/media?parent=221661"}],"wp:term":[{"taxonomy":"category","embeddable":true,"href":"https:\/\/bahiaeconomica.com.br\/wp\/wp-json\/wp\/v2\/categories?post=221661"},{"taxonomy":"post_tag","embeddable":true,"href":"https:\/\/bahiaeconomica.com.br\/wp\/wp-json\/wp\/v2\/tags?post=221661"}],"curies":[{"name":"wp","href":"https:\/\/api.w.org\/{rel}","templated":true}]}}