{"id":221036,"date":"2018-12-22T11:57:01","date_gmt":"2018-12-22T13:57:01","guid":{"rendered":"https:\/\/bahiaeconomica.com.br\/wp\/beta\/?p=221036"},"modified":"2018-12-24T10:19:50","modified_gmt":"2018-12-24T12:19:50","slug":"adary-oliveira-tapando-o-sol-com-a-peneira","status":"publish","type":"post","link":"https:\/\/bahiaeconomica.com.br\/wp\/2018\/12\/22\/adary-oliveira-tapando-o-sol-com-a-peneira\/","title":{"rendered":"ADARY OLIVEIRA: TAPANDO O SOL COM A PENEIRA"},"content":{"rendered":"<p style=\"text-align: justify;\">N\u00e3o sei a origem da express\u00e3o acima, mas deve ser de l\u00e1 das terras do meu sert\u00e3o, onde a luz do sol \u00e9 muito forte e a peneira, fabricada com palhas de ouricuri serve, entre outras coisas, para separar os gr\u00e3os finos da farinha dos de maior dimens\u00e3o, ou para cata\u00e7\u00e3o do milho e do feij\u00e3o, apartando-os de suas palhas ao sopro do vento, depois de secos ao sol. A peneira ganhou o mundo com a m\u00fasica Farinhada, de Luiz Gonzaga, no verso \u201cTava na peneira eu tava peneirando, Eu tava num namoro eu tava namorando\u201d.<\/p>\n<p style=\"text-align: justify;\">A express\u00e3o \u00e9 usada quando se quer esconder alguma coisa com uma medida que n\u00e3o resolve o problema por completo, ou mesmo quando se adia uma solu\u00e7\u00e3o definitiva de uma quest\u00e3o n\u00e3o resolvida e n\u00e3o se encontra uma sa\u00edda saneadora terminante. O tapar o sol com a peneira muitas vezes faz o percal\u00e7o crescer, criando dificuldades de maior monta, de solu\u00e7\u00e3o mais dif\u00edcil no futuro, quando n\u00e3o imposs\u00edvel.<\/p>\n<p style=\"text-align: justify;\">No dia a dia do brasileiro, muito comum quando o m\u00eas continua depois do fim do sal\u00e1rio, os raios do sol costumam ser pujantes em v\u00e1rias situa\u00e7\u00f5es, nada escondendo. Se a d\u00edvida do cart\u00e3o de cr\u00e9dito \u00e9 parcelada, com as taxas de juros estratosf\u00e9ricas do mercado, por exemplo, a\u00ed \u00e9 que a d\u00edvida fica a descoberto. O devedor entra numa enroscada dura de sair. Se ele pega dinheiro emprestado do agiota, pior ainda, n\u00e3o consegue desgrudar do malfeitor nunca mais. Entrar no cheque especial do banco para sanear um d\u00e9bito de uma compra mal planejada, parece ter solucionado o deslize, mas termina levando-o para um fosso maior ainda.<\/p>\n<p style=\"text-align: justify;\">As coisas malfeitas costumam ser descobertas. Um ladr\u00e3o come\u00e7a a roubar escondido. Com o tempo ele se acostuma e passa a roubar na frente de todo mundo, a\u00ed vem a pol\u00edcia e o prende. O lava-jato est\u00e1 cheio de exemplos desse caso. Uma gravidez mal planejada, muitas vezes acometida \u00e0s escondidas, n\u00e3o adianta ser camuflada, o tempo se encarrega de revelar para todo mundo. Uma mentira mal contada, mesmo se repetida v\u00e1rias vezes como se verdade fosse, termina sendo descoberta. Se o povo \u00e9 a v\u00edtima, a\u00ed ent\u00e3o, pode esperar que a conta vai chegar, a cobran\u00e7a pode tardar, mais n\u00e3o falha.<\/p>\n<p style=\"text-align: justify;\">S\u00e3o in\u00fameros os exemplos de solu\u00e7\u00f5es ditas paliativas nas opera\u00e7\u00f5es industriais de manuten\u00e7\u00e3o, nos processos de produ\u00e7\u00e3o de bens com emprego de mat\u00e9rias primas mal especificadas, aquisi\u00e7\u00e3o de tecnologias n\u00e3o testadas em escala industrial, lan\u00e7amento de produtos no mercado mal dimensionado, desconhecimento do potencial dos concorrentes, uso de informa\u00e7\u00f5es incorretas, que conduzem empres\u00e1rios para caminhos intrincados de um labirinto de sa\u00edda inexistente.<\/p>\n<p style=\"text-align: justify;\">Assim como na administra\u00e7\u00e3o privada, na administra\u00e7\u00e3o p\u00fablica costuma-se querer tapar o sol com a peneira, pensando que se est\u00e1 tomando uma provid\u00eancia inteligente, quando n\u00e3o est\u00e1. Procede-se assim quando se tenta cobrir um d\u00e9ficit or\u00e7ament\u00e1rio antecipando-se uma receita futura, adiando a mostra do buraco para mais adiante. Num outro caso, demite-se funcion\u00e1rios para suavizar a folha, agravando-se o problema do desemprego. O funcion\u00e1rio demitido, sem recursos, passa gastar menos, reduzindo os impostos arrecadados. Se ele se encosta num parente, pior ainda, o parente passa a poupar menos agravando a situa\u00e7\u00e3o. E por a\u00ed vai.<\/p>\n<p style=\"text-align: justify;\">Num momento de crise, quando as coisas ficam dif\u00edceis para todo o mundo, deve-se procurar uma solu\u00e7\u00e3o que melhore a vida de todos. N\u00e3o \u00e9 o salve-se quem puder que vai tirar a sociedade da dificuldade. Os custos da classe produtora, formada por patr\u00f5es e empregados, devem ser reduzidos. Os impostos n\u00e3o devem ser majorados e a produ\u00e7\u00e3o de bens e servi\u00e7os deve acomodar-se em situa\u00e7\u00e3o de equil\u00edbrio.<\/p>\n<p style=\"text-align: justify;\">Na democracia, n\u00e3o \u00e9 suficiente declarar-se democrata, \u00e9 preciso praticar a democracia, ou seja, aceitar o desejo e a vontade da maioria. N\u00e3o se deve nunca esconder o mal feito e sim definir novos rumos, com trabalho, dedica\u00e7\u00e3o e cedendo os espa\u00e7os que est\u00e3o sendo mal-usados, principalmente quando privilegiam uma minoria que insiste em ser dominante. N\u00e3o se pode tapar o sol com a peneira.<\/p>\n<p style=\"text-align: justify;\">Adary Oliveira \u00e9 presidente da Associa\u00e7\u00e3o Comercial da Bahia \u2013 <a href=\"mailto:adary347@gmail.com\">adary347@gmail.com<\/a><\/p>\n<p style=\"text-align: justify;\">\n","protected":false},"excerpt":{"rendered":"<p>N\u00e3o sei a origem da express\u00e3o acima, mas deve ser de l\u00e1 das terras do meu sert\u00e3o, onde a luz do sol \u00e9 muito forte e a peneira, fabricada com palhas de ouricuri serve, entre outras coisas, para separar os gr\u00e3os finos da farinha dos de maior dimens\u00e3o, ou para cata\u00e7\u00e3o do milho e do [&hellip;]<\/p>\n","protected":false},"author":1,"featured_media":178805,"comment_status":"open","ping_status":"open","sticky":false,"template":"","format":"standard","meta":[],"categories":[6,22],"tags":[],"acf":[],"yoast_head":"<!-- This site is optimized with the Yoast SEO plugin v20.8 - https:\/\/yoast.com\/wordpress\/plugins\/seo\/ -->\n<title>ADARY OLIVEIRA: TAPANDO O SOL COM A PENEIRA - Bahia Economica<\/title>\n<meta name=\"description\" content=\"O maior portal de Economia da Bahia ARTIGOS, COLUNISTAS Bahia Economica\" \/>\n<meta name=\"robots\" content=\"index, follow, max-snippet:-1, max-image-preview:large, max-video-preview:-1\" \/>\n<link rel=\"canonical\" href=\"https:\/\/bahiaeconomica.com.br\/wp\/2018\/12\/22\/adary-oliveira-tapando-o-sol-com-a-peneira\/\" \/>\n<meta property=\"og:locale\" content=\"pt_BR\" \/>\n<meta property=\"og:type\" content=\"article\" \/>\n<meta property=\"og:title\" content=\"ADARY OLIVEIRA: TAPANDO O SOL COM A PENEIRA - Bahia Economica\" \/>\n<meta property=\"og:description\" content=\"O maior portal de Economia da Bahia ARTIGOS, COLUNISTAS Bahia Economica\" \/>\n<meta property=\"og:url\" content=\"https:\/\/bahiaeconomica.com.br\/wp\/2018\/12\/22\/adary-oliveira-tapando-o-sol-com-a-peneira\/\" \/>\n<meta property=\"og:site_name\" content=\"Bahia Economica\" \/>\n<meta property=\"article:publisher\" content=\"https:\/\/www.facebook.com\/bahiaeconomica\" \/>\n<meta property=\"article:published_time\" content=\"2018-12-22T13:57:01+00:00\" \/>\n<meta property=\"article:modified_time\" content=\"2018-12-24T12:19:50+00:00\" \/>\n<meta property=\"og:image\" content=\"https:\/\/bahiaeconomica.com.br\/wp\/wp-content\/uploads\/2018\/10\/adary-oliveira2-e1540808385456.jpg\" \/>\n\t<meta property=\"og:image:width\" content=\"500\" \/>\n\t<meta property=\"og:image:height\" content=\"334\" \/>\n\t<meta property=\"og:image:type\" content=\"image\/jpeg\" \/>\n<meta name=\"author\" content=\"admin\" \/>\n<meta name=\"twitter:card\" content=\"summary_large_image\" \/>\n<meta name=\"twitter:label1\" content=\"Escrito por\" \/>\n\t<meta name=\"twitter:data1\" content=\"admin\" \/>\n\t<meta name=\"twitter:label2\" content=\"Est. tempo de leitura\" \/>\n\t<meta name=\"twitter:data2\" content=\"4 minutos\" \/>\n<script type=\"application\/ld+json\" class=\"yoast-schema-graph\">{\"@context\":\"https:\/\/schema.org\",\"@graph\":[{\"@type\":\"Article\",\"@id\":\"https:\/\/bahiaeconomica.com.br\/wp\/2018\/12\/22\/adary-oliveira-tapando-o-sol-com-a-peneira\/#article\",\"isPartOf\":{\"@id\":\"https:\/\/bahiaeconomica.com.br\/wp\/2018\/12\/22\/adary-oliveira-tapando-o-sol-com-a-peneira\/\"},\"author\":{\"name\":\"admin\",\"@id\":\"https:\/\/bahiaeconomica.com.br\/wp\/#\/schema\/person\/cb1ab5ba96ad3d9390805381c76284ec\"},\"headline\":\"ADARY OLIVEIRA: TAPANDO O SOL COM A PENEIRA\",\"datePublished\":\"2018-12-22T13:57:01+00:00\",\"dateModified\":\"2018-12-24T12:19:50+00:00\",\"mainEntityOfPage\":{\"@id\":\"https:\/\/bahiaeconomica.com.br\/wp\/2018\/12\/22\/adary-oliveira-tapando-o-sol-com-a-peneira\/\"},\"wordCount\":755,\"commentCount\":0,\"publisher\":{\"@id\":\"https:\/\/bahiaeconomica.com.br\/wp\/#organization\"},\"articleSection\":[\"ARTIGOS\",\"COLUNISTAS\"],\"inLanguage\":\"pt-BR\",\"potentialAction\":[{\"@type\":\"CommentAction\",\"name\":\"Comment\",\"target\":[\"https:\/\/bahiaeconomica.com.br\/wp\/2018\/12\/22\/adary-oliveira-tapando-o-sol-com-a-peneira\/#respond\"]}]},{\"@type\":\"WebPage\",\"@id\":\"https:\/\/bahiaeconomica.com.br\/wp\/2018\/12\/22\/adary-oliveira-tapando-o-sol-com-a-peneira\/\",\"url\":\"https:\/\/bahiaeconomica.com.br\/wp\/2018\/12\/22\/adary-oliveira-tapando-o-sol-com-a-peneira\/\",\"name\":\"ADARY OLIVEIRA: TAPANDO O SOL COM A PENEIRA - Bahia Economica\",\"isPartOf\":{\"@id\":\"https:\/\/bahiaeconomica.com.br\/wp\/#website\"},\"datePublished\":\"2018-12-22T13:57:01+00:00\",\"dateModified\":\"2018-12-24T12:19:50+00:00\",\"description\":\"O maior portal de Economia da Bahia ARTIGOS, COLUNISTAS Bahia Economica\",\"breadcrumb\":{\"@id\":\"https:\/\/bahiaeconomica.com.br\/wp\/2018\/12\/22\/adary-oliveira-tapando-o-sol-com-a-peneira\/#breadcrumb\"},\"inLanguage\":\"pt-BR\",\"potentialAction\":[{\"@type\":\"ReadAction\",\"target\":[\"https:\/\/bahiaeconomica.com.br\/wp\/2018\/12\/22\/adary-oliveira-tapando-o-sol-com-a-peneira\/\"]}]},{\"@type\":\"BreadcrumbList\",\"@id\":\"https:\/\/bahiaeconomica.com.br\/wp\/2018\/12\/22\/adary-oliveira-tapando-o-sol-com-a-peneira\/#breadcrumb\",\"itemListElement\":[{\"@type\":\"ListItem\",\"position\":1,\"name\":\"In\u00edcio\",\"item\":\"https:\/\/bahiaeconomica.com.br\/wp\/\"},{\"@type\":\"ListItem\",\"position\":2,\"name\":\"ADARY OLIVEIRA: TAPANDO O SOL COM A PENEIRA\"}]},{\"@type\":\"WebSite\",\"@id\":\"https:\/\/bahiaeconomica.com.br\/wp\/#website\",\"url\":\"https:\/\/bahiaeconomica.com.br\/wp\/\",\"name\":\"Bahia Economica\",\"description\":\"O maior portal de Economia da Bahia\",\"publisher\":{\"@id\":\"https:\/\/bahiaeconomica.com.br\/wp\/#organization\"},\"potentialAction\":[{\"@type\":\"SearchAction\",\"target\":{\"@type\":\"EntryPoint\",\"urlTemplate\":\"https:\/\/bahiaeconomica.com.br\/wp\/?s={search_term_string}\"},\"query-input\":\"required name=search_term_string\"}],\"inLanguage\":\"pt-BR\"},{\"@type\":\"Organization\",\"@id\":\"https:\/\/bahiaeconomica.com.br\/wp\/#organization\",\"name\":\"Bahia Econ\u00f4mica\",\"url\":\"https:\/\/bahiaeconomica.com.br\/wp\/\",\"logo\":{\"@type\":\"ImageObject\",\"inLanguage\":\"pt-BR\",\"@id\":\"https:\/\/bahiaeconomica.com.br\/wp\/#\/schema\/logo\/image\/\",\"url\":\"https:\/\/bahiaeconomica.com.br\/wp\/wp-content\/uploads\/2020\/12\/cropped-BE.png\",\"contentUrl\":\"https:\/\/bahiaeconomica.com.br\/wp\/wp-content\/uploads\/2020\/12\/cropped-BE.png\",\"width\":512,\"height\":512,\"caption\":\"Bahia Econ\u00f4mica\"},\"image\":{\"@id\":\"https:\/\/bahiaeconomica.com.br\/wp\/#\/schema\/logo\/image\/\"},\"sameAs\":[\"https:\/\/www.facebook.com\/bahiaeconomica\"]},{\"@type\":\"Person\",\"@id\":\"https:\/\/bahiaeconomica.com.br\/wp\/#\/schema\/person\/cb1ab5ba96ad3d9390805381c76284ec\",\"name\":\"admin\",\"url\":\"https:\/\/bahiaeconomica.com.br\/wp\/author\/admin\/\"}]}<\/script>\n<!-- \/ Yoast SEO plugin. -->","yoast_head_json":{"title":"ADARY OLIVEIRA: TAPANDO O SOL COM A PENEIRA - Bahia Economica","description":"O maior portal de Economia da Bahia ARTIGOS, COLUNISTAS Bahia Economica","robots":{"index":"index","follow":"follow","max-snippet":"max-snippet:-1","max-image-preview":"max-image-preview:large","max-video-preview":"max-video-preview:-1"},"canonical":"https:\/\/bahiaeconomica.com.br\/wp\/2018\/12\/22\/adary-oliveira-tapando-o-sol-com-a-peneira\/","og_locale":"pt_BR","og_type":"article","og_title":"ADARY OLIVEIRA: TAPANDO O SOL COM A PENEIRA - Bahia Economica","og_description":"O maior portal de Economia da Bahia ARTIGOS, COLUNISTAS Bahia Economica","og_url":"https:\/\/bahiaeconomica.com.br\/wp\/2018\/12\/22\/adary-oliveira-tapando-o-sol-com-a-peneira\/","og_site_name":"Bahia Economica","article_publisher":"https:\/\/www.facebook.com\/bahiaeconomica","article_published_time":"2018-12-22T13:57:01+00:00","article_modified_time":"2018-12-24T12:19:50+00:00","og_image":[{"width":500,"height":334,"url":"https:\/\/bahiaeconomica.com.br\/wp\/wp-content\/uploads\/2018\/10\/adary-oliveira2-e1540808385456.jpg","type":"image\/jpeg"}],"author":"admin","twitter_card":"summary_large_image","twitter_misc":{"Escrito por":"admin","Est. tempo de leitura":"4 minutos"},"schema":{"@context":"https:\/\/schema.org","@graph":[{"@type":"Article","@id":"https:\/\/bahiaeconomica.com.br\/wp\/2018\/12\/22\/adary-oliveira-tapando-o-sol-com-a-peneira\/#article","isPartOf":{"@id":"https:\/\/bahiaeconomica.com.br\/wp\/2018\/12\/22\/adary-oliveira-tapando-o-sol-com-a-peneira\/"},"author":{"name":"admin","@id":"https:\/\/bahiaeconomica.com.br\/wp\/#\/schema\/person\/cb1ab5ba96ad3d9390805381c76284ec"},"headline":"ADARY OLIVEIRA: TAPANDO O SOL COM A PENEIRA","datePublished":"2018-12-22T13:57:01+00:00","dateModified":"2018-12-24T12:19:50+00:00","mainEntityOfPage":{"@id":"https:\/\/bahiaeconomica.com.br\/wp\/2018\/12\/22\/adary-oliveira-tapando-o-sol-com-a-peneira\/"},"wordCount":755,"commentCount":0,"publisher":{"@id":"https:\/\/bahiaeconomica.com.br\/wp\/#organization"},"articleSection":["ARTIGOS","COLUNISTAS"],"inLanguage":"pt-BR","potentialAction":[{"@type":"CommentAction","name":"Comment","target":["https:\/\/bahiaeconomica.com.br\/wp\/2018\/12\/22\/adary-oliveira-tapando-o-sol-com-a-peneira\/#respond"]}]},{"@type":"WebPage","@id":"https:\/\/bahiaeconomica.com.br\/wp\/2018\/12\/22\/adary-oliveira-tapando-o-sol-com-a-peneira\/","url":"https:\/\/bahiaeconomica.com.br\/wp\/2018\/12\/22\/adary-oliveira-tapando-o-sol-com-a-peneira\/","name":"ADARY OLIVEIRA: TAPANDO O SOL COM A PENEIRA - Bahia Economica","isPartOf":{"@id":"https:\/\/bahiaeconomica.com.br\/wp\/#website"},"datePublished":"2018-12-22T13:57:01+00:00","dateModified":"2018-12-24T12:19:50+00:00","description":"O maior portal de Economia da Bahia ARTIGOS, COLUNISTAS Bahia Economica","breadcrumb":{"@id":"https:\/\/bahiaeconomica.com.br\/wp\/2018\/12\/22\/adary-oliveira-tapando-o-sol-com-a-peneira\/#breadcrumb"},"inLanguage":"pt-BR","potentialAction":[{"@type":"ReadAction","target":["https:\/\/bahiaeconomica.com.br\/wp\/2018\/12\/22\/adary-oliveira-tapando-o-sol-com-a-peneira\/"]}]},{"@type":"BreadcrumbList","@id":"https:\/\/bahiaeconomica.com.br\/wp\/2018\/12\/22\/adary-oliveira-tapando-o-sol-com-a-peneira\/#breadcrumb","itemListElement":[{"@type":"ListItem","position":1,"name":"In\u00edcio","item":"https:\/\/bahiaeconomica.com.br\/wp\/"},{"@type":"ListItem","position":2,"name":"ADARY OLIVEIRA: TAPANDO O SOL COM A PENEIRA"}]},{"@type":"WebSite","@id":"https:\/\/bahiaeconomica.com.br\/wp\/#website","url":"https:\/\/bahiaeconomica.com.br\/wp\/","name":"Bahia Economica","description":"O maior portal de Economia da Bahia","publisher":{"@id":"https:\/\/bahiaeconomica.com.br\/wp\/#organization"},"potentialAction":[{"@type":"SearchAction","target":{"@type":"EntryPoint","urlTemplate":"https:\/\/bahiaeconomica.com.br\/wp\/?s={search_term_string}"},"query-input":"required name=search_term_string"}],"inLanguage":"pt-BR"},{"@type":"Organization","@id":"https:\/\/bahiaeconomica.com.br\/wp\/#organization","name":"Bahia Econ\u00f4mica","url":"https:\/\/bahiaeconomica.com.br\/wp\/","logo":{"@type":"ImageObject","inLanguage":"pt-BR","@id":"https:\/\/bahiaeconomica.com.br\/wp\/#\/schema\/logo\/image\/","url":"https:\/\/bahiaeconomica.com.br\/wp\/wp-content\/uploads\/2020\/12\/cropped-BE.png","contentUrl":"https:\/\/bahiaeconomica.com.br\/wp\/wp-content\/uploads\/2020\/12\/cropped-BE.png","width":512,"height":512,"caption":"Bahia Econ\u00f4mica"},"image":{"@id":"https:\/\/bahiaeconomica.com.br\/wp\/#\/schema\/logo\/image\/"},"sameAs":["https:\/\/www.facebook.com\/bahiaeconomica"]},{"@type":"Person","@id":"https:\/\/bahiaeconomica.com.br\/wp\/#\/schema\/person\/cb1ab5ba96ad3d9390805381c76284ec","name":"admin","url":"https:\/\/bahiaeconomica.com.br\/wp\/author\/admin\/"}]}},"views":6,"_links":{"self":[{"href":"https:\/\/bahiaeconomica.com.br\/wp\/wp-json\/wp\/v2\/posts\/221036"}],"collection":[{"href":"https:\/\/bahiaeconomica.com.br\/wp\/wp-json\/wp\/v2\/posts"}],"about":[{"href":"https:\/\/bahiaeconomica.com.br\/wp\/wp-json\/wp\/v2\/types\/post"}],"author":[{"embeddable":true,"href":"https:\/\/bahiaeconomica.com.br\/wp\/wp-json\/wp\/v2\/users\/1"}],"replies":[{"embeddable":true,"href":"https:\/\/bahiaeconomica.com.br\/wp\/wp-json\/wp\/v2\/comments?post=221036"}],"version-history":[{"count":0,"href":"https:\/\/bahiaeconomica.com.br\/wp\/wp-json\/wp\/v2\/posts\/221036\/revisions"}],"wp:featuredmedia":[{"embeddable":true,"href":"https:\/\/bahiaeconomica.com.br\/wp\/wp-json\/wp\/v2\/media\/178805"}],"wp:attachment":[{"href":"https:\/\/bahiaeconomica.com.br\/wp\/wp-json\/wp\/v2\/media?parent=221036"}],"wp:term":[{"taxonomy":"category","embeddable":true,"href":"https:\/\/bahiaeconomica.com.br\/wp\/wp-json\/wp\/v2\/categories?post=221036"},{"taxonomy":"post_tag","embeddable":true,"href":"https:\/\/bahiaeconomica.com.br\/wp\/wp-json\/wp\/v2\/tags?post=221036"}],"curies":[{"name":"wp","href":"https:\/\/api.w.org\/{rel}","templated":true}]}}