{"id":22043,"date":"2018-04-26T12:51:44","date_gmt":"2018-04-26T15:51:44","guid":{"rendered":"https:\/\/bahiaeconomica.com.br\/wp\/beta\/?p=22043"},"modified":"2018-04-26T12:51:44","modified_gmt":"2018-04-26T15:51:44","slug":"temer-e-psdb-negociam-chapa-alckmin-meirelles-2","status":"publish","type":"post","link":"https:\/\/bahiaeconomica.com.br\/wp\/2018\/04\/26\/temer-e-psdb-negociam-chapa-alckmin-meirelles-2\/","title":{"rendered":"TEMER E PSDB NEGOCIAM CHAPA ALCKMIN-MEIRELLES"},"content":{"rendered":"<p style=\"text-align: justify;\">O presidente Michel Temer (MDB) e o ex-governador de S\u00e3o Paulo Geraldo Alckmin, pr\u00e9-candidato do PSDB, voltaram a se aproximar e negociam um acordo que reunifique o centro pol\u00edtico. Na proposta apresentada pelo Planalto, essa chapa presidencial seria encabe\u00e7ada pelo tucano com o ex-ministro da Fazenda Henrique Meirelles (MDB) como candidato a vice. Alckmin analisa a ideia e, neste momento, seus aliados avaliam existirem muitos obst\u00e1culos para o acordo.<\/p>\n<p style=\"text-align: justify;\">Embora ainda se apresente como pr\u00e9-candidato \u00e0 reelei\u00e7\u00e3o, Temer admitiu a pelo menos dois interlocutores &#8211; um do MDB e outro do PSDB &#8211; que n\u00e3o deve concorrer a mais um mandato. O presidente avalia que a nova forma\u00e7\u00e3o pode unir o centro pol\u00edtico e evitar o isolamento do seu partido e de sua gest\u00e3o no processo eleitoral.<\/p>\n<p style=\"text-align: justify;\">A proposta de um palanque unificado ganhou corpo ap\u00f3s a mais recente pesquisa Datafolha mostrar Temer, que pode ser alvo de uma terceira den\u00fancia da Procuradoria-Geral da Rep\u00fablica, estacionado com 1% das inten\u00e7\u00f5es de voto. O bom desempenho do ex-presidente do Supremo Tribunal Federal Joaquim Barbosa (PSB), que registrou at\u00e9 10%, tamb\u00e9m preocupa tucanos e emedebistas. Eles temem que Barbosa ocupe o espa\u00e7o do centro e avance sobre a centro-esquerda.<\/p>\n<p style=\"text-align: justify;\">A alian\u00e7a ampliaria o tempo de Alckmin nos programas eleitorais de r\u00e1dio e TV e seus palanques regionais. Por ora, MDB e PSDB fazem planos de lan\u00e7ar, cada um, candidatos a governo em 12 Estados. Em contrapartida, o tucano incorporaria a seu discurso de campanha a defesa de programas do governo Temer. A possibilidade de uma dobradinha entre Alckmin e Meirelles foi noticiada, ainda no in\u00edcio de mar\u00e7o, pela colunista do jornal O Estado de S. Paulo Eliane Cantanh\u00eade.<\/p>\n<p style=\"text-align: justify;\">A proposta foi levada ao ex-governador pelo ex-prefeito Jo\u00e3o Doria, que se reuniu com o presidente no s\u00e1bado. Alckmin viu a tese &#8220;com bons olhos&#8221; e pediu ao comando de sua pr\u00e9-campanha que inclua o nome de Meirelles nas pesquisas internas sobre potenciais candidatos a vice. Al\u00e9m do ex-ministro, est\u00e3o nesta lista Mendon\u00e7a Filho (DEM-PE) e \u00c1lvaro Dias (Podemos-PR). Tucanos querem agora que o ex-presidente Fernando Henrique Cardoso e o chanceler Aloysio Nunes Ferreira entrem nas negocia\u00e7\u00f5es.<\/p>\n","protected":false},"excerpt":{"rendered":"<p>O presidente Michel Temer (MDB) e o ex-governador de S\u00e3o Paulo Geraldo Alckmin, pr\u00e9-candidato do PSDB, voltaram a se aproximar e negociam um acordo que reunifique o centro pol\u00edtico. Na proposta apresentada pelo Planalto, essa chapa presidencial seria encabe\u00e7ada pelo tucano com o ex-ministro da Fazenda Henrique Meirelles (MDB) como candidato a vice. Alckmin analisa [&hellip;]<\/p>\n","protected":false},"author":1,"featured_media":22045,"comment_status":"open","ping_status":"open","sticky":false,"template":"","format":"standard","meta":[],"categories":[14],"tags":[],"acf":[],"yoast_head":"<!-- This site is optimized with the Yoast SEO plugin v20.8 - https:\/\/yoast.com\/wordpress\/plugins\/seo\/ -->\n<title>TEMER E PSDB NEGOCIAM CHAPA ALCKMIN-MEIRELLES - Bahia Economica<\/title>\n<meta name=\"description\" content=\"O maior portal de Economia da Bahia DESTAQUE DO DIA Bahia Economica\" \/>\n<meta name=\"robots\" content=\"index, follow, max-snippet:-1, max-image-preview:large, max-video-preview:-1\" \/>\n<link rel=\"canonical\" href=\"https:\/\/bahiaeconomica.com.br\/wp\/2018\/04\/26\/temer-e-psdb-negociam-chapa-alckmin-meirelles-2\/\" \/>\n<meta property=\"og:locale\" content=\"pt_BR\" \/>\n<meta property=\"og:type\" content=\"article\" \/>\n<meta property=\"og:title\" content=\"TEMER E PSDB NEGOCIAM CHAPA ALCKMIN-MEIRELLES - Bahia Economica\" \/>\n<meta property=\"og:description\" content=\"O maior portal de Economia da Bahia DESTAQUE DO DIA Bahia Economica\" \/>\n<meta property=\"og:url\" content=\"https:\/\/bahiaeconomica.com.br\/wp\/2018\/04\/26\/temer-e-psdb-negociam-chapa-alckmin-meirelles-2\/\" \/>\n<meta property=\"og:site_name\" content=\"Bahia Economica\" \/>\n<meta property=\"article:publisher\" content=\"https:\/\/www.facebook.com\/bahiaeconomica\" \/>\n<meta property=\"article:published_time\" content=\"2018-04-26T15:51:44+00:00\" \/>\n<meta property=\"og:image\" content=\"https:\/\/bahiaeconomica.com.br\/wp\/wp-content\/uploads\/2018\/04\/Alckmin_Meirelles-e1524757896805.jpg\" \/>\n\t<meta property=\"og:image:width\" content=\"500\" \/>\n\t<meta property=\"og:image:height\" content=\"350\" \/>\n\t<meta property=\"og:image:type\" content=\"image\/jpeg\" \/>\n<meta name=\"author\" content=\"admin\" \/>\n<meta name=\"twitter:card\" content=\"summary_large_image\" \/>\n<meta name=\"twitter:label1\" content=\"Escrito por\" \/>\n\t<meta name=\"twitter:data1\" content=\"admin\" \/>\n\t<meta name=\"twitter:label2\" content=\"Est. tempo de leitura\" \/>\n\t<meta name=\"twitter:data2\" content=\"2 minutos\" \/>\n<script type=\"application\/ld+json\" class=\"yoast-schema-graph\">{\"@context\":\"https:\/\/schema.org\",\"@graph\":[{\"@type\":\"Article\",\"@id\":\"https:\/\/bahiaeconomica.com.br\/wp\/2018\/04\/26\/temer-e-psdb-negociam-chapa-alckmin-meirelles-2\/#article\",\"isPartOf\":{\"@id\":\"https:\/\/bahiaeconomica.com.br\/wp\/2018\/04\/26\/temer-e-psdb-negociam-chapa-alckmin-meirelles-2\/\"},\"author\":{\"name\":\"admin\",\"@id\":\"https:\/\/bahiaeconomica.com.br\/wp\/#\/schema\/person\/cb1ab5ba96ad3d9390805381c76284ec\"},\"headline\":\"TEMER E PSDB NEGOCIAM CHAPA ALCKMIN-MEIRELLES\",\"datePublished\":\"2018-04-26T15:51:44+00:00\",\"dateModified\":\"2018-04-26T15:51:44+00:00\",\"mainEntityOfPage\":{\"@id\":\"https:\/\/bahiaeconomica.com.br\/wp\/2018\/04\/26\/temer-e-psdb-negociam-chapa-alckmin-meirelles-2\/\"},\"wordCount\":385,\"commentCount\":0,\"publisher\":{\"@id\":\"https:\/\/bahiaeconomica.com.br\/wp\/#organization\"},\"articleSection\":[\"DESTAQUE DO DIA\"],\"inLanguage\":\"pt-BR\",\"potentialAction\":[{\"@type\":\"CommentAction\",\"name\":\"Comment\",\"target\":[\"https:\/\/bahiaeconomica.com.br\/wp\/2018\/04\/26\/temer-e-psdb-negociam-chapa-alckmin-meirelles-2\/#respond\"]}]},{\"@type\":\"WebPage\",\"@id\":\"https:\/\/bahiaeconomica.com.br\/wp\/2018\/04\/26\/temer-e-psdb-negociam-chapa-alckmin-meirelles-2\/\",\"url\":\"https:\/\/bahiaeconomica.com.br\/wp\/2018\/04\/26\/temer-e-psdb-negociam-chapa-alckmin-meirelles-2\/\",\"name\":\"TEMER E PSDB NEGOCIAM CHAPA ALCKMIN-MEIRELLES - Bahia Economica\",\"isPartOf\":{\"@id\":\"https:\/\/bahiaeconomica.com.br\/wp\/#website\"},\"datePublished\":\"2018-04-26T15:51:44+00:00\",\"dateModified\":\"2018-04-26T15:51:44+00:00\",\"description\":\"O maior portal de Economia da Bahia DESTAQUE DO DIA Bahia Economica\",\"breadcrumb\":{\"@id\":\"https:\/\/bahiaeconomica.com.br\/wp\/2018\/04\/26\/temer-e-psdb-negociam-chapa-alckmin-meirelles-2\/#breadcrumb\"},\"inLanguage\":\"pt-BR\",\"potentialAction\":[{\"@type\":\"ReadAction\",\"target\":[\"https:\/\/bahiaeconomica.com.br\/wp\/2018\/04\/26\/temer-e-psdb-negociam-chapa-alckmin-meirelles-2\/\"]}]},{\"@type\":\"BreadcrumbList\",\"@id\":\"https:\/\/bahiaeconomica.com.br\/wp\/2018\/04\/26\/temer-e-psdb-negociam-chapa-alckmin-meirelles-2\/#breadcrumb\",\"itemListElement\":[{\"@type\":\"ListItem\",\"position\":1,\"name\":\"In\u00edcio\",\"item\":\"https:\/\/bahiaeconomica.com.br\/wp\/\"},{\"@type\":\"ListItem\",\"position\":2,\"name\":\"TEMER E PSDB NEGOCIAM CHAPA ALCKMIN-MEIRELLES\"}]},{\"@type\":\"WebSite\",\"@id\":\"https:\/\/bahiaeconomica.com.br\/wp\/#website\",\"url\":\"https:\/\/bahiaeconomica.com.br\/wp\/\",\"name\":\"Bahia Economica\",\"description\":\"O maior portal de Economia da Bahia\",\"publisher\":{\"@id\":\"https:\/\/bahiaeconomica.com.br\/wp\/#organization\"},\"potentialAction\":[{\"@type\":\"SearchAction\",\"target\":{\"@type\":\"EntryPoint\",\"urlTemplate\":\"https:\/\/bahiaeconomica.com.br\/wp\/?s={search_term_string}\"},\"query-input\":\"required name=search_term_string\"}],\"inLanguage\":\"pt-BR\"},{\"@type\":\"Organization\",\"@id\":\"https:\/\/bahiaeconomica.com.br\/wp\/#organization\",\"name\":\"Bahia Econ\u00f4mica\",\"url\":\"https:\/\/bahiaeconomica.com.br\/wp\/\",\"logo\":{\"@type\":\"ImageObject\",\"inLanguage\":\"pt-BR\",\"@id\":\"https:\/\/bahiaeconomica.com.br\/wp\/#\/schema\/logo\/image\/\",\"url\":\"https:\/\/bahiaeconomica.com.br\/wp\/wp-content\/uploads\/2020\/12\/cropped-BE.png\",\"contentUrl\":\"https:\/\/bahiaeconomica.com.br\/wp\/wp-content\/uploads\/2020\/12\/cropped-BE.png\",\"width\":512,\"height\":512,\"caption\":\"Bahia Econ\u00f4mica\"},\"image\":{\"@id\":\"https:\/\/bahiaeconomica.com.br\/wp\/#\/schema\/logo\/image\/\"},\"sameAs\":[\"https:\/\/www.facebook.com\/bahiaeconomica\"]},{\"@type\":\"Person\",\"@id\":\"https:\/\/bahiaeconomica.com.br\/wp\/#\/schema\/person\/cb1ab5ba96ad3d9390805381c76284ec\",\"name\":\"admin\",\"url\":\"https:\/\/bahiaeconomica.com.br\/wp\/author\/admin\/\"}]}<\/script>\n<!-- \/ Yoast SEO plugin. -->","yoast_head_json":{"title":"TEMER E PSDB NEGOCIAM CHAPA ALCKMIN-MEIRELLES - Bahia Economica","description":"O maior portal de Economia da Bahia DESTAQUE DO DIA Bahia Economica","robots":{"index":"index","follow":"follow","max-snippet":"max-snippet:-1","max-image-preview":"max-image-preview:large","max-video-preview":"max-video-preview:-1"},"canonical":"https:\/\/bahiaeconomica.com.br\/wp\/2018\/04\/26\/temer-e-psdb-negociam-chapa-alckmin-meirelles-2\/","og_locale":"pt_BR","og_type":"article","og_title":"TEMER E PSDB NEGOCIAM CHAPA ALCKMIN-MEIRELLES - Bahia Economica","og_description":"O maior portal de Economia da Bahia DESTAQUE DO DIA Bahia Economica","og_url":"https:\/\/bahiaeconomica.com.br\/wp\/2018\/04\/26\/temer-e-psdb-negociam-chapa-alckmin-meirelles-2\/","og_site_name":"Bahia Economica","article_publisher":"https:\/\/www.facebook.com\/bahiaeconomica","article_published_time":"2018-04-26T15:51:44+00:00","og_image":[{"width":500,"height":350,"url":"https:\/\/bahiaeconomica.com.br\/wp\/wp-content\/uploads\/2018\/04\/Alckmin_Meirelles-e1524757896805.jpg","type":"image\/jpeg"}],"author":"admin","twitter_card":"summary_large_image","twitter_misc":{"Escrito por":"admin","Est. tempo de leitura":"2 minutos"},"schema":{"@context":"https:\/\/schema.org","@graph":[{"@type":"Article","@id":"https:\/\/bahiaeconomica.com.br\/wp\/2018\/04\/26\/temer-e-psdb-negociam-chapa-alckmin-meirelles-2\/#article","isPartOf":{"@id":"https:\/\/bahiaeconomica.com.br\/wp\/2018\/04\/26\/temer-e-psdb-negociam-chapa-alckmin-meirelles-2\/"},"author":{"name":"admin","@id":"https:\/\/bahiaeconomica.com.br\/wp\/#\/schema\/person\/cb1ab5ba96ad3d9390805381c76284ec"},"headline":"TEMER E PSDB NEGOCIAM CHAPA ALCKMIN-MEIRELLES","datePublished":"2018-04-26T15:51:44+00:00","dateModified":"2018-04-26T15:51:44+00:00","mainEntityOfPage":{"@id":"https:\/\/bahiaeconomica.com.br\/wp\/2018\/04\/26\/temer-e-psdb-negociam-chapa-alckmin-meirelles-2\/"},"wordCount":385,"commentCount":0,"publisher":{"@id":"https:\/\/bahiaeconomica.com.br\/wp\/#organization"},"articleSection":["DESTAQUE DO DIA"],"inLanguage":"pt-BR","potentialAction":[{"@type":"CommentAction","name":"Comment","target":["https:\/\/bahiaeconomica.com.br\/wp\/2018\/04\/26\/temer-e-psdb-negociam-chapa-alckmin-meirelles-2\/#respond"]}]},{"@type":"WebPage","@id":"https:\/\/bahiaeconomica.com.br\/wp\/2018\/04\/26\/temer-e-psdb-negociam-chapa-alckmin-meirelles-2\/","url":"https:\/\/bahiaeconomica.com.br\/wp\/2018\/04\/26\/temer-e-psdb-negociam-chapa-alckmin-meirelles-2\/","name":"TEMER E PSDB NEGOCIAM CHAPA ALCKMIN-MEIRELLES - Bahia Economica","isPartOf":{"@id":"https:\/\/bahiaeconomica.com.br\/wp\/#website"},"datePublished":"2018-04-26T15:51:44+00:00","dateModified":"2018-04-26T15:51:44+00:00","description":"O maior portal de Economia da Bahia DESTAQUE DO DIA Bahia Economica","breadcrumb":{"@id":"https:\/\/bahiaeconomica.com.br\/wp\/2018\/04\/26\/temer-e-psdb-negociam-chapa-alckmin-meirelles-2\/#breadcrumb"},"inLanguage":"pt-BR","potentialAction":[{"@type":"ReadAction","target":["https:\/\/bahiaeconomica.com.br\/wp\/2018\/04\/26\/temer-e-psdb-negociam-chapa-alckmin-meirelles-2\/"]}]},{"@type":"BreadcrumbList","@id":"https:\/\/bahiaeconomica.com.br\/wp\/2018\/04\/26\/temer-e-psdb-negociam-chapa-alckmin-meirelles-2\/#breadcrumb","itemListElement":[{"@type":"ListItem","position":1,"name":"In\u00edcio","item":"https:\/\/bahiaeconomica.com.br\/wp\/"},{"@type":"ListItem","position":2,"name":"TEMER E PSDB NEGOCIAM CHAPA ALCKMIN-MEIRELLES"}]},{"@type":"WebSite","@id":"https:\/\/bahiaeconomica.com.br\/wp\/#website","url":"https:\/\/bahiaeconomica.com.br\/wp\/","name":"Bahia Economica","description":"O maior portal de Economia da Bahia","publisher":{"@id":"https:\/\/bahiaeconomica.com.br\/wp\/#organization"},"potentialAction":[{"@type":"SearchAction","target":{"@type":"EntryPoint","urlTemplate":"https:\/\/bahiaeconomica.com.br\/wp\/?s={search_term_string}"},"query-input":"required name=search_term_string"}],"inLanguage":"pt-BR"},{"@type":"Organization","@id":"https:\/\/bahiaeconomica.com.br\/wp\/#organization","name":"Bahia Econ\u00f4mica","url":"https:\/\/bahiaeconomica.com.br\/wp\/","logo":{"@type":"ImageObject","inLanguage":"pt-BR","@id":"https:\/\/bahiaeconomica.com.br\/wp\/#\/schema\/logo\/image\/","url":"https:\/\/bahiaeconomica.com.br\/wp\/wp-content\/uploads\/2020\/12\/cropped-BE.png","contentUrl":"https:\/\/bahiaeconomica.com.br\/wp\/wp-content\/uploads\/2020\/12\/cropped-BE.png","width":512,"height":512,"caption":"Bahia Econ\u00f4mica"},"image":{"@id":"https:\/\/bahiaeconomica.com.br\/wp\/#\/schema\/logo\/image\/"},"sameAs":["https:\/\/www.facebook.com\/bahiaeconomica"]},{"@type":"Person","@id":"https:\/\/bahiaeconomica.com.br\/wp\/#\/schema\/person\/cb1ab5ba96ad3d9390805381c76284ec","name":"admin","url":"https:\/\/bahiaeconomica.com.br\/wp\/author\/admin\/"}]}},"views":0,"_links":{"self":[{"href":"https:\/\/bahiaeconomica.com.br\/wp\/wp-json\/wp\/v2\/posts\/22043"}],"collection":[{"href":"https:\/\/bahiaeconomica.com.br\/wp\/wp-json\/wp\/v2\/posts"}],"about":[{"href":"https:\/\/bahiaeconomica.com.br\/wp\/wp-json\/wp\/v2\/types\/post"}],"author":[{"embeddable":true,"href":"https:\/\/bahiaeconomica.com.br\/wp\/wp-json\/wp\/v2\/users\/1"}],"replies":[{"embeddable":true,"href":"https:\/\/bahiaeconomica.com.br\/wp\/wp-json\/wp\/v2\/comments?post=22043"}],"version-history":[{"count":0,"href":"https:\/\/bahiaeconomica.com.br\/wp\/wp-json\/wp\/v2\/posts\/22043\/revisions"}],"wp:featuredmedia":[{"embeddable":true,"href":"https:\/\/bahiaeconomica.com.br\/wp\/wp-json\/wp\/v2\/media\/22045"}],"wp:attachment":[{"href":"https:\/\/bahiaeconomica.com.br\/wp\/wp-json\/wp\/v2\/media?parent=22043"}],"wp:term":[{"taxonomy":"category","embeddable":true,"href":"https:\/\/bahiaeconomica.com.br\/wp\/wp-json\/wp\/v2\/categories?post=22043"},{"taxonomy":"post_tag","embeddable":true,"href":"https:\/\/bahiaeconomica.com.br\/wp\/wp-json\/wp\/v2\/tags?post=22043"}],"curies":[{"name":"wp","href":"https:\/\/api.w.org\/{rel}","templated":true}]}}