{"id":214082,"date":"2018-11-30T13:00:35","date_gmt":"2018-11-30T15:00:35","guid":{"rendered":"https:\/\/bahiaeconomica.com.br\/wp\/beta\/?p=214082"},"modified":"2018-11-30T13:50:36","modified_gmt":"2018-11-30T15:50:36","slug":"mpf-recomenda-que-45-municipios-do-sul-da-bahia-regularizem-transporte-escolar","status":"publish","type":"post","link":"https:\/\/bahiaeconomica.com.br\/wp\/2018\/11\/30\/mpf-recomenda-que-45-municipios-do-sul-da-bahia-regularizem-transporte-escolar\/","title":{"rendered":"MPF RECOMENDA QUE 45 MUNIC\u00cdPIOS DO SUL DA BAHIA REGULARIZEM TRANSPORTE ESCOLAR"},"content":{"rendered":"<p style=\"text-align: justify;\">O Minist\u00e9rio P\u00fablico Federal (MPF) em Ilh\u00e9us\/Itabuna (BA) emitiu recomenda\u00e7\u00f5es aos 45 munic\u00edpios de sua \u00e1rea de abrang\u00eancia \u2013 no sul da Bahia \u2013 para que regularizem as licita\u00e7\u00f5es, contrata\u00e7\u00f5es e execu\u00e7\u00e3o do servi\u00e7o de transporte escolar. Os documentos foram expedidos na \u00faltima segunda-feira (26). Cada prefeito tem dez dias, a contar da data de recebimento, para se manifestar sobre o acatamento da Recomenda\u00e7\u00e3o do MPF.<\/p>\n<p style=\"text-align: justify;\">No documento, o procurador da Rep\u00fablica Tiago Modesto Rabelo aponta que o MPF constatou diversas irregularidades na contrata\u00e7\u00e3o e execu\u00e7\u00e3o do servi\u00e7o, al\u00e9m da m\u00e1 aplica\u00e7\u00e3o das verbas provenientes do Programa Nacional de Transporte Escolar (Pnate) ou do Fundo de Manuten\u00e7\u00e3o e Desenvolvimento da Educa\u00e7\u00e3o B\u00e1sica e de Valoriza\u00e7\u00e3o dos Profissionais da Educa\u00e7\u00e3o (Fundeb).<\/p>\n<p style=\"text-align: justify;\">Entre as irregularidades, pode-se destacar: aumento no valor dos contratos e na prorroga\u00e7\u00e3o irregular do prazo dos contratos; contrata\u00e7\u00e3o de empresas constitu\u00eddas em nome de \u201claranjas\u201d e\/ou \u201cde fachada\u201d, sem capacidade operacional para prestar o servi\u00e7o; servi\u00e7os prestados por terceiros ilicitamente subcontratados por valores muito inferiores aos pagos pela prefeitura \u00e0 empresa; sobrepre\u00e7o e superfaturamento.<\/p>\n<p style=\"text-align: justify;\">Os prefeitos t\u00eam at\u00e9 31 de janeiro de 2019 para comprovar a ado\u00e7\u00e3o de uma s\u00e9rie de medidas a fim de regularizar a contrata\u00e7\u00e3o, a aplica\u00e7\u00e3o de verbas p\u00fablicas, a fiscaliza\u00e7\u00e3o do servi\u00e7o e o uso dos ve\u00edculos de transporte escolar, anulando\/rescindindo ou deixando de prorrogar os contratos que n\u00e3o estejam ajustados ao que foi proposto com base na lei. O MPF recomendou, ainda, que as prefeituras planejem, para o ano letivo de 2019, a licita\u00e7\u00e3o por itens, a fim de promover a contrata\u00e7\u00e3o, por linhas\/rotas espec\u00edficas, de pessoas que tenham capacidade operacional para prestar o servi\u00e7o, vedada a subcontrata\u00e7\u00e3o il\u00edcita.<\/p>\n<p style=\"text-align: justify;\">Al\u00e9m disso, dentre as recomenda\u00e7\u00f5es, os munic\u00edpios devem: promover ampla publicidade e pesquisa de pre\u00e7o ao licitar o servi\u00e7o, sendo proibidas exig\u00eancias edital\u00edcias que inviabilizem a competitividade; fiscalizar a presta\u00e7\u00e3o do servi\u00e7o, inclusive quanto \u00e0s dist\u00e2ncias percorridas; possibilitar o controle social; georreferenciar\/mapear as rotas de transporte escolar, com indica\u00e7\u00e3o dos itiner\u00e1rios e escolas abrangidas, disponibilizando o detalhamento atualizado das rotas no s\u00edtio eletr\u00f4nico do munic\u00edpio; publicar, mensalmente, nos portais de transpar\u00eancia, tabela resumida com a rela\u00e7\u00e3o de ve\u00edculos, rotas e outros dados, al\u00e9m dos respectivos processos de pagamento; efetuar os pagamentos aos contratados apenas por meio detransfer\u00eancia eletr\u00f4nica identificada ou dep\u00f3sito direto na conta do efetivo prestador do servi\u00e7o etc.<\/p>\n<p style=\"text-align: justify;\">Munic\u00edpios da \u00e1rea de abrang\u00eancia do MPF em Ilh\u00e9us\/Itabuna: Almadina, Arataca, Aurelino Leal, Barro Preto, Buerarema, Cairu, Camacan, Camamu, Canavieiras, Coaraci, Firmino Alves, Floresta Azul, Gandu, Ibicara\u00ed, Ibicu\u00ed, Ibirapitanga, Igrapi\u00fana, Igua\u00ed, Ilh\u00e9us, Itabuna, Itacar\u00e9, Itaj\u00fa do Col\u00f4nia, Itaju\u00edpe, Itap\u00e9, Itapitanga, Itoror\u00f3, Ituber\u00e1, Jussari, Mara\u00fa, Mascote, Nilo Pe\u00e7anha, Nova Cana\u00e3, Pau Brasil, Pira\u00ed do Norte, Potiragu\u00e1, Presidente Tancredo Neves, Santa Cruz da Vit\u00f3ria, Santa Luzia, S\u00e3o Jos\u00e9 da Vit\u00f3ria, Tapero\u00e1, Teol\u00e2ndia, Ubaitaba, Una, Uru\u00e7uca e Wenceslau Guimar\u00e3es\/BA.<\/p>\n","protected":false},"excerpt":{"rendered":"<p>O Minist\u00e9rio P\u00fablico Federal (MPF) em Ilh\u00e9us\/Itabuna (BA) emitiu recomenda\u00e7\u00f5es aos 45 munic\u00edpios de sua \u00e1rea de abrang\u00eancia \u2013 no sul da Bahia \u2013 para que regularizem as licita\u00e7\u00f5es, contrata\u00e7\u00f5es e execu\u00e7\u00e3o do servi\u00e7o de transporte escolar. Os documentos foram expedidos na \u00faltima segunda-feira (26). Cada prefeito tem dez dias, a contar da data de [&hellip;]<\/p>\n","protected":false},"author":1,"featured_media":214085,"comment_status":"open","ping_status":"open","sticky":false,"template":"","format":"standard","meta":[],"categories":[5],"tags":[],"acf":[],"yoast_head":"<!-- This site is optimized with the Yoast SEO plugin v20.8 - https:\/\/yoast.com\/wordpress\/plugins\/seo\/ -->\n<title>MPF RECOMENDA QUE 45 MUNIC\u00cdPIOS DO SUL DA BAHIA REGULARIZEM TRANSPORTE ESCOLAR - Bahia Economica<\/title>\n<meta name=\"description\" content=\"O maior portal de Economia da Bahia MUNIC\u00cdPIOS Bahia Economica\" \/>\n<meta name=\"robots\" content=\"index, follow, max-snippet:-1, max-image-preview:large, max-video-preview:-1\" \/>\n<link rel=\"canonical\" href=\"https:\/\/bahiaeconomica.com.br\/wp\/2018\/11\/30\/mpf-recomenda-que-45-municipios-do-sul-da-bahia-regularizem-transporte-escolar\/\" \/>\n<meta property=\"og:locale\" content=\"pt_BR\" \/>\n<meta property=\"og:type\" content=\"article\" \/>\n<meta property=\"og:title\" content=\"MPF RECOMENDA QUE 45 MUNIC\u00cdPIOS DO SUL DA BAHIA REGULARIZEM TRANSPORTE ESCOLAR - Bahia Economica\" \/>\n<meta property=\"og:description\" content=\"O maior portal de Economia da Bahia MUNIC\u00cdPIOS Bahia Economica\" \/>\n<meta property=\"og:url\" content=\"https:\/\/bahiaeconomica.com.br\/wp\/2018\/11\/30\/mpf-recomenda-que-45-municipios-do-sul-da-bahia-regularizem-transporte-escolar\/\" \/>\n<meta property=\"og:site_name\" content=\"Bahia Economica\" \/>\n<meta property=\"article:publisher\" content=\"https:\/\/www.facebook.com\/bahiaeconomica\" \/>\n<meta property=\"article:published_time\" content=\"2018-11-30T15:00:35+00:00\" \/>\n<meta property=\"article:modified_time\" content=\"2018-11-30T15:50:36+00:00\" \/>\n<meta property=\"og:image\" content=\"https:\/\/bahiaeconomica.com.br\/wp\/wp-content\/uploads\/2018\/11\/seva_caminhos-da-escola-e1543569268149.jpg\" \/>\n\t<meta property=\"og:image:width\" content=\"500\" \/>\n\t<meta property=\"og:image:height\" content=\"290\" \/>\n\t<meta property=\"og:image:type\" content=\"image\/jpeg\" \/>\n<meta name=\"author\" content=\"admin\" \/>\n<meta name=\"twitter:card\" content=\"summary_large_image\" \/>\n<meta name=\"twitter:label1\" content=\"Escrito por\" \/>\n\t<meta name=\"twitter:data1\" content=\"admin\" \/>\n\t<meta name=\"twitter:label2\" content=\"Est. tempo de leitura\" \/>\n\t<meta name=\"twitter:data2\" content=\"3 minutos\" \/>\n<script type=\"application\/ld+json\" class=\"yoast-schema-graph\">{\"@context\":\"https:\/\/schema.org\",\"@graph\":[{\"@type\":\"Article\",\"@id\":\"https:\/\/bahiaeconomica.com.br\/wp\/2018\/11\/30\/mpf-recomenda-que-45-municipios-do-sul-da-bahia-regularizem-transporte-escolar\/#article\",\"isPartOf\":{\"@id\":\"https:\/\/bahiaeconomica.com.br\/wp\/2018\/11\/30\/mpf-recomenda-que-45-municipios-do-sul-da-bahia-regularizem-transporte-escolar\/\"},\"author\":{\"name\":\"admin\",\"@id\":\"https:\/\/bahiaeconomica.com.br\/wp\/#\/schema\/person\/cb1ab5ba96ad3d9390805381c76284ec\"},\"headline\":\"MPF RECOMENDA QUE 45 MUNIC\u00cdPIOS DO SUL DA BAHIA REGULARIZEM TRANSPORTE ESCOLAR\",\"datePublished\":\"2018-11-30T15:00:35+00:00\",\"dateModified\":\"2018-11-30T15:50:36+00:00\",\"mainEntityOfPage\":{\"@id\":\"https:\/\/bahiaeconomica.com.br\/wp\/2018\/11\/30\/mpf-recomenda-que-45-municipios-do-sul-da-bahia-regularizem-transporte-escolar\/\"},\"wordCount\":554,\"commentCount\":0,\"publisher\":{\"@id\":\"https:\/\/bahiaeconomica.com.br\/wp\/#organization\"},\"articleSection\":[\"MUNIC\u00cdPIOS\"],\"inLanguage\":\"pt-BR\",\"potentialAction\":[{\"@type\":\"CommentAction\",\"name\":\"Comment\",\"target\":[\"https:\/\/bahiaeconomica.com.br\/wp\/2018\/11\/30\/mpf-recomenda-que-45-municipios-do-sul-da-bahia-regularizem-transporte-escolar\/#respond\"]}]},{\"@type\":\"WebPage\",\"@id\":\"https:\/\/bahiaeconomica.com.br\/wp\/2018\/11\/30\/mpf-recomenda-que-45-municipios-do-sul-da-bahia-regularizem-transporte-escolar\/\",\"url\":\"https:\/\/bahiaeconomica.com.br\/wp\/2018\/11\/30\/mpf-recomenda-que-45-municipios-do-sul-da-bahia-regularizem-transporte-escolar\/\",\"name\":\"MPF RECOMENDA QUE 45 MUNIC\u00cdPIOS DO SUL DA BAHIA REGULARIZEM TRANSPORTE ESCOLAR - Bahia Economica\",\"isPartOf\":{\"@id\":\"https:\/\/bahiaeconomica.com.br\/wp\/#website\"},\"datePublished\":\"2018-11-30T15:00:35+00:00\",\"dateModified\":\"2018-11-30T15:50:36+00:00\",\"description\":\"O maior portal de Economia da Bahia MUNIC\u00cdPIOS Bahia Economica\",\"breadcrumb\":{\"@id\":\"https:\/\/bahiaeconomica.com.br\/wp\/2018\/11\/30\/mpf-recomenda-que-45-municipios-do-sul-da-bahia-regularizem-transporte-escolar\/#breadcrumb\"},\"inLanguage\":\"pt-BR\",\"potentialAction\":[{\"@type\":\"ReadAction\",\"target\":[\"https:\/\/bahiaeconomica.com.br\/wp\/2018\/11\/30\/mpf-recomenda-que-45-municipios-do-sul-da-bahia-regularizem-transporte-escolar\/\"]}]},{\"@type\":\"BreadcrumbList\",\"@id\":\"https:\/\/bahiaeconomica.com.br\/wp\/2018\/11\/30\/mpf-recomenda-que-45-municipios-do-sul-da-bahia-regularizem-transporte-escolar\/#breadcrumb\",\"itemListElement\":[{\"@type\":\"ListItem\",\"position\":1,\"name\":\"In\u00edcio\",\"item\":\"https:\/\/bahiaeconomica.com.br\/wp\/\"},{\"@type\":\"ListItem\",\"position\":2,\"name\":\"MPF RECOMENDA QUE 45 MUNIC\u00cdPIOS DO SUL DA BAHIA REGULARIZEM TRANSPORTE ESCOLAR\"}]},{\"@type\":\"WebSite\",\"@id\":\"https:\/\/bahiaeconomica.com.br\/wp\/#website\",\"url\":\"https:\/\/bahiaeconomica.com.br\/wp\/\",\"name\":\"Bahia Economica\",\"description\":\"O maior portal de Economia da Bahia\",\"publisher\":{\"@id\":\"https:\/\/bahiaeconomica.com.br\/wp\/#organization\"},\"potentialAction\":[{\"@type\":\"SearchAction\",\"target\":{\"@type\":\"EntryPoint\",\"urlTemplate\":\"https:\/\/bahiaeconomica.com.br\/wp\/?s={search_term_string}\"},\"query-input\":\"required name=search_term_string\"}],\"inLanguage\":\"pt-BR\"},{\"@type\":\"Organization\",\"@id\":\"https:\/\/bahiaeconomica.com.br\/wp\/#organization\",\"name\":\"Bahia Econ\u00f4mica\",\"url\":\"https:\/\/bahiaeconomica.com.br\/wp\/\",\"logo\":{\"@type\":\"ImageObject\",\"inLanguage\":\"pt-BR\",\"@id\":\"https:\/\/bahiaeconomica.com.br\/wp\/#\/schema\/logo\/image\/\",\"url\":\"https:\/\/bahiaeconomica.com.br\/wp\/wp-content\/uploads\/2020\/12\/cropped-BE.png\",\"contentUrl\":\"https:\/\/bahiaeconomica.com.br\/wp\/wp-content\/uploads\/2020\/12\/cropped-BE.png\",\"width\":512,\"height\":512,\"caption\":\"Bahia Econ\u00f4mica\"},\"image\":{\"@id\":\"https:\/\/bahiaeconomica.com.br\/wp\/#\/schema\/logo\/image\/\"},\"sameAs\":[\"https:\/\/www.facebook.com\/bahiaeconomica\"]},{\"@type\":\"Person\",\"@id\":\"https:\/\/bahiaeconomica.com.br\/wp\/#\/schema\/person\/cb1ab5ba96ad3d9390805381c76284ec\",\"name\":\"admin\",\"url\":\"https:\/\/bahiaeconomica.com.br\/wp\/author\/admin\/\"}]}<\/script>\n<!-- \/ Yoast SEO plugin. -->","yoast_head_json":{"title":"MPF RECOMENDA QUE 45 MUNIC\u00cdPIOS DO SUL DA BAHIA REGULARIZEM TRANSPORTE ESCOLAR - Bahia Economica","description":"O maior portal de Economia da Bahia MUNIC\u00cdPIOS Bahia Economica","robots":{"index":"index","follow":"follow","max-snippet":"max-snippet:-1","max-image-preview":"max-image-preview:large","max-video-preview":"max-video-preview:-1"},"canonical":"https:\/\/bahiaeconomica.com.br\/wp\/2018\/11\/30\/mpf-recomenda-que-45-municipios-do-sul-da-bahia-regularizem-transporte-escolar\/","og_locale":"pt_BR","og_type":"article","og_title":"MPF RECOMENDA QUE 45 MUNIC\u00cdPIOS DO SUL DA BAHIA REGULARIZEM TRANSPORTE ESCOLAR - Bahia Economica","og_description":"O maior portal de Economia da Bahia MUNIC\u00cdPIOS Bahia Economica","og_url":"https:\/\/bahiaeconomica.com.br\/wp\/2018\/11\/30\/mpf-recomenda-que-45-municipios-do-sul-da-bahia-regularizem-transporte-escolar\/","og_site_name":"Bahia Economica","article_publisher":"https:\/\/www.facebook.com\/bahiaeconomica","article_published_time":"2018-11-30T15:00:35+00:00","article_modified_time":"2018-11-30T15:50:36+00:00","og_image":[{"width":500,"height":290,"url":"https:\/\/bahiaeconomica.com.br\/wp\/wp-content\/uploads\/2018\/11\/seva_caminhos-da-escola-e1543569268149.jpg","type":"image\/jpeg"}],"author":"admin","twitter_card":"summary_large_image","twitter_misc":{"Escrito por":"admin","Est. tempo de leitura":"3 minutos"},"schema":{"@context":"https:\/\/schema.org","@graph":[{"@type":"Article","@id":"https:\/\/bahiaeconomica.com.br\/wp\/2018\/11\/30\/mpf-recomenda-que-45-municipios-do-sul-da-bahia-regularizem-transporte-escolar\/#article","isPartOf":{"@id":"https:\/\/bahiaeconomica.com.br\/wp\/2018\/11\/30\/mpf-recomenda-que-45-municipios-do-sul-da-bahia-regularizem-transporte-escolar\/"},"author":{"name":"admin","@id":"https:\/\/bahiaeconomica.com.br\/wp\/#\/schema\/person\/cb1ab5ba96ad3d9390805381c76284ec"},"headline":"MPF RECOMENDA QUE 45 MUNIC\u00cdPIOS DO SUL DA BAHIA REGULARIZEM TRANSPORTE ESCOLAR","datePublished":"2018-11-30T15:00:35+00:00","dateModified":"2018-11-30T15:50:36+00:00","mainEntityOfPage":{"@id":"https:\/\/bahiaeconomica.com.br\/wp\/2018\/11\/30\/mpf-recomenda-que-45-municipios-do-sul-da-bahia-regularizem-transporte-escolar\/"},"wordCount":554,"commentCount":0,"publisher":{"@id":"https:\/\/bahiaeconomica.com.br\/wp\/#organization"},"articleSection":["MUNIC\u00cdPIOS"],"inLanguage":"pt-BR","potentialAction":[{"@type":"CommentAction","name":"Comment","target":["https:\/\/bahiaeconomica.com.br\/wp\/2018\/11\/30\/mpf-recomenda-que-45-municipios-do-sul-da-bahia-regularizem-transporte-escolar\/#respond"]}]},{"@type":"WebPage","@id":"https:\/\/bahiaeconomica.com.br\/wp\/2018\/11\/30\/mpf-recomenda-que-45-municipios-do-sul-da-bahia-regularizem-transporte-escolar\/","url":"https:\/\/bahiaeconomica.com.br\/wp\/2018\/11\/30\/mpf-recomenda-que-45-municipios-do-sul-da-bahia-regularizem-transporte-escolar\/","name":"MPF RECOMENDA QUE 45 MUNIC\u00cdPIOS DO SUL DA BAHIA REGULARIZEM TRANSPORTE ESCOLAR - Bahia Economica","isPartOf":{"@id":"https:\/\/bahiaeconomica.com.br\/wp\/#website"},"datePublished":"2018-11-30T15:00:35+00:00","dateModified":"2018-11-30T15:50:36+00:00","description":"O maior portal de Economia da Bahia MUNIC\u00cdPIOS Bahia Economica","breadcrumb":{"@id":"https:\/\/bahiaeconomica.com.br\/wp\/2018\/11\/30\/mpf-recomenda-que-45-municipios-do-sul-da-bahia-regularizem-transporte-escolar\/#breadcrumb"},"inLanguage":"pt-BR","potentialAction":[{"@type":"ReadAction","target":["https:\/\/bahiaeconomica.com.br\/wp\/2018\/11\/30\/mpf-recomenda-que-45-municipios-do-sul-da-bahia-regularizem-transporte-escolar\/"]}]},{"@type":"BreadcrumbList","@id":"https:\/\/bahiaeconomica.com.br\/wp\/2018\/11\/30\/mpf-recomenda-que-45-municipios-do-sul-da-bahia-regularizem-transporte-escolar\/#breadcrumb","itemListElement":[{"@type":"ListItem","position":1,"name":"In\u00edcio","item":"https:\/\/bahiaeconomica.com.br\/wp\/"},{"@type":"ListItem","position":2,"name":"MPF RECOMENDA QUE 45 MUNIC\u00cdPIOS DO SUL DA BAHIA REGULARIZEM TRANSPORTE ESCOLAR"}]},{"@type":"WebSite","@id":"https:\/\/bahiaeconomica.com.br\/wp\/#website","url":"https:\/\/bahiaeconomica.com.br\/wp\/","name":"Bahia Economica","description":"O maior portal de Economia da Bahia","publisher":{"@id":"https:\/\/bahiaeconomica.com.br\/wp\/#organization"},"potentialAction":[{"@type":"SearchAction","target":{"@type":"EntryPoint","urlTemplate":"https:\/\/bahiaeconomica.com.br\/wp\/?s={search_term_string}"},"query-input":"required name=search_term_string"}],"inLanguage":"pt-BR"},{"@type":"Organization","@id":"https:\/\/bahiaeconomica.com.br\/wp\/#organization","name":"Bahia Econ\u00f4mica","url":"https:\/\/bahiaeconomica.com.br\/wp\/","logo":{"@type":"ImageObject","inLanguage":"pt-BR","@id":"https:\/\/bahiaeconomica.com.br\/wp\/#\/schema\/logo\/image\/","url":"https:\/\/bahiaeconomica.com.br\/wp\/wp-content\/uploads\/2020\/12\/cropped-BE.png","contentUrl":"https:\/\/bahiaeconomica.com.br\/wp\/wp-content\/uploads\/2020\/12\/cropped-BE.png","width":512,"height":512,"caption":"Bahia Econ\u00f4mica"},"image":{"@id":"https:\/\/bahiaeconomica.com.br\/wp\/#\/schema\/logo\/image\/"},"sameAs":["https:\/\/www.facebook.com\/bahiaeconomica"]},{"@type":"Person","@id":"https:\/\/bahiaeconomica.com.br\/wp\/#\/schema\/person\/cb1ab5ba96ad3d9390805381c76284ec","name":"admin","url":"https:\/\/bahiaeconomica.com.br\/wp\/author\/admin\/"}]}},"views":2,"_links":{"self":[{"href":"https:\/\/bahiaeconomica.com.br\/wp\/wp-json\/wp\/v2\/posts\/214082"}],"collection":[{"href":"https:\/\/bahiaeconomica.com.br\/wp\/wp-json\/wp\/v2\/posts"}],"about":[{"href":"https:\/\/bahiaeconomica.com.br\/wp\/wp-json\/wp\/v2\/types\/post"}],"author":[{"embeddable":true,"href":"https:\/\/bahiaeconomica.com.br\/wp\/wp-json\/wp\/v2\/users\/1"}],"replies":[{"embeddable":true,"href":"https:\/\/bahiaeconomica.com.br\/wp\/wp-json\/wp\/v2\/comments?post=214082"}],"version-history":[{"count":0,"href":"https:\/\/bahiaeconomica.com.br\/wp\/wp-json\/wp\/v2\/posts\/214082\/revisions"}],"wp:featuredmedia":[{"embeddable":true,"href":"https:\/\/bahiaeconomica.com.br\/wp\/wp-json\/wp\/v2\/media\/214085"}],"wp:attachment":[{"href":"https:\/\/bahiaeconomica.com.br\/wp\/wp-json\/wp\/v2\/media?parent=214082"}],"wp:term":[{"taxonomy":"category","embeddable":true,"href":"https:\/\/bahiaeconomica.com.br\/wp\/wp-json\/wp\/v2\/categories?post=214082"},{"taxonomy":"post_tag","embeddable":true,"href":"https:\/\/bahiaeconomica.com.br\/wp\/wp-json\/wp\/v2\/tags?post=214082"}],"curies":[{"name":"wp","href":"https:\/\/api.w.org\/{rel}","templated":true}]}}