{"id":203326,"date":"2018-11-16T08:38:24","date_gmt":"2018-11-16T10:38:24","guid":{"rendered":"https:\/\/bahiaeconomica.com.br\/wp\/beta\/?p=203326"},"modified":"2018-11-16T08:49:08","modified_gmt":"2018-11-16T10:49:08","slug":"tres-cidades-da-regiao-de-presidente-prudente-recebem-inscricoes-para-selecionar-professores","status":"publish","type":"post","link":"https:\/\/bahiaeconomica.com.br\/wp\/2018\/11\/16\/tres-cidades-da-regiao-de-presidente-prudente-recebem-inscricoes-para-selecionar-professores\/","title":{"rendered":"REGI\u00c3O DE PRESIDENTE PRUDENTE TEM CONCURSO PARA PROFESSORES"},"content":{"rendered":"<p style=\"text-align: justify;\">Tr\u00eas concursos seguem com inscri\u00e7\u00f5es abertas para selecionar profissionais de educa\u00e7\u00e3o em tr\u00eas cidades da regi\u00e3o de Presidente Prudente. H\u00e1 vagas em Adamantina, Ouro Verde e Paulic\u00e9ia. A Prefeitura de Adamantina vai realizar processo seletivo para forma\u00e7\u00e3o de cadastro reserva para os cargos de educador de Emei, professor de Educa\u00e7\u00e3o do Ensino Fundamental, professor de Educa\u00e7\u00e3o Infantil, professor de Educa\u00e7\u00e3o Art\u00edstica, professor de Educa\u00e7\u00e3o Especial, professor de Educa\u00e7\u00e3o F\u00edsica, professor de Educa\u00e7\u00e3o de Jovens e Adultos (EJA) e professor de Ingl\u00eas. Os contratados, que ser\u00e3o tempor\u00e1rios, v\u00e3o cumprir jornada de 23h a 40h semanais, com sal\u00e1rios que variam de R$ 1.639,92 a R$ 2.715,28. Os interessados devem se inscrever, por meio da internet, at\u00e9 o dia 19 de novembro. A taxa de inscri\u00e7\u00e3o \u00e9 de R$ 13,89. A aplica\u00e7\u00e3o da prova est\u00e1 prevista para o dia 2 de dezembro de 2018.<\/p>\n<p style=\"text-align: justify;\">A Prefeitura de Ouro Verde tem duas sele\u00e7\u00f5es.<\/p>\n<p style=\"text-align: justify;\">O concurso vai oferecer uma vaga para professor educador e duas oportunidades para professor de ensino fundamental I. A taxa de inscri\u00e7\u00e3o \u00e9 de R$ 35. As inscri\u00e7\u00f5es ser\u00e3o feitas apenas na internet at\u00e9 o dia 19 de novembro. As provas objetivas ser\u00e3o realizadas em Ouro Verde no dia 2 de dezembro. A carga hor\u00e1ria ser\u00e1 de 30h por semana, e a remunera\u00e7\u00e3o, R$ 12,30 a hora\/aula.<\/p>\n<p style=\"text-align: justify;\">Ouro Verde<\/p>\n<p style=\"text-align: justify;\">Ouro Verde, vai selecionar professores para cadastro de reserva. A taxa de inscri\u00e7\u00e3o \u00e9 de R$ 30. Interessados podem se inscrever at\u00e9 o dia 19 de novembro. As inscri\u00e7\u00f5es ser\u00e3o feitas exclusivamente pela internet. As provas acontecem no dia 2 de dezembro. A remunera\u00e7\u00e3o ser\u00e1 de at\u00e9 R$ 14,48 hora\/aula.<\/p>\n<p style=\"text-align: justify;\">A Prefeitura de Paulic\u00e9ia tamb\u00e9m tem concurso p\u00fablico com inscri\u00e7\u00f5es abertas.<\/p>\n<p style=\"text-align: justify;\">O processo visa preencher oito vagas para professores I e II, e a forma\u00e7\u00e3o de cadastro reserva nas fun\u00e7\u00f5es de professor de m\u00fasica, professor de educa\u00e7\u00e3o f\u00edsica, professor de atendimento especializado e professor adjunto.<\/p>\n","protected":false},"excerpt":{"rendered":"<p>Tr\u00eas concursos seguem com inscri\u00e7\u00f5es abertas para selecionar profissionais de educa\u00e7\u00e3o em tr\u00eas cidades da regi\u00e3o de Presidente Prudente. H\u00e1 vagas em Adamantina, Ouro Verde e Paulic\u00e9ia. A Prefeitura de Adamantina vai realizar processo seletivo para forma\u00e7\u00e3o de cadastro reserva para os cargos de educador de Emei, professor de Educa\u00e7\u00e3o do Ensino Fundamental, professor de [&hellip;]<\/p>\n","protected":false},"author":1,"featured_media":111741,"comment_status":"open","ping_status":"open","sticky":false,"template":"","format":"standard","meta":[],"categories":[8],"tags":[],"acf":[],"yoast_head":"<!-- This site is optimized with the Yoast SEO plugin v20.8 - https:\/\/yoast.com\/wordpress\/plugins\/seo\/ -->\n<title>REGI\u00c3O DE PRESIDENTE PRUDENTE TEM CONCURSO PARA PROFESSORES - Bahia Economica<\/title>\n<meta name=\"description\" content=\"O maior portal de Economia da Bahia EMPREGOS \/ CONCURSOS Bahia Economica\" \/>\n<meta name=\"robots\" content=\"index, follow, max-snippet:-1, max-image-preview:large, max-video-preview:-1\" \/>\n<link rel=\"canonical\" href=\"https:\/\/bahiaeconomica.com.br\/wp\/2018\/11\/16\/tres-cidades-da-regiao-de-presidente-prudente-recebem-inscricoes-para-selecionar-professores\/\" \/>\n<meta property=\"og:locale\" content=\"pt_BR\" \/>\n<meta property=\"og:type\" content=\"article\" \/>\n<meta property=\"og:title\" content=\"REGI\u00c3O DE PRESIDENTE PRUDENTE TEM CONCURSO PARA PROFESSORES - Bahia Economica\" \/>\n<meta property=\"og:description\" content=\"O maior portal de Economia da Bahia EMPREGOS \/ CONCURSOS Bahia Economica\" \/>\n<meta property=\"og:url\" content=\"https:\/\/bahiaeconomica.com.br\/wp\/2018\/11\/16\/tres-cidades-da-regiao-de-presidente-prudente-recebem-inscricoes-para-selecionar-professores\/\" \/>\n<meta property=\"og:site_name\" content=\"Bahia Economica\" \/>\n<meta property=\"article:publisher\" content=\"https:\/\/www.facebook.com\/bahiaeconomica\" \/>\n<meta property=\"article:published_time\" content=\"2018-11-16T10:38:24+00:00\" \/>\n<meta property=\"article:modified_time\" content=\"2018-11-16T10:49:08+00:00\" \/>\n<meta property=\"og:image\" content=\"https:\/\/bahiaeconomica.com.br\/wp\/wp-content\/uploads\/2018\/07\/concurso-publico-1078x516-1024x490-e1532656011404.jpg\" \/>\n\t<meta property=\"og:image:width\" content=\"500\" \/>\n\t<meta property=\"og:image:height\" content=\"239\" \/>\n\t<meta property=\"og:image:type\" content=\"image\/jpeg\" \/>\n<meta name=\"author\" content=\"admin\" \/>\n<meta name=\"twitter:card\" content=\"summary_large_image\" \/>\n<meta name=\"twitter:label1\" content=\"Escrito por\" \/>\n\t<meta name=\"twitter:data1\" content=\"admin\" \/>\n\t<meta name=\"twitter:label2\" content=\"Est. tempo de leitura\" \/>\n\t<meta name=\"twitter:data2\" content=\"2 minutos\" \/>\n<script type=\"application\/ld+json\" class=\"yoast-schema-graph\">{\"@context\":\"https:\/\/schema.org\",\"@graph\":[{\"@type\":\"Article\",\"@id\":\"https:\/\/bahiaeconomica.com.br\/wp\/2018\/11\/16\/tres-cidades-da-regiao-de-presidente-prudente-recebem-inscricoes-para-selecionar-professores\/#article\",\"isPartOf\":{\"@id\":\"https:\/\/bahiaeconomica.com.br\/wp\/2018\/11\/16\/tres-cidades-da-regiao-de-presidente-prudente-recebem-inscricoes-para-selecionar-professores\/\"},\"author\":{\"name\":\"admin\",\"@id\":\"https:\/\/bahiaeconomica.com.br\/wp\/#\/schema\/person\/cb1ab5ba96ad3d9390805381c76284ec\"},\"headline\":\"REGI\u00c3O DE PRESIDENTE PRUDENTE TEM CONCURSO PARA PROFESSORES\",\"datePublished\":\"2018-11-16T10:38:24+00:00\",\"dateModified\":\"2018-11-16T10:49:08+00:00\",\"mainEntityOfPage\":{\"@id\":\"https:\/\/bahiaeconomica.com.br\/wp\/2018\/11\/16\/tres-cidades-da-regiao-de-presidente-prudente-recebem-inscricoes-para-selecionar-professores\/\"},\"wordCount\":349,\"commentCount\":0,\"publisher\":{\"@id\":\"https:\/\/bahiaeconomica.com.br\/wp\/#organization\"},\"articleSection\":[\"EMPREGOS \/ CONCURSOS\"],\"inLanguage\":\"pt-BR\",\"potentialAction\":[{\"@type\":\"CommentAction\",\"name\":\"Comment\",\"target\":[\"https:\/\/bahiaeconomica.com.br\/wp\/2018\/11\/16\/tres-cidades-da-regiao-de-presidente-prudente-recebem-inscricoes-para-selecionar-professores\/#respond\"]}]},{\"@type\":\"WebPage\",\"@id\":\"https:\/\/bahiaeconomica.com.br\/wp\/2018\/11\/16\/tres-cidades-da-regiao-de-presidente-prudente-recebem-inscricoes-para-selecionar-professores\/\",\"url\":\"https:\/\/bahiaeconomica.com.br\/wp\/2018\/11\/16\/tres-cidades-da-regiao-de-presidente-prudente-recebem-inscricoes-para-selecionar-professores\/\",\"name\":\"REGI\u00c3O DE PRESIDENTE PRUDENTE TEM CONCURSO PARA PROFESSORES - Bahia Economica\",\"isPartOf\":{\"@id\":\"https:\/\/bahiaeconomica.com.br\/wp\/#website\"},\"datePublished\":\"2018-11-16T10:38:24+00:00\",\"dateModified\":\"2018-11-16T10:49:08+00:00\",\"description\":\"O maior portal de Economia da Bahia EMPREGOS \/ CONCURSOS Bahia Economica\",\"breadcrumb\":{\"@id\":\"https:\/\/bahiaeconomica.com.br\/wp\/2018\/11\/16\/tres-cidades-da-regiao-de-presidente-prudente-recebem-inscricoes-para-selecionar-professores\/#breadcrumb\"},\"inLanguage\":\"pt-BR\",\"potentialAction\":[{\"@type\":\"ReadAction\",\"target\":[\"https:\/\/bahiaeconomica.com.br\/wp\/2018\/11\/16\/tres-cidades-da-regiao-de-presidente-prudente-recebem-inscricoes-para-selecionar-professores\/\"]}]},{\"@type\":\"BreadcrumbList\",\"@id\":\"https:\/\/bahiaeconomica.com.br\/wp\/2018\/11\/16\/tres-cidades-da-regiao-de-presidente-prudente-recebem-inscricoes-para-selecionar-professores\/#breadcrumb\",\"itemListElement\":[{\"@type\":\"ListItem\",\"position\":1,\"name\":\"In\u00edcio\",\"item\":\"https:\/\/bahiaeconomica.com.br\/wp\/\"},{\"@type\":\"ListItem\",\"position\":2,\"name\":\"REGI\u00c3O DE PRESIDENTE PRUDENTE TEM CONCURSO PARA PROFESSORES\"}]},{\"@type\":\"WebSite\",\"@id\":\"https:\/\/bahiaeconomica.com.br\/wp\/#website\",\"url\":\"https:\/\/bahiaeconomica.com.br\/wp\/\",\"name\":\"Bahia Economica\",\"description\":\"O maior portal de Economia da Bahia\",\"publisher\":{\"@id\":\"https:\/\/bahiaeconomica.com.br\/wp\/#organization\"},\"potentialAction\":[{\"@type\":\"SearchAction\",\"target\":{\"@type\":\"EntryPoint\",\"urlTemplate\":\"https:\/\/bahiaeconomica.com.br\/wp\/?s={search_term_string}\"},\"query-input\":\"required name=search_term_string\"}],\"inLanguage\":\"pt-BR\"},{\"@type\":\"Organization\",\"@id\":\"https:\/\/bahiaeconomica.com.br\/wp\/#organization\",\"name\":\"Bahia Econ\u00f4mica\",\"url\":\"https:\/\/bahiaeconomica.com.br\/wp\/\",\"logo\":{\"@type\":\"ImageObject\",\"inLanguage\":\"pt-BR\",\"@id\":\"https:\/\/bahiaeconomica.com.br\/wp\/#\/schema\/logo\/image\/\",\"url\":\"https:\/\/bahiaeconomica.com.br\/wp\/wp-content\/uploads\/2020\/12\/cropped-BE.png\",\"contentUrl\":\"https:\/\/bahiaeconomica.com.br\/wp\/wp-content\/uploads\/2020\/12\/cropped-BE.png\",\"width\":512,\"height\":512,\"caption\":\"Bahia Econ\u00f4mica\"},\"image\":{\"@id\":\"https:\/\/bahiaeconomica.com.br\/wp\/#\/schema\/logo\/image\/\"},\"sameAs\":[\"https:\/\/www.facebook.com\/bahiaeconomica\"]},{\"@type\":\"Person\",\"@id\":\"https:\/\/bahiaeconomica.com.br\/wp\/#\/schema\/person\/cb1ab5ba96ad3d9390805381c76284ec\",\"name\":\"admin\",\"url\":\"https:\/\/bahiaeconomica.com.br\/wp\/author\/admin\/\"}]}<\/script>\n<!-- \/ Yoast SEO plugin. -->","yoast_head_json":{"title":"REGI\u00c3O DE PRESIDENTE PRUDENTE TEM CONCURSO PARA PROFESSORES - Bahia Economica","description":"O maior portal de Economia da Bahia EMPREGOS \/ CONCURSOS Bahia Economica","robots":{"index":"index","follow":"follow","max-snippet":"max-snippet:-1","max-image-preview":"max-image-preview:large","max-video-preview":"max-video-preview:-1"},"canonical":"https:\/\/bahiaeconomica.com.br\/wp\/2018\/11\/16\/tres-cidades-da-regiao-de-presidente-prudente-recebem-inscricoes-para-selecionar-professores\/","og_locale":"pt_BR","og_type":"article","og_title":"REGI\u00c3O DE PRESIDENTE PRUDENTE TEM CONCURSO PARA PROFESSORES - Bahia Economica","og_description":"O maior portal de Economia da Bahia EMPREGOS \/ CONCURSOS Bahia Economica","og_url":"https:\/\/bahiaeconomica.com.br\/wp\/2018\/11\/16\/tres-cidades-da-regiao-de-presidente-prudente-recebem-inscricoes-para-selecionar-professores\/","og_site_name":"Bahia Economica","article_publisher":"https:\/\/www.facebook.com\/bahiaeconomica","article_published_time":"2018-11-16T10:38:24+00:00","article_modified_time":"2018-11-16T10:49:08+00:00","og_image":[{"width":500,"height":239,"url":"https:\/\/bahiaeconomica.com.br\/wp\/wp-content\/uploads\/2018\/07\/concurso-publico-1078x516-1024x490-e1532656011404.jpg","type":"image\/jpeg"}],"author":"admin","twitter_card":"summary_large_image","twitter_misc":{"Escrito por":"admin","Est. tempo de leitura":"2 minutos"},"schema":{"@context":"https:\/\/schema.org","@graph":[{"@type":"Article","@id":"https:\/\/bahiaeconomica.com.br\/wp\/2018\/11\/16\/tres-cidades-da-regiao-de-presidente-prudente-recebem-inscricoes-para-selecionar-professores\/#article","isPartOf":{"@id":"https:\/\/bahiaeconomica.com.br\/wp\/2018\/11\/16\/tres-cidades-da-regiao-de-presidente-prudente-recebem-inscricoes-para-selecionar-professores\/"},"author":{"name":"admin","@id":"https:\/\/bahiaeconomica.com.br\/wp\/#\/schema\/person\/cb1ab5ba96ad3d9390805381c76284ec"},"headline":"REGI\u00c3O DE PRESIDENTE PRUDENTE TEM CONCURSO PARA PROFESSORES","datePublished":"2018-11-16T10:38:24+00:00","dateModified":"2018-11-16T10:49:08+00:00","mainEntityOfPage":{"@id":"https:\/\/bahiaeconomica.com.br\/wp\/2018\/11\/16\/tres-cidades-da-regiao-de-presidente-prudente-recebem-inscricoes-para-selecionar-professores\/"},"wordCount":349,"commentCount":0,"publisher":{"@id":"https:\/\/bahiaeconomica.com.br\/wp\/#organization"},"articleSection":["EMPREGOS \/ CONCURSOS"],"inLanguage":"pt-BR","potentialAction":[{"@type":"CommentAction","name":"Comment","target":["https:\/\/bahiaeconomica.com.br\/wp\/2018\/11\/16\/tres-cidades-da-regiao-de-presidente-prudente-recebem-inscricoes-para-selecionar-professores\/#respond"]}]},{"@type":"WebPage","@id":"https:\/\/bahiaeconomica.com.br\/wp\/2018\/11\/16\/tres-cidades-da-regiao-de-presidente-prudente-recebem-inscricoes-para-selecionar-professores\/","url":"https:\/\/bahiaeconomica.com.br\/wp\/2018\/11\/16\/tres-cidades-da-regiao-de-presidente-prudente-recebem-inscricoes-para-selecionar-professores\/","name":"REGI\u00c3O DE PRESIDENTE PRUDENTE TEM CONCURSO PARA PROFESSORES - Bahia Economica","isPartOf":{"@id":"https:\/\/bahiaeconomica.com.br\/wp\/#website"},"datePublished":"2018-11-16T10:38:24+00:00","dateModified":"2018-11-16T10:49:08+00:00","description":"O maior portal de Economia da Bahia EMPREGOS \/ CONCURSOS Bahia Economica","breadcrumb":{"@id":"https:\/\/bahiaeconomica.com.br\/wp\/2018\/11\/16\/tres-cidades-da-regiao-de-presidente-prudente-recebem-inscricoes-para-selecionar-professores\/#breadcrumb"},"inLanguage":"pt-BR","potentialAction":[{"@type":"ReadAction","target":["https:\/\/bahiaeconomica.com.br\/wp\/2018\/11\/16\/tres-cidades-da-regiao-de-presidente-prudente-recebem-inscricoes-para-selecionar-professores\/"]}]},{"@type":"BreadcrumbList","@id":"https:\/\/bahiaeconomica.com.br\/wp\/2018\/11\/16\/tres-cidades-da-regiao-de-presidente-prudente-recebem-inscricoes-para-selecionar-professores\/#breadcrumb","itemListElement":[{"@type":"ListItem","position":1,"name":"In\u00edcio","item":"https:\/\/bahiaeconomica.com.br\/wp\/"},{"@type":"ListItem","position":2,"name":"REGI\u00c3O DE PRESIDENTE PRUDENTE TEM CONCURSO PARA PROFESSORES"}]},{"@type":"WebSite","@id":"https:\/\/bahiaeconomica.com.br\/wp\/#website","url":"https:\/\/bahiaeconomica.com.br\/wp\/","name":"Bahia Economica","description":"O maior portal de Economia da Bahia","publisher":{"@id":"https:\/\/bahiaeconomica.com.br\/wp\/#organization"},"potentialAction":[{"@type":"SearchAction","target":{"@type":"EntryPoint","urlTemplate":"https:\/\/bahiaeconomica.com.br\/wp\/?s={search_term_string}"},"query-input":"required name=search_term_string"}],"inLanguage":"pt-BR"},{"@type":"Organization","@id":"https:\/\/bahiaeconomica.com.br\/wp\/#organization","name":"Bahia Econ\u00f4mica","url":"https:\/\/bahiaeconomica.com.br\/wp\/","logo":{"@type":"ImageObject","inLanguage":"pt-BR","@id":"https:\/\/bahiaeconomica.com.br\/wp\/#\/schema\/logo\/image\/","url":"https:\/\/bahiaeconomica.com.br\/wp\/wp-content\/uploads\/2020\/12\/cropped-BE.png","contentUrl":"https:\/\/bahiaeconomica.com.br\/wp\/wp-content\/uploads\/2020\/12\/cropped-BE.png","width":512,"height":512,"caption":"Bahia Econ\u00f4mica"},"image":{"@id":"https:\/\/bahiaeconomica.com.br\/wp\/#\/schema\/logo\/image\/"},"sameAs":["https:\/\/www.facebook.com\/bahiaeconomica"]},{"@type":"Person","@id":"https:\/\/bahiaeconomica.com.br\/wp\/#\/schema\/person\/cb1ab5ba96ad3d9390805381c76284ec","name":"admin","url":"https:\/\/bahiaeconomica.com.br\/wp\/author\/admin\/"}]}},"views":2,"_links":{"self":[{"href":"https:\/\/bahiaeconomica.com.br\/wp\/wp-json\/wp\/v2\/posts\/203326"}],"collection":[{"href":"https:\/\/bahiaeconomica.com.br\/wp\/wp-json\/wp\/v2\/posts"}],"about":[{"href":"https:\/\/bahiaeconomica.com.br\/wp\/wp-json\/wp\/v2\/types\/post"}],"author":[{"embeddable":true,"href":"https:\/\/bahiaeconomica.com.br\/wp\/wp-json\/wp\/v2\/users\/1"}],"replies":[{"embeddable":true,"href":"https:\/\/bahiaeconomica.com.br\/wp\/wp-json\/wp\/v2\/comments?post=203326"}],"version-history":[{"count":0,"href":"https:\/\/bahiaeconomica.com.br\/wp\/wp-json\/wp\/v2\/posts\/203326\/revisions"}],"wp:featuredmedia":[{"embeddable":true,"href":"https:\/\/bahiaeconomica.com.br\/wp\/wp-json\/wp\/v2\/media\/111741"}],"wp:attachment":[{"href":"https:\/\/bahiaeconomica.com.br\/wp\/wp-json\/wp\/v2\/media?parent=203326"}],"wp:term":[{"taxonomy":"category","embeddable":true,"href":"https:\/\/bahiaeconomica.com.br\/wp\/wp-json\/wp\/v2\/categories?post=203326"},{"taxonomy":"post_tag","embeddable":true,"href":"https:\/\/bahiaeconomica.com.br\/wp\/wp-json\/wp\/v2\/tags?post=203326"}],"curies":[{"name":"wp","href":"https:\/\/api.w.org\/{rel}","templated":true}]}}