{"id":196588,"date":"2018-11-07T11:00:30","date_gmt":"2018-11-07T13:00:30","guid":{"rendered":"https:\/\/bahiaeconomica.com.br\/wp\/beta\/?p=196588"},"modified":"2018-11-07T10:40:31","modified_gmt":"2018-11-07T12:40:31","slug":"ricardo-alban-presidente-da-fieb","status":"publish","type":"post","link":"https:\/\/bahiaeconomica.com.br\/wp\/2018\/11\/07\/ricardo-alban-presidente-da-fieb\/","title":{"rendered":"RICARDO ALBAN &#8211; PRESIDENTE DA FIEB"},"content":{"rendered":"<p style=\"text-align: justify;\"><strong>BE- Alban, o novo presidente do Brasil Jair Bolsonaro anunciou que vai unir tr\u00eas minist\u00e9rios da \u00e1rea econ\u00f4mica formando um superminist\u00e9rio. Essa medida pode prejudicar a gest\u00e3o industrial do Brasil, ou vai beneficiar? Qual a posi\u00e7\u00e3o da FIEB em rela\u00e7\u00e3o a essa fus\u00e3o?<\/strong><\/p>\n<p style=\"text-align: justify;\"><strong>RA-<\/strong> A fus\u00e3o, simplesmente como fus\u00e3o,n\u00e3o atende \u00e0s necessidades da ind\u00fastria, que requer um tratamento \u00e0 parte, \u00e0 semelhan\u00e7a do que acontece com o setor do agroneg\u00f3cio. A ind\u00fastria vem perdendo participa\u00e7\u00e3o no PIB brasileiro, nas \u00faltimas d\u00e9cadas, um forte indicador de que \u00e9 necess\u00e1ria a defini\u00e7\u00e3o de uma pol\u00edtica setorial, capaz de criar as condi\u00e7\u00f5es para que o empres\u00e1rio volte a acreditar que \u00e9 poss\u00edvel investir sem sobressaltos.<\/p>\n<p style=\"text-align: justify;\"><strong>BE- A ind\u00fastria em 2018 teve um ano de muitos altos e baixos. Qualo balan\u00e7o que o senhor faz desse ano para o setor?<\/strong><\/p>\n<p style=\"text-align: justify;\"><strong>RA-<\/strong> De acordo com os \u00faltimos dados dispon\u00edveis, at\u00e9 outubro de 2018, a ind\u00fastria de transforma\u00e7\u00e3o brasileira apresenta crescimento de 2,9% no acumulado do ano e de 3,6% em 12 meses (taxa anualizada). Esses dados devem ser analisados com cuidado, pois, embora sejam positivos, se d\u00e3o sobre uma base de compara\u00e7\u00e3o deprimida, tendo em vista que a ind\u00fastria foi o segmento mais afetado pela crise econ\u00f4mica, com elevadas quedas nos anos de 2014,2015 e 2016, em que acumulou uma retra\u00e7\u00e3o da ordem de 19%. A recupera\u00e7\u00e3o iniciada em 2017 e em curso ainda n\u00e3o retorna ao n\u00edvel de produ\u00e7\u00e3o anterior. Por outro lado, a sinaliza\u00e7\u00e3o de crescimento \u00e9 positiva na medida em que acreditamos que o pior j\u00e1 passou e iniciamos um novo ciclo de crescimento.<\/p>\n<p style=\"text-align: justify;\"><strong>BE- Qual a expectativa para 2019 com uma nova gest\u00e3o no Brasil?<\/strong><\/p>\n<p style=\"text-align: justify;\"><strong>RA-<\/strong> O Brasil passa por um momento hist\u00f3rico dif\u00edcil, no qual h\u00e1 grandes desafios a serem enfrentados, tanto em medidas urgentes, quanto em medidas que garantam um crescimento econ\u00f4mico sustentado. Em 2019, certamente a economia vai continuar a crescer, pois acreditamos que o ciclo de baixa j\u00e1 se encerrou, no entanto, a velocidade de crescimento depender\u00e1 das medidas a serem promovidas pelo novo governo. Esperamos que sejam direcionados \u00e0melhoria do ambiente de neg\u00f3cios nacional, sinalizando a todos os brasileiros que a gest\u00e3o \u00e9 respons\u00e1vel e comprometida com o setor produtivo e a estabilidade da economia.<\/p>\n<p style=\"text-align: justify;\"><strong>BE- Qual a import\u00e2ncia da reforma da Previd\u00eancia para o setorem 2019?<\/strong><\/p>\n<p style=\"text-align: justify;\"><strong>RA-<\/strong> \u00c9 a reforma mais urgente, pois a previd\u00eancia vem comprometendo, de forma crescente, um volume grande de recursos. De acordo com recente avalia\u00e7\u00e3o de economistas do IPEA (Valor Econ\u00f4mico, 31\/10), o Minist\u00e9rio do Planejamento projeta od\u00e9ficit do Regime Geral da Previd\u00eancia para 2018 em R$ 202,4 bilh\u00f5es,enquanto o d\u00e9ficit prim\u00e1rio total para o Governo Central \u00e9 menor, R$ 150,8bilh\u00f5es. Assim, h\u00e1 uma inequ\u00edvoca necessidade de ajuste nas contas da Previd\u00eancia.Ademais, o pr\u00f3prio modelo de sustentabilidade da previd\u00eancia est\u00e1 em xeque, considerando o r\u00e1pido envelhecimento da popula\u00e7\u00e3o. Por conta disso, h\u00e1 consenso de que essa reforma dever\u00e1 ter prioridade em 2019. Contudo, outras reformas s\u00e3o de grande import\u00e2ncia, tais como a administrativa e a tribut\u00e1ria.<\/p>\n<p style=\"text-align: justify;\"><strong>BE- Como a FIEB avalia as medidas do governo Temer para ind\u00fastria\/economia?<\/strong><\/p>\n<p style=\"text-align: justify;\"><strong>RA-<\/strong> Temer tomou algumas medidas importantes para a economia, como a reforma trabalhista e a PEC dos gastos. No geral, o grande m\u00e9rito desse governo foi n\u00e3o ter deixado a economia entrar em colapso, com o avan\u00e7o da infla\u00e7\u00e3o e do desemprego. Certamente, as condi\u00e7\u00f5es econ\u00f4micas para o pr\u00f3ximo governo estar\u00e3o melhores do que as que ele pegou quando assumiu o governo.<\/p>\n","protected":false},"excerpt":{"rendered":"<p>BE- Alban, o novo presidente do Brasil Jair Bolsonaro anunciou que vai unir tr\u00eas minist\u00e9rios da \u00e1rea econ\u00f4mica formando um superminist\u00e9rio. Essa medida pode prejudicar a gest\u00e3o industrial do Brasil, ou vai beneficiar? Qual a posi\u00e7\u00e3o da FIEB em rela\u00e7\u00e3o a essa fus\u00e3o? RA- A fus\u00e3o, simplesmente como fus\u00e3o,n\u00e3o atende \u00e0s necessidades da ind\u00fastria, que [&hellip;]<\/p>\n","protected":false},"author":1,"featured_media":52791,"comment_status":"open","ping_status":"open","sticky":false,"template":"","format":"standard","meta":[],"categories":[9],"tags":[],"acf":[],"yoast_head":"<!-- This site is optimized with the Yoast SEO plugin v20.8 - https:\/\/yoast.com\/wordpress\/plugins\/seo\/ -->\n<title>RICARDO ALBAN - PRESIDENTE DA FIEB - Bahia Economica<\/title>\n<meta name=\"description\" content=\"O maior portal de Economia da Bahia ENTREVISTAS Bahia Economica\" \/>\n<meta name=\"robots\" content=\"index, follow, max-snippet:-1, max-image-preview:large, max-video-preview:-1\" \/>\n<link rel=\"canonical\" href=\"https:\/\/bahiaeconomica.com.br\/wp\/2018\/11\/07\/ricardo-alban-presidente-da-fieb\/\" \/>\n<meta property=\"og:locale\" content=\"pt_BR\" \/>\n<meta property=\"og:type\" content=\"article\" \/>\n<meta property=\"og:title\" content=\"RICARDO ALBAN - PRESIDENTE DA FIEB - Bahia Economica\" \/>\n<meta property=\"og:description\" content=\"O maior portal de Economia da Bahia ENTREVISTAS Bahia Economica\" \/>\n<meta property=\"og:url\" content=\"https:\/\/bahiaeconomica.com.br\/wp\/2018\/11\/07\/ricardo-alban-presidente-da-fieb\/\" \/>\n<meta property=\"og:site_name\" content=\"Bahia Economica\" \/>\n<meta property=\"article:publisher\" content=\"https:\/\/www.facebook.com\/bahiaeconomica\" \/>\n<meta property=\"article:published_time\" content=\"2018-11-07T13:00:30+00:00\" \/>\n<meta property=\"article:modified_time\" content=\"2018-11-07T12:40:31+00:00\" \/>\n<meta property=\"og:image\" content=\"https:\/\/bahiaeconomica.com.br\/wp\/wp-content\/uploads\/2018\/05\/ricardo-alban-1-e1527509947783.jpg\" \/>\n\t<meta property=\"og:image:width\" content=\"500\" \/>\n\t<meta property=\"og:image:height\" content=\"331\" \/>\n\t<meta property=\"og:image:type\" content=\"image\/jpeg\" \/>\n<meta name=\"author\" content=\"admin\" \/>\n<meta name=\"twitter:card\" content=\"summary_large_image\" \/>\n<meta name=\"twitter:label1\" content=\"Escrito por\" \/>\n\t<meta name=\"twitter:data1\" content=\"admin\" \/>\n\t<meta name=\"twitter:label2\" content=\"Est. tempo de leitura\" \/>\n\t<meta name=\"twitter:data2\" content=\"3 minutos\" \/>\n<script type=\"application\/ld+json\" class=\"yoast-schema-graph\">{\"@context\":\"https:\/\/schema.org\",\"@graph\":[{\"@type\":\"Article\",\"@id\":\"https:\/\/bahiaeconomica.com.br\/wp\/2018\/11\/07\/ricardo-alban-presidente-da-fieb\/#article\",\"isPartOf\":{\"@id\":\"https:\/\/bahiaeconomica.com.br\/wp\/2018\/11\/07\/ricardo-alban-presidente-da-fieb\/\"},\"author\":{\"name\":\"admin\",\"@id\":\"https:\/\/bahiaeconomica.com.br\/wp\/#\/schema\/person\/cb1ab5ba96ad3d9390805381c76284ec\"},\"headline\":\"RICARDO ALBAN &#8211; PRESIDENTE DA FIEB\",\"datePublished\":\"2018-11-07T13:00:30+00:00\",\"dateModified\":\"2018-11-07T12:40:31+00:00\",\"mainEntityOfPage\":{\"@id\":\"https:\/\/bahiaeconomica.com.br\/wp\/2018\/11\/07\/ricardo-alban-presidente-da-fieb\/\"},\"wordCount\":631,\"commentCount\":0,\"publisher\":{\"@id\":\"https:\/\/bahiaeconomica.com.br\/wp\/#organization\"},\"articleSection\":[\"ENTREVISTAS\"],\"inLanguage\":\"pt-BR\",\"potentialAction\":[{\"@type\":\"CommentAction\",\"name\":\"Comment\",\"target\":[\"https:\/\/bahiaeconomica.com.br\/wp\/2018\/11\/07\/ricardo-alban-presidente-da-fieb\/#respond\"]}]},{\"@type\":\"WebPage\",\"@id\":\"https:\/\/bahiaeconomica.com.br\/wp\/2018\/11\/07\/ricardo-alban-presidente-da-fieb\/\",\"url\":\"https:\/\/bahiaeconomica.com.br\/wp\/2018\/11\/07\/ricardo-alban-presidente-da-fieb\/\",\"name\":\"RICARDO ALBAN - PRESIDENTE DA FIEB - Bahia Economica\",\"isPartOf\":{\"@id\":\"https:\/\/bahiaeconomica.com.br\/wp\/#website\"},\"datePublished\":\"2018-11-07T13:00:30+00:00\",\"dateModified\":\"2018-11-07T12:40:31+00:00\",\"description\":\"O maior portal de Economia da Bahia ENTREVISTAS Bahia Economica\",\"breadcrumb\":{\"@id\":\"https:\/\/bahiaeconomica.com.br\/wp\/2018\/11\/07\/ricardo-alban-presidente-da-fieb\/#breadcrumb\"},\"inLanguage\":\"pt-BR\",\"potentialAction\":[{\"@type\":\"ReadAction\",\"target\":[\"https:\/\/bahiaeconomica.com.br\/wp\/2018\/11\/07\/ricardo-alban-presidente-da-fieb\/\"]}]},{\"@type\":\"BreadcrumbList\",\"@id\":\"https:\/\/bahiaeconomica.com.br\/wp\/2018\/11\/07\/ricardo-alban-presidente-da-fieb\/#breadcrumb\",\"itemListElement\":[{\"@type\":\"ListItem\",\"position\":1,\"name\":\"In\u00edcio\",\"item\":\"https:\/\/bahiaeconomica.com.br\/wp\/\"},{\"@type\":\"ListItem\",\"position\":2,\"name\":\"RICARDO ALBAN &#8211; PRESIDENTE DA FIEB\"}]},{\"@type\":\"WebSite\",\"@id\":\"https:\/\/bahiaeconomica.com.br\/wp\/#website\",\"url\":\"https:\/\/bahiaeconomica.com.br\/wp\/\",\"name\":\"Bahia Economica\",\"description\":\"O maior portal de Economia da Bahia\",\"publisher\":{\"@id\":\"https:\/\/bahiaeconomica.com.br\/wp\/#organization\"},\"potentialAction\":[{\"@type\":\"SearchAction\",\"target\":{\"@type\":\"EntryPoint\",\"urlTemplate\":\"https:\/\/bahiaeconomica.com.br\/wp\/?s={search_term_string}\"},\"query-input\":\"required name=search_term_string\"}],\"inLanguage\":\"pt-BR\"},{\"@type\":\"Organization\",\"@id\":\"https:\/\/bahiaeconomica.com.br\/wp\/#organization\",\"name\":\"Bahia Econ\u00f4mica\",\"url\":\"https:\/\/bahiaeconomica.com.br\/wp\/\",\"logo\":{\"@type\":\"ImageObject\",\"inLanguage\":\"pt-BR\",\"@id\":\"https:\/\/bahiaeconomica.com.br\/wp\/#\/schema\/logo\/image\/\",\"url\":\"https:\/\/bahiaeconomica.com.br\/wp\/wp-content\/uploads\/2020\/12\/cropped-BE.png\",\"contentUrl\":\"https:\/\/bahiaeconomica.com.br\/wp\/wp-content\/uploads\/2020\/12\/cropped-BE.png\",\"width\":512,\"height\":512,\"caption\":\"Bahia Econ\u00f4mica\"},\"image\":{\"@id\":\"https:\/\/bahiaeconomica.com.br\/wp\/#\/schema\/logo\/image\/\"},\"sameAs\":[\"https:\/\/www.facebook.com\/bahiaeconomica\"]},{\"@type\":\"Person\",\"@id\":\"https:\/\/bahiaeconomica.com.br\/wp\/#\/schema\/person\/cb1ab5ba96ad3d9390805381c76284ec\",\"name\":\"admin\",\"url\":\"https:\/\/bahiaeconomica.com.br\/wp\/author\/admin\/\"}]}<\/script>\n<!-- \/ Yoast SEO plugin. -->","yoast_head_json":{"title":"RICARDO ALBAN - PRESIDENTE DA FIEB - Bahia Economica","description":"O maior portal de Economia da Bahia ENTREVISTAS Bahia Economica","robots":{"index":"index","follow":"follow","max-snippet":"max-snippet:-1","max-image-preview":"max-image-preview:large","max-video-preview":"max-video-preview:-1"},"canonical":"https:\/\/bahiaeconomica.com.br\/wp\/2018\/11\/07\/ricardo-alban-presidente-da-fieb\/","og_locale":"pt_BR","og_type":"article","og_title":"RICARDO ALBAN - PRESIDENTE DA FIEB - Bahia Economica","og_description":"O maior portal de Economia da Bahia ENTREVISTAS Bahia Economica","og_url":"https:\/\/bahiaeconomica.com.br\/wp\/2018\/11\/07\/ricardo-alban-presidente-da-fieb\/","og_site_name":"Bahia Economica","article_publisher":"https:\/\/www.facebook.com\/bahiaeconomica","article_published_time":"2018-11-07T13:00:30+00:00","article_modified_time":"2018-11-07T12:40:31+00:00","og_image":[{"width":500,"height":331,"url":"https:\/\/bahiaeconomica.com.br\/wp\/wp-content\/uploads\/2018\/05\/ricardo-alban-1-e1527509947783.jpg","type":"image\/jpeg"}],"author":"admin","twitter_card":"summary_large_image","twitter_misc":{"Escrito por":"admin","Est. tempo de leitura":"3 minutos"},"schema":{"@context":"https:\/\/schema.org","@graph":[{"@type":"Article","@id":"https:\/\/bahiaeconomica.com.br\/wp\/2018\/11\/07\/ricardo-alban-presidente-da-fieb\/#article","isPartOf":{"@id":"https:\/\/bahiaeconomica.com.br\/wp\/2018\/11\/07\/ricardo-alban-presidente-da-fieb\/"},"author":{"name":"admin","@id":"https:\/\/bahiaeconomica.com.br\/wp\/#\/schema\/person\/cb1ab5ba96ad3d9390805381c76284ec"},"headline":"RICARDO ALBAN &#8211; PRESIDENTE DA FIEB","datePublished":"2018-11-07T13:00:30+00:00","dateModified":"2018-11-07T12:40:31+00:00","mainEntityOfPage":{"@id":"https:\/\/bahiaeconomica.com.br\/wp\/2018\/11\/07\/ricardo-alban-presidente-da-fieb\/"},"wordCount":631,"commentCount":0,"publisher":{"@id":"https:\/\/bahiaeconomica.com.br\/wp\/#organization"},"articleSection":["ENTREVISTAS"],"inLanguage":"pt-BR","potentialAction":[{"@type":"CommentAction","name":"Comment","target":["https:\/\/bahiaeconomica.com.br\/wp\/2018\/11\/07\/ricardo-alban-presidente-da-fieb\/#respond"]}]},{"@type":"WebPage","@id":"https:\/\/bahiaeconomica.com.br\/wp\/2018\/11\/07\/ricardo-alban-presidente-da-fieb\/","url":"https:\/\/bahiaeconomica.com.br\/wp\/2018\/11\/07\/ricardo-alban-presidente-da-fieb\/","name":"RICARDO ALBAN - PRESIDENTE DA FIEB - Bahia Economica","isPartOf":{"@id":"https:\/\/bahiaeconomica.com.br\/wp\/#website"},"datePublished":"2018-11-07T13:00:30+00:00","dateModified":"2018-11-07T12:40:31+00:00","description":"O maior portal de Economia da Bahia ENTREVISTAS Bahia Economica","breadcrumb":{"@id":"https:\/\/bahiaeconomica.com.br\/wp\/2018\/11\/07\/ricardo-alban-presidente-da-fieb\/#breadcrumb"},"inLanguage":"pt-BR","potentialAction":[{"@type":"ReadAction","target":["https:\/\/bahiaeconomica.com.br\/wp\/2018\/11\/07\/ricardo-alban-presidente-da-fieb\/"]}]},{"@type":"BreadcrumbList","@id":"https:\/\/bahiaeconomica.com.br\/wp\/2018\/11\/07\/ricardo-alban-presidente-da-fieb\/#breadcrumb","itemListElement":[{"@type":"ListItem","position":1,"name":"In\u00edcio","item":"https:\/\/bahiaeconomica.com.br\/wp\/"},{"@type":"ListItem","position":2,"name":"RICARDO ALBAN &#8211; PRESIDENTE DA FIEB"}]},{"@type":"WebSite","@id":"https:\/\/bahiaeconomica.com.br\/wp\/#website","url":"https:\/\/bahiaeconomica.com.br\/wp\/","name":"Bahia Economica","description":"O maior portal de Economia da Bahia","publisher":{"@id":"https:\/\/bahiaeconomica.com.br\/wp\/#organization"},"potentialAction":[{"@type":"SearchAction","target":{"@type":"EntryPoint","urlTemplate":"https:\/\/bahiaeconomica.com.br\/wp\/?s={search_term_string}"},"query-input":"required name=search_term_string"}],"inLanguage":"pt-BR"},{"@type":"Organization","@id":"https:\/\/bahiaeconomica.com.br\/wp\/#organization","name":"Bahia Econ\u00f4mica","url":"https:\/\/bahiaeconomica.com.br\/wp\/","logo":{"@type":"ImageObject","inLanguage":"pt-BR","@id":"https:\/\/bahiaeconomica.com.br\/wp\/#\/schema\/logo\/image\/","url":"https:\/\/bahiaeconomica.com.br\/wp\/wp-content\/uploads\/2020\/12\/cropped-BE.png","contentUrl":"https:\/\/bahiaeconomica.com.br\/wp\/wp-content\/uploads\/2020\/12\/cropped-BE.png","width":512,"height":512,"caption":"Bahia Econ\u00f4mica"},"image":{"@id":"https:\/\/bahiaeconomica.com.br\/wp\/#\/schema\/logo\/image\/"},"sameAs":["https:\/\/www.facebook.com\/bahiaeconomica"]},{"@type":"Person","@id":"https:\/\/bahiaeconomica.com.br\/wp\/#\/schema\/person\/cb1ab5ba96ad3d9390805381c76284ec","name":"admin","url":"https:\/\/bahiaeconomica.com.br\/wp\/author\/admin\/"}]}},"views":4,"_links":{"self":[{"href":"https:\/\/bahiaeconomica.com.br\/wp\/wp-json\/wp\/v2\/posts\/196588"}],"collection":[{"href":"https:\/\/bahiaeconomica.com.br\/wp\/wp-json\/wp\/v2\/posts"}],"about":[{"href":"https:\/\/bahiaeconomica.com.br\/wp\/wp-json\/wp\/v2\/types\/post"}],"author":[{"embeddable":true,"href":"https:\/\/bahiaeconomica.com.br\/wp\/wp-json\/wp\/v2\/users\/1"}],"replies":[{"embeddable":true,"href":"https:\/\/bahiaeconomica.com.br\/wp\/wp-json\/wp\/v2\/comments?post=196588"}],"version-history":[{"count":0,"href":"https:\/\/bahiaeconomica.com.br\/wp\/wp-json\/wp\/v2\/posts\/196588\/revisions"}],"wp:featuredmedia":[{"embeddable":true,"href":"https:\/\/bahiaeconomica.com.br\/wp\/wp-json\/wp\/v2\/media\/52791"}],"wp:attachment":[{"href":"https:\/\/bahiaeconomica.com.br\/wp\/wp-json\/wp\/v2\/media?parent=196588"}],"wp:term":[{"taxonomy":"category","embeddable":true,"href":"https:\/\/bahiaeconomica.com.br\/wp\/wp-json\/wp\/v2\/categories?post=196588"},{"taxonomy":"post_tag","embeddable":true,"href":"https:\/\/bahiaeconomica.com.br\/wp\/wp-json\/wp\/v2\/tags?post=196588"}],"curies":[{"name":"wp","href":"https:\/\/api.w.org\/{rel}","templated":true}]}}