{"id":196482,"date":"2018-11-07T09:15:53","date_gmt":"2018-11-07T11:15:53","guid":{"rendered":"https:\/\/bahiaeconomica.com.br\/wp\/beta\/?p=196482"},"modified":"2018-11-07T09:15:53","modified_gmt":"2018-11-07T11:15:53","slug":"obras-na-rua-chile-em-salvador-entram-em-nova-fase","status":"publish","type":"post","link":"https:\/\/bahiaeconomica.com.br\/wp\/2018\/11\/07\/obras-na-rua-chile-em-salvador-entram-em-nova-fase\/","title":{"rendered":"OBRAS NA RUA CHILE, EM SALVADOR, ENTRAM EM NOVA FASE"},"content":{"rendered":"<p style=\"text-align: justify;\">As obras na Rua Chile entram em uma nova fase na pr\u00f3xima semana, quando novas frentes de trabalho ser\u00e3o abertas. Os servi\u00e7os fazem parte do projeto &#8216;Pelas Ruas do Centro Antigo de Salvador&#8217;, promovido pelo Governo do Estado, e devem ser conclu\u00eddos em at\u00e9 tr\u00eas meses. A proposta \u00e9 a cria\u00e7\u00e3o de uma nova estrutura na primeira rua do Brasil, proporcionando a melhoria da acessibilidade e a valoriza\u00e7\u00e3o do patrim\u00f4nio hist\u00f3rico, al\u00e9m de atrair novos neg\u00f3cios e alavancar a economia da regi\u00e3o.<\/p>\n<p style=\"text-align: justify;\">Em visita t\u00e9cnica \u00e0 obra, na ter\u00e7a-feira (6), o presidente da Companhia de Desenvolvimento Urbano do Estado (Conder), Jos\u00e9 L\u00facio Machado, ressaltou a import\u00e2ncia da obra que est\u00e1 sendo realizada em um dos mais importantes cart\u00f5es postais de Salvador. &#8220;Trata-se de uma rua emblem\u00e1tica. Estamos trazendo de volta o piso em paralelep\u00edpedo, al\u00e9m do rebaixamento da fia\u00e7\u00e3o el\u00e9trica, valorizando as fachadas dos pr\u00e9dios hist\u00f3ricos. N\u00e3o vamos abrir m\u00e3o do melhor&#8221;, afirmou.<\/p>\n<p style=\"text-align: justify;\">O trecho de 330 metros da Rua Chile est\u00e1 passando por servi\u00e7os que incluem vala t\u00e9cnica, que consiste no rebaixamento da rede el\u00e9trica e de telecomunica\u00e7\u00f5es. Com isso, toda a fia\u00e7\u00e3o passar\u00e1 a ser subterr\u00e2nea, eliminando, assim, o emaranhado de fios de energia e cabeamento de empresas de telecomunica\u00e7\u00f5es.<\/p>\n<p style=\"text-align: justify;\">Antes do in\u00edcio da obra, o projeto arqueol\u00f3gico foi aprovado pelo Instituto do Patrim\u00f4nio Hist\u00f3rico Art\u00edstico Nacional (Iphan). Durante a realiza\u00e7\u00e3o dos servi\u00e7os, um arque\u00f3logo acompanha os trabalhos em cada um dos trechos. A interven\u00e7\u00e3o foi dividida em seis trechos. Em cada um ser\u00e1 feita a escava\u00e7\u00e3o da vala t\u00e9cnica. No trecho 1 j\u00e1 foi finalizado o assentamento do meio-fio de granito flameado, al\u00e9m de tr\u00eas pontos de travessia da rede de g\u00e1s. A equipe agora trabalha na coloca\u00e7\u00e3o do passeio tamb\u00e9m em granito flameado. No trecho 2, est\u00e1 em andamento o assentamento do meio-fio e a finaliza\u00e7\u00e3o da vala t\u00e9cnica para rebaixamento da fia\u00e7\u00e3o a\u00e9rea. Nesta quarta (8), ter\u00e1 in\u00edcio a retirada do piso existente em frente a C\u00e2mara dos Vereadores, que ser\u00e3o substitu\u00eddos por placas de granito.<\/p>\n<p>&nbsp;<\/p>\n","protected":false},"excerpt":{"rendered":"<p>As obras na Rua Chile entram em uma nova fase na pr\u00f3xima semana, quando novas frentes de trabalho ser\u00e3o abertas. Os servi\u00e7os fazem parte do projeto &#8216;Pelas Ruas do Centro Antigo de Salvador&#8217;, promovido pelo Governo do Estado, e devem ser conclu\u00eddos em at\u00e9 tr\u00eas meses. A proposta \u00e9 a cria\u00e7\u00e3o de uma nova estrutura [&hellip;]<\/p>\n","protected":false},"author":1,"featured_media":196483,"comment_status":"open","ping_status":"open","sticky":false,"template":"","format":"standard","meta":[],"categories":[7],"tags":[],"acf":[],"yoast_head":"<!-- This site is optimized with the Yoast SEO plugin v20.8 - https:\/\/yoast.com\/wordpress\/plugins\/seo\/ -->\n<title>OBRAS NA RUA CHILE, EM SALVADOR, ENTRAM EM NOVA FASE - Bahia Economica<\/title>\n<meta name=\"description\" content=\"O maior portal de Economia da Bahia BAHIA INVEST Bahia Economica\" \/>\n<meta name=\"robots\" content=\"index, follow, max-snippet:-1, max-image-preview:large, max-video-preview:-1\" \/>\n<link rel=\"canonical\" href=\"https:\/\/bahiaeconomica.com.br\/wp\/2018\/11\/07\/obras-na-rua-chile-em-salvador-entram-em-nova-fase\/\" \/>\n<meta property=\"og:locale\" content=\"pt_BR\" \/>\n<meta property=\"og:type\" content=\"article\" \/>\n<meta property=\"og:title\" content=\"OBRAS NA RUA CHILE, EM SALVADOR, ENTRAM EM NOVA FASE - Bahia Economica\" \/>\n<meta property=\"og:description\" content=\"O maior portal de Economia da Bahia BAHIA INVEST Bahia Economica\" \/>\n<meta property=\"og:url\" content=\"https:\/\/bahiaeconomica.com.br\/wp\/2018\/11\/07\/obras-na-rua-chile-em-salvador-entram-em-nova-fase\/\" \/>\n<meta property=\"og:site_name\" content=\"Bahia Economica\" \/>\n<meta property=\"article:publisher\" content=\"https:\/\/www.facebook.com\/bahiaeconomica\" \/>\n<meta property=\"article:published_time\" content=\"2018-11-07T11:15:53+00:00\" \/>\n<meta property=\"og:image\" content=\"https:\/\/bahiaeconomica.com.br\/wp\/wp-content\/uploads\/2018\/11\/Foto_Conder-1.jpg\" \/>\n\t<meta property=\"og:image:width\" content=\"500\" \/>\n\t<meta property=\"og:image:height\" content=\"346\" \/>\n\t<meta property=\"og:image:type\" content=\"image\/jpeg\" \/>\n<meta name=\"author\" content=\"admin\" \/>\n<meta name=\"twitter:card\" content=\"summary_large_image\" \/>\n<meta name=\"twitter:label1\" content=\"Escrito por\" \/>\n\t<meta name=\"twitter:data1\" content=\"admin\" \/>\n\t<meta name=\"twitter:label2\" content=\"Est. tempo de leitura\" \/>\n\t<meta name=\"twitter:data2\" content=\"2 minutos\" \/>\n<script type=\"application\/ld+json\" class=\"yoast-schema-graph\">{\"@context\":\"https:\/\/schema.org\",\"@graph\":[{\"@type\":\"Article\",\"@id\":\"https:\/\/bahiaeconomica.com.br\/wp\/2018\/11\/07\/obras-na-rua-chile-em-salvador-entram-em-nova-fase\/#article\",\"isPartOf\":{\"@id\":\"https:\/\/bahiaeconomica.com.br\/wp\/2018\/11\/07\/obras-na-rua-chile-em-salvador-entram-em-nova-fase\/\"},\"author\":{\"name\":\"admin\",\"@id\":\"https:\/\/bahiaeconomica.com.br\/wp\/#\/schema\/person\/cb1ab5ba96ad3d9390805381c76284ec\"},\"headline\":\"OBRAS NA RUA CHILE, EM SALVADOR, ENTRAM EM NOVA FASE\",\"datePublished\":\"2018-11-07T11:15:53+00:00\",\"dateModified\":\"2018-11-07T11:15:53+00:00\",\"mainEntityOfPage\":{\"@id\":\"https:\/\/bahiaeconomica.com.br\/wp\/2018\/11\/07\/obras-na-rua-chile-em-salvador-entram-em-nova-fase\/\"},\"wordCount\":392,\"commentCount\":0,\"publisher\":{\"@id\":\"https:\/\/bahiaeconomica.com.br\/wp\/#organization\"},\"articleSection\":[\"BAHIA INVEST\"],\"inLanguage\":\"pt-BR\",\"potentialAction\":[{\"@type\":\"CommentAction\",\"name\":\"Comment\",\"target\":[\"https:\/\/bahiaeconomica.com.br\/wp\/2018\/11\/07\/obras-na-rua-chile-em-salvador-entram-em-nova-fase\/#respond\"]}]},{\"@type\":\"WebPage\",\"@id\":\"https:\/\/bahiaeconomica.com.br\/wp\/2018\/11\/07\/obras-na-rua-chile-em-salvador-entram-em-nova-fase\/\",\"url\":\"https:\/\/bahiaeconomica.com.br\/wp\/2018\/11\/07\/obras-na-rua-chile-em-salvador-entram-em-nova-fase\/\",\"name\":\"OBRAS NA RUA CHILE, EM SALVADOR, ENTRAM EM NOVA FASE - Bahia Economica\",\"isPartOf\":{\"@id\":\"https:\/\/bahiaeconomica.com.br\/wp\/#website\"},\"datePublished\":\"2018-11-07T11:15:53+00:00\",\"dateModified\":\"2018-11-07T11:15:53+00:00\",\"description\":\"O maior portal de Economia da Bahia BAHIA INVEST Bahia Economica\",\"breadcrumb\":{\"@id\":\"https:\/\/bahiaeconomica.com.br\/wp\/2018\/11\/07\/obras-na-rua-chile-em-salvador-entram-em-nova-fase\/#breadcrumb\"},\"inLanguage\":\"pt-BR\",\"potentialAction\":[{\"@type\":\"ReadAction\",\"target\":[\"https:\/\/bahiaeconomica.com.br\/wp\/2018\/11\/07\/obras-na-rua-chile-em-salvador-entram-em-nova-fase\/\"]}]},{\"@type\":\"BreadcrumbList\",\"@id\":\"https:\/\/bahiaeconomica.com.br\/wp\/2018\/11\/07\/obras-na-rua-chile-em-salvador-entram-em-nova-fase\/#breadcrumb\",\"itemListElement\":[{\"@type\":\"ListItem\",\"position\":1,\"name\":\"In\u00edcio\",\"item\":\"https:\/\/bahiaeconomica.com.br\/wp\/\"},{\"@type\":\"ListItem\",\"position\":2,\"name\":\"OBRAS NA RUA CHILE, EM SALVADOR, ENTRAM EM NOVA FASE\"}]},{\"@type\":\"WebSite\",\"@id\":\"https:\/\/bahiaeconomica.com.br\/wp\/#website\",\"url\":\"https:\/\/bahiaeconomica.com.br\/wp\/\",\"name\":\"Bahia Economica\",\"description\":\"O maior portal de Economia da Bahia\",\"publisher\":{\"@id\":\"https:\/\/bahiaeconomica.com.br\/wp\/#organization\"},\"potentialAction\":[{\"@type\":\"SearchAction\",\"target\":{\"@type\":\"EntryPoint\",\"urlTemplate\":\"https:\/\/bahiaeconomica.com.br\/wp\/?s={search_term_string}\"},\"query-input\":\"required name=search_term_string\"}],\"inLanguage\":\"pt-BR\"},{\"@type\":\"Organization\",\"@id\":\"https:\/\/bahiaeconomica.com.br\/wp\/#organization\",\"name\":\"Bahia Econ\u00f4mica\",\"url\":\"https:\/\/bahiaeconomica.com.br\/wp\/\",\"logo\":{\"@type\":\"ImageObject\",\"inLanguage\":\"pt-BR\",\"@id\":\"https:\/\/bahiaeconomica.com.br\/wp\/#\/schema\/logo\/image\/\",\"url\":\"https:\/\/bahiaeconomica.com.br\/wp\/wp-content\/uploads\/2020\/12\/cropped-BE.png\",\"contentUrl\":\"https:\/\/bahiaeconomica.com.br\/wp\/wp-content\/uploads\/2020\/12\/cropped-BE.png\",\"width\":512,\"height\":512,\"caption\":\"Bahia Econ\u00f4mica\"},\"image\":{\"@id\":\"https:\/\/bahiaeconomica.com.br\/wp\/#\/schema\/logo\/image\/\"},\"sameAs\":[\"https:\/\/www.facebook.com\/bahiaeconomica\"]},{\"@type\":\"Person\",\"@id\":\"https:\/\/bahiaeconomica.com.br\/wp\/#\/schema\/person\/cb1ab5ba96ad3d9390805381c76284ec\",\"name\":\"admin\",\"url\":\"https:\/\/bahiaeconomica.com.br\/wp\/author\/admin\/\"}]}<\/script>\n<!-- \/ Yoast SEO plugin. -->","yoast_head_json":{"title":"OBRAS NA RUA CHILE, EM SALVADOR, ENTRAM EM NOVA FASE - Bahia Economica","description":"O maior portal de Economia da Bahia BAHIA INVEST Bahia Economica","robots":{"index":"index","follow":"follow","max-snippet":"max-snippet:-1","max-image-preview":"max-image-preview:large","max-video-preview":"max-video-preview:-1"},"canonical":"https:\/\/bahiaeconomica.com.br\/wp\/2018\/11\/07\/obras-na-rua-chile-em-salvador-entram-em-nova-fase\/","og_locale":"pt_BR","og_type":"article","og_title":"OBRAS NA RUA CHILE, EM SALVADOR, ENTRAM EM NOVA FASE - Bahia Economica","og_description":"O maior portal de Economia da Bahia BAHIA INVEST Bahia Economica","og_url":"https:\/\/bahiaeconomica.com.br\/wp\/2018\/11\/07\/obras-na-rua-chile-em-salvador-entram-em-nova-fase\/","og_site_name":"Bahia Economica","article_publisher":"https:\/\/www.facebook.com\/bahiaeconomica","article_published_time":"2018-11-07T11:15:53+00:00","og_image":[{"width":500,"height":346,"url":"https:\/\/bahiaeconomica.com.br\/wp\/wp-content\/uploads\/2018\/11\/Foto_Conder-1.jpg","type":"image\/jpeg"}],"author":"admin","twitter_card":"summary_large_image","twitter_misc":{"Escrito por":"admin","Est. tempo de leitura":"2 minutos"},"schema":{"@context":"https:\/\/schema.org","@graph":[{"@type":"Article","@id":"https:\/\/bahiaeconomica.com.br\/wp\/2018\/11\/07\/obras-na-rua-chile-em-salvador-entram-em-nova-fase\/#article","isPartOf":{"@id":"https:\/\/bahiaeconomica.com.br\/wp\/2018\/11\/07\/obras-na-rua-chile-em-salvador-entram-em-nova-fase\/"},"author":{"name":"admin","@id":"https:\/\/bahiaeconomica.com.br\/wp\/#\/schema\/person\/cb1ab5ba96ad3d9390805381c76284ec"},"headline":"OBRAS NA RUA CHILE, EM SALVADOR, ENTRAM EM NOVA FASE","datePublished":"2018-11-07T11:15:53+00:00","dateModified":"2018-11-07T11:15:53+00:00","mainEntityOfPage":{"@id":"https:\/\/bahiaeconomica.com.br\/wp\/2018\/11\/07\/obras-na-rua-chile-em-salvador-entram-em-nova-fase\/"},"wordCount":392,"commentCount":0,"publisher":{"@id":"https:\/\/bahiaeconomica.com.br\/wp\/#organization"},"articleSection":["BAHIA INVEST"],"inLanguage":"pt-BR","potentialAction":[{"@type":"CommentAction","name":"Comment","target":["https:\/\/bahiaeconomica.com.br\/wp\/2018\/11\/07\/obras-na-rua-chile-em-salvador-entram-em-nova-fase\/#respond"]}]},{"@type":"WebPage","@id":"https:\/\/bahiaeconomica.com.br\/wp\/2018\/11\/07\/obras-na-rua-chile-em-salvador-entram-em-nova-fase\/","url":"https:\/\/bahiaeconomica.com.br\/wp\/2018\/11\/07\/obras-na-rua-chile-em-salvador-entram-em-nova-fase\/","name":"OBRAS NA RUA CHILE, EM SALVADOR, ENTRAM EM NOVA FASE - Bahia Economica","isPartOf":{"@id":"https:\/\/bahiaeconomica.com.br\/wp\/#website"},"datePublished":"2018-11-07T11:15:53+00:00","dateModified":"2018-11-07T11:15:53+00:00","description":"O maior portal de Economia da Bahia BAHIA INVEST Bahia Economica","breadcrumb":{"@id":"https:\/\/bahiaeconomica.com.br\/wp\/2018\/11\/07\/obras-na-rua-chile-em-salvador-entram-em-nova-fase\/#breadcrumb"},"inLanguage":"pt-BR","potentialAction":[{"@type":"ReadAction","target":["https:\/\/bahiaeconomica.com.br\/wp\/2018\/11\/07\/obras-na-rua-chile-em-salvador-entram-em-nova-fase\/"]}]},{"@type":"BreadcrumbList","@id":"https:\/\/bahiaeconomica.com.br\/wp\/2018\/11\/07\/obras-na-rua-chile-em-salvador-entram-em-nova-fase\/#breadcrumb","itemListElement":[{"@type":"ListItem","position":1,"name":"In\u00edcio","item":"https:\/\/bahiaeconomica.com.br\/wp\/"},{"@type":"ListItem","position":2,"name":"OBRAS NA RUA CHILE, EM SALVADOR, ENTRAM EM NOVA FASE"}]},{"@type":"WebSite","@id":"https:\/\/bahiaeconomica.com.br\/wp\/#website","url":"https:\/\/bahiaeconomica.com.br\/wp\/","name":"Bahia Economica","description":"O maior portal de Economia da Bahia","publisher":{"@id":"https:\/\/bahiaeconomica.com.br\/wp\/#organization"},"potentialAction":[{"@type":"SearchAction","target":{"@type":"EntryPoint","urlTemplate":"https:\/\/bahiaeconomica.com.br\/wp\/?s={search_term_string}"},"query-input":"required name=search_term_string"}],"inLanguage":"pt-BR"},{"@type":"Organization","@id":"https:\/\/bahiaeconomica.com.br\/wp\/#organization","name":"Bahia Econ\u00f4mica","url":"https:\/\/bahiaeconomica.com.br\/wp\/","logo":{"@type":"ImageObject","inLanguage":"pt-BR","@id":"https:\/\/bahiaeconomica.com.br\/wp\/#\/schema\/logo\/image\/","url":"https:\/\/bahiaeconomica.com.br\/wp\/wp-content\/uploads\/2020\/12\/cropped-BE.png","contentUrl":"https:\/\/bahiaeconomica.com.br\/wp\/wp-content\/uploads\/2020\/12\/cropped-BE.png","width":512,"height":512,"caption":"Bahia Econ\u00f4mica"},"image":{"@id":"https:\/\/bahiaeconomica.com.br\/wp\/#\/schema\/logo\/image\/"},"sameAs":["https:\/\/www.facebook.com\/bahiaeconomica"]},{"@type":"Person","@id":"https:\/\/bahiaeconomica.com.br\/wp\/#\/schema\/person\/cb1ab5ba96ad3d9390805381c76284ec","name":"admin","url":"https:\/\/bahiaeconomica.com.br\/wp\/author\/admin\/"}]}},"views":38,"_links":{"self":[{"href":"https:\/\/bahiaeconomica.com.br\/wp\/wp-json\/wp\/v2\/posts\/196482"}],"collection":[{"href":"https:\/\/bahiaeconomica.com.br\/wp\/wp-json\/wp\/v2\/posts"}],"about":[{"href":"https:\/\/bahiaeconomica.com.br\/wp\/wp-json\/wp\/v2\/types\/post"}],"author":[{"embeddable":true,"href":"https:\/\/bahiaeconomica.com.br\/wp\/wp-json\/wp\/v2\/users\/1"}],"replies":[{"embeddable":true,"href":"https:\/\/bahiaeconomica.com.br\/wp\/wp-json\/wp\/v2\/comments?post=196482"}],"version-history":[{"count":0,"href":"https:\/\/bahiaeconomica.com.br\/wp\/wp-json\/wp\/v2\/posts\/196482\/revisions"}],"wp:featuredmedia":[{"embeddable":true,"href":"https:\/\/bahiaeconomica.com.br\/wp\/wp-json\/wp\/v2\/media\/196483"}],"wp:attachment":[{"href":"https:\/\/bahiaeconomica.com.br\/wp\/wp-json\/wp\/v2\/media?parent=196482"}],"wp:term":[{"taxonomy":"category","embeddable":true,"href":"https:\/\/bahiaeconomica.com.br\/wp\/wp-json\/wp\/v2\/categories?post=196482"},{"taxonomy":"post_tag","embeddable":true,"href":"https:\/\/bahiaeconomica.com.br\/wp\/wp-json\/wp\/v2\/tags?post=196482"}],"curies":[{"name":"wp","href":"https:\/\/api.w.org\/{rel}","templated":true}]}}