{"id":188400,"date":"2018-10-26T14:31:10","date_gmt":"2018-10-26T17:31:10","guid":{"rendered":"https:\/\/bahiaeconomica.com.br\/wp\/beta\/?p=188400"},"modified":"2018-10-26T14:32:57","modified_gmt":"2018-10-26T17:32:57","slug":"thr-weeknd-e-bella-hadid-passam-a-morar-juntos-em-um-triplex-com-aluguel-de-r228-mil-reais-por-mesa","status":"publish","type":"post","link":"https:\/\/bahiaeconomica.com.br\/wp\/2018\/10\/26\/thr-weeknd-e-bella-hadid-passam-a-morar-juntos-em-um-triplex-com-aluguel-de-r228-mil-reais-por-mesa\/","title":{"rendered":"THE WEEKND E BELLA HADID PASSAM A MORAR JUNTOS EM TRIPLEX COM ALUGUEL DE R$228 MIL REAIS POR M\u00caS"},"content":{"rendered":"<p style=\"text-align: justify;\">Vem casamento por a\u00ed? O relacionamento do cantor The Weeknd com a modelo Bella Hadid est\u00e1 melhor do que nunca e o cantor convidou a amada para morar com ele em Nova York, nos Estados Unidos.<\/p>\n<p style=\"text-align: justify;\">Segundo o Daily Mail, o aluguel do triplex \u00e9 de 60 mil d\u00f3lares por m\u00eas, cerca de 228 mil reais. S\u00e3o quatro quartos, quatro banheiros, \u00e1rea externa privativa, al\u00e9m de uma cozinha imensa com um espa\u00e7o especial para caf\u00e9 da manh\u00e3, academia e piscina (confira as fotos abaixo).<\/p>\n<p style=\"text-align: justify;\">No pr\u00e9dio, The Weeknd e Bella ter\u00e3o outros vizinhos famosos como Meg Ryan, Harry Styles, Rebel Wilson, Justin Timberlake e Jessica Biel. O apartamento fica em TriBeCa e tem mais de 460 metros quadrados.<\/p>\n<p style=\"text-align: justify;\">Bella e The Weeknd est\u00e3o juntos desde novembro passado. Antes, namoraram de julho de 2015 a janeiro de 2017, quando terminaram e The Weekend passou a namorar a cantora Selena Gomez, ex de Justin Bieber.<\/p>\n<p><img decoding=\"async\" class=\"alignnone size-medium wp-image-188407 aligncenter\" src=\"http:\/\/bahiaeconomica.com.br\/wp\/beta\/wp-content\/uploads\/2018\/10\/theweeknd_12-300x194.jpg\" alt=\"\" width=\"300\" height=\"194\" data-id=\"188407\" srcset=\"https:\/\/bahiaeconomica.com.br\/wp\/wp-content\/uploads\/2018\/10\/theweeknd_12-300x194.jpg 300w, https:\/\/bahiaeconomica.com.br\/wp\/wp-content\/uploads\/2018\/10\/theweeknd_12.jpg 620w\" sizes=\"(max-width: 300px) 100vw, 300px\" \/><\/p>\n<p><img decoding=\"async\" class=\"alignnone size-medium wp-image-188408 aligncenter\" src=\"http:\/\/bahiaeconomica.com.br\/wp\/beta\/wp-content\/uploads\/2018\/10\/theweeknd_13-300x191.jpg\" alt=\"\" width=\"300\" height=\"191\" data-id=\"188408\" srcset=\"https:\/\/bahiaeconomica.com.br\/wp\/wp-content\/uploads\/2018\/10\/theweeknd_13-300x191.jpg 300w, https:\/\/bahiaeconomica.com.br\/wp\/wp-content\/uploads\/2018\/10\/theweeknd_13.jpg 620w\" sizes=\"(max-width: 300px) 100vw, 300px\" \/><\/p>\n<p><img decoding=\"async\" class=\"alignnone size-medium wp-image-188409 aligncenter\" src=\"http:\/\/bahiaeconomica.com.br\/wp\/beta\/wp-content\/uploads\/2018\/10\/theweeknd_14-202x300.jpg\" alt=\"\" width=\"202\" height=\"300\" data-id=\"188409\" srcset=\"https:\/\/bahiaeconomica.com.br\/wp\/wp-content\/uploads\/2018\/10\/theweeknd_14-202x300.jpg 202w, https:\/\/bahiaeconomica.com.br\/wp\/wp-content\/uploads\/2018\/10\/theweeknd_14-336x500.jpg 336w, https:\/\/bahiaeconomica.com.br\/wp\/wp-content\/uploads\/2018\/10\/theweeknd_14.jpg 620w\" sizes=\"(max-width: 202px) 100vw, 202px\" \/><\/p>\n","protected":false},"excerpt":{"rendered":"<p>Vem casamento por a\u00ed? O relacionamento do cantor The Weeknd com a modelo Bella Hadid est\u00e1 melhor do que nunca e o cantor convidou a amada para morar com ele em Nova York, nos Estados Unidos. Segundo o Daily Mail, o aluguel do triplex \u00e9 de 60 mil d\u00f3lares por m\u00eas, cerca de 228 mil [&hellip;]<\/p>\n","protected":false},"author":1,"featured_media":188410,"comment_status":"open","ping_status":"open","sticky":false,"template":"","format":"standard","meta":[],"categories":[4],"tags":[],"acf":[],"yoast_head":"<!-- This site is optimized with the Yoast SEO plugin v20.8 - https:\/\/yoast.com\/wordpress\/plugins\/seo\/ -->\n<title>THE WEEKND E BELLA HADID PASSAM A MORAR JUNTOS EM TRIPLEX COM ALUGUEL DE R$228 MIL REAIS POR M\u00caS - Bahia Economica<\/title>\n<meta name=\"description\" content=\"O maior portal de Economia da Bahia ENTRETENIMENTO Bahia Economica\" \/>\n<meta name=\"robots\" content=\"index, follow, max-snippet:-1, max-image-preview:large, max-video-preview:-1\" \/>\n<link rel=\"canonical\" href=\"https:\/\/bahiaeconomica.com.br\/wp\/2018\/10\/26\/thr-weeknd-e-bella-hadid-passam-a-morar-juntos-em-um-triplex-com-aluguel-de-r228-mil-reais-por-mesa\/\" \/>\n<meta property=\"og:locale\" content=\"pt_BR\" \/>\n<meta property=\"og:type\" content=\"article\" \/>\n<meta property=\"og:title\" content=\"THE WEEKND E BELLA HADID PASSAM A MORAR JUNTOS EM TRIPLEX COM ALUGUEL DE R$228 MIL REAIS POR M\u00caS - Bahia Economica\" \/>\n<meta property=\"og:description\" content=\"O maior portal de Economia da Bahia ENTRETENIMENTO Bahia Economica\" \/>\n<meta property=\"og:url\" content=\"https:\/\/bahiaeconomica.com.br\/wp\/2018\/10\/26\/thr-weeknd-e-bella-hadid-passam-a-morar-juntos-em-um-triplex-com-aluguel-de-r228-mil-reais-por-mesa\/\" \/>\n<meta property=\"og:site_name\" content=\"Bahia Economica\" \/>\n<meta property=\"article:publisher\" content=\"https:\/\/www.facebook.com\/bahiaeconomica\" \/>\n<meta property=\"article:published_time\" content=\"2018-10-26T17:31:10+00:00\" \/>\n<meta property=\"article:modified_time\" content=\"2018-10-26T17:32:57+00:00\" \/>\n<meta property=\"og:image\" content=\"https:\/\/bahiaeconomica.com.br\/wp\/wp-content\/uploads\/2018\/10\/2017-11-16-GettyImages-527561776.jpg\" \/>\n\t<meta property=\"og:image:width\" content=\"820\" \/>\n\t<meta property=\"og:image:height\" content=\"609\" \/>\n\t<meta property=\"og:image:type\" content=\"image\/jpeg\" \/>\n<meta name=\"author\" content=\"admin\" \/>\n<meta name=\"twitter:card\" content=\"summary_large_image\" \/>\n<meta name=\"twitter:label1\" content=\"Escrito por\" \/>\n\t<meta name=\"twitter:data1\" content=\"admin\" \/>\n\t<meta name=\"twitter:label2\" content=\"Est. tempo de leitura\" \/>\n\t<meta name=\"twitter:data2\" content=\"1 minuto\" \/>\n<script type=\"application\/ld+json\" class=\"yoast-schema-graph\">{\"@context\":\"https:\/\/schema.org\",\"@graph\":[{\"@type\":\"Article\",\"@id\":\"https:\/\/bahiaeconomica.com.br\/wp\/2018\/10\/26\/thr-weeknd-e-bella-hadid-passam-a-morar-juntos-em-um-triplex-com-aluguel-de-r228-mil-reais-por-mesa\/#article\",\"isPartOf\":{\"@id\":\"https:\/\/bahiaeconomica.com.br\/wp\/2018\/10\/26\/thr-weeknd-e-bella-hadid-passam-a-morar-juntos-em-um-triplex-com-aluguel-de-r228-mil-reais-por-mesa\/\"},\"author\":{\"name\":\"admin\",\"@id\":\"https:\/\/bahiaeconomica.com.br\/wp\/#\/schema\/person\/cb1ab5ba96ad3d9390805381c76284ec\"},\"headline\":\"THE WEEKND E BELLA HADID PASSAM A MORAR JUNTOS EM TRIPLEX COM ALUGUEL DE R$228 MIL REAIS POR M\u00caS\",\"datePublished\":\"2018-10-26T17:31:10+00:00\",\"dateModified\":\"2018-10-26T17:32:57+00:00\",\"mainEntityOfPage\":{\"@id\":\"https:\/\/bahiaeconomica.com.br\/wp\/2018\/10\/26\/thr-weeknd-e-bella-hadid-passam-a-morar-juntos-em-um-triplex-com-aluguel-de-r228-mil-reais-por-mesa\/\"},\"wordCount\":175,\"commentCount\":0,\"publisher\":{\"@id\":\"https:\/\/bahiaeconomica.com.br\/wp\/#organization\"},\"articleSection\":[\"ENTRETENIMENTO\"],\"inLanguage\":\"pt-BR\",\"potentialAction\":[{\"@type\":\"CommentAction\",\"name\":\"Comment\",\"target\":[\"https:\/\/bahiaeconomica.com.br\/wp\/2018\/10\/26\/thr-weeknd-e-bella-hadid-passam-a-morar-juntos-em-um-triplex-com-aluguel-de-r228-mil-reais-por-mesa\/#respond\"]}]},{\"@type\":\"WebPage\",\"@id\":\"https:\/\/bahiaeconomica.com.br\/wp\/2018\/10\/26\/thr-weeknd-e-bella-hadid-passam-a-morar-juntos-em-um-triplex-com-aluguel-de-r228-mil-reais-por-mesa\/\",\"url\":\"https:\/\/bahiaeconomica.com.br\/wp\/2018\/10\/26\/thr-weeknd-e-bella-hadid-passam-a-morar-juntos-em-um-triplex-com-aluguel-de-r228-mil-reais-por-mesa\/\",\"name\":\"THE WEEKND E BELLA HADID PASSAM A MORAR JUNTOS EM TRIPLEX COM ALUGUEL DE R$228 MIL REAIS POR M\u00caS - Bahia Economica\",\"isPartOf\":{\"@id\":\"https:\/\/bahiaeconomica.com.br\/wp\/#website\"},\"datePublished\":\"2018-10-26T17:31:10+00:00\",\"dateModified\":\"2018-10-26T17:32:57+00:00\",\"description\":\"O maior portal de Economia da Bahia ENTRETENIMENTO Bahia Economica\",\"breadcrumb\":{\"@id\":\"https:\/\/bahiaeconomica.com.br\/wp\/2018\/10\/26\/thr-weeknd-e-bella-hadid-passam-a-morar-juntos-em-um-triplex-com-aluguel-de-r228-mil-reais-por-mesa\/#breadcrumb\"},\"inLanguage\":\"pt-BR\",\"potentialAction\":[{\"@type\":\"ReadAction\",\"target\":[\"https:\/\/bahiaeconomica.com.br\/wp\/2018\/10\/26\/thr-weeknd-e-bella-hadid-passam-a-morar-juntos-em-um-triplex-com-aluguel-de-r228-mil-reais-por-mesa\/\"]}]},{\"@type\":\"BreadcrumbList\",\"@id\":\"https:\/\/bahiaeconomica.com.br\/wp\/2018\/10\/26\/thr-weeknd-e-bella-hadid-passam-a-morar-juntos-em-um-triplex-com-aluguel-de-r228-mil-reais-por-mesa\/#breadcrumb\",\"itemListElement\":[{\"@type\":\"ListItem\",\"position\":1,\"name\":\"In\u00edcio\",\"item\":\"https:\/\/bahiaeconomica.com.br\/wp\/\"},{\"@type\":\"ListItem\",\"position\":2,\"name\":\"THE WEEKND E BELLA HADID PASSAM A MORAR JUNTOS EM TRIPLEX COM ALUGUEL DE R$228 MIL REAIS POR M\u00caS\"}]},{\"@type\":\"WebSite\",\"@id\":\"https:\/\/bahiaeconomica.com.br\/wp\/#website\",\"url\":\"https:\/\/bahiaeconomica.com.br\/wp\/\",\"name\":\"Bahia Economica\",\"description\":\"O maior portal de Economia da Bahia\",\"publisher\":{\"@id\":\"https:\/\/bahiaeconomica.com.br\/wp\/#organization\"},\"potentialAction\":[{\"@type\":\"SearchAction\",\"target\":{\"@type\":\"EntryPoint\",\"urlTemplate\":\"https:\/\/bahiaeconomica.com.br\/wp\/?s={search_term_string}\"},\"query-input\":\"required name=search_term_string\"}],\"inLanguage\":\"pt-BR\"},{\"@type\":\"Organization\",\"@id\":\"https:\/\/bahiaeconomica.com.br\/wp\/#organization\",\"name\":\"Bahia Econ\u00f4mica\",\"url\":\"https:\/\/bahiaeconomica.com.br\/wp\/\",\"logo\":{\"@type\":\"ImageObject\",\"inLanguage\":\"pt-BR\",\"@id\":\"https:\/\/bahiaeconomica.com.br\/wp\/#\/schema\/logo\/image\/\",\"url\":\"https:\/\/bahiaeconomica.com.br\/wp\/wp-content\/uploads\/2020\/12\/cropped-BE.png\",\"contentUrl\":\"https:\/\/bahiaeconomica.com.br\/wp\/wp-content\/uploads\/2020\/12\/cropped-BE.png\",\"width\":512,\"height\":512,\"caption\":\"Bahia Econ\u00f4mica\"},\"image\":{\"@id\":\"https:\/\/bahiaeconomica.com.br\/wp\/#\/schema\/logo\/image\/\"},\"sameAs\":[\"https:\/\/www.facebook.com\/bahiaeconomica\"]},{\"@type\":\"Person\",\"@id\":\"https:\/\/bahiaeconomica.com.br\/wp\/#\/schema\/person\/cb1ab5ba96ad3d9390805381c76284ec\",\"name\":\"admin\",\"url\":\"https:\/\/bahiaeconomica.com.br\/wp\/author\/admin\/\"}]}<\/script>\n<!-- \/ Yoast SEO plugin. -->","yoast_head_json":{"title":"THE WEEKND E BELLA HADID PASSAM A MORAR JUNTOS EM TRIPLEX COM ALUGUEL DE R$228 MIL REAIS POR M\u00caS - Bahia Economica","description":"O maior portal de Economia da Bahia ENTRETENIMENTO Bahia Economica","robots":{"index":"index","follow":"follow","max-snippet":"max-snippet:-1","max-image-preview":"max-image-preview:large","max-video-preview":"max-video-preview:-1"},"canonical":"https:\/\/bahiaeconomica.com.br\/wp\/2018\/10\/26\/thr-weeknd-e-bella-hadid-passam-a-morar-juntos-em-um-triplex-com-aluguel-de-r228-mil-reais-por-mesa\/","og_locale":"pt_BR","og_type":"article","og_title":"THE WEEKND E BELLA HADID PASSAM A MORAR JUNTOS EM TRIPLEX COM ALUGUEL DE R$228 MIL REAIS POR M\u00caS - Bahia Economica","og_description":"O maior portal de Economia da Bahia ENTRETENIMENTO Bahia Economica","og_url":"https:\/\/bahiaeconomica.com.br\/wp\/2018\/10\/26\/thr-weeknd-e-bella-hadid-passam-a-morar-juntos-em-um-triplex-com-aluguel-de-r228-mil-reais-por-mesa\/","og_site_name":"Bahia Economica","article_publisher":"https:\/\/www.facebook.com\/bahiaeconomica","article_published_time":"2018-10-26T17:31:10+00:00","article_modified_time":"2018-10-26T17:32:57+00:00","og_image":[{"width":820,"height":609,"url":"https:\/\/bahiaeconomica.com.br\/wp\/wp-content\/uploads\/2018\/10\/2017-11-16-GettyImages-527561776.jpg","type":"image\/jpeg"}],"author":"admin","twitter_card":"summary_large_image","twitter_misc":{"Escrito por":"admin","Est. tempo de leitura":"1 minuto"},"schema":{"@context":"https:\/\/schema.org","@graph":[{"@type":"Article","@id":"https:\/\/bahiaeconomica.com.br\/wp\/2018\/10\/26\/thr-weeknd-e-bella-hadid-passam-a-morar-juntos-em-um-triplex-com-aluguel-de-r228-mil-reais-por-mesa\/#article","isPartOf":{"@id":"https:\/\/bahiaeconomica.com.br\/wp\/2018\/10\/26\/thr-weeknd-e-bella-hadid-passam-a-morar-juntos-em-um-triplex-com-aluguel-de-r228-mil-reais-por-mesa\/"},"author":{"name":"admin","@id":"https:\/\/bahiaeconomica.com.br\/wp\/#\/schema\/person\/cb1ab5ba96ad3d9390805381c76284ec"},"headline":"THE WEEKND E BELLA HADID PASSAM A MORAR JUNTOS EM TRIPLEX COM ALUGUEL DE R$228 MIL REAIS POR M\u00caS","datePublished":"2018-10-26T17:31:10+00:00","dateModified":"2018-10-26T17:32:57+00:00","mainEntityOfPage":{"@id":"https:\/\/bahiaeconomica.com.br\/wp\/2018\/10\/26\/thr-weeknd-e-bella-hadid-passam-a-morar-juntos-em-um-triplex-com-aluguel-de-r228-mil-reais-por-mesa\/"},"wordCount":175,"commentCount":0,"publisher":{"@id":"https:\/\/bahiaeconomica.com.br\/wp\/#organization"},"articleSection":["ENTRETENIMENTO"],"inLanguage":"pt-BR","potentialAction":[{"@type":"CommentAction","name":"Comment","target":["https:\/\/bahiaeconomica.com.br\/wp\/2018\/10\/26\/thr-weeknd-e-bella-hadid-passam-a-morar-juntos-em-um-triplex-com-aluguel-de-r228-mil-reais-por-mesa\/#respond"]}]},{"@type":"WebPage","@id":"https:\/\/bahiaeconomica.com.br\/wp\/2018\/10\/26\/thr-weeknd-e-bella-hadid-passam-a-morar-juntos-em-um-triplex-com-aluguel-de-r228-mil-reais-por-mesa\/","url":"https:\/\/bahiaeconomica.com.br\/wp\/2018\/10\/26\/thr-weeknd-e-bella-hadid-passam-a-morar-juntos-em-um-triplex-com-aluguel-de-r228-mil-reais-por-mesa\/","name":"THE WEEKND E BELLA HADID PASSAM A MORAR JUNTOS EM TRIPLEX COM ALUGUEL DE R$228 MIL REAIS POR M\u00caS - Bahia Economica","isPartOf":{"@id":"https:\/\/bahiaeconomica.com.br\/wp\/#website"},"datePublished":"2018-10-26T17:31:10+00:00","dateModified":"2018-10-26T17:32:57+00:00","description":"O maior portal de Economia da Bahia ENTRETENIMENTO Bahia Economica","breadcrumb":{"@id":"https:\/\/bahiaeconomica.com.br\/wp\/2018\/10\/26\/thr-weeknd-e-bella-hadid-passam-a-morar-juntos-em-um-triplex-com-aluguel-de-r228-mil-reais-por-mesa\/#breadcrumb"},"inLanguage":"pt-BR","potentialAction":[{"@type":"ReadAction","target":["https:\/\/bahiaeconomica.com.br\/wp\/2018\/10\/26\/thr-weeknd-e-bella-hadid-passam-a-morar-juntos-em-um-triplex-com-aluguel-de-r228-mil-reais-por-mesa\/"]}]},{"@type":"BreadcrumbList","@id":"https:\/\/bahiaeconomica.com.br\/wp\/2018\/10\/26\/thr-weeknd-e-bella-hadid-passam-a-morar-juntos-em-um-triplex-com-aluguel-de-r228-mil-reais-por-mesa\/#breadcrumb","itemListElement":[{"@type":"ListItem","position":1,"name":"In\u00edcio","item":"https:\/\/bahiaeconomica.com.br\/wp\/"},{"@type":"ListItem","position":2,"name":"THE WEEKND E BELLA HADID PASSAM A MORAR JUNTOS EM TRIPLEX COM ALUGUEL DE R$228 MIL REAIS POR M\u00caS"}]},{"@type":"WebSite","@id":"https:\/\/bahiaeconomica.com.br\/wp\/#website","url":"https:\/\/bahiaeconomica.com.br\/wp\/","name":"Bahia Economica","description":"O maior portal de Economia da Bahia","publisher":{"@id":"https:\/\/bahiaeconomica.com.br\/wp\/#organization"},"potentialAction":[{"@type":"SearchAction","target":{"@type":"EntryPoint","urlTemplate":"https:\/\/bahiaeconomica.com.br\/wp\/?s={search_term_string}"},"query-input":"required name=search_term_string"}],"inLanguage":"pt-BR"},{"@type":"Organization","@id":"https:\/\/bahiaeconomica.com.br\/wp\/#organization","name":"Bahia Econ\u00f4mica","url":"https:\/\/bahiaeconomica.com.br\/wp\/","logo":{"@type":"ImageObject","inLanguage":"pt-BR","@id":"https:\/\/bahiaeconomica.com.br\/wp\/#\/schema\/logo\/image\/","url":"https:\/\/bahiaeconomica.com.br\/wp\/wp-content\/uploads\/2020\/12\/cropped-BE.png","contentUrl":"https:\/\/bahiaeconomica.com.br\/wp\/wp-content\/uploads\/2020\/12\/cropped-BE.png","width":512,"height":512,"caption":"Bahia Econ\u00f4mica"},"image":{"@id":"https:\/\/bahiaeconomica.com.br\/wp\/#\/schema\/logo\/image\/"},"sameAs":["https:\/\/www.facebook.com\/bahiaeconomica"]},{"@type":"Person","@id":"https:\/\/bahiaeconomica.com.br\/wp\/#\/schema\/person\/cb1ab5ba96ad3d9390805381c76284ec","name":"admin","url":"https:\/\/bahiaeconomica.com.br\/wp\/author\/admin\/"}]}},"views":0,"_links":{"self":[{"href":"https:\/\/bahiaeconomica.com.br\/wp\/wp-json\/wp\/v2\/posts\/188400"}],"collection":[{"href":"https:\/\/bahiaeconomica.com.br\/wp\/wp-json\/wp\/v2\/posts"}],"about":[{"href":"https:\/\/bahiaeconomica.com.br\/wp\/wp-json\/wp\/v2\/types\/post"}],"author":[{"embeddable":true,"href":"https:\/\/bahiaeconomica.com.br\/wp\/wp-json\/wp\/v2\/users\/1"}],"replies":[{"embeddable":true,"href":"https:\/\/bahiaeconomica.com.br\/wp\/wp-json\/wp\/v2\/comments?post=188400"}],"version-history":[{"count":0,"href":"https:\/\/bahiaeconomica.com.br\/wp\/wp-json\/wp\/v2\/posts\/188400\/revisions"}],"wp:featuredmedia":[{"embeddable":true,"href":"https:\/\/bahiaeconomica.com.br\/wp\/wp-json\/wp\/v2\/media\/188410"}],"wp:attachment":[{"href":"https:\/\/bahiaeconomica.com.br\/wp\/wp-json\/wp\/v2\/media?parent=188400"}],"wp:term":[{"taxonomy":"category","embeddable":true,"href":"https:\/\/bahiaeconomica.com.br\/wp\/wp-json\/wp\/v2\/categories?post=188400"},{"taxonomy":"post_tag","embeddable":true,"href":"https:\/\/bahiaeconomica.com.br\/wp\/wp-json\/wp\/v2\/tags?post=188400"}],"curies":[{"name":"wp","href":"https:\/\/api.w.org\/{rel}","templated":true}]}}