{"id":163856,"date":"2018-09-26T13:00:42","date_gmt":"2018-09-26T16:00:42","guid":{"rendered":"https:\/\/bahiaeconomica.com.br\/wp\/beta\/?p=163856"},"modified":"2018-09-26T13:02:57","modified_gmt":"2018-09-26T16:02:57","slug":"arrascaeta-e-thiago-neves-sao-duvidas-do-cruzeiro-para-hoje","status":"publish","type":"post","link":"https:\/\/bahiaeconomica.com.br\/wp\/2018\/09\/26\/arrascaeta-e-thiago-neves-sao-duvidas-do-cruzeiro-para-hoje\/","title":{"rendered":"ARRASCAETA E THIAGO NEVES S\u00c3O D\u00daVIDAS DO CRUZEIRO PARA HOJE"},"content":{"rendered":"<p style=\"text-align: justify;\">Nesta quarta-feira, \u00e0s 21h45 (de Bras\u00edlia), o Cruzeiro entra em campo para a partida mais importante do ano, at\u00e9 o momento. O duelo ser\u00e1 contra o Palmeiras, no Mineir\u00e3o, pela volta da semifinal da Copa do Brasil. E, para este compromisso, o t\u00e9cnico Mano Menezes pode n\u00e3o ter dois dos principais jogadores do time, que se recuperam de dores na coxa: Thiago Neves e Arrascaeta. Juntos, os dois participaram de 30 dos 73 gols marcados pela Raposa na temporada, com bola na rede ou assist\u00eancia.<\/p>\n<p style=\"text-align: justify;\">Isso corresponde a 41% dos tentos feitos. Thiago Neves \u00e9 o artilheiro do Cruzeiro na temporada, com 12 gols, seguido por Arrascaeta, que tem 11. No ranking de assist\u00eancias, o uruguaio est\u00e1 melhor: foram seis passes que terminaram em gols dos companheiros, contra um do camisa 30. Os dois fizeram um trabalho \u00e0 parte com os fisioterapeutas do clubes na segunda, no entanto, Thiago Neves \u00e9 o que mais tem chances de jogar nesta quarta. Ele sentiu dores na parte posterior da coxa direita no segundo tempo da derrota por 2 a 0 para o Boca Juniors, na semana passada. Desde ent\u00e3o, n\u00e3o fez nenhum trabalho com os companheiros e, assim como boa parte dos titulares, foi poupado contra o Santos, no domingo.<\/p>\n<p style=\"text-align: justify;\">O caso de Arrascaeta \u00e9 um pouco mais dif\u00edcil. Diante do Internacional, no dia 2 deste m\u00eas, ele sentiu dores na coxa esquerda e foi at\u00e9 cortado do amistoso que a sele\u00e7\u00e3o uruguaia fez contra o M\u00e9xico. Uma semana depois, no dia 9, foi titular diante do Palmeiras, mas deixou o campo ainda na primeira etapa, com dores na mesma coxa. O departamento m\u00e9dico celeste, no entanto, informou \u00e0 \u00e9poca que n\u00e3o era no mesmo m\u00fasculo da les\u00e3o anterior.<\/p>\n","protected":false},"excerpt":{"rendered":"<p>Nesta quarta-feira, \u00e0s 21h45 (de Bras\u00edlia), o Cruzeiro entra em campo para a partida mais importante do ano, at\u00e9 o momento. O duelo ser\u00e1 contra o Palmeiras, no Mineir\u00e3o, pela volta da semifinal da Copa do Brasil. E, para este compromisso, o t\u00e9cnico Mano Menezes pode n\u00e3o ter dois dos principais jogadores do time, que [&hellip;]<\/p>\n","protected":false},"author":1,"featured_media":163857,"comment_status":"open","ping_status":"open","sticky":false,"template":"","format":"standard","meta":[],"categories":[21],"tags":[],"acf":[],"yoast_head":"<!-- This site is optimized with the Yoast SEO plugin v20.8 - https:\/\/yoast.com\/wordpress\/plugins\/seo\/ -->\n<title>ARRASCAETA E THIAGO NEVES S\u00c3O D\u00daVIDAS DO CRUZEIRO PARA HOJE - Bahia Economica<\/title>\n<meta name=\"description\" content=\"O maior portal de Economia da Bahia Sa\u00fade \/ Educa\u00e7\u00e3o Bahia Economica\" \/>\n<meta name=\"robots\" content=\"index, follow, max-snippet:-1, max-image-preview:large, max-video-preview:-1\" \/>\n<link rel=\"canonical\" href=\"https:\/\/bahiaeconomica.com.br\/wp\/2018\/09\/26\/arrascaeta-e-thiago-neves-sao-duvidas-do-cruzeiro-para-hoje\/\" \/>\n<meta property=\"og:locale\" content=\"pt_BR\" \/>\n<meta property=\"og:type\" content=\"article\" \/>\n<meta property=\"og:title\" content=\"ARRASCAETA E THIAGO NEVES S\u00c3O D\u00daVIDAS DO CRUZEIRO PARA HOJE - Bahia Economica\" \/>\n<meta property=\"og:description\" content=\"O maior portal de Economia da Bahia Sa\u00fade \/ Educa\u00e7\u00e3o Bahia Economica\" \/>\n<meta property=\"og:url\" content=\"https:\/\/bahiaeconomica.com.br\/wp\/2018\/09\/26\/arrascaeta-e-thiago-neves-sao-duvidas-do-cruzeiro-para-hoje\/\" \/>\n<meta property=\"og:site_name\" content=\"Bahia Economica\" \/>\n<meta property=\"article:publisher\" content=\"https:\/\/www.facebook.com\/bahiaeconomica\" \/>\n<meta property=\"article:published_time\" content=\"2018-09-26T16:00:42+00:00\" \/>\n<meta property=\"article:modified_time\" content=\"2018-09-26T16:02:57+00:00\" \/>\n<meta property=\"og:image\" content=\"https:\/\/bahiaeconomica.com.br\/wp\/wp-content\/uploads\/2018\/09\/thiago_neevs-e1537959213699.jpg\" \/>\n\t<meta property=\"og:image:width\" content=\"500\" \/>\n\t<meta property=\"og:image:height\" content=\"268\" \/>\n\t<meta property=\"og:image:type\" content=\"image\/jpeg\" \/>\n<meta name=\"author\" content=\"admin\" \/>\n<meta name=\"twitter:card\" content=\"summary_large_image\" \/>\n<meta name=\"twitter:label1\" content=\"Escrito por\" \/>\n\t<meta name=\"twitter:data1\" content=\"admin\" \/>\n\t<meta name=\"twitter:label2\" content=\"Est. tempo de leitura\" \/>\n\t<meta name=\"twitter:data2\" content=\"1 minuto\" \/>\n<script type=\"application\/ld+json\" class=\"yoast-schema-graph\">{\"@context\":\"https:\/\/schema.org\",\"@graph\":[{\"@type\":\"Article\",\"@id\":\"https:\/\/bahiaeconomica.com.br\/wp\/2018\/09\/26\/arrascaeta-e-thiago-neves-sao-duvidas-do-cruzeiro-para-hoje\/#article\",\"isPartOf\":{\"@id\":\"https:\/\/bahiaeconomica.com.br\/wp\/2018\/09\/26\/arrascaeta-e-thiago-neves-sao-duvidas-do-cruzeiro-para-hoje\/\"},\"author\":{\"name\":\"admin\",\"@id\":\"https:\/\/bahiaeconomica.com.br\/wp\/#\/schema\/person\/cb1ab5ba96ad3d9390805381c76284ec\"},\"headline\":\"ARRASCAETA E THIAGO NEVES S\u00c3O D\u00daVIDAS DO CRUZEIRO PARA HOJE\",\"datePublished\":\"2018-09-26T16:00:42+00:00\",\"dateModified\":\"2018-09-26T16:02:57+00:00\",\"mainEntityOfPage\":{\"@id\":\"https:\/\/bahiaeconomica.com.br\/wp\/2018\/09\/26\/arrascaeta-e-thiago-neves-sao-duvidas-do-cruzeiro-para-hoje\/\"},\"wordCount\":300,\"commentCount\":0,\"publisher\":{\"@id\":\"https:\/\/bahiaeconomica.com.br\/wp\/#organization\"},\"articleSection\":[\"Sa\u00fade \/ Educa\u00e7\u00e3o\"],\"inLanguage\":\"pt-BR\",\"potentialAction\":[{\"@type\":\"CommentAction\",\"name\":\"Comment\",\"target\":[\"https:\/\/bahiaeconomica.com.br\/wp\/2018\/09\/26\/arrascaeta-e-thiago-neves-sao-duvidas-do-cruzeiro-para-hoje\/#respond\"]}]},{\"@type\":\"WebPage\",\"@id\":\"https:\/\/bahiaeconomica.com.br\/wp\/2018\/09\/26\/arrascaeta-e-thiago-neves-sao-duvidas-do-cruzeiro-para-hoje\/\",\"url\":\"https:\/\/bahiaeconomica.com.br\/wp\/2018\/09\/26\/arrascaeta-e-thiago-neves-sao-duvidas-do-cruzeiro-para-hoje\/\",\"name\":\"ARRASCAETA E THIAGO NEVES S\u00c3O D\u00daVIDAS DO CRUZEIRO PARA HOJE - Bahia Economica\",\"isPartOf\":{\"@id\":\"https:\/\/bahiaeconomica.com.br\/wp\/#website\"},\"datePublished\":\"2018-09-26T16:00:42+00:00\",\"dateModified\":\"2018-09-26T16:02:57+00:00\",\"description\":\"O maior portal de Economia da Bahia Sa\u00fade \/ Educa\u00e7\u00e3o Bahia Economica\",\"breadcrumb\":{\"@id\":\"https:\/\/bahiaeconomica.com.br\/wp\/2018\/09\/26\/arrascaeta-e-thiago-neves-sao-duvidas-do-cruzeiro-para-hoje\/#breadcrumb\"},\"inLanguage\":\"pt-BR\",\"potentialAction\":[{\"@type\":\"ReadAction\",\"target\":[\"https:\/\/bahiaeconomica.com.br\/wp\/2018\/09\/26\/arrascaeta-e-thiago-neves-sao-duvidas-do-cruzeiro-para-hoje\/\"]}]},{\"@type\":\"BreadcrumbList\",\"@id\":\"https:\/\/bahiaeconomica.com.br\/wp\/2018\/09\/26\/arrascaeta-e-thiago-neves-sao-duvidas-do-cruzeiro-para-hoje\/#breadcrumb\",\"itemListElement\":[{\"@type\":\"ListItem\",\"position\":1,\"name\":\"In\u00edcio\",\"item\":\"https:\/\/bahiaeconomica.com.br\/wp\/\"},{\"@type\":\"ListItem\",\"position\":2,\"name\":\"ARRASCAETA E THIAGO NEVES S\u00c3O D\u00daVIDAS DO CRUZEIRO PARA HOJE\"}]},{\"@type\":\"WebSite\",\"@id\":\"https:\/\/bahiaeconomica.com.br\/wp\/#website\",\"url\":\"https:\/\/bahiaeconomica.com.br\/wp\/\",\"name\":\"Bahia Economica\",\"description\":\"O maior portal de Economia da Bahia\",\"publisher\":{\"@id\":\"https:\/\/bahiaeconomica.com.br\/wp\/#organization\"},\"potentialAction\":[{\"@type\":\"SearchAction\",\"target\":{\"@type\":\"EntryPoint\",\"urlTemplate\":\"https:\/\/bahiaeconomica.com.br\/wp\/?s={search_term_string}\"},\"query-input\":\"required name=search_term_string\"}],\"inLanguage\":\"pt-BR\"},{\"@type\":\"Organization\",\"@id\":\"https:\/\/bahiaeconomica.com.br\/wp\/#organization\",\"name\":\"Bahia Econ\u00f4mica\",\"url\":\"https:\/\/bahiaeconomica.com.br\/wp\/\",\"logo\":{\"@type\":\"ImageObject\",\"inLanguage\":\"pt-BR\",\"@id\":\"https:\/\/bahiaeconomica.com.br\/wp\/#\/schema\/logo\/image\/\",\"url\":\"https:\/\/bahiaeconomica.com.br\/wp\/wp-content\/uploads\/2020\/12\/cropped-BE.png\",\"contentUrl\":\"https:\/\/bahiaeconomica.com.br\/wp\/wp-content\/uploads\/2020\/12\/cropped-BE.png\",\"width\":512,\"height\":512,\"caption\":\"Bahia Econ\u00f4mica\"},\"image\":{\"@id\":\"https:\/\/bahiaeconomica.com.br\/wp\/#\/schema\/logo\/image\/\"},\"sameAs\":[\"https:\/\/www.facebook.com\/bahiaeconomica\"]},{\"@type\":\"Person\",\"@id\":\"https:\/\/bahiaeconomica.com.br\/wp\/#\/schema\/person\/cb1ab5ba96ad3d9390805381c76284ec\",\"name\":\"admin\",\"url\":\"https:\/\/bahiaeconomica.com.br\/wp\/author\/admin\/\"}]}<\/script>\n<!-- \/ Yoast SEO plugin. -->","yoast_head_json":{"title":"ARRASCAETA E THIAGO NEVES S\u00c3O D\u00daVIDAS DO CRUZEIRO PARA HOJE - Bahia Economica","description":"O maior portal de Economia da Bahia Sa\u00fade \/ Educa\u00e7\u00e3o Bahia Economica","robots":{"index":"index","follow":"follow","max-snippet":"max-snippet:-1","max-image-preview":"max-image-preview:large","max-video-preview":"max-video-preview:-1"},"canonical":"https:\/\/bahiaeconomica.com.br\/wp\/2018\/09\/26\/arrascaeta-e-thiago-neves-sao-duvidas-do-cruzeiro-para-hoje\/","og_locale":"pt_BR","og_type":"article","og_title":"ARRASCAETA E THIAGO NEVES S\u00c3O D\u00daVIDAS DO CRUZEIRO PARA HOJE - Bahia Economica","og_description":"O maior portal de Economia da Bahia Sa\u00fade \/ Educa\u00e7\u00e3o Bahia Economica","og_url":"https:\/\/bahiaeconomica.com.br\/wp\/2018\/09\/26\/arrascaeta-e-thiago-neves-sao-duvidas-do-cruzeiro-para-hoje\/","og_site_name":"Bahia Economica","article_publisher":"https:\/\/www.facebook.com\/bahiaeconomica","article_published_time":"2018-09-26T16:00:42+00:00","article_modified_time":"2018-09-26T16:02:57+00:00","og_image":[{"width":500,"height":268,"url":"https:\/\/bahiaeconomica.com.br\/wp\/wp-content\/uploads\/2018\/09\/thiago_neevs-e1537959213699.jpg","type":"image\/jpeg"}],"author":"admin","twitter_card":"summary_large_image","twitter_misc":{"Escrito por":"admin","Est. tempo de leitura":"1 minuto"},"schema":{"@context":"https:\/\/schema.org","@graph":[{"@type":"Article","@id":"https:\/\/bahiaeconomica.com.br\/wp\/2018\/09\/26\/arrascaeta-e-thiago-neves-sao-duvidas-do-cruzeiro-para-hoje\/#article","isPartOf":{"@id":"https:\/\/bahiaeconomica.com.br\/wp\/2018\/09\/26\/arrascaeta-e-thiago-neves-sao-duvidas-do-cruzeiro-para-hoje\/"},"author":{"name":"admin","@id":"https:\/\/bahiaeconomica.com.br\/wp\/#\/schema\/person\/cb1ab5ba96ad3d9390805381c76284ec"},"headline":"ARRASCAETA E THIAGO NEVES S\u00c3O D\u00daVIDAS DO CRUZEIRO PARA HOJE","datePublished":"2018-09-26T16:00:42+00:00","dateModified":"2018-09-26T16:02:57+00:00","mainEntityOfPage":{"@id":"https:\/\/bahiaeconomica.com.br\/wp\/2018\/09\/26\/arrascaeta-e-thiago-neves-sao-duvidas-do-cruzeiro-para-hoje\/"},"wordCount":300,"commentCount":0,"publisher":{"@id":"https:\/\/bahiaeconomica.com.br\/wp\/#organization"},"articleSection":["Sa\u00fade \/ Educa\u00e7\u00e3o"],"inLanguage":"pt-BR","potentialAction":[{"@type":"CommentAction","name":"Comment","target":["https:\/\/bahiaeconomica.com.br\/wp\/2018\/09\/26\/arrascaeta-e-thiago-neves-sao-duvidas-do-cruzeiro-para-hoje\/#respond"]}]},{"@type":"WebPage","@id":"https:\/\/bahiaeconomica.com.br\/wp\/2018\/09\/26\/arrascaeta-e-thiago-neves-sao-duvidas-do-cruzeiro-para-hoje\/","url":"https:\/\/bahiaeconomica.com.br\/wp\/2018\/09\/26\/arrascaeta-e-thiago-neves-sao-duvidas-do-cruzeiro-para-hoje\/","name":"ARRASCAETA E THIAGO NEVES S\u00c3O D\u00daVIDAS DO CRUZEIRO PARA HOJE - Bahia Economica","isPartOf":{"@id":"https:\/\/bahiaeconomica.com.br\/wp\/#website"},"datePublished":"2018-09-26T16:00:42+00:00","dateModified":"2018-09-26T16:02:57+00:00","description":"O maior portal de Economia da Bahia Sa\u00fade \/ Educa\u00e7\u00e3o Bahia Economica","breadcrumb":{"@id":"https:\/\/bahiaeconomica.com.br\/wp\/2018\/09\/26\/arrascaeta-e-thiago-neves-sao-duvidas-do-cruzeiro-para-hoje\/#breadcrumb"},"inLanguage":"pt-BR","potentialAction":[{"@type":"ReadAction","target":["https:\/\/bahiaeconomica.com.br\/wp\/2018\/09\/26\/arrascaeta-e-thiago-neves-sao-duvidas-do-cruzeiro-para-hoje\/"]}]},{"@type":"BreadcrumbList","@id":"https:\/\/bahiaeconomica.com.br\/wp\/2018\/09\/26\/arrascaeta-e-thiago-neves-sao-duvidas-do-cruzeiro-para-hoje\/#breadcrumb","itemListElement":[{"@type":"ListItem","position":1,"name":"In\u00edcio","item":"https:\/\/bahiaeconomica.com.br\/wp\/"},{"@type":"ListItem","position":2,"name":"ARRASCAETA E THIAGO NEVES S\u00c3O D\u00daVIDAS DO CRUZEIRO PARA HOJE"}]},{"@type":"WebSite","@id":"https:\/\/bahiaeconomica.com.br\/wp\/#website","url":"https:\/\/bahiaeconomica.com.br\/wp\/","name":"Bahia Economica","description":"O maior portal de Economia da Bahia","publisher":{"@id":"https:\/\/bahiaeconomica.com.br\/wp\/#organization"},"potentialAction":[{"@type":"SearchAction","target":{"@type":"EntryPoint","urlTemplate":"https:\/\/bahiaeconomica.com.br\/wp\/?s={search_term_string}"},"query-input":"required name=search_term_string"}],"inLanguage":"pt-BR"},{"@type":"Organization","@id":"https:\/\/bahiaeconomica.com.br\/wp\/#organization","name":"Bahia Econ\u00f4mica","url":"https:\/\/bahiaeconomica.com.br\/wp\/","logo":{"@type":"ImageObject","inLanguage":"pt-BR","@id":"https:\/\/bahiaeconomica.com.br\/wp\/#\/schema\/logo\/image\/","url":"https:\/\/bahiaeconomica.com.br\/wp\/wp-content\/uploads\/2020\/12\/cropped-BE.png","contentUrl":"https:\/\/bahiaeconomica.com.br\/wp\/wp-content\/uploads\/2020\/12\/cropped-BE.png","width":512,"height":512,"caption":"Bahia Econ\u00f4mica"},"image":{"@id":"https:\/\/bahiaeconomica.com.br\/wp\/#\/schema\/logo\/image\/"},"sameAs":["https:\/\/www.facebook.com\/bahiaeconomica"]},{"@type":"Person","@id":"https:\/\/bahiaeconomica.com.br\/wp\/#\/schema\/person\/cb1ab5ba96ad3d9390805381c76284ec","name":"admin","url":"https:\/\/bahiaeconomica.com.br\/wp\/author\/admin\/"}]}},"views":0,"_links":{"self":[{"href":"https:\/\/bahiaeconomica.com.br\/wp\/wp-json\/wp\/v2\/posts\/163856"}],"collection":[{"href":"https:\/\/bahiaeconomica.com.br\/wp\/wp-json\/wp\/v2\/posts"}],"about":[{"href":"https:\/\/bahiaeconomica.com.br\/wp\/wp-json\/wp\/v2\/types\/post"}],"author":[{"embeddable":true,"href":"https:\/\/bahiaeconomica.com.br\/wp\/wp-json\/wp\/v2\/users\/1"}],"replies":[{"embeddable":true,"href":"https:\/\/bahiaeconomica.com.br\/wp\/wp-json\/wp\/v2\/comments?post=163856"}],"version-history":[{"count":0,"href":"https:\/\/bahiaeconomica.com.br\/wp\/wp-json\/wp\/v2\/posts\/163856\/revisions"}],"wp:featuredmedia":[{"embeddable":true,"href":"https:\/\/bahiaeconomica.com.br\/wp\/wp-json\/wp\/v2\/media\/163857"}],"wp:attachment":[{"href":"https:\/\/bahiaeconomica.com.br\/wp\/wp-json\/wp\/v2\/media?parent=163856"}],"wp:term":[{"taxonomy":"category","embeddable":true,"href":"https:\/\/bahiaeconomica.com.br\/wp\/wp-json\/wp\/v2\/categories?post=163856"},{"taxonomy":"post_tag","embeddable":true,"href":"https:\/\/bahiaeconomica.com.br\/wp\/wp-json\/wp\/v2\/tags?post=163856"}],"curies":[{"name":"wp","href":"https:\/\/api.w.org\/{rel}","templated":true}]}}