{"id":15953,"date":"2018-04-19T12:31:03","date_gmt":"2018-04-19T12:31:03","guid":{"rendered":"https:\/\/bahiaeconomica.com.br\/wp\/beta\/?p=15953"},"modified":"2018-04-19T12:31:03","modified_gmt":"2018-04-19T12:31:03","slug":"deputado-rosemberg-recebera-titulo-de-cidadao-paubrasiliense","status":"publish","type":"post","link":"https:\/\/bahiaeconomica.com.br\/wp\/2018\/04\/19\/deputado-rosemberg-recebera-titulo-de-cidadao-paubrasiliense\/","title":{"rendered":"DEPUTADO ROSEMBERG RECEBER\u00c1 T\u00cdTULO DE CIDAD\u00c3O PAUBRASILIENSE"},"content":{"rendered":"<p style=\"text-align: justify;\">O deputado estadual Rosemberg Pinto (PT) receber\u00e1, nesta quinta-feira (19), o t\u00edtulo de cidad\u00e3o paubrasili\u00eanse. A honraria, concedida pelo vereador Ac\u00e1ssio Miranda, vai ser entregue na C\u00e2mara de Vereadores de Pau Brasil, em solenidade marcada para \u00e0s 9h, durante sess\u00e3o em comemora\u00e7\u00e3o aos 56 anos de emancipa\u00e7\u00e3o pol\u00edtica do munic\u00edpio. A homenagem se deve \u00e0s conquistas obtidas por Rosemberg para o munic\u00edpio.<\/p>\n<p style=\"text-align: justify;\">\u201cAgrade\u00e7o essa condecora\u00e7\u00e3o que estou recebendo pelos servi\u00e7os prestados a Pau Brasil, mas apenas exerci a minha obriga\u00e7\u00e3o de adquirir melhorias para as cidades com os quais eu me comprometi a ajudar. Meu muito obrigado a toda popula\u00e7\u00e3o e tamb\u00e9m ao vereador Ac\u00e1ssio pelo reconhecimento\u201d, declarou o deputado.<\/p>\n","protected":false},"excerpt":{"rendered":"<p>O deputado estadual Rosemberg Pinto (PT) receber\u00e1, nesta quinta-feira (19), o t\u00edtulo de cidad\u00e3o paubrasili\u00eanse. A honraria, concedida pelo vereador Ac\u00e1ssio Miranda, vai ser entregue na C\u00e2mara de Vereadores de Pau Brasil, em solenidade marcada para \u00e0s 9h, durante sess\u00e3o em comemora\u00e7\u00e3o aos 56 anos de emancipa\u00e7\u00e3o pol\u00edtica do munic\u00edpio. A homenagem se deve \u00e0s [&hellip;]<\/p>\n","protected":false},"author":1,"featured_media":15955,"comment_status":"open","ping_status":"open","sticky":false,"template":"","format":"standard","meta":[],"categories":[5],"tags":[],"acf":[],"yoast_head":"<!-- This site is optimized with the Yoast SEO plugin v20.8 - https:\/\/yoast.com\/wordpress\/plugins\/seo\/ -->\n<title>DEPUTADO ROSEMBERG RECEBER\u00c1 T\u00cdTULO DE CIDAD\u00c3O PAUBRASILIENSE - Bahia Economica<\/title>\n<meta name=\"description\" content=\"O maior portal de Economia da Bahia MUNIC\u00cdPIOS Bahia Economica\" \/>\n<meta name=\"robots\" content=\"index, follow, max-snippet:-1, max-image-preview:large, max-video-preview:-1\" \/>\n<link rel=\"canonical\" href=\"https:\/\/bahiaeconomica.com.br\/wp\/2018\/04\/19\/deputado-rosemberg-recebera-titulo-de-cidadao-paubrasiliense\/\" \/>\n<meta property=\"og:locale\" content=\"pt_BR\" \/>\n<meta property=\"og:type\" content=\"article\" \/>\n<meta property=\"og:title\" content=\"DEPUTADO ROSEMBERG RECEBER\u00c1 T\u00cdTULO DE CIDAD\u00c3O PAUBRASILIENSE - Bahia Economica\" \/>\n<meta property=\"og:description\" content=\"O maior portal de Economia da Bahia MUNIC\u00cdPIOS Bahia Economica\" \/>\n<meta property=\"og:url\" content=\"https:\/\/bahiaeconomica.com.br\/wp\/2018\/04\/19\/deputado-rosemberg-recebera-titulo-de-cidadao-paubrasiliense\/\" \/>\n<meta property=\"og:site_name\" content=\"Bahia Economica\" \/>\n<meta property=\"article:publisher\" content=\"https:\/\/www.facebook.com\/bahiaeconomica\" \/>\n<meta property=\"article:published_time\" content=\"2018-04-19T12:31:03+00:00\" \/>\n<meta property=\"og:image\" content=\"https:\/\/bahiaeconomica.com.br\/wp\/wp-content\/uploads\/2018\/04\/RP_Bandeira_Bahia-768x512-e1524141053659.jpg\" \/>\n\t<meta property=\"og:image:width\" content=\"500\" \/>\n\t<meta property=\"og:image:height\" content=\"333\" \/>\n\t<meta property=\"og:image:type\" content=\"image\/jpeg\" \/>\n<meta name=\"author\" content=\"admin\" \/>\n<meta name=\"twitter:card\" content=\"summary_large_image\" \/>\n<meta name=\"twitter:label1\" content=\"Escrito por\" \/>\n\t<meta name=\"twitter:data1\" content=\"admin\" \/>\n\t<meta name=\"twitter:label2\" content=\"Est. tempo de leitura\" \/>\n\t<meta name=\"twitter:data2\" content=\"1 minuto\" \/>\n<script type=\"application\/ld+json\" class=\"yoast-schema-graph\">{\"@context\":\"https:\/\/schema.org\",\"@graph\":[{\"@type\":\"Article\",\"@id\":\"https:\/\/bahiaeconomica.com.br\/wp\/2018\/04\/19\/deputado-rosemberg-recebera-titulo-de-cidadao-paubrasiliense\/#article\",\"isPartOf\":{\"@id\":\"https:\/\/bahiaeconomica.com.br\/wp\/2018\/04\/19\/deputado-rosemberg-recebera-titulo-de-cidadao-paubrasiliense\/\"},\"author\":{\"name\":\"admin\",\"@id\":\"https:\/\/bahiaeconomica.com.br\/wp\/#\/schema\/person\/cb1ab5ba96ad3d9390805381c76284ec\"},\"headline\":\"DEPUTADO ROSEMBERG RECEBER\u00c1 T\u00cdTULO DE CIDAD\u00c3O PAUBRASILIENSE\",\"datePublished\":\"2018-04-19T12:31:03+00:00\",\"dateModified\":\"2018-04-19T12:31:03+00:00\",\"mainEntityOfPage\":{\"@id\":\"https:\/\/bahiaeconomica.com.br\/wp\/2018\/04\/19\/deputado-rosemberg-recebera-titulo-de-cidadao-paubrasiliense\/\"},\"wordCount\":135,\"commentCount\":0,\"publisher\":{\"@id\":\"https:\/\/bahiaeconomica.com.br\/wp\/#organization\"},\"articleSection\":[\"MUNIC\u00cdPIOS\"],\"inLanguage\":\"pt-BR\",\"potentialAction\":[{\"@type\":\"CommentAction\",\"name\":\"Comment\",\"target\":[\"https:\/\/bahiaeconomica.com.br\/wp\/2018\/04\/19\/deputado-rosemberg-recebera-titulo-de-cidadao-paubrasiliense\/#respond\"]}]},{\"@type\":\"WebPage\",\"@id\":\"https:\/\/bahiaeconomica.com.br\/wp\/2018\/04\/19\/deputado-rosemberg-recebera-titulo-de-cidadao-paubrasiliense\/\",\"url\":\"https:\/\/bahiaeconomica.com.br\/wp\/2018\/04\/19\/deputado-rosemberg-recebera-titulo-de-cidadao-paubrasiliense\/\",\"name\":\"DEPUTADO ROSEMBERG RECEBER\u00c1 T\u00cdTULO DE CIDAD\u00c3O PAUBRASILIENSE - Bahia Economica\",\"isPartOf\":{\"@id\":\"https:\/\/bahiaeconomica.com.br\/wp\/#website\"},\"datePublished\":\"2018-04-19T12:31:03+00:00\",\"dateModified\":\"2018-04-19T12:31:03+00:00\",\"description\":\"O maior portal de Economia da Bahia MUNIC\u00cdPIOS Bahia Economica\",\"breadcrumb\":{\"@id\":\"https:\/\/bahiaeconomica.com.br\/wp\/2018\/04\/19\/deputado-rosemberg-recebera-titulo-de-cidadao-paubrasiliense\/#breadcrumb\"},\"inLanguage\":\"pt-BR\",\"potentialAction\":[{\"@type\":\"ReadAction\",\"target\":[\"https:\/\/bahiaeconomica.com.br\/wp\/2018\/04\/19\/deputado-rosemberg-recebera-titulo-de-cidadao-paubrasiliense\/\"]}]},{\"@type\":\"BreadcrumbList\",\"@id\":\"https:\/\/bahiaeconomica.com.br\/wp\/2018\/04\/19\/deputado-rosemberg-recebera-titulo-de-cidadao-paubrasiliense\/#breadcrumb\",\"itemListElement\":[{\"@type\":\"ListItem\",\"position\":1,\"name\":\"In\u00edcio\",\"item\":\"https:\/\/bahiaeconomica.com.br\/wp\/\"},{\"@type\":\"ListItem\",\"position\":2,\"name\":\"DEPUTADO ROSEMBERG RECEBER\u00c1 T\u00cdTULO DE CIDAD\u00c3O PAUBRASILIENSE\"}]},{\"@type\":\"WebSite\",\"@id\":\"https:\/\/bahiaeconomica.com.br\/wp\/#website\",\"url\":\"https:\/\/bahiaeconomica.com.br\/wp\/\",\"name\":\"Bahia Economica\",\"description\":\"O maior portal de Economia da Bahia\",\"publisher\":{\"@id\":\"https:\/\/bahiaeconomica.com.br\/wp\/#organization\"},\"potentialAction\":[{\"@type\":\"SearchAction\",\"target\":{\"@type\":\"EntryPoint\",\"urlTemplate\":\"https:\/\/bahiaeconomica.com.br\/wp\/?s={search_term_string}\"},\"query-input\":\"required name=search_term_string\"}],\"inLanguage\":\"pt-BR\"},{\"@type\":\"Organization\",\"@id\":\"https:\/\/bahiaeconomica.com.br\/wp\/#organization\",\"name\":\"Bahia Econ\u00f4mica\",\"url\":\"https:\/\/bahiaeconomica.com.br\/wp\/\",\"logo\":{\"@type\":\"ImageObject\",\"inLanguage\":\"pt-BR\",\"@id\":\"https:\/\/bahiaeconomica.com.br\/wp\/#\/schema\/logo\/image\/\",\"url\":\"https:\/\/bahiaeconomica.com.br\/wp\/wp-content\/uploads\/2020\/12\/cropped-BE.png\",\"contentUrl\":\"https:\/\/bahiaeconomica.com.br\/wp\/wp-content\/uploads\/2020\/12\/cropped-BE.png\",\"width\":512,\"height\":512,\"caption\":\"Bahia Econ\u00f4mica\"},\"image\":{\"@id\":\"https:\/\/bahiaeconomica.com.br\/wp\/#\/schema\/logo\/image\/\"},\"sameAs\":[\"https:\/\/www.facebook.com\/bahiaeconomica\"]},{\"@type\":\"Person\",\"@id\":\"https:\/\/bahiaeconomica.com.br\/wp\/#\/schema\/person\/cb1ab5ba96ad3d9390805381c76284ec\",\"name\":\"admin\",\"url\":\"https:\/\/bahiaeconomica.com.br\/wp\/author\/admin\/\"}]}<\/script>\n<!-- \/ Yoast SEO plugin. -->","yoast_head_json":{"title":"DEPUTADO ROSEMBERG RECEBER\u00c1 T\u00cdTULO DE CIDAD\u00c3O PAUBRASILIENSE - Bahia Economica","description":"O maior portal de Economia da Bahia MUNIC\u00cdPIOS Bahia Economica","robots":{"index":"index","follow":"follow","max-snippet":"max-snippet:-1","max-image-preview":"max-image-preview:large","max-video-preview":"max-video-preview:-1"},"canonical":"https:\/\/bahiaeconomica.com.br\/wp\/2018\/04\/19\/deputado-rosemberg-recebera-titulo-de-cidadao-paubrasiliense\/","og_locale":"pt_BR","og_type":"article","og_title":"DEPUTADO ROSEMBERG RECEBER\u00c1 T\u00cdTULO DE CIDAD\u00c3O PAUBRASILIENSE - Bahia Economica","og_description":"O maior portal de Economia da Bahia MUNIC\u00cdPIOS Bahia Economica","og_url":"https:\/\/bahiaeconomica.com.br\/wp\/2018\/04\/19\/deputado-rosemberg-recebera-titulo-de-cidadao-paubrasiliense\/","og_site_name":"Bahia Economica","article_publisher":"https:\/\/www.facebook.com\/bahiaeconomica","article_published_time":"2018-04-19T12:31:03+00:00","og_image":[{"width":500,"height":333,"url":"https:\/\/bahiaeconomica.com.br\/wp\/wp-content\/uploads\/2018\/04\/RP_Bandeira_Bahia-768x512-e1524141053659.jpg","type":"image\/jpeg"}],"author":"admin","twitter_card":"summary_large_image","twitter_misc":{"Escrito por":"admin","Est. tempo de leitura":"1 minuto"},"schema":{"@context":"https:\/\/schema.org","@graph":[{"@type":"Article","@id":"https:\/\/bahiaeconomica.com.br\/wp\/2018\/04\/19\/deputado-rosemberg-recebera-titulo-de-cidadao-paubrasiliense\/#article","isPartOf":{"@id":"https:\/\/bahiaeconomica.com.br\/wp\/2018\/04\/19\/deputado-rosemberg-recebera-titulo-de-cidadao-paubrasiliense\/"},"author":{"name":"admin","@id":"https:\/\/bahiaeconomica.com.br\/wp\/#\/schema\/person\/cb1ab5ba96ad3d9390805381c76284ec"},"headline":"DEPUTADO ROSEMBERG RECEBER\u00c1 T\u00cdTULO DE CIDAD\u00c3O PAUBRASILIENSE","datePublished":"2018-04-19T12:31:03+00:00","dateModified":"2018-04-19T12:31:03+00:00","mainEntityOfPage":{"@id":"https:\/\/bahiaeconomica.com.br\/wp\/2018\/04\/19\/deputado-rosemberg-recebera-titulo-de-cidadao-paubrasiliense\/"},"wordCount":135,"commentCount":0,"publisher":{"@id":"https:\/\/bahiaeconomica.com.br\/wp\/#organization"},"articleSection":["MUNIC\u00cdPIOS"],"inLanguage":"pt-BR","potentialAction":[{"@type":"CommentAction","name":"Comment","target":["https:\/\/bahiaeconomica.com.br\/wp\/2018\/04\/19\/deputado-rosemberg-recebera-titulo-de-cidadao-paubrasiliense\/#respond"]}]},{"@type":"WebPage","@id":"https:\/\/bahiaeconomica.com.br\/wp\/2018\/04\/19\/deputado-rosemberg-recebera-titulo-de-cidadao-paubrasiliense\/","url":"https:\/\/bahiaeconomica.com.br\/wp\/2018\/04\/19\/deputado-rosemberg-recebera-titulo-de-cidadao-paubrasiliense\/","name":"DEPUTADO ROSEMBERG RECEBER\u00c1 T\u00cdTULO DE CIDAD\u00c3O PAUBRASILIENSE - Bahia Economica","isPartOf":{"@id":"https:\/\/bahiaeconomica.com.br\/wp\/#website"},"datePublished":"2018-04-19T12:31:03+00:00","dateModified":"2018-04-19T12:31:03+00:00","description":"O maior portal de Economia da Bahia MUNIC\u00cdPIOS Bahia Economica","breadcrumb":{"@id":"https:\/\/bahiaeconomica.com.br\/wp\/2018\/04\/19\/deputado-rosemberg-recebera-titulo-de-cidadao-paubrasiliense\/#breadcrumb"},"inLanguage":"pt-BR","potentialAction":[{"@type":"ReadAction","target":["https:\/\/bahiaeconomica.com.br\/wp\/2018\/04\/19\/deputado-rosemberg-recebera-titulo-de-cidadao-paubrasiliense\/"]}]},{"@type":"BreadcrumbList","@id":"https:\/\/bahiaeconomica.com.br\/wp\/2018\/04\/19\/deputado-rosemberg-recebera-titulo-de-cidadao-paubrasiliense\/#breadcrumb","itemListElement":[{"@type":"ListItem","position":1,"name":"In\u00edcio","item":"https:\/\/bahiaeconomica.com.br\/wp\/"},{"@type":"ListItem","position":2,"name":"DEPUTADO ROSEMBERG RECEBER\u00c1 T\u00cdTULO DE CIDAD\u00c3O PAUBRASILIENSE"}]},{"@type":"WebSite","@id":"https:\/\/bahiaeconomica.com.br\/wp\/#website","url":"https:\/\/bahiaeconomica.com.br\/wp\/","name":"Bahia Economica","description":"O maior portal de Economia da Bahia","publisher":{"@id":"https:\/\/bahiaeconomica.com.br\/wp\/#organization"},"potentialAction":[{"@type":"SearchAction","target":{"@type":"EntryPoint","urlTemplate":"https:\/\/bahiaeconomica.com.br\/wp\/?s={search_term_string}"},"query-input":"required name=search_term_string"}],"inLanguage":"pt-BR"},{"@type":"Organization","@id":"https:\/\/bahiaeconomica.com.br\/wp\/#organization","name":"Bahia Econ\u00f4mica","url":"https:\/\/bahiaeconomica.com.br\/wp\/","logo":{"@type":"ImageObject","inLanguage":"pt-BR","@id":"https:\/\/bahiaeconomica.com.br\/wp\/#\/schema\/logo\/image\/","url":"https:\/\/bahiaeconomica.com.br\/wp\/wp-content\/uploads\/2020\/12\/cropped-BE.png","contentUrl":"https:\/\/bahiaeconomica.com.br\/wp\/wp-content\/uploads\/2020\/12\/cropped-BE.png","width":512,"height":512,"caption":"Bahia Econ\u00f4mica"},"image":{"@id":"https:\/\/bahiaeconomica.com.br\/wp\/#\/schema\/logo\/image\/"},"sameAs":["https:\/\/www.facebook.com\/bahiaeconomica"]},{"@type":"Person","@id":"https:\/\/bahiaeconomica.com.br\/wp\/#\/schema\/person\/cb1ab5ba96ad3d9390805381c76284ec","name":"admin","url":"https:\/\/bahiaeconomica.com.br\/wp\/author\/admin\/"}]}},"views":3,"_links":{"self":[{"href":"https:\/\/bahiaeconomica.com.br\/wp\/wp-json\/wp\/v2\/posts\/15953"}],"collection":[{"href":"https:\/\/bahiaeconomica.com.br\/wp\/wp-json\/wp\/v2\/posts"}],"about":[{"href":"https:\/\/bahiaeconomica.com.br\/wp\/wp-json\/wp\/v2\/types\/post"}],"author":[{"embeddable":true,"href":"https:\/\/bahiaeconomica.com.br\/wp\/wp-json\/wp\/v2\/users\/1"}],"replies":[{"embeddable":true,"href":"https:\/\/bahiaeconomica.com.br\/wp\/wp-json\/wp\/v2\/comments?post=15953"}],"version-history":[{"count":0,"href":"https:\/\/bahiaeconomica.com.br\/wp\/wp-json\/wp\/v2\/posts\/15953\/revisions"}],"wp:featuredmedia":[{"embeddable":true,"href":"https:\/\/bahiaeconomica.com.br\/wp\/wp-json\/wp\/v2\/media\/15955"}],"wp:attachment":[{"href":"https:\/\/bahiaeconomica.com.br\/wp\/wp-json\/wp\/v2\/media?parent=15953"}],"wp:term":[{"taxonomy":"category","embeddable":true,"href":"https:\/\/bahiaeconomica.com.br\/wp\/wp-json\/wp\/v2\/categories?post=15953"},{"taxonomy":"post_tag","embeddable":true,"href":"https:\/\/bahiaeconomica.com.br\/wp\/wp-json\/wp\/v2\/tags?post=15953"}],"curies":[{"name":"wp","href":"https:\/\/api.w.org\/{rel}","templated":true}]}}