{"id":153910,"date":"2018-09-13T16:11:51","date_gmt":"2018-09-13T19:11:51","guid":{"rendered":"https:\/\/bahiaeconomica.com.br\/wp\/beta\/?p=153910"},"modified":"2018-09-13T16:11:51","modified_gmt":"2018-09-13T19:11:51","slug":"caged-pais-criou-mais-empregos-para-jovens-com-maior-escolaridade-no-1o-semestre","status":"publish","type":"post","link":"https:\/\/bahiaeconomica.com.br\/wp\/2018\/09\/13\/caged-pais-criou-mais-empregos-para-jovens-com-maior-escolaridade-no-1o-semestre\/","title":{"rendered":"CAGED: PA\u00cdS CRIOU MAIS EMPREGOS PARA JOVENS COM MAIOR ESCOLARIDADE NO 1\u00ba SEMESTRE"},"content":{"rendered":"<p style=\"text-align: justify;\">Dados do Cadastro Geral dos Empregados e Desempregados (Caged) do Minist\u00e9rio do Trabalho mostram que no 1\u00ba semestre deste ano a cria\u00e7\u00e3o de vagas foi maior para quem tinha at\u00e9 29 anos. Em rela\u00e7\u00e3o \u00e0 forma\u00e7\u00e3o, mais vagas foram abertas para profissionais com n\u00edvel m\u00e9dio e superior completo.<\/p>\n<p style=\"text-align: justify;\">Por outro lado, o maior fechamento de vagas se deu nas faixas et\u00e1rias dos 50 a 64 anos e acima de 65 anos. E atingiu principalmente os trabalhadores com n\u00edvel fundamental incompleto e completo.<\/p>\n<p style=\"text-align: justify;\">Segundo o G1, o saldo de empregos do mercado formal subiu 452,37% no 1\u00ba semestre em rela\u00e7\u00e3o ao mesmo per\u00edodo do ano passado- passou de 71.050 em 2017 para 392.461 neste ano. Segundo o Minist\u00e9rio do Trabalho, entre um ano e outro, foram 321.411 novos empregos.<\/p>\n<p style=\"text-align: justify;\">Por g\u00eanero, houve maior abertura de vagas para os homens &#8211; 65% do total das vagas. No entanto, as mulheres tiveram crescimento significativo em rela\u00e7\u00e3o ao mesmo per\u00edodo de 2017 \u2013 enquanto no 1\u00ba semestre do ano passado elas ocupavam 1.477 vagas criadas (2% do total), neste ano elas passaram a ocupar 137.475 (35% do total).<\/p>\n<p style=\"text-align: justify;\">Para os homens, os setores que mais criaram vagas foram servi\u00e7os, agropecu\u00e1ria, ind\u00fastria e constru\u00e7\u00e3o civil. J\u00e1 para as mulheres, houve maior cria\u00e7\u00e3o de vagas em servi\u00e7os, ind\u00fastria, agropecu\u00e1ria e administra\u00e7\u00e3o p\u00fablica.<\/p>\n","protected":false},"excerpt":{"rendered":"<p>Dados do Cadastro Geral dos Empregados e Desempregados (Caged) do Minist\u00e9rio do Trabalho mostram que no 1\u00ba semestre deste ano a cria\u00e7\u00e3o de vagas foi maior para quem tinha at\u00e9 29 anos. Em rela\u00e7\u00e3o \u00e0 forma\u00e7\u00e3o, mais vagas foram abertas para profissionais com n\u00edvel m\u00e9dio e superior completo. Por outro lado, o maior fechamento de [&hellip;]<\/p>\n","protected":false},"author":1,"featured_media":110055,"comment_status":"open","ping_status":"open","sticky":false,"template":"","format":"standard","meta":[],"categories":[8],"tags":[],"acf":[],"yoast_head":"<!-- This site is optimized with the Yoast SEO plugin v20.8 - https:\/\/yoast.com\/wordpress\/plugins\/seo\/ -->\n<title>CAGED: PA\u00cdS CRIOU MAIS EMPREGOS PARA JOVENS COM MAIOR ESCOLARIDADE NO 1\u00ba SEMESTRE - Bahia Economica<\/title>\n<meta name=\"description\" content=\"O maior portal de Economia da Bahia EMPREGOS \/ CONCURSOS Bahia Economica\" \/>\n<meta name=\"robots\" content=\"index, follow, max-snippet:-1, max-image-preview:large, max-video-preview:-1\" \/>\n<link rel=\"canonical\" href=\"https:\/\/bahiaeconomica.com.br\/wp\/2018\/09\/13\/caged-pais-criou-mais-empregos-para-jovens-com-maior-escolaridade-no-1o-semestre\/\" \/>\n<meta property=\"og:locale\" content=\"pt_BR\" \/>\n<meta property=\"og:type\" content=\"article\" \/>\n<meta property=\"og:title\" content=\"CAGED: PA\u00cdS CRIOU MAIS EMPREGOS PARA JOVENS COM MAIOR ESCOLARIDADE NO 1\u00ba SEMESTRE - Bahia Economica\" \/>\n<meta property=\"og:description\" content=\"O maior portal de Economia da Bahia EMPREGOS \/ CONCURSOS Bahia Economica\" \/>\n<meta property=\"og:url\" content=\"https:\/\/bahiaeconomica.com.br\/wp\/2018\/09\/13\/caged-pais-criou-mais-empregos-para-jovens-com-maior-escolaridade-no-1o-semestre\/\" \/>\n<meta property=\"og:site_name\" content=\"Bahia Economica\" \/>\n<meta property=\"article:publisher\" content=\"https:\/\/www.facebook.com\/bahiaeconomica\" \/>\n<meta property=\"article:published_time\" content=\"2018-09-13T19:11:51+00:00\" \/>\n<meta property=\"og:image\" content=\"https:\/\/bahiaeconomica.com.br\/wp\/wp-content\/uploads\/2018\/07\/carteira-5140277-e1532565984429.jpg\" \/>\n\t<meta property=\"og:image:width\" content=\"500\" \/>\n\t<meta property=\"og:image:height\" content=\"325\" \/>\n\t<meta property=\"og:image:type\" content=\"image\/jpeg\" \/>\n<meta name=\"author\" content=\"admin\" \/>\n<meta name=\"twitter:card\" content=\"summary_large_image\" \/>\n<meta name=\"twitter:label1\" content=\"Escrito por\" \/>\n\t<meta name=\"twitter:data1\" content=\"admin\" \/>\n\t<meta name=\"twitter:label2\" content=\"Est. tempo de leitura\" \/>\n\t<meta name=\"twitter:data2\" content=\"1 minuto\" \/>\n<script type=\"application\/ld+json\" class=\"yoast-schema-graph\">{\"@context\":\"https:\/\/schema.org\",\"@graph\":[{\"@type\":\"Article\",\"@id\":\"https:\/\/bahiaeconomica.com.br\/wp\/2018\/09\/13\/caged-pais-criou-mais-empregos-para-jovens-com-maior-escolaridade-no-1o-semestre\/#article\",\"isPartOf\":{\"@id\":\"https:\/\/bahiaeconomica.com.br\/wp\/2018\/09\/13\/caged-pais-criou-mais-empregos-para-jovens-com-maior-escolaridade-no-1o-semestre\/\"},\"author\":{\"name\":\"admin\",\"@id\":\"https:\/\/bahiaeconomica.com.br\/wp\/#\/schema\/person\/cb1ab5ba96ad3d9390805381c76284ec\"},\"headline\":\"CAGED: PA\u00cdS CRIOU MAIS EMPREGOS PARA JOVENS COM MAIOR ESCOLARIDADE NO 1\u00ba SEMESTRE\",\"datePublished\":\"2018-09-13T19:11:51+00:00\",\"dateModified\":\"2018-09-13T19:11:51+00:00\",\"mainEntityOfPage\":{\"@id\":\"https:\/\/bahiaeconomica.com.br\/wp\/2018\/09\/13\/caged-pais-criou-mais-empregos-para-jovens-com-maior-escolaridade-no-1o-semestre\/\"},\"wordCount\":233,\"commentCount\":0,\"publisher\":{\"@id\":\"https:\/\/bahiaeconomica.com.br\/wp\/#organization\"},\"articleSection\":[\"EMPREGOS \/ CONCURSOS\"],\"inLanguage\":\"pt-BR\",\"potentialAction\":[{\"@type\":\"CommentAction\",\"name\":\"Comment\",\"target\":[\"https:\/\/bahiaeconomica.com.br\/wp\/2018\/09\/13\/caged-pais-criou-mais-empregos-para-jovens-com-maior-escolaridade-no-1o-semestre\/#respond\"]}]},{\"@type\":\"WebPage\",\"@id\":\"https:\/\/bahiaeconomica.com.br\/wp\/2018\/09\/13\/caged-pais-criou-mais-empregos-para-jovens-com-maior-escolaridade-no-1o-semestre\/\",\"url\":\"https:\/\/bahiaeconomica.com.br\/wp\/2018\/09\/13\/caged-pais-criou-mais-empregos-para-jovens-com-maior-escolaridade-no-1o-semestre\/\",\"name\":\"CAGED: PA\u00cdS CRIOU MAIS EMPREGOS PARA JOVENS COM MAIOR ESCOLARIDADE NO 1\u00ba SEMESTRE - Bahia Economica\",\"isPartOf\":{\"@id\":\"https:\/\/bahiaeconomica.com.br\/wp\/#website\"},\"datePublished\":\"2018-09-13T19:11:51+00:00\",\"dateModified\":\"2018-09-13T19:11:51+00:00\",\"description\":\"O maior portal de Economia da Bahia EMPREGOS \/ CONCURSOS Bahia Economica\",\"breadcrumb\":{\"@id\":\"https:\/\/bahiaeconomica.com.br\/wp\/2018\/09\/13\/caged-pais-criou-mais-empregos-para-jovens-com-maior-escolaridade-no-1o-semestre\/#breadcrumb\"},\"inLanguage\":\"pt-BR\",\"potentialAction\":[{\"@type\":\"ReadAction\",\"target\":[\"https:\/\/bahiaeconomica.com.br\/wp\/2018\/09\/13\/caged-pais-criou-mais-empregos-para-jovens-com-maior-escolaridade-no-1o-semestre\/\"]}]},{\"@type\":\"BreadcrumbList\",\"@id\":\"https:\/\/bahiaeconomica.com.br\/wp\/2018\/09\/13\/caged-pais-criou-mais-empregos-para-jovens-com-maior-escolaridade-no-1o-semestre\/#breadcrumb\",\"itemListElement\":[{\"@type\":\"ListItem\",\"position\":1,\"name\":\"In\u00edcio\",\"item\":\"https:\/\/bahiaeconomica.com.br\/wp\/\"},{\"@type\":\"ListItem\",\"position\":2,\"name\":\"CAGED: PA\u00cdS CRIOU MAIS EMPREGOS PARA JOVENS COM MAIOR ESCOLARIDADE NO 1\u00ba SEMESTRE\"}]},{\"@type\":\"WebSite\",\"@id\":\"https:\/\/bahiaeconomica.com.br\/wp\/#website\",\"url\":\"https:\/\/bahiaeconomica.com.br\/wp\/\",\"name\":\"Bahia Economica\",\"description\":\"O maior portal de Economia da Bahia\",\"publisher\":{\"@id\":\"https:\/\/bahiaeconomica.com.br\/wp\/#organization\"},\"potentialAction\":[{\"@type\":\"SearchAction\",\"target\":{\"@type\":\"EntryPoint\",\"urlTemplate\":\"https:\/\/bahiaeconomica.com.br\/wp\/?s={search_term_string}\"},\"query-input\":\"required name=search_term_string\"}],\"inLanguage\":\"pt-BR\"},{\"@type\":\"Organization\",\"@id\":\"https:\/\/bahiaeconomica.com.br\/wp\/#organization\",\"name\":\"Bahia Econ\u00f4mica\",\"url\":\"https:\/\/bahiaeconomica.com.br\/wp\/\",\"logo\":{\"@type\":\"ImageObject\",\"inLanguage\":\"pt-BR\",\"@id\":\"https:\/\/bahiaeconomica.com.br\/wp\/#\/schema\/logo\/image\/\",\"url\":\"https:\/\/bahiaeconomica.com.br\/wp\/wp-content\/uploads\/2020\/12\/cropped-BE.png\",\"contentUrl\":\"https:\/\/bahiaeconomica.com.br\/wp\/wp-content\/uploads\/2020\/12\/cropped-BE.png\",\"width\":512,\"height\":512,\"caption\":\"Bahia Econ\u00f4mica\"},\"image\":{\"@id\":\"https:\/\/bahiaeconomica.com.br\/wp\/#\/schema\/logo\/image\/\"},\"sameAs\":[\"https:\/\/www.facebook.com\/bahiaeconomica\"]},{\"@type\":\"Person\",\"@id\":\"https:\/\/bahiaeconomica.com.br\/wp\/#\/schema\/person\/cb1ab5ba96ad3d9390805381c76284ec\",\"name\":\"admin\",\"url\":\"https:\/\/bahiaeconomica.com.br\/wp\/author\/admin\/\"}]}<\/script>\n<!-- \/ Yoast SEO plugin. -->","yoast_head_json":{"title":"CAGED: PA\u00cdS CRIOU MAIS EMPREGOS PARA JOVENS COM MAIOR ESCOLARIDADE NO 1\u00ba SEMESTRE - Bahia Economica","description":"O maior portal de Economia da Bahia EMPREGOS \/ CONCURSOS Bahia Economica","robots":{"index":"index","follow":"follow","max-snippet":"max-snippet:-1","max-image-preview":"max-image-preview:large","max-video-preview":"max-video-preview:-1"},"canonical":"https:\/\/bahiaeconomica.com.br\/wp\/2018\/09\/13\/caged-pais-criou-mais-empregos-para-jovens-com-maior-escolaridade-no-1o-semestre\/","og_locale":"pt_BR","og_type":"article","og_title":"CAGED: PA\u00cdS CRIOU MAIS EMPREGOS PARA JOVENS COM MAIOR ESCOLARIDADE NO 1\u00ba SEMESTRE - Bahia Economica","og_description":"O maior portal de Economia da Bahia EMPREGOS \/ CONCURSOS Bahia Economica","og_url":"https:\/\/bahiaeconomica.com.br\/wp\/2018\/09\/13\/caged-pais-criou-mais-empregos-para-jovens-com-maior-escolaridade-no-1o-semestre\/","og_site_name":"Bahia Economica","article_publisher":"https:\/\/www.facebook.com\/bahiaeconomica","article_published_time":"2018-09-13T19:11:51+00:00","og_image":[{"width":500,"height":325,"url":"https:\/\/bahiaeconomica.com.br\/wp\/wp-content\/uploads\/2018\/07\/carteira-5140277-e1532565984429.jpg","type":"image\/jpeg"}],"author":"admin","twitter_card":"summary_large_image","twitter_misc":{"Escrito por":"admin","Est. tempo de leitura":"1 minuto"},"schema":{"@context":"https:\/\/schema.org","@graph":[{"@type":"Article","@id":"https:\/\/bahiaeconomica.com.br\/wp\/2018\/09\/13\/caged-pais-criou-mais-empregos-para-jovens-com-maior-escolaridade-no-1o-semestre\/#article","isPartOf":{"@id":"https:\/\/bahiaeconomica.com.br\/wp\/2018\/09\/13\/caged-pais-criou-mais-empregos-para-jovens-com-maior-escolaridade-no-1o-semestre\/"},"author":{"name":"admin","@id":"https:\/\/bahiaeconomica.com.br\/wp\/#\/schema\/person\/cb1ab5ba96ad3d9390805381c76284ec"},"headline":"CAGED: PA\u00cdS CRIOU MAIS EMPREGOS PARA JOVENS COM MAIOR ESCOLARIDADE NO 1\u00ba SEMESTRE","datePublished":"2018-09-13T19:11:51+00:00","dateModified":"2018-09-13T19:11:51+00:00","mainEntityOfPage":{"@id":"https:\/\/bahiaeconomica.com.br\/wp\/2018\/09\/13\/caged-pais-criou-mais-empregos-para-jovens-com-maior-escolaridade-no-1o-semestre\/"},"wordCount":233,"commentCount":0,"publisher":{"@id":"https:\/\/bahiaeconomica.com.br\/wp\/#organization"},"articleSection":["EMPREGOS \/ CONCURSOS"],"inLanguage":"pt-BR","potentialAction":[{"@type":"CommentAction","name":"Comment","target":["https:\/\/bahiaeconomica.com.br\/wp\/2018\/09\/13\/caged-pais-criou-mais-empregos-para-jovens-com-maior-escolaridade-no-1o-semestre\/#respond"]}]},{"@type":"WebPage","@id":"https:\/\/bahiaeconomica.com.br\/wp\/2018\/09\/13\/caged-pais-criou-mais-empregos-para-jovens-com-maior-escolaridade-no-1o-semestre\/","url":"https:\/\/bahiaeconomica.com.br\/wp\/2018\/09\/13\/caged-pais-criou-mais-empregos-para-jovens-com-maior-escolaridade-no-1o-semestre\/","name":"CAGED: PA\u00cdS CRIOU MAIS EMPREGOS PARA JOVENS COM MAIOR ESCOLARIDADE NO 1\u00ba SEMESTRE - Bahia Economica","isPartOf":{"@id":"https:\/\/bahiaeconomica.com.br\/wp\/#website"},"datePublished":"2018-09-13T19:11:51+00:00","dateModified":"2018-09-13T19:11:51+00:00","description":"O maior portal de Economia da Bahia EMPREGOS \/ CONCURSOS Bahia Economica","breadcrumb":{"@id":"https:\/\/bahiaeconomica.com.br\/wp\/2018\/09\/13\/caged-pais-criou-mais-empregos-para-jovens-com-maior-escolaridade-no-1o-semestre\/#breadcrumb"},"inLanguage":"pt-BR","potentialAction":[{"@type":"ReadAction","target":["https:\/\/bahiaeconomica.com.br\/wp\/2018\/09\/13\/caged-pais-criou-mais-empregos-para-jovens-com-maior-escolaridade-no-1o-semestre\/"]}]},{"@type":"BreadcrumbList","@id":"https:\/\/bahiaeconomica.com.br\/wp\/2018\/09\/13\/caged-pais-criou-mais-empregos-para-jovens-com-maior-escolaridade-no-1o-semestre\/#breadcrumb","itemListElement":[{"@type":"ListItem","position":1,"name":"In\u00edcio","item":"https:\/\/bahiaeconomica.com.br\/wp\/"},{"@type":"ListItem","position":2,"name":"CAGED: PA\u00cdS CRIOU MAIS EMPREGOS PARA JOVENS COM MAIOR ESCOLARIDADE NO 1\u00ba SEMESTRE"}]},{"@type":"WebSite","@id":"https:\/\/bahiaeconomica.com.br\/wp\/#website","url":"https:\/\/bahiaeconomica.com.br\/wp\/","name":"Bahia Economica","description":"O maior portal de Economia da Bahia","publisher":{"@id":"https:\/\/bahiaeconomica.com.br\/wp\/#organization"},"potentialAction":[{"@type":"SearchAction","target":{"@type":"EntryPoint","urlTemplate":"https:\/\/bahiaeconomica.com.br\/wp\/?s={search_term_string}"},"query-input":"required name=search_term_string"}],"inLanguage":"pt-BR"},{"@type":"Organization","@id":"https:\/\/bahiaeconomica.com.br\/wp\/#organization","name":"Bahia Econ\u00f4mica","url":"https:\/\/bahiaeconomica.com.br\/wp\/","logo":{"@type":"ImageObject","inLanguage":"pt-BR","@id":"https:\/\/bahiaeconomica.com.br\/wp\/#\/schema\/logo\/image\/","url":"https:\/\/bahiaeconomica.com.br\/wp\/wp-content\/uploads\/2020\/12\/cropped-BE.png","contentUrl":"https:\/\/bahiaeconomica.com.br\/wp\/wp-content\/uploads\/2020\/12\/cropped-BE.png","width":512,"height":512,"caption":"Bahia Econ\u00f4mica"},"image":{"@id":"https:\/\/bahiaeconomica.com.br\/wp\/#\/schema\/logo\/image\/"},"sameAs":["https:\/\/www.facebook.com\/bahiaeconomica"]},{"@type":"Person","@id":"https:\/\/bahiaeconomica.com.br\/wp\/#\/schema\/person\/cb1ab5ba96ad3d9390805381c76284ec","name":"admin","url":"https:\/\/bahiaeconomica.com.br\/wp\/author\/admin\/"}]}},"views":2,"_links":{"self":[{"href":"https:\/\/bahiaeconomica.com.br\/wp\/wp-json\/wp\/v2\/posts\/153910"}],"collection":[{"href":"https:\/\/bahiaeconomica.com.br\/wp\/wp-json\/wp\/v2\/posts"}],"about":[{"href":"https:\/\/bahiaeconomica.com.br\/wp\/wp-json\/wp\/v2\/types\/post"}],"author":[{"embeddable":true,"href":"https:\/\/bahiaeconomica.com.br\/wp\/wp-json\/wp\/v2\/users\/1"}],"replies":[{"embeddable":true,"href":"https:\/\/bahiaeconomica.com.br\/wp\/wp-json\/wp\/v2\/comments?post=153910"}],"version-history":[{"count":0,"href":"https:\/\/bahiaeconomica.com.br\/wp\/wp-json\/wp\/v2\/posts\/153910\/revisions"}],"wp:featuredmedia":[{"embeddable":true,"href":"https:\/\/bahiaeconomica.com.br\/wp\/wp-json\/wp\/v2\/media\/110055"}],"wp:attachment":[{"href":"https:\/\/bahiaeconomica.com.br\/wp\/wp-json\/wp\/v2\/media?parent=153910"}],"wp:term":[{"taxonomy":"category","embeddable":true,"href":"https:\/\/bahiaeconomica.com.br\/wp\/wp-json\/wp\/v2\/categories?post=153910"},{"taxonomy":"post_tag","embeddable":true,"href":"https:\/\/bahiaeconomica.com.br\/wp\/wp-json\/wp\/v2\/tags?post=153910"}],"curies":[{"name":"wp","href":"https:\/\/api.w.org\/{rel}","templated":true}]}}