{"id":152945,"date":"2018-09-13T07:00:09","date_gmt":"2018-09-13T10:00:09","guid":{"rendered":"https:\/\/bahiaeconomica.com.br\/wp\/beta\/?p=152945"},"modified":"2018-09-13T07:01:00","modified_gmt":"2018-09-13T10:01:00","slug":"itabuna-prefeitura-realiza-intervencoes-no-parque-de-exposicoes","status":"publish","type":"post","link":"https:\/\/bahiaeconomica.com.br\/wp\/2018\/09\/13\/itabuna-prefeitura-realiza-intervencoes-no-parque-de-exposicoes\/","title":{"rendered":"ITABUNA REALIZA INTERVEN\u00c7\u00d5ES NO PARQUE DE EXPOSI\u00c7\u00d5ES"},"content":{"rendered":"<p style=\"text-align: justify;\">A Prefeitura de Itabuna iniciou interven\u00e7\u00f5es no Aeroporto Tertuliano Guedes e no Parque de Exposi\u00e7\u00f5es Ant\u00f4nio Setenta. As melhorias visam requalificar os espa\u00e7os que ganhar\u00e3o utilidade em benef\u00edcio da popula\u00e7\u00e3o do munic\u00edpio. Seguindo uma determina\u00e7\u00e3o do Prefeito Fernando Gomes, equipes da Secretaria Municipal de Administra\u00e7\u00e3o est\u00e3o executando os servi\u00e7os nos dois equipamentos.<\/p>\n<p style=\"text-align: justify;\">No Aeroporto Tertuliano Guedes, localizado no bairro Lomanto, a prefeitura est\u00e1 realizando uma revitaliza\u00e7\u00e3o tanto na pista, quanto na \u00e1rea externa. O trabalho foi iniciado pela \u00e1rea que fica pr\u00f3xima a rua da Bananeira. Os principais servi\u00e7os realizados ser\u00e3o a coloca\u00e7\u00e3o de asfalto nas imperfei\u00e7\u00f5es da pista, retirada da vegeta\u00e7\u00e3o que ocupa parte da pista, al\u00e9m da ro\u00e7agem na \u00e1rea externa. De acordo com a coordena\u00e7\u00e3o de obras, o trabalho segue at\u00e9 o final do m\u00eas de setembro.<\/p>\n<p style=\"text-align: justify;\">Outro importante equipamento, o parque de exposi\u00e7\u00f5es Ant\u00f4nio Setenta, tamb\u00e9m est\u00e1 passando por revitaliza\u00e7\u00e3o iniciada h\u00e1 uma semana. O equipamento que fica \u00e0s margens da BR 415 j\u00e1 come\u00e7ou a receber pintura em todo meio fio, al\u00e9m de poda de \u00e1rvores, ro\u00e7agem e retirada da vegeta\u00e7\u00e3o que cresce pelo meio fio e nas margens das vias.<\/p>\n<p style=\"text-align: justify;\">Segundo a equipe de t\u00e9cnicos da Secretaria Municipal de Administra\u00e7\u00e3o, o objetivo da opera\u00e7\u00e3o local \u00e9 dar mais comodidade \u00e0 popula\u00e7\u00e3o que for ao Parque durante a Exposi\u00e7\u00e3o do N\u00facleo Grapi\u00fana do Cavalo Manga Larga Machador, que acontece de 17 a 23 de setembro, e conta com o apoio da Prefeitura de Itabuna, atrav\u00e9s da Secretaria de Sustentabilidade Econ\u00f4mica e Meio Ambiente. Os servi\u00e7os devem ser conclu\u00eddos at\u00e9 a pr\u00f3xima sexta-feira (14).<\/p>\n","protected":false},"excerpt":{"rendered":"<p>A Prefeitura de Itabuna iniciou interven\u00e7\u00f5es no Aeroporto Tertuliano Guedes e no Parque de Exposi\u00e7\u00f5es Ant\u00f4nio Setenta. As melhorias visam requalificar os espa\u00e7os que ganhar\u00e3o utilidade em benef\u00edcio da popula\u00e7\u00e3o do munic\u00edpio. Seguindo uma determina\u00e7\u00e3o do Prefeito Fernando Gomes, equipes da Secretaria Municipal de Administra\u00e7\u00e3o est\u00e3o executando os servi\u00e7os nos dois equipamentos. No Aeroporto Tertuliano [&hellip;]<\/p>\n","protected":false},"author":1,"featured_media":152947,"comment_status":"open","ping_status":"open","sticky":false,"template":"","format":"standard","meta":[],"categories":[5],"tags":[],"acf":[],"yoast_head":"<!-- This site is optimized with the Yoast SEO plugin v20.8 - https:\/\/yoast.com\/wordpress\/plugins\/seo\/ -->\n<title>ITABUNA REALIZA INTERVEN\u00c7\u00d5ES NO PARQUE DE EXPOSI\u00c7\u00d5ES - Bahia Economica<\/title>\n<meta name=\"description\" content=\"O maior portal de Economia da Bahia MUNIC\u00cdPIOS Bahia Economica\" \/>\n<meta name=\"robots\" content=\"index, follow, max-snippet:-1, max-image-preview:large, max-video-preview:-1\" \/>\n<link rel=\"canonical\" href=\"https:\/\/bahiaeconomica.com.br\/wp\/2018\/09\/13\/itabuna-prefeitura-realiza-intervencoes-no-parque-de-exposicoes\/\" \/>\n<meta property=\"og:locale\" content=\"pt_BR\" \/>\n<meta property=\"og:type\" content=\"article\" \/>\n<meta property=\"og:title\" content=\"ITABUNA REALIZA INTERVEN\u00c7\u00d5ES NO PARQUE DE EXPOSI\u00c7\u00d5ES - Bahia Economica\" \/>\n<meta property=\"og:description\" content=\"O maior portal de Economia da Bahia MUNIC\u00cdPIOS Bahia Economica\" \/>\n<meta property=\"og:url\" content=\"https:\/\/bahiaeconomica.com.br\/wp\/2018\/09\/13\/itabuna-prefeitura-realiza-intervencoes-no-parque-de-exposicoes\/\" \/>\n<meta property=\"og:site_name\" content=\"Bahia Economica\" \/>\n<meta property=\"article:publisher\" content=\"https:\/\/www.facebook.com\/bahiaeconomica\" \/>\n<meta property=\"article:published_time\" content=\"2018-09-13T10:00:09+00:00\" \/>\n<meta property=\"article:modified_time\" content=\"2018-09-13T10:01:00+00:00\" \/>\n<meta property=\"og:image\" content=\"https:\/\/bahiaeconomica.com.br\/wp\/wp-content\/uploads\/2018\/09\/Prefeitura-de-Itabuna-realiza-interven\u00e7\u00f5es-no-Aeroporto-e-no-Parque-de-Exposi\u00e7\u00f5es-4-768x432-e1536802805734.jpg\" \/>\n\t<meta property=\"og:image:width\" content=\"500\" \/>\n\t<meta property=\"og:image:height\" content=\"281\" \/>\n\t<meta property=\"og:image:type\" content=\"image\/jpeg\" \/>\n<meta name=\"author\" content=\"admin\" \/>\n<meta name=\"twitter:card\" content=\"summary_large_image\" \/>\n<meta name=\"twitter:label1\" content=\"Escrito por\" \/>\n\t<meta name=\"twitter:data1\" content=\"admin\" \/>\n\t<meta name=\"twitter:label2\" content=\"Est. tempo de leitura\" \/>\n\t<meta name=\"twitter:data2\" content=\"1 minuto\" \/>\n<script type=\"application\/ld+json\" class=\"yoast-schema-graph\">{\"@context\":\"https:\/\/schema.org\",\"@graph\":[{\"@type\":\"Article\",\"@id\":\"https:\/\/bahiaeconomica.com.br\/wp\/2018\/09\/13\/itabuna-prefeitura-realiza-intervencoes-no-parque-de-exposicoes\/#article\",\"isPartOf\":{\"@id\":\"https:\/\/bahiaeconomica.com.br\/wp\/2018\/09\/13\/itabuna-prefeitura-realiza-intervencoes-no-parque-de-exposicoes\/\"},\"author\":{\"name\":\"admin\",\"@id\":\"https:\/\/bahiaeconomica.com.br\/wp\/#\/schema\/person\/cb1ab5ba96ad3d9390805381c76284ec\"},\"headline\":\"ITABUNA REALIZA INTERVEN\u00c7\u00d5ES NO PARQUE DE EXPOSI\u00c7\u00d5ES\",\"datePublished\":\"2018-09-13T10:00:09+00:00\",\"dateModified\":\"2018-09-13T10:01:00+00:00\",\"mainEntityOfPage\":{\"@id\":\"https:\/\/bahiaeconomica.com.br\/wp\/2018\/09\/13\/itabuna-prefeitura-realiza-intervencoes-no-parque-de-exposicoes\/\"},\"wordCount\":304,\"commentCount\":0,\"publisher\":{\"@id\":\"https:\/\/bahiaeconomica.com.br\/wp\/#organization\"},\"articleSection\":[\"MUNIC\u00cdPIOS\"],\"inLanguage\":\"pt-BR\",\"potentialAction\":[{\"@type\":\"CommentAction\",\"name\":\"Comment\",\"target\":[\"https:\/\/bahiaeconomica.com.br\/wp\/2018\/09\/13\/itabuna-prefeitura-realiza-intervencoes-no-parque-de-exposicoes\/#respond\"]}]},{\"@type\":\"WebPage\",\"@id\":\"https:\/\/bahiaeconomica.com.br\/wp\/2018\/09\/13\/itabuna-prefeitura-realiza-intervencoes-no-parque-de-exposicoes\/\",\"url\":\"https:\/\/bahiaeconomica.com.br\/wp\/2018\/09\/13\/itabuna-prefeitura-realiza-intervencoes-no-parque-de-exposicoes\/\",\"name\":\"ITABUNA REALIZA INTERVEN\u00c7\u00d5ES NO PARQUE DE EXPOSI\u00c7\u00d5ES - Bahia Economica\",\"isPartOf\":{\"@id\":\"https:\/\/bahiaeconomica.com.br\/wp\/#website\"},\"datePublished\":\"2018-09-13T10:00:09+00:00\",\"dateModified\":\"2018-09-13T10:01:00+00:00\",\"description\":\"O maior portal de Economia da Bahia MUNIC\u00cdPIOS Bahia Economica\",\"breadcrumb\":{\"@id\":\"https:\/\/bahiaeconomica.com.br\/wp\/2018\/09\/13\/itabuna-prefeitura-realiza-intervencoes-no-parque-de-exposicoes\/#breadcrumb\"},\"inLanguage\":\"pt-BR\",\"potentialAction\":[{\"@type\":\"ReadAction\",\"target\":[\"https:\/\/bahiaeconomica.com.br\/wp\/2018\/09\/13\/itabuna-prefeitura-realiza-intervencoes-no-parque-de-exposicoes\/\"]}]},{\"@type\":\"BreadcrumbList\",\"@id\":\"https:\/\/bahiaeconomica.com.br\/wp\/2018\/09\/13\/itabuna-prefeitura-realiza-intervencoes-no-parque-de-exposicoes\/#breadcrumb\",\"itemListElement\":[{\"@type\":\"ListItem\",\"position\":1,\"name\":\"In\u00edcio\",\"item\":\"https:\/\/bahiaeconomica.com.br\/wp\/\"},{\"@type\":\"ListItem\",\"position\":2,\"name\":\"ITABUNA REALIZA INTERVEN\u00c7\u00d5ES NO PARQUE DE EXPOSI\u00c7\u00d5ES\"}]},{\"@type\":\"WebSite\",\"@id\":\"https:\/\/bahiaeconomica.com.br\/wp\/#website\",\"url\":\"https:\/\/bahiaeconomica.com.br\/wp\/\",\"name\":\"Bahia Economica\",\"description\":\"O maior portal de Economia da Bahia\",\"publisher\":{\"@id\":\"https:\/\/bahiaeconomica.com.br\/wp\/#organization\"},\"potentialAction\":[{\"@type\":\"SearchAction\",\"target\":{\"@type\":\"EntryPoint\",\"urlTemplate\":\"https:\/\/bahiaeconomica.com.br\/wp\/?s={search_term_string}\"},\"query-input\":\"required name=search_term_string\"}],\"inLanguage\":\"pt-BR\"},{\"@type\":\"Organization\",\"@id\":\"https:\/\/bahiaeconomica.com.br\/wp\/#organization\",\"name\":\"Bahia Econ\u00f4mica\",\"url\":\"https:\/\/bahiaeconomica.com.br\/wp\/\",\"logo\":{\"@type\":\"ImageObject\",\"inLanguage\":\"pt-BR\",\"@id\":\"https:\/\/bahiaeconomica.com.br\/wp\/#\/schema\/logo\/image\/\",\"url\":\"https:\/\/bahiaeconomica.com.br\/wp\/wp-content\/uploads\/2020\/12\/cropped-BE.png\",\"contentUrl\":\"https:\/\/bahiaeconomica.com.br\/wp\/wp-content\/uploads\/2020\/12\/cropped-BE.png\",\"width\":512,\"height\":512,\"caption\":\"Bahia Econ\u00f4mica\"},\"image\":{\"@id\":\"https:\/\/bahiaeconomica.com.br\/wp\/#\/schema\/logo\/image\/\"},\"sameAs\":[\"https:\/\/www.facebook.com\/bahiaeconomica\"]},{\"@type\":\"Person\",\"@id\":\"https:\/\/bahiaeconomica.com.br\/wp\/#\/schema\/person\/cb1ab5ba96ad3d9390805381c76284ec\",\"name\":\"admin\",\"url\":\"https:\/\/bahiaeconomica.com.br\/wp\/author\/admin\/\"}]}<\/script>\n<!-- \/ Yoast SEO plugin. -->","yoast_head_json":{"title":"ITABUNA REALIZA INTERVEN\u00c7\u00d5ES NO PARQUE DE EXPOSI\u00c7\u00d5ES - Bahia Economica","description":"O maior portal de Economia da Bahia MUNIC\u00cdPIOS Bahia Economica","robots":{"index":"index","follow":"follow","max-snippet":"max-snippet:-1","max-image-preview":"max-image-preview:large","max-video-preview":"max-video-preview:-1"},"canonical":"https:\/\/bahiaeconomica.com.br\/wp\/2018\/09\/13\/itabuna-prefeitura-realiza-intervencoes-no-parque-de-exposicoes\/","og_locale":"pt_BR","og_type":"article","og_title":"ITABUNA REALIZA INTERVEN\u00c7\u00d5ES NO PARQUE DE EXPOSI\u00c7\u00d5ES - Bahia Economica","og_description":"O maior portal de Economia da Bahia MUNIC\u00cdPIOS Bahia Economica","og_url":"https:\/\/bahiaeconomica.com.br\/wp\/2018\/09\/13\/itabuna-prefeitura-realiza-intervencoes-no-parque-de-exposicoes\/","og_site_name":"Bahia Economica","article_publisher":"https:\/\/www.facebook.com\/bahiaeconomica","article_published_time":"2018-09-13T10:00:09+00:00","article_modified_time":"2018-09-13T10:01:00+00:00","og_image":[{"width":500,"height":281,"url":"https:\/\/bahiaeconomica.com.br\/wp\/wp-content\/uploads\/2018\/09\/Prefeitura-de-Itabuna-realiza-interven\u00e7\u00f5es-no-Aeroporto-e-no-Parque-de-Exposi\u00e7\u00f5es-4-768x432-e1536802805734.jpg","type":"image\/jpeg"}],"author":"admin","twitter_card":"summary_large_image","twitter_misc":{"Escrito por":"admin","Est. tempo de leitura":"1 minuto"},"schema":{"@context":"https:\/\/schema.org","@graph":[{"@type":"Article","@id":"https:\/\/bahiaeconomica.com.br\/wp\/2018\/09\/13\/itabuna-prefeitura-realiza-intervencoes-no-parque-de-exposicoes\/#article","isPartOf":{"@id":"https:\/\/bahiaeconomica.com.br\/wp\/2018\/09\/13\/itabuna-prefeitura-realiza-intervencoes-no-parque-de-exposicoes\/"},"author":{"name":"admin","@id":"https:\/\/bahiaeconomica.com.br\/wp\/#\/schema\/person\/cb1ab5ba96ad3d9390805381c76284ec"},"headline":"ITABUNA REALIZA INTERVEN\u00c7\u00d5ES NO PARQUE DE EXPOSI\u00c7\u00d5ES","datePublished":"2018-09-13T10:00:09+00:00","dateModified":"2018-09-13T10:01:00+00:00","mainEntityOfPage":{"@id":"https:\/\/bahiaeconomica.com.br\/wp\/2018\/09\/13\/itabuna-prefeitura-realiza-intervencoes-no-parque-de-exposicoes\/"},"wordCount":304,"commentCount":0,"publisher":{"@id":"https:\/\/bahiaeconomica.com.br\/wp\/#organization"},"articleSection":["MUNIC\u00cdPIOS"],"inLanguage":"pt-BR","potentialAction":[{"@type":"CommentAction","name":"Comment","target":["https:\/\/bahiaeconomica.com.br\/wp\/2018\/09\/13\/itabuna-prefeitura-realiza-intervencoes-no-parque-de-exposicoes\/#respond"]}]},{"@type":"WebPage","@id":"https:\/\/bahiaeconomica.com.br\/wp\/2018\/09\/13\/itabuna-prefeitura-realiza-intervencoes-no-parque-de-exposicoes\/","url":"https:\/\/bahiaeconomica.com.br\/wp\/2018\/09\/13\/itabuna-prefeitura-realiza-intervencoes-no-parque-de-exposicoes\/","name":"ITABUNA REALIZA INTERVEN\u00c7\u00d5ES NO PARQUE DE EXPOSI\u00c7\u00d5ES - Bahia Economica","isPartOf":{"@id":"https:\/\/bahiaeconomica.com.br\/wp\/#website"},"datePublished":"2018-09-13T10:00:09+00:00","dateModified":"2018-09-13T10:01:00+00:00","description":"O maior portal de Economia da Bahia MUNIC\u00cdPIOS Bahia Economica","breadcrumb":{"@id":"https:\/\/bahiaeconomica.com.br\/wp\/2018\/09\/13\/itabuna-prefeitura-realiza-intervencoes-no-parque-de-exposicoes\/#breadcrumb"},"inLanguage":"pt-BR","potentialAction":[{"@type":"ReadAction","target":["https:\/\/bahiaeconomica.com.br\/wp\/2018\/09\/13\/itabuna-prefeitura-realiza-intervencoes-no-parque-de-exposicoes\/"]}]},{"@type":"BreadcrumbList","@id":"https:\/\/bahiaeconomica.com.br\/wp\/2018\/09\/13\/itabuna-prefeitura-realiza-intervencoes-no-parque-de-exposicoes\/#breadcrumb","itemListElement":[{"@type":"ListItem","position":1,"name":"In\u00edcio","item":"https:\/\/bahiaeconomica.com.br\/wp\/"},{"@type":"ListItem","position":2,"name":"ITABUNA REALIZA INTERVEN\u00c7\u00d5ES NO PARQUE DE EXPOSI\u00c7\u00d5ES"}]},{"@type":"WebSite","@id":"https:\/\/bahiaeconomica.com.br\/wp\/#website","url":"https:\/\/bahiaeconomica.com.br\/wp\/","name":"Bahia Economica","description":"O maior portal de Economia da Bahia","publisher":{"@id":"https:\/\/bahiaeconomica.com.br\/wp\/#organization"},"potentialAction":[{"@type":"SearchAction","target":{"@type":"EntryPoint","urlTemplate":"https:\/\/bahiaeconomica.com.br\/wp\/?s={search_term_string}"},"query-input":"required name=search_term_string"}],"inLanguage":"pt-BR"},{"@type":"Organization","@id":"https:\/\/bahiaeconomica.com.br\/wp\/#organization","name":"Bahia Econ\u00f4mica","url":"https:\/\/bahiaeconomica.com.br\/wp\/","logo":{"@type":"ImageObject","inLanguage":"pt-BR","@id":"https:\/\/bahiaeconomica.com.br\/wp\/#\/schema\/logo\/image\/","url":"https:\/\/bahiaeconomica.com.br\/wp\/wp-content\/uploads\/2020\/12\/cropped-BE.png","contentUrl":"https:\/\/bahiaeconomica.com.br\/wp\/wp-content\/uploads\/2020\/12\/cropped-BE.png","width":512,"height":512,"caption":"Bahia Econ\u00f4mica"},"image":{"@id":"https:\/\/bahiaeconomica.com.br\/wp\/#\/schema\/logo\/image\/"},"sameAs":["https:\/\/www.facebook.com\/bahiaeconomica"]},{"@type":"Person","@id":"https:\/\/bahiaeconomica.com.br\/wp\/#\/schema\/person\/cb1ab5ba96ad3d9390805381c76284ec","name":"admin","url":"https:\/\/bahiaeconomica.com.br\/wp\/author\/admin\/"}]}},"views":3,"_links":{"self":[{"href":"https:\/\/bahiaeconomica.com.br\/wp\/wp-json\/wp\/v2\/posts\/152945"}],"collection":[{"href":"https:\/\/bahiaeconomica.com.br\/wp\/wp-json\/wp\/v2\/posts"}],"about":[{"href":"https:\/\/bahiaeconomica.com.br\/wp\/wp-json\/wp\/v2\/types\/post"}],"author":[{"embeddable":true,"href":"https:\/\/bahiaeconomica.com.br\/wp\/wp-json\/wp\/v2\/users\/1"}],"replies":[{"embeddable":true,"href":"https:\/\/bahiaeconomica.com.br\/wp\/wp-json\/wp\/v2\/comments?post=152945"}],"version-history":[{"count":0,"href":"https:\/\/bahiaeconomica.com.br\/wp\/wp-json\/wp\/v2\/posts\/152945\/revisions"}],"wp:featuredmedia":[{"embeddable":true,"href":"https:\/\/bahiaeconomica.com.br\/wp\/wp-json\/wp\/v2\/media\/152947"}],"wp:attachment":[{"href":"https:\/\/bahiaeconomica.com.br\/wp\/wp-json\/wp\/v2\/media?parent=152945"}],"wp:term":[{"taxonomy":"category","embeddable":true,"href":"https:\/\/bahiaeconomica.com.br\/wp\/wp-json\/wp\/v2\/categories?post=152945"},{"taxonomy":"post_tag","embeddable":true,"href":"https:\/\/bahiaeconomica.com.br\/wp\/wp-json\/wp\/v2\/tags?post=152945"}],"curies":[{"name":"wp","href":"https:\/\/api.w.org\/{rel}","templated":true}]}}