{"id":149501,"date":"2018-09-10T07:00:57","date_gmt":"2018-09-10T10:00:57","guid":{"rendered":"https:\/\/bahiaeconomica.com.br\/wp\/beta\/?p=149501"},"modified":"2018-09-10T06:25:53","modified_gmt":"2018-09-10T09:25:53","slug":"vitoria-vence-o-vasco-por-1x0-no-barradao-e-sobe-na-tabela","status":"publish","type":"post","link":"https:\/\/bahiaeconomica.com.br\/wp\/2018\/09\/10\/vitoria-vence-o-vasco-por-1x0-no-barradao-e-sobe-na-tabela\/","title":{"rendered":"VIT\u00d3RIA VENCE O VASCO POR 1X0 NO BARRAD\u00c3O E SOBE NA TABELA"},"content":{"rendered":"<p style=\"text-align: justify;\">No sufoco e com duas expuls\u00f5es no jogo, o Vit\u00f3ria venceu o Vasco da Gama por 1 a 0 na noite de hoje (9), em partida disputada no Barrad\u00e3o pela 24\u00aa rodada da S\u00e9rie A do Brasileir\u00e3o. O gol rubro-negro s\u00f3 foi marcado no segundo tempo, com passe de L\u00e9o Gomes e finaliza\u00e7\u00e3o de Erick. Com o resultado, o Le\u00e3o da Barra foi para a 12\u00aa posi\u00e7\u00e3o, dentro da zona da Copa Sul-Americana, com 29 pontos. Na rodada seguinte, o Vit\u00f3ria vai a Fortaleza enfrentar o Cear\u00e1 no s\u00e1bado (15), no Castel\u00e3o, \u00e0s 15h.<\/p>\n<p style=\"text-align: justify;\">O Vit\u00f3ria encontrou dificuldades para furar a defesa do Vasco na noite de hoje. Dependendo de Neilton e Erick para armar as jogadas ofensivas, o rubro-negro n\u00e3o conseguiu chegar com perigo muitas vezes ao gol defendido por Mart\u00edn Silva. Na melhor oportunidade, o volante L\u00e9o Gomes aproveitou cruzamento na \u00e1rea e cabeceou, mas o arqueiro defendeu.<\/p>\n<p style=\"text-align: justify;\">A resposta vasca\u00edna veio em seguida, ap\u00f3s a defesa do Le\u00e3o afastar mal a bola. Ela parou nos p\u00e9s de Des\u00e1bato, mas o gringo n\u00e3o acertou o gol de Ronaldo, que pulou sem precisar fazer a defesa. Irritada, a torcida do Vit\u00f3ria chegou a reclamar de Neilton, esperando melhor atua\u00e7\u00e3o do camisa 10.<\/p>\n<p style=\"text-align: justify;\">No segundo tempo, o rubro-negro come\u00e7ou bem e teve a chance de abrir o placar em trama ofensiva liderada por Jefferson. O lateral-direito avan\u00e7ou e tentou o cruzamento para L\u00e9o Cear\u00e1, mas a bola desviou e tirou o atacante da jogada para marcar. O time comandado pelo t\u00e9cnico Paulo C\u00e9zar Carpegiani passou a pressionar mais e tomou conta do jogo, mas n\u00e3o conseguia converter em gol.<\/p>\n<p style=\"text-align: justify;\">O treinador sacou Neilton e apostou em Andr\u00e9 Lima na frente para furar o bloqueio vasca\u00edno. Mas a resposta veio de tr\u00e1s. Em bel\u00edssima enfiada de bola de L\u00e9o Gomes, Erick invadiu a \u00e1rea e tocou na sa\u00edda do arqueiro do Vasco. O lance foi ofuscado logo em seguida, ap\u00f3s atrito entre Maxi L\u00f3pez e Meli. Pior para Lucas Ribeiro e Yago Pikachu, que acabaram tomando as dores e foram expulsos. A confus\u00e3o chegou a tomar conta dos vesti\u00e1rios e demorou a ser contornada.<\/p>\n<p style=\"text-align: justify;\">Com bola rolando novamente, a partida ganhou contornos dram\u00e1ticos. O Vasco chegou a pressionar, com Alberto Valentim apostando em Kelvin e Marrony para chegar ao gol. Mas o que se viu foi o Vit\u00f3ria apostando em contra-ataques r\u00e1pidos com Erick e Lucas Fernandes. Mas a partida terminou mesmo com o 1 a 0.<\/p>\n","protected":false},"excerpt":{"rendered":"<p>No sufoco e com duas expuls\u00f5es no jogo, o Vit\u00f3ria venceu o Vasco da Gama por 1 a 0 na noite de hoje (9), em partida disputada no Barrad\u00e3o pela 24\u00aa rodada da S\u00e9rie A do Brasileir\u00e3o. O gol rubro-negro s\u00f3 foi marcado no segundo tempo, com passe de L\u00e9o Gomes e finaliza\u00e7\u00e3o de Erick. [&hellip;]<\/p>\n","protected":false},"author":1,"featured_media":149503,"comment_status":"open","ping_status":"open","sticky":false,"template":"","format":"standard","meta":[],"categories":[21],"tags":[],"acf":[],"yoast_head":"<!-- This site is optimized with the Yoast SEO plugin v20.8 - https:\/\/yoast.com\/wordpress\/plugins\/seo\/ -->\n<title>VIT\u00d3RIA VENCE O VASCO POR 1X0 NO BARRAD\u00c3O E SOBE NA TABELA - Bahia Economica<\/title>\n<meta name=\"description\" content=\"O maior portal de Economia da Bahia Sa\u00fade \/ Educa\u00e7\u00e3o Bahia Economica\" \/>\n<meta name=\"robots\" content=\"index, follow, max-snippet:-1, max-image-preview:large, max-video-preview:-1\" \/>\n<link rel=\"canonical\" href=\"https:\/\/bahiaeconomica.com.br\/wp\/2018\/09\/10\/vitoria-vence-o-vasco-por-1x0-no-barradao-e-sobe-na-tabela\/\" \/>\n<meta property=\"og:locale\" content=\"pt_BR\" \/>\n<meta property=\"og:type\" content=\"article\" \/>\n<meta property=\"og:title\" content=\"VIT\u00d3RIA VENCE O VASCO POR 1X0 NO BARRAD\u00c3O E SOBE NA TABELA - Bahia Economica\" \/>\n<meta property=\"og:description\" content=\"O maior portal de Economia da Bahia Sa\u00fade \/ Educa\u00e7\u00e3o Bahia Economica\" \/>\n<meta property=\"og:url\" content=\"https:\/\/bahiaeconomica.com.br\/wp\/2018\/09\/10\/vitoria-vence-o-vasco-por-1x0-no-barradao-e-sobe-na-tabela\/\" \/>\n<meta property=\"og:site_name\" content=\"Bahia Economica\" \/>\n<meta property=\"article:publisher\" content=\"https:\/\/www.facebook.com\/bahiaeconomica\" \/>\n<meta property=\"article:published_time\" content=\"2018-09-10T10:00:57+00:00\" \/>\n<meta property=\"article:modified_time\" content=\"2018-09-10T09:25:53+00:00\" \/>\n<meta property=\"og:image\" content=\"https:\/\/bahiaeconomica.com.br\/wp\/wp-content\/uploads\/2018\/09\/60943no-sufoco-vitoria-bate-o-vasco-por-1-a-0-no-barradao-3-e1536571528570.jpg\" \/>\n\t<meta property=\"og:image:width\" content=\"500\" \/>\n\t<meta property=\"og:image:height\" content=\"235\" \/>\n\t<meta property=\"og:image:type\" content=\"image\/jpeg\" \/>\n<meta name=\"author\" content=\"admin\" \/>\n<meta name=\"twitter:card\" content=\"summary_large_image\" \/>\n<meta name=\"twitter:label1\" content=\"Escrito por\" \/>\n\t<meta name=\"twitter:data1\" content=\"admin\" \/>\n\t<meta name=\"twitter:label2\" content=\"Est. tempo de leitura\" \/>\n\t<meta name=\"twitter:data2\" content=\"2 minutos\" \/>\n<script type=\"application\/ld+json\" class=\"yoast-schema-graph\">{\"@context\":\"https:\/\/schema.org\",\"@graph\":[{\"@type\":\"Article\",\"@id\":\"https:\/\/bahiaeconomica.com.br\/wp\/2018\/09\/10\/vitoria-vence-o-vasco-por-1x0-no-barradao-e-sobe-na-tabela\/#article\",\"isPartOf\":{\"@id\":\"https:\/\/bahiaeconomica.com.br\/wp\/2018\/09\/10\/vitoria-vence-o-vasco-por-1x0-no-barradao-e-sobe-na-tabela\/\"},\"author\":{\"name\":\"admin\",\"@id\":\"https:\/\/bahiaeconomica.com.br\/wp\/#\/schema\/person\/cb1ab5ba96ad3d9390805381c76284ec\"},\"headline\":\"VIT\u00d3RIA VENCE O VASCO POR 1X0 NO BARRAD\u00c3O E SOBE NA TABELA\",\"datePublished\":\"2018-09-10T10:00:57+00:00\",\"dateModified\":\"2018-09-10T09:25:53+00:00\",\"mainEntityOfPage\":{\"@id\":\"https:\/\/bahiaeconomica.com.br\/wp\/2018\/09\/10\/vitoria-vence-o-vasco-por-1x0-no-barradao-e-sobe-na-tabela\/\"},\"wordCount\":452,\"commentCount\":0,\"publisher\":{\"@id\":\"https:\/\/bahiaeconomica.com.br\/wp\/#organization\"},\"articleSection\":[\"Sa\u00fade \/ Educa\u00e7\u00e3o\"],\"inLanguage\":\"pt-BR\",\"potentialAction\":[{\"@type\":\"CommentAction\",\"name\":\"Comment\",\"target\":[\"https:\/\/bahiaeconomica.com.br\/wp\/2018\/09\/10\/vitoria-vence-o-vasco-por-1x0-no-barradao-e-sobe-na-tabela\/#respond\"]}]},{\"@type\":\"WebPage\",\"@id\":\"https:\/\/bahiaeconomica.com.br\/wp\/2018\/09\/10\/vitoria-vence-o-vasco-por-1x0-no-barradao-e-sobe-na-tabela\/\",\"url\":\"https:\/\/bahiaeconomica.com.br\/wp\/2018\/09\/10\/vitoria-vence-o-vasco-por-1x0-no-barradao-e-sobe-na-tabela\/\",\"name\":\"VIT\u00d3RIA VENCE O VASCO POR 1X0 NO BARRAD\u00c3O E SOBE NA TABELA - Bahia Economica\",\"isPartOf\":{\"@id\":\"https:\/\/bahiaeconomica.com.br\/wp\/#website\"},\"datePublished\":\"2018-09-10T10:00:57+00:00\",\"dateModified\":\"2018-09-10T09:25:53+00:00\",\"description\":\"O maior portal de Economia da Bahia Sa\u00fade \/ Educa\u00e7\u00e3o Bahia Economica\",\"breadcrumb\":{\"@id\":\"https:\/\/bahiaeconomica.com.br\/wp\/2018\/09\/10\/vitoria-vence-o-vasco-por-1x0-no-barradao-e-sobe-na-tabela\/#breadcrumb\"},\"inLanguage\":\"pt-BR\",\"potentialAction\":[{\"@type\":\"ReadAction\",\"target\":[\"https:\/\/bahiaeconomica.com.br\/wp\/2018\/09\/10\/vitoria-vence-o-vasco-por-1x0-no-barradao-e-sobe-na-tabela\/\"]}]},{\"@type\":\"BreadcrumbList\",\"@id\":\"https:\/\/bahiaeconomica.com.br\/wp\/2018\/09\/10\/vitoria-vence-o-vasco-por-1x0-no-barradao-e-sobe-na-tabela\/#breadcrumb\",\"itemListElement\":[{\"@type\":\"ListItem\",\"position\":1,\"name\":\"In\u00edcio\",\"item\":\"https:\/\/bahiaeconomica.com.br\/wp\/\"},{\"@type\":\"ListItem\",\"position\":2,\"name\":\"VIT\u00d3RIA VENCE O VASCO POR 1X0 NO BARRAD\u00c3O E SOBE NA TABELA\"}]},{\"@type\":\"WebSite\",\"@id\":\"https:\/\/bahiaeconomica.com.br\/wp\/#website\",\"url\":\"https:\/\/bahiaeconomica.com.br\/wp\/\",\"name\":\"Bahia Economica\",\"description\":\"O maior portal de Economia da Bahia\",\"publisher\":{\"@id\":\"https:\/\/bahiaeconomica.com.br\/wp\/#organization\"},\"potentialAction\":[{\"@type\":\"SearchAction\",\"target\":{\"@type\":\"EntryPoint\",\"urlTemplate\":\"https:\/\/bahiaeconomica.com.br\/wp\/?s={search_term_string}\"},\"query-input\":\"required name=search_term_string\"}],\"inLanguage\":\"pt-BR\"},{\"@type\":\"Organization\",\"@id\":\"https:\/\/bahiaeconomica.com.br\/wp\/#organization\",\"name\":\"Bahia Econ\u00f4mica\",\"url\":\"https:\/\/bahiaeconomica.com.br\/wp\/\",\"logo\":{\"@type\":\"ImageObject\",\"inLanguage\":\"pt-BR\",\"@id\":\"https:\/\/bahiaeconomica.com.br\/wp\/#\/schema\/logo\/image\/\",\"url\":\"https:\/\/bahiaeconomica.com.br\/wp\/wp-content\/uploads\/2020\/12\/cropped-BE.png\",\"contentUrl\":\"https:\/\/bahiaeconomica.com.br\/wp\/wp-content\/uploads\/2020\/12\/cropped-BE.png\",\"width\":512,\"height\":512,\"caption\":\"Bahia Econ\u00f4mica\"},\"image\":{\"@id\":\"https:\/\/bahiaeconomica.com.br\/wp\/#\/schema\/logo\/image\/\"},\"sameAs\":[\"https:\/\/www.facebook.com\/bahiaeconomica\"]},{\"@type\":\"Person\",\"@id\":\"https:\/\/bahiaeconomica.com.br\/wp\/#\/schema\/person\/cb1ab5ba96ad3d9390805381c76284ec\",\"name\":\"admin\",\"url\":\"https:\/\/bahiaeconomica.com.br\/wp\/author\/admin\/\"}]}<\/script>\n<!-- \/ Yoast SEO plugin. -->","yoast_head_json":{"title":"VIT\u00d3RIA VENCE O VASCO POR 1X0 NO BARRAD\u00c3O E SOBE NA TABELA - Bahia Economica","description":"O maior portal de Economia da Bahia Sa\u00fade \/ Educa\u00e7\u00e3o Bahia Economica","robots":{"index":"index","follow":"follow","max-snippet":"max-snippet:-1","max-image-preview":"max-image-preview:large","max-video-preview":"max-video-preview:-1"},"canonical":"https:\/\/bahiaeconomica.com.br\/wp\/2018\/09\/10\/vitoria-vence-o-vasco-por-1x0-no-barradao-e-sobe-na-tabela\/","og_locale":"pt_BR","og_type":"article","og_title":"VIT\u00d3RIA VENCE O VASCO POR 1X0 NO BARRAD\u00c3O E SOBE NA TABELA - Bahia Economica","og_description":"O maior portal de Economia da Bahia Sa\u00fade \/ Educa\u00e7\u00e3o Bahia Economica","og_url":"https:\/\/bahiaeconomica.com.br\/wp\/2018\/09\/10\/vitoria-vence-o-vasco-por-1x0-no-barradao-e-sobe-na-tabela\/","og_site_name":"Bahia Economica","article_publisher":"https:\/\/www.facebook.com\/bahiaeconomica","article_published_time":"2018-09-10T10:00:57+00:00","article_modified_time":"2018-09-10T09:25:53+00:00","og_image":[{"width":500,"height":235,"url":"https:\/\/bahiaeconomica.com.br\/wp\/wp-content\/uploads\/2018\/09\/60943no-sufoco-vitoria-bate-o-vasco-por-1-a-0-no-barradao-3-e1536571528570.jpg","type":"image\/jpeg"}],"author":"admin","twitter_card":"summary_large_image","twitter_misc":{"Escrito por":"admin","Est. tempo de leitura":"2 minutos"},"schema":{"@context":"https:\/\/schema.org","@graph":[{"@type":"Article","@id":"https:\/\/bahiaeconomica.com.br\/wp\/2018\/09\/10\/vitoria-vence-o-vasco-por-1x0-no-barradao-e-sobe-na-tabela\/#article","isPartOf":{"@id":"https:\/\/bahiaeconomica.com.br\/wp\/2018\/09\/10\/vitoria-vence-o-vasco-por-1x0-no-barradao-e-sobe-na-tabela\/"},"author":{"name":"admin","@id":"https:\/\/bahiaeconomica.com.br\/wp\/#\/schema\/person\/cb1ab5ba96ad3d9390805381c76284ec"},"headline":"VIT\u00d3RIA VENCE O VASCO POR 1X0 NO BARRAD\u00c3O E SOBE NA TABELA","datePublished":"2018-09-10T10:00:57+00:00","dateModified":"2018-09-10T09:25:53+00:00","mainEntityOfPage":{"@id":"https:\/\/bahiaeconomica.com.br\/wp\/2018\/09\/10\/vitoria-vence-o-vasco-por-1x0-no-barradao-e-sobe-na-tabela\/"},"wordCount":452,"commentCount":0,"publisher":{"@id":"https:\/\/bahiaeconomica.com.br\/wp\/#organization"},"articleSection":["Sa\u00fade \/ Educa\u00e7\u00e3o"],"inLanguage":"pt-BR","potentialAction":[{"@type":"CommentAction","name":"Comment","target":["https:\/\/bahiaeconomica.com.br\/wp\/2018\/09\/10\/vitoria-vence-o-vasco-por-1x0-no-barradao-e-sobe-na-tabela\/#respond"]}]},{"@type":"WebPage","@id":"https:\/\/bahiaeconomica.com.br\/wp\/2018\/09\/10\/vitoria-vence-o-vasco-por-1x0-no-barradao-e-sobe-na-tabela\/","url":"https:\/\/bahiaeconomica.com.br\/wp\/2018\/09\/10\/vitoria-vence-o-vasco-por-1x0-no-barradao-e-sobe-na-tabela\/","name":"VIT\u00d3RIA VENCE O VASCO POR 1X0 NO BARRAD\u00c3O E SOBE NA TABELA - Bahia Economica","isPartOf":{"@id":"https:\/\/bahiaeconomica.com.br\/wp\/#website"},"datePublished":"2018-09-10T10:00:57+00:00","dateModified":"2018-09-10T09:25:53+00:00","description":"O maior portal de Economia da Bahia Sa\u00fade \/ Educa\u00e7\u00e3o Bahia Economica","breadcrumb":{"@id":"https:\/\/bahiaeconomica.com.br\/wp\/2018\/09\/10\/vitoria-vence-o-vasco-por-1x0-no-barradao-e-sobe-na-tabela\/#breadcrumb"},"inLanguage":"pt-BR","potentialAction":[{"@type":"ReadAction","target":["https:\/\/bahiaeconomica.com.br\/wp\/2018\/09\/10\/vitoria-vence-o-vasco-por-1x0-no-barradao-e-sobe-na-tabela\/"]}]},{"@type":"BreadcrumbList","@id":"https:\/\/bahiaeconomica.com.br\/wp\/2018\/09\/10\/vitoria-vence-o-vasco-por-1x0-no-barradao-e-sobe-na-tabela\/#breadcrumb","itemListElement":[{"@type":"ListItem","position":1,"name":"In\u00edcio","item":"https:\/\/bahiaeconomica.com.br\/wp\/"},{"@type":"ListItem","position":2,"name":"VIT\u00d3RIA VENCE O VASCO POR 1X0 NO BARRAD\u00c3O E SOBE NA TABELA"}]},{"@type":"WebSite","@id":"https:\/\/bahiaeconomica.com.br\/wp\/#website","url":"https:\/\/bahiaeconomica.com.br\/wp\/","name":"Bahia Economica","description":"O maior portal de Economia da Bahia","publisher":{"@id":"https:\/\/bahiaeconomica.com.br\/wp\/#organization"},"potentialAction":[{"@type":"SearchAction","target":{"@type":"EntryPoint","urlTemplate":"https:\/\/bahiaeconomica.com.br\/wp\/?s={search_term_string}"},"query-input":"required name=search_term_string"}],"inLanguage":"pt-BR"},{"@type":"Organization","@id":"https:\/\/bahiaeconomica.com.br\/wp\/#organization","name":"Bahia Econ\u00f4mica","url":"https:\/\/bahiaeconomica.com.br\/wp\/","logo":{"@type":"ImageObject","inLanguage":"pt-BR","@id":"https:\/\/bahiaeconomica.com.br\/wp\/#\/schema\/logo\/image\/","url":"https:\/\/bahiaeconomica.com.br\/wp\/wp-content\/uploads\/2020\/12\/cropped-BE.png","contentUrl":"https:\/\/bahiaeconomica.com.br\/wp\/wp-content\/uploads\/2020\/12\/cropped-BE.png","width":512,"height":512,"caption":"Bahia Econ\u00f4mica"},"image":{"@id":"https:\/\/bahiaeconomica.com.br\/wp\/#\/schema\/logo\/image\/"},"sameAs":["https:\/\/www.facebook.com\/bahiaeconomica"]},{"@type":"Person","@id":"https:\/\/bahiaeconomica.com.br\/wp\/#\/schema\/person\/cb1ab5ba96ad3d9390805381c76284ec","name":"admin","url":"https:\/\/bahiaeconomica.com.br\/wp\/author\/admin\/"}]}},"views":2,"_links":{"self":[{"href":"https:\/\/bahiaeconomica.com.br\/wp\/wp-json\/wp\/v2\/posts\/149501"}],"collection":[{"href":"https:\/\/bahiaeconomica.com.br\/wp\/wp-json\/wp\/v2\/posts"}],"about":[{"href":"https:\/\/bahiaeconomica.com.br\/wp\/wp-json\/wp\/v2\/types\/post"}],"author":[{"embeddable":true,"href":"https:\/\/bahiaeconomica.com.br\/wp\/wp-json\/wp\/v2\/users\/1"}],"replies":[{"embeddable":true,"href":"https:\/\/bahiaeconomica.com.br\/wp\/wp-json\/wp\/v2\/comments?post=149501"}],"version-history":[{"count":0,"href":"https:\/\/bahiaeconomica.com.br\/wp\/wp-json\/wp\/v2\/posts\/149501\/revisions"}],"wp:featuredmedia":[{"embeddable":true,"href":"https:\/\/bahiaeconomica.com.br\/wp\/wp-json\/wp\/v2\/media\/149503"}],"wp:attachment":[{"href":"https:\/\/bahiaeconomica.com.br\/wp\/wp-json\/wp\/v2\/media?parent=149501"}],"wp:term":[{"taxonomy":"category","embeddable":true,"href":"https:\/\/bahiaeconomica.com.br\/wp\/wp-json\/wp\/v2\/categories?post=149501"},{"taxonomy":"post_tag","embeddable":true,"href":"https:\/\/bahiaeconomica.com.br\/wp\/wp-json\/wp\/v2\/tags?post=149501"}],"curies":[{"name":"wp","href":"https:\/\/api.w.org\/{rel}","templated":true}]}}