{"id":146515,"date":"2018-09-05T13:00:09","date_gmt":"2018-09-05T16:00:09","guid":{"rendered":"https:\/\/bahiaeconomica.com.br\/wp\/beta\/?p=146515"},"modified":"2018-09-05T11:13:41","modified_gmt":"2018-09-05T14:13:41","slug":"itajuipe-escolas-crescem-no-indice-nacional","status":"publish","type":"post","link":"https:\/\/bahiaeconomica.com.br\/wp\/2018\/09\/05\/itajuipe-escolas-crescem-no-indice-nacional\/","title":{"rendered":"ITAJU\u00cdPE : ESCOLAS CRESCEM NO \u00cdNDICE NACIONAL"},"content":{"rendered":"<p style=\"text-align: justify;\">Foi divulgado a avalia\u00e7\u00e3o do \u00cdndice de Desenvolvimento da Educa\u00e7\u00e3o B\u00e1sica, o IDEB, que mede a qualidade do esnino nacional. Na avalia\u00e7\u00e3o divulgada nesta segunda, Itaju\u00edpe aparece com um \u00edndice maior do que o observado na \u00faltima pesquisa. Considerando as s\u00e9ries iniciais do do Ensino Fundamental, 4\u00ba ao 5\u00ba ano, o \u00edndice geral itajuipense subiu para 4.1, o que vem acontecendo a cada avalia\u00e7\u00e3o, desde a cria\u00e7\u00e3o do \u00edndice em 2007, assim como as s\u00e9ries finais, 8\u00ba e 9\u00ba ano, que obtiveram um aumento no \u00edndice geral para 3.3.<\/p>\n<p style=\"text-align: justify;\">Vale destacar ainda que o IDEB divulgado detalhou o \u00edndice por escolas e, nas s\u00e9ries iniciais, destacaram-se as unidades escolares municipais N\u00fabia Borges Badar\u00f3, que atingiu o \u00edndice de 5.4, Lourdes Pinillos Menezes, com 4.6, Alberto Hage, com o \u00edndice de 4.5 e Frei Henrique Woltering, com 4.2, ultrapassando o \u00edndice geral do munic\u00edpio. Outro destaque importante da pesquisa foi o significativo crescimento do IDEB da Escola Municipal Dr. Pedro Catal\u00e3o, que passou de 2,6 para 3,5.<\/p>\n<p style=\"text-align: justify;\">A Secret\u00e1ria de Educa\u00e7\u00e3o, Prof\u00aa Maria de Lourdes Santana, destaca que \u201c\u00e9 gratificante ter o reconhecimento numa pesquisa a n\u00edvel nacional que a educa\u00e7\u00e3o municipal tem evolu\u00eddo, garantindo um ensino de qualidade em nosso munic\u00edpio. Estamos muito felizes com este resultado, pois demonstra que o caminho escolhido para a gest\u00e3o e para o ensino em nossa cidade est\u00e1 rendendo frutos e atendendo as necessidades de nossos educandos\u201d, declarou.<\/p>\n","protected":false},"excerpt":{"rendered":"<p>Foi divulgado a avalia\u00e7\u00e3o do \u00cdndice de Desenvolvimento da Educa\u00e7\u00e3o B\u00e1sica, o IDEB, que mede a qualidade do esnino nacional. Na avalia\u00e7\u00e3o divulgada nesta segunda, Itaju\u00edpe aparece com um \u00edndice maior do que o observado na \u00faltima pesquisa. Considerando as s\u00e9ries iniciais do do Ensino Fundamental, 4\u00ba ao 5\u00ba ano, o \u00edndice geral itajuipense subiu [&hellip;]<\/p>\n","protected":false},"author":1,"featured_media":146517,"comment_status":"open","ping_status":"open","sticky":false,"template":"","format":"standard","meta":[],"categories":[5],"tags":[],"acf":[],"yoast_head":"<!-- This site is optimized with the Yoast SEO plugin v20.8 - https:\/\/yoast.com\/wordpress\/plugins\/seo\/ -->\n<title>ITAJU\u00cdPE : ESCOLAS CRESCEM NO \u00cdNDICE NACIONAL - Bahia Economica<\/title>\n<meta name=\"description\" content=\"O maior portal de Economia da Bahia MUNIC\u00cdPIOS Bahia Economica\" \/>\n<meta name=\"robots\" content=\"index, follow, max-snippet:-1, max-image-preview:large, max-video-preview:-1\" \/>\n<link rel=\"canonical\" href=\"https:\/\/bahiaeconomica.com.br\/wp\/2018\/09\/05\/itajuipe-escolas-crescem-no-indice-nacional\/\" \/>\n<meta property=\"og:locale\" content=\"pt_BR\" \/>\n<meta property=\"og:type\" content=\"article\" \/>\n<meta property=\"og:title\" content=\"ITAJU\u00cdPE : ESCOLAS CRESCEM NO \u00cdNDICE NACIONAL - Bahia Economica\" \/>\n<meta property=\"og:description\" content=\"O maior portal de Economia da Bahia MUNIC\u00cdPIOS Bahia Economica\" \/>\n<meta property=\"og:url\" content=\"https:\/\/bahiaeconomica.com.br\/wp\/2018\/09\/05\/itajuipe-escolas-crescem-no-indice-nacional\/\" \/>\n<meta property=\"og:site_name\" content=\"Bahia Economica\" \/>\n<meta property=\"article:publisher\" content=\"https:\/\/www.facebook.com\/bahiaeconomica\" \/>\n<meta property=\"article:published_time\" content=\"2018-09-05T16:00:09+00:00\" \/>\n<meta property=\"article:modified_time\" content=\"2018-09-05T14:13:41+00:00\" \/>\n<meta property=\"og:image\" content=\"https:\/\/bahiaeconomica.com.br\/wp\/wp-content\/uploads\/2018\/09\/WhatsApp-Image-2018-09-04-at-16.49.05-1.jpeg\" \/>\n\t<meta property=\"og:image:width\" content=\"400\" \/>\n\t<meta property=\"og:image:height\" content=\"267\" \/>\n\t<meta property=\"og:image:type\" content=\"image\/jpeg\" \/>\n<meta name=\"author\" content=\"admin\" \/>\n<meta name=\"twitter:card\" content=\"summary_large_image\" \/>\n<meta name=\"twitter:label1\" content=\"Escrito por\" \/>\n\t<meta name=\"twitter:data1\" content=\"admin\" \/>\n\t<meta name=\"twitter:label2\" content=\"Est. tempo de leitura\" \/>\n\t<meta name=\"twitter:data2\" content=\"1 minuto\" \/>\n<script type=\"application\/ld+json\" class=\"yoast-schema-graph\">{\"@context\":\"https:\/\/schema.org\",\"@graph\":[{\"@type\":\"Article\",\"@id\":\"https:\/\/bahiaeconomica.com.br\/wp\/2018\/09\/05\/itajuipe-escolas-crescem-no-indice-nacional\/#article\",\"isPartOf\":{\"@id\":\"https:\/\/bahiaeconomica.com.br\/wp\/2018\/09\/05\/itajuipe-escolas-crescem-no-indice-nacional\/\"},\"author\":{\"name\":\"admin\",\"@id\":\"https:\/\/bahiaeconomica.com.br\/wp\/#\/schema\/person\/cb1ab5ba96ad3d9390805381c76284ec\"},\"headline\":\"ITAJU\u00cdPE : ESCOLAS CRESCEM NO \u00cdNDICE NACIONAL\",\"datePublished\":\"2018-09-05T16:00:09+00:00\",\"dateModified\":\"2018-09-05T14:13:41+00:00\",\"mainEntityOfPage\":{\"@id\":\"https:\/\/bahiaeconomica.com.br\/wp\/2018\/09\/05\/itajuipe-escolas-crescem-no-indice-nacional\/\"},\"wordCount\":247,\"commentCount\":0,\"publisher\":{\"@id\":\"https:\/\/bahiaeconomica.com.br\/wp\/#organization\"},\"articleSection\":[\"MUNIC\u00cdPIOS\"],\"inLanguage\":\"pt-BR\",\"potentialAction\":[{\"@type\":\"CommentAction\",\"name\":\"Comment\",\"target\":[\"https:\/\/bahiaeconomica.com.br\/wp\/2018\/09\/05\/itajuipe-escolas-crescem-no-indice-nacional\/#respond\"]}]},{\"@type\":\"WebPage\",\"@id\":\"https:\/\/bahiaeconomica.com.br\/wp\/2018\/09\/05\/itajuipe-escolas-crescem-no-indice-nacional\/\",\"url\":\"https:\/\/bahiaeconomica.com.br\/wp\/2018\/09\/05\/itajuipe-escolas-crescem-no-indice-nacional\/\",\"name\":\"ITAJU\u00cdPE : ESCOLAS CRESCEM NO \u00cdNDICE NACIONAL - Bahia Economica\",\"isPartOf\":{\"@id\":\"https:\/\/bahiaeconomica.com.br\/wp\/#website\"},\"datePublished\":\"2018-09-05T16:00:09+00:00\",\"dateModified\":\"2018-09-05T14:13:41+00:00\",\"description\":\"O maior portal de Economia da Bahia MUNIC\u00cdPIOS Bahia Economica\",\"breadcrumb\":{\"@id\":\"https:\/\/bahiaeconomica.com.br\/wp\/2018\/09\/05\/itajuipe-escolas-crescem-no-indice-nacional\/#breadcrumb\"},\"inLanguage\":\"pt-BR\",\"potentialAction\":[{\"@type\":\"ReadAction\",\"target\":[\"https:\/\/bahiaeconomica.com.br\/wp\/2018\/09\/05\/itajuipe-escolas-crescem-no-indice-nacional\/\"]}]},{\"@type\":\"BreadcrumbList\",\"@id\":\"https:\/\/bahiaeconomica.com.br\/wp\/2018\/09\/05\/itajuipe-escolas-crescem-no-indice-nacional\/#breadcrumb\",\"itemListElement\":[{\"@type\":\"ListItem\",\"position\":1,\"name\":\"In\u00edcio\",\"item\":\"https:\/\/bahiaeconomica.com.br\/wp\/\"},{\"@type\":\"ListItem\",\"position\":2,\"name\":\"ITAJU\u00cdPE : ESCOLAS CRESCEM NO \u00cdNDICE NACIONAL\"}]},{\"@type\":\"WebSite\",\"@id\":\"https:\/\/bahiaeconomica.com.br\/wp\/#website\",\"url\":\"https:\/\/bahiaeconomica.com.br\/wp\/\",\"name\":\"Bahia Economica\",\"description\":\"O maior portal de Economia da Bahia\",\"publisher\":{\"@id\":\"https:\/\/bahiaeconomica.com.br\/wp\/#organization\"},\"potentialAction\":[{\"@type\":\"SearchAction\",\"target\":{\"@type\":\"EntryPoint\",\"urlTemplate\":\"https:\/\/bahiaeconomica.com.br\/wp\/?s={search_term_string}\"},\"query-input\":\"required name=search_term_string\"}],\"inLanguage\":\"pt-BR\"},{\"@type\":\"Organization\",\"@id\":\"https:\/\/bahiaeconomica.com.br\/wp\/#organization\",\"name\":\"Bahia Econ\u00f4mica\",\"url\":\"https:\/\/bahiaeconomica.com.br\/wp\/\",\"logo\":{\"@type\":\"ImageObject\",\"inLanguage\":\"pt-BR\",\"@id\":\"https:\/\/bahiaeconomica.com.br\/wp\/#\/schema\/logo\/image\/\",\"url\":\"https:\/\/bahiaeconomica.com.br\/wp\/wp-content\/uploads\/2020\/12\/cropped-BE.png\",\"contentUrl\":\"https:\/\/bahiaeconomica.com.br\/wp\/wp-content\/uploads\/2020\/12\/cropped-BE.png\",\"width\":512,\"height\":512,\"caption\":\"Bahia Econ\u00f4mica\"},\"image\":{\"@id\":\"https:\/\/bahiaeconomica.com.br\/wp\/#\/schema\/logo\/image\/\"},\"sameAs\":[\"https:\/\/www.facebook.com\/bahiaeconomica\"]},{\"@type\":\"Person\",\"@id\":\"https:\/\/bahiaeconomica.com.br\/wp\/#\/schema\/person\/cb1ab5ba96ad3d9390805381c76284ec\",\"name\":\"admin\",\"url\":\"https:\/\/bahiaeconomica.com.br\/wp\/author\/admin\/\"}]}<\/script>\n<!-- \/ Yoast SEO plugin. -->","yoast_head_json":{"title":"ITAJU\u00cdPE : ESCOLAS CRESCEM NO \u00cdNDICE NACIONAL - Bahia Economica","description":"O maior portal de Economia da Bahia MUNIC\u00cdPIOS Bahia Economica","robots":{"index":"index","follow":"follow","max-snippet":"max-snippet:-1","max-image-preview":"max-image-preview:large","max-video-preview":"max-video-preview:-1"},"canonical":"https:\/\/bahiaeconomica.com.br\/wp\/2018\/09\/05\/itajuipe-escolas-crescem-no-indice-nacional\/","og_locale":"pt_BR","og_type":"article","og_title":"ITAJU\u00cdPE : ESCOLAS CRESCEM NO \u00cdNDICE NACIONAL - Bahia Economica","og_description":"O maior portal de Economia da Bahia MUNIC\u00cdPIOS Bahia Economica","og_url":"https:\/\/bahiaeconomica.com.br\/wp\/2018\/09\/05\/itajuipe-escolas-crescem-no-indice-nacional\/","og_site_name":"Bahia Economica","article_publisher":"https:\/\/www.facebook.com\/bahiaeconomica","article_published_time":"2018-09-05T16:00:09+00:00","article_modified_time":"2018-09-05T14:13:41+00:00","og_image":[{"width":400,"height":267,"url":"https:\/\/bahiaeconomica.com.br\/wp\/wp-content\/uploads\/2018\/09\/WhatsApp-Image-2018-09-04-at-16.49.05-1.jpeg","type":"image\/jpeg"}],"author":"admin","twitter_card":"summary_large_image","twitter_misc":{"Escrito por":"admin","Est. tempo de leitura":"1 minuto"},"schema":{"@context":"https:\/\/schema.org","@graph":[{"@type":"Article","@id":"https:\/\/bahiaeconomica.com.br\/wp\/2018\/09\/05\/itajuipe-escolas-crescem-no-indice-nacional\/#article","isPartOf":{"@id":"https:\/\/bahiaeconomica.com.br\/wp\/2018\/09\/05\/itajuipe-escolas-crescem-no-indice-nacional\/"},"author":{"name":"admin","@id":"https:\/\/bahiaeconomica.com.br\/wp\/#\/schema\/person\/cb1ab5ba96ad3d9390805381c76284ec"},"headline":"ITAJU\u00cdPE : ESCOLAS CRESCEM NO \u00cdNDICE NACIONAL","datePublished":"2018-09-05T16:00:09+00:00","dateModified":"2018-09-05T14:13:41+00:00","mainEntityOfPage":{"@id":"https:\/\/bahiaeconomica.com.br\/wp\/2018\/09\/05\/itajuipe-escolas-crescem-no-indice-nacional\/"},"wordCount":247,"commentCount":0,"publisher":{"@id":"https:\/\/bahiaeconomica.com.br\/wp\/#organization"},"articleSection":["MUNIC\u00cdPIOS"],"inLanguage":"pt-BR","potentialAction":[{"@type":"CommentAction","name":"Comment","target":["https:\/\/bahiaeconomica.com.br\/wp\/2018\/09\/05\/itajuipe-escolas-crescem-no-indice-nacional\/#respond"]}]},{"@type":"WebPage","@id":"https:\/\/bahiaeconomica.com.br\/wp\/2018\/09\/05\/itajuipe-escolas-crescem-no-indice-nacional\/","url":"https:\/\/bahiaeconomica.com.br\/wp\/2018\/09\/05\/itajuipe-escolas-crescem-no-indice-nacional\/","name":"ITAJU\u00cdPE : ESCOLAS CRESCEM NO \u00cdNDICE NACIONAL - Bahia Economica","isPartOf":{"@id":"https:\/\/bahiaeconomica.com.br\/wp\/#website"},"datePublished":"2018-09-05T16:00:09+00:00","dateModified":"2018-09-05T14:13:41+00:00","description":"O maior portal de Economia da Bahia MUNIC\u00cdPIOS Bahia Economica","breadcrumb":{"@id":"https:\/\/bahiaeconomica.com.br\/wp\/2018\/09\/05\/itajuipe-escolas-crescem-no-indice-nacional\/#breadcrumb"},"inLanguage":"pt-BR","potentialAction":[{"@type":"ReadAction","target":["https:\/\/bahiaeconomica.com.br\/wp\/2018\/09\/05\/itajuipe-escolas-crescem-no-indice-nacional\/"]}]},{"@type":"BreadcrumbList","@id":"https:\/\/bahiaeconomica.com.br\/wp\/2018\/09\/05\/itajuipe-escolas-crescem-no-indice-nacional\/#breadcrumb","itemListElement":[{"@type":"ListItem","position":1,"name":"In\u00edcio","item":"https:\/\/bahiaeconomica.com.br\/wp\/"},{"@type":"ListItem","position":2,"name":"ITAJU\u00cdPE : ESCOLAS CRESCEM NO \u00cdNDICE NACIONAL"}]},{"@type":"WebSite","@id":"https:\/\/bahiaeconomica.com.br\/wp\/#website","url":"https:\/\/bahiaeconomica.com.br\/wp\/","name":"Bahia Economica","description":"O maior portal de Economia da Bahia","publisher":{"@id":"https:\/\/bahiaeconomica.com.br\/wp\/#organization"},"potentialAction":[{"@type":"SearchAction","target":{"@type":"EntryPoint","urlTemplate":"https:\/\/bahiaeconomica.com.br\/wp\/?s={search_term_string}"},"query-input":"required name=search_term_string"}],"inLanguage":"pt-BR"},{"@type":"Organization","@id":"https:\/\/bahiaeconomica.com.br\/wp\/#organization","name":"Bahia Econ\u00f4mica","url":"https:\/\/bahiaeconomica.com.br\/wp\/","logo":{"@type":"ImageObject","inLanguage":"pt-BR","@id":"https:\/\/bahiaeconomica.com.br\/wp\/#\/schema\/logo\/image\/","url":"https:\/\/bahiaeconomica.com.br\/wp\/wp-content\/uploads\/2020\/12\/cropped-BE.png","contentUrl":"https:\/\/bahiaeconomica.com.br\/wp\/wp-content\/uploads\/2020\/12\/cropped-BE.png","width":512,"height":512,"caption":"Bahia Econ\u00f4mica"},"image":{"@id":"https:\/\/bahiaeconomica.com.br\/wp\/#\/schema\/logo\/image\/"},"sameAs":["https:\/\/www.facebook.com\/bahiaeconomica"]},{"@type":"Person","@id":"https:\/\/bahiaeconomica.com.br\/wp\/#\/schema\/person\/cb1ab5ba96ad3d9390805381c76284ec","name":"admin","url":"https:\/\/bahiaeconomica.com.br\/wp\/author\/admin\/"}]}},"views":1,"_links":{"self":[{"href":"https:\/\/bahiaeconomica.com.br\/wp\/wp-json\/wp\/v2\/posts\/146515"}],"collection":[{"href":"https:\/\/bahiaeconomica.com.br\/wp\/wp-json\/wp\/v2\/posts"}],"about":[{"href":"https:\/\/bahiaeconomica.com.br\/wp\/wp-json\/wp\/v2\/types\/post"}],"author":[{"embeddable":true,"href":"https:\/\/bahiaeconomica.com.br\/wp\/wp-json\/wp\/v2\/users\/1"}],"replies":[{"embeddable":true,"href":"https:\/\/bahiaeconomica.com.br\/wp\/wp-json\/wp\/v2\/comments?post=146515"}],"version-history":[{"count":0,"href":"https:\/\/bahiaeconomica.com.br\/wp\/wp-json\/wp\/v2\/posts\/146515\/revisions"}],"wp:featuredmedia":[{"embeddable":true,"href":"https:\/\/bahiaeconomica.com.br\/wp\/wp-json\/wp\/v2\/media\/146517"}],"wp:attachment":[{"href":"https:\/\/bahiaeconomica.com.br\/wp\/wp-json\/wp\/v2\/media?parent=146515"}],"wp:term":[{"taxonomy":"category","embeddable":true,"href":"https:\/\/bahiaeconomica.com.br\/wp\/wp-json\/wp\/v2\/categories?post=146515"},{"taxonomy":"post_tag","embeddable":true,"href":"https:\/\/bahiaeconomica.com.br\/wp\/wp-json\/wp\/v2\/tags?post=146515"}],"curies":[{"name":"wp","href":"https:\/\/api.w.org\/{rel}","templated":true}]}}