{"id":124901,"date":"2018-08-10T08:05:37","date_gmt":"2018-08-10T11:05:37","guid":{"rendered":"https:\/\/bahiaeconomica.com.br\/wp\/beta\/?p=124901"},"modified":"2018-08-10T08:05:37","modified_gmt":"2018-08-10T11:05:37","slug":"fas-elogiam-boa-forma-de-maraisa-apos-perder-13-kg","status":"publish","type":"post","link":"https:\/\/bahiaeconomica.com.br\/wp\/2018\/08\/10\/fas-elogiam-boa-forma-de-maraisa-apos-perder-13-kg\/","title":{"rendered":"F\u00c3S ELOGIAM BOA FORMA DE MARA\u00cdSA AP\u00d3S PERDER 13 KG"},"content":{"rendered":"<p style=\"text-align: justify;\">Mara\u00edsa conquistou uma enxurrada de elogios ao mostrar o corpo bem mais magro durante um show em Mato Grosso. No Instagram, na quinta-feira (8), ela postou um \u00e1lbum de fotos e, em uma das imagens, deixou a barriguinha de fora ao ficar de top e cal\u00e7a. &#8220;De volta a esse Mato Grosso lindo e cheio de boas lembran\u00e7as n\u00e9 gente?!! Que del\u00edcia de reencontro Ju\u00edna&#8230; Voc\u00eas arrasaram, como sempre!!! Noite especial demais!!! Valeu!!!&#8221;, escreveu ela.<\/p>\n<p style=\"text-align: justify;\">Mara\u00edsa, que faz dupla com a irm\u00e3 g\u00eamea, Maiara, j\u00e1 revelou este ano que emagreceu mais de 13kg por conta da rotina profissional corrida. \u201cFiquei surpresa porque n\u00e3o estou fazendo dieta nenhuma e fiquei furando os treinos. Os shows s\u00e3o meio puxados e n\u00e3o engordei. Tem dias que a gente est\u00e1 mais sequinha, outros mais cheinha\u201d, chegou a revelar a cantora sertaneja, que ainda se submeteu a uma lipoaspira\u00e7\u00e3o em 2017. \u201cEu fiz uma lipo e tentei segurar para n\u00e3o perder [a boa forma]\u201d.<\/p>\n<p style=\"text-align: justify;\">Entre as mensagens recebidas por Mara\u00edsa estavam &#8220;fiu fiu&#8221;, &#8220;que corpo espetacular&#8221;, &#8220;esse seu corpo acaba com o psicol\u00f3gico de qualquer um&#8221;, &#8220;mag\u00e9rrima&#8221;, &#8220;e essa barriguinha? Uauuu&#8221; e &#8220;e esse corpitio mara!&#8221;. (Quem)<\/p>\n","protected":false},"excerpt":{"rendered":"<p>Mara\u00edsa conquistou uma enxurrada de elogios ao mostrar o corpo bem mais magro durante um show em Mato Grosso. No Instagram, na quinta-feira (8), ela postou um \u00e1lbum de fotos e, em uma das imagens, deixou a barriguinha de fora ao ficar de top e cal\u00e7a. &#8220;De volta a esse Mato Grosso lindo e cheio [&hellip;]<\/p>\n","protected":false},"author":1,"featured_media":124902,"comment_status":"open","ping_status":"open","sticky":false,"template":"","format":"standard","meta":[],"categories":[4],"tags":[],"acf":[],"yoast_head":"<!-- This site is optimized with the Yoast SEO plugin v20.8 - https:\/\/yoast.com\/wordpress\/plugins\/seo\/ -->\n<title>F\u00c3S ELOGIAM BOA FORMA DE MARA\u00cdSA AP\u00d3S PERDER 13 KG - Bahia Economica<\/title>\n<meta name=\"description\" content=\"O maior portal de Economia da Bahia ENTRETENIMENTO Bahia Economica\" \/>\n<meta name=\"robots\" content=\"index, follow, max-snippet:-1, max-image-preview:large, max-video-preview:-1\" \/>\n<link rel=\"canonical\" href=\"https:\/\/bahiaeconomica.com.br\/wp\/2018\/08\/10\/fas-elogiam-boa-forma-de-maraisa-apos-perder-13-kg\/\" \/>\n<meta property=\"og:locale\" content=\"pt_BR\" \/>\n<meta property=\"og:type\" content=\"article\" \/>\n<meta property=\"og:title\" content=\"F\u00c3S ELOGIAM BOA FORMA DE MARA\u00cdSA AP\u00d3S PERDER 13 KG - Bahia Economica\" \/>\n<meta property=\"og:description\" content=\"O maior portal de Economia da Bahia ENTRETENIMENTO Bahia Economica\" \/>\n<meta property=\"og:url\" content=\"https:\/\/bahiaeconomica.com.br\/wp\/2018\/08\/10\/fas-elogiam-boa-forma-de-maraisa-apos-perder-13-kg\/\" \/>\n<meta property=\"og:site_name\" content=\"Bahia Economica\" \/>\n<meta property=\"article:publisher\" content=\"https:\/\/www.facebook.com\/bahiaeconomica\" \/>\n<meta property=\"article:published_time\" content=\"2018-08-10T11:05:37+00:00\" \/>\n<meta property=\"og:image\" content=\"https:\/\/bahiaeconomica.com.br\/wp\/wp-content\/uploads\/2018\/08\/97445.jpg\" \/>\n\t<meta property=\"og:image:width\" content=\"500\" \/>\n\t<meta property=\"og:image:height\" content=\"314\" \/>\n\t<meta property=\"og:image:type\" content=\"image\/jpeg\" \/>\n<meta name=\"author\" content=\"admin\" \/>\n<meta name=\"twitter:card\" content=\"summary_large_image\" \/>\n<meta name=\"twitter:label1\" content=\"Escrito por\" \/>\n\t<meta name=\"twitter:data1\" content=\"admin\" \/>\n\t<meta name=\"twitter:label2\" content=\"Est. tempo de leitura\" \/>\n\t<meta name=\"twitter:data2\" content=\"1 minuto\" \/>\n<script type=\"application\/ld+json\" class=\"yoast-schema-graph\">{\"@context\":\"https:\/\/schema.org\",\"@graph\":[{\"@type\":\"Article\",\"@id\":\"https:\/\/bahiaeconomica.com.br\/wp\/2018\/08\/10\/fas-elogiam-boa-forma-de-maraisa-apos-perder-13-kg\/#article\",\"isPartOf\":{\"@id\":\"https:\/\/bahiaeconomica.com.br\/wp\/2018\/08\/10\/fas-elogiam-boa-forma-de-maraisa-apos-perder-13-kg\/\"},\"author\":{\"name\":\"admin\",\"@id\":\"https:\/\/bahiaeconomica.com.br\/wp\/#\/schema\/person\/cb1ab5ba96ad3d9390805381c76284ec\"},\"headline\":\"F\u00c3S ELOGIAM BOA FORMA DE MARA\u00cdSA AP\u00d3S PERDER 13 KG\",\"datePublished\":\"2018-08-10T11:05:37+00:00\",\"dateModified\":\"2018-08-10T11:05:37+00:00\",\"mainEntityOfPage\":{\"@id\":\"https:\/\/bahiaeconomica.com.br\/wp\/2018\/08\/10\/fas-elogiam-boa-forma-de-maraisa-apos-perder-13-kg\/\"},\"wordCount\":218,\"commentCount\":0,\"publisher\":{\"@id\":\"https:\/\/bahiaeconomica.com.br\/wp\/#organization\"},\"articleSection\":[\"ENTRETENIMENTO\"],\"inLanguage\":\"pt-BR\",\"potentialAction\":[{\"@type\":\"CommentAction\",\"name\":\"Comment\",\"target\":[\"https:\/\/bahiaeconomica.com.br\/wp\/2018\/08\/10\/fas-elogiam-boa-forma-de-maraisa-apos-perder-13-kg\/#respond\"]}]},{\"@type\":\"WebPage\",\"@id\":\"https:\/\/bahiaeconomica.com.br\/wp\/2018\/08\/10\/fas-elogiam-boa-forma-de-maraisa-apos-perder-13-kg\/\",\"url\":\"https:\/\/bahiaeconomica.com.br\/wp\/2018\/08\/10\/fas-elogiam-boa-forma-de-maraisa-apos-perder-13-kg\/\",\"name\":\"F\u00c3S ELOGIAM BOA FORMA DE MARA\u00cdSA AP\u00d3S PERDER 13 KG - Bahia Economica\",\"isPartOf\":{\"@id\":\"https:\/\/bahiaeconomica.com.br\/wp\/#website\"},\"datePublished\":\"2018-08-10T11:05:37+00:00\",\"dateModified\":\"2018-08-10T11:05:37+00:00\",\"description\":\"O maior portal de Economia da Bahia ENTRETENIMENTO Bahia Economica\",\"breadcrumb\":{\"@id\":\"https:\/\/bahiaeconomica.com.br\/wp\/2018\/08\/10\/fas-elogiam-boa-forma-de-maraisa-apos-perder-13-kg\/#breadcrumb\"},\"inLanguage\":\"pt-BR\",\"potentialAction\":[{\"@type\":\"ReadAction\",\"target\":[\"https:\/\/bahiaeconomica.com.br\/wp\/2018\/08\/10\/fas-elogiam-boa-forma-de-maraisa-apos-perder-13-kg\/\"]}]},{\"@type\":\"BreadcrumbList\",\"@id\":\"https:\/\/bahiaeconomica.com.br\/wp\/2018\/08\/10\/fas-elogiam-boa-forma-de-maraisa-apos-perder-13-kg\/#breadcrumb\",\"itemListElement\":[{\"@type\":\"ListItem\",\"position\":1,\"name\":\"In\u00edcio\",\"item\":\"https:\/\/bahiaeconomica.com.br\/wp\/\"},{\"@type\":\"ListItem\",\"position\":2,\"name\":\"F\u00c3S ELOGIAM BOA FORMA DE MARA\u00cdSA AP\u00d3S PERDER 13 KG\"}]},{\"@type\":\"WebSite\",\"@id\":\"https:\/\/bahiaeconomica.com.br\/wp\/#website\",\"url\":\"https:\/\/bahiaeconomica.com.br\/wp\/\",\"name\":\"Bahia Economica\",\"description\":\"O maior portal de Economia da Bahia\",\"publisher\":{\"@id\":\"https:\/\/bahiaeconomica.com.br\/wp\/#organization\"},\"potentialAction\":[{\"@type\":\"SearchAction\",\"target\":{\"@type\":\"EntryPoint\",\"urlTemplate\":\"https:\/\/bahiaeconomica.com.br\/wp\/?s={search_term_string}\"},\"query-input\":\"required name=search_term_string\"}],\"inLanguage\":\"pt-BR\"},{\"@type\":\"Organization\",\"@id\":\"https:\/\/bahiaeconomica.com.br\/wp\/#organization\",\"name\":\"Bahia Econ\u00f4mica\",\"url\":\"https:\/\/bahiaeconomica.com.br\/wp\/\",\"logo\":{\"@type\":\"ImageObject\",\"inLanguage\":\"pt-BR\",\"@id\":\"https:\/\/bahiaeconomica.com.br\/wp\/#\/schema\/logo\/image\/\",\"url\":\"https:\/\/bahiaeconomica.com.br\/wp\/wp-content\/uploads\/2020\/12\/cropped-BE.png\",\"contentUrl\":\"https:\/\/bahiaeconomica.com.br\/wp\/wp-content\/uploads\/2020\/12\/cropped-BE.png\",\"width\":512,\"height\":512,\"caption\":\"Bahia Econ\u00f4mica\"},\"image\":{\"@id\":\"https:\/\/bahiaeconomica.com.br\/wp\/#\/schema\/logo\/image\/\"},\"sameAs\":[\"https:\/\/www.facebook.com\/bahiaeconomica\"]},{\"@type\":\"Person\",\"@id\":\"https:\/\/bahiaeconomica.com.br\/wp\/#\/schema\/person\/cb1ab5ba96ad3d9390805381c76284ec\",\"name\":\"admin\",\"url\":\"https:\/\/bahiaeconomica.com.br\/wp\/author\/admin\/\"}]}<\/script>\n<!-- \/ Yoast SEO plugin. -->","yoast_head_json":{"title":"F\u00c3S ELOGIAM BOA FORMA DE MARA\u00cdSA AP\u00d3S PERDER 13 KG - Bahia Economica","description":"O maior portal de Economia da Bahia ENTRETENIMENTO Bahia Economica","robots":{"index":"index","follow":"follow","max-snippet":"max-snippet:-1","max-image-preview":"max-image-preview:large","max-video-preview":"max-video-preview:-1"},"canonical":"https:\/\/bahiaeconomica.com.br\/wp\/2018\/08\/10\/fas-elogiam-boa-forma-de-maraisa-apos-perder-13-kg\/","og_locale":"pt_BR","og_type":"article","og_title":"F\u00c3S ELOGIAM BOA FORMA DE MARA\u00cdSA AP\u00d3S PERDER 13 KG - Bahia Economica","og_description":"O maior portal de Economia da Bahia ENTRETENIMENTO Bahia Economica","og_url":"https:\/\/bahiaeconomica.com.br\/wp\/2018\/08\/10\/fas-elogiam-boa-forma-de-maraisa-apos-perder-13-kg\/","og_site_name":"Bahia Economica","article_publisher":"https:\/\/www.facebook.com\/bahiaeconomica","article_published_time":"2018-08-10T11:05:37+00:00","og_image":[{"width":500,"height":314,"url":"https:\/\/bahiaeconomica.com.br\/wp\/wp-content\/uploads\/2018\/08\/97445.jpg","type":"image\/jpeg"}],"author":"admin","twitter_card":"summary_large_image","twitter_misc":{"Escrito por":"admin","Est. tempo de leitura":"1 minuto"},"schema":{"@context":"https:\/\/schema.org","@graph":[{"@type":"Article","@id":"https:\/\/bahiaeconomica.com.br\/wp\/2018\/08\/10\/fas-elogiam-boa-forma-de-maraisa-apos-perder-13-kg\/#article","isPartOf":{"@id":"https:\/\/bahiaeconomica.com.br\/wp\/2018\/08\/10\/fas-elogiam-boa-forma-de-maraisa-apos-perder-13-kg\/"},"author":{"name":"admin","@id":"https:\/\/bahiaeconomica.com.br\/wp\/#\/schema\/person\/cb1ab5ba96ad3d9390805381c76284ec"},"headline":"F\u00c3S ELOGIAM BOA FORMA DE MARA\u00cdSA AP\u00d3S PERDER 13 KG","datePublished":"2018-08-10T11:05:37+00:00","dateModified":"2018-08-10T11:05:37+00:00","mainEntityOfPage":{"@id":"https:\/\/bahiaeconomica.com.br\/wp\/2018\/08\/10\/fas-elogiam-boa-forma-de-maraisa-apos-perder-13-kg\/"},"wordCount":218,"commentCount":0,"publisher":{"@id":"https:\/\/bahiaeconomica.com.br\/wp\/#organization"},"articleSection":["ENTRETENIMENTO"],"inLanguage":"pt-BR","potentialAction":[{"@type":"CommentAction","name":"Comment","target":["https:\/\/bahiaeconomica.com.br\/wp\/2018\/08\/10\/fas-elogiam-boa-forma-de-maraisa-apos-perder-13-kg\/#respond"]}]},{"@type":"WebPage","@id":"https:\/\/bahiaeconomica.com.br\/wp\/2018\/08\/10\/fas-elogiam-boa-forma-de-maraisa-apos-perder-13-kg\/","url":"https:\/\/bahiaeconomica.com.br\/wp\/2018\/08\/10\/fas-elogiam-boa-forma-de-maraisa-apos-perder-13-kg\/","name":"F\u00c3S ELOGIAM BOA FORMA DE MARA\u00cdSA AP\u00d3S PERDER 13 KG - Bahia Economica","isPartOf":{"@id":"https:\/\/bahiaeconomica.com.br\/wp\/#website"},"datePublished":"2018-08-10T11:05:37+00:00","dateModified":"2018-08-10T11:05:37+00:00","description":"O maior portal de Economia da Bahia ENTRETENIMENTO Bahia Economica","breadcrumb":{"@id":"https:\/\/bahiaeconomica.com.br\/wp\/2018\/08\/10\/fas-elogiam-boa-forma-de-maraisa-apos-perder-13-kg\/#breadcrumb"},"inLanguage":"pt-BR","potentialAction":[{"@type":"ReadAction","target":["https:\/\/bahiaeconomica.com.br\/wp\/2018\/08\/10\/fas-elogiam-boa-forma-de-maraisa-apos-perder-13-kg\/"]}]},{"@type":"BreadcrumbList","@id":"https:\/\/bahiaeconomica.com.br\/wp\/2018\/08\/10\/fas-elogiam-boa-forma-de-maraisa-apos-perder-13-kg\/#breadcrumb","itemListElement":[{"@type":"ListItem","position":1,"name":"In\u00edcio","item":"https:\/\/bahiaeconomica.com.br\/wp\/"},{"@type":"ListItem","position":2,"name":"F\u00c3S ELOGIAM BOA FORMA DE MARA\u00cdSA AP\u00d3S PERDER 13 KG"}]},{"@type":"WebSite","@id":"https:\/\/bahiaeconomica.com.br\/wp\/#website","url":"https:\/\/bahiaeconomica.com.br\/wp\/","name":"Bahia Economica","description":"O maior portal de Economia da Bahia","publisher":{"@id":"https:\/\/bahiaeconomica.com.br\/wp\/#organization"},"potentialAction":[{"@type":"SearchAction","target":{"@type":"EntryPoint","urlTemplate":"https:\/\/bahiaeconomica.com.br\/wp\/?s={search_term_string}"},"query-input":"required name=search_term_string"}],"inLanguage":"pt-BR"},{"@type":"Organization","@id":"https:\/\/bahiaeconomica.com.br\/wp\/#organization","name":"Bahia Econ\u00f4mica","url":"https:\/\/bahiaeconomica.com.br\/wp\/","logo":{"@type":"ImageObject","inLanguage":"pt-BR","@id":"https:\/\/bahiaeconomica.com.br\/wp\/#\/schema\/logo\/image\/","url":"https:\/\/bahiaeconomica.com.br\/wp\/wp-content\/uploads\/2020\/12\/cropped-BE.png","contentUrl":"https:\/\/bahiaeconomica.com.br\/wp\/wp-content\/uploads\/2020\/12\/cropped-BE.png","width":512,"height":512,"caption":"Bahia Econ\u00f4mica"},"image":{"@id":"https:\/\/bahiaeconomica.com.br\/wp\/#\/schema\/logo\/image\/"},"sameAs":["https:\/\/www.facebook.com\/bahiaeconomica"]},{"@type":"Person","@id":"https:\/\/bahiaeconomica.com.br\/wp\/#\/schema\/person\/cb1ab5ba96ad3d9390805381c76284ec","name":"admin","url":"https:\/\/bahiaeconomica.com.br\/wp\/author\/admin\/"}]}},"views":1,"_links":{"self":[{"href":"https:\/\/bahiaeconomica.com.br\/wp\/wp-json\/wp\/v2\/posts\/124901"}],"collection":[{"href":"https:\/\/bahiaeconomica.com.br\/wp\/wp-json\/wp\/v2\/posts"}],"about":[{"href":"https:\/\/bahiaeconomica.com.br\/wp\/wp-json\/wp\/v2\/types\/post"}],"author":[{"embeddable":true,"href":"https:\/\/bahiaeconomica.com.br\/wp\/wp-json\/wp\/v2\/users\/1"}],"replies":[{"embeddable":true,"href":"https:\/\/bahiaeconomica.com.br\/wp\/wp-json\/wp\/v2\/comments?post=124901"}],"version-history":[{"count":0,"href":"https:\/\/bahiaeconomica.com.br\/wp\/wp-json\/wp\/v2\/posts\/124901\/revisions"}],"wp:featuredmedia":[{"embeddable":true,"href":"https:\/\/bahiaeconomica.com.br\/wp\/wp-json\/wp\/v2\/media\/124902"}],"wp:attachment":[{"href":"https:\/\/bahiaeconomica.com.br\/wp\/wp-json\/wp\/v2\/media?parent=124901"}],"wp:term":[{"taxonomy":"category","embeddable":true,"href":"https:\/\/bahiaeconomica.com.br\/wp\/wp-json\/wp\/v2\/categories?post=124901"},{"taxonomy":"post_tag","embeddable":true,"href":"https:\/\/bahiaeconomica.com.br\/wp\/wp-json\/wp\/v2\/tags?post=124901"}],"curies":[{"name":"wp","href":"https:\/\/api.w.org\/{rel}","templated":true}]}}