{"id":118257,"date":"2018-08-02T14:54:00","date_gmt":"2018-08-02T17:54:00","guid":{"rendered":"https:\/\/bahiaeconomica.com.br\/wp\/beta\/?p=118257"},"modified":"2018-08-02T14:54:00","modified_gmt":"2018-08-02T17:54:00","slug":"em-portugual-kelly-key-ostenta-corpao-e-acumula-elogios","status":"publish","type":"post","link":"https:\/\/bahiaeconomica.com.br\/wp\/2018\/08\/02\/em-portugual-kelly-key-ostenta-corpao-e-acumula-elogios\/","title":{"rendered":"EM PORTUGUAL, KELLY KEY OSTENTA CORP\u00c3O E ACUMULA ELOGIOS"},"content":{"rendered":"<p style=\"text-align: justify;\">Como todos os anos, Kelly Key leva a fam\u00edlia para passar f\u00e9rias em Portugal &#8212; terra do marido, Mico Freitas. E curtindo dias de sol do ver\u00e3o europeu, Kelly aproveitou para compartilhar um momento da viagem com os seguidores do Instagram com foto em que aparece ostentando o corp\u00e3o.<\/p>\n<p style=\"text-align: justify;\">\u201c\u00c9 baba baby que fala, n\u00e9?\u201d, comentou uma seguidora brincando com a famosa m\u00fasica de Kelly. \u201cQuero ser voc\u00ea quando crescer\u201d, escreveu um segundo.<\/p>\n<p><img decoding=\"async\" class=\"alignnone  wp-image-118258 aligncenter\" src=\"http:\/\/bahiaeconomica.com.br\/wp\/beta\/wp-content\/uploads\/2018\/08\/d4231d22-d05a-468d-a954-5588b41f785f-233x300.png\" alt=\"\" width=\"254\" height=\"327\" data-id=\"118258\" srcset=\"https:\/\/bahiaeconomica.com.br\/wp\/wp-content\/uploads\/2018\/08\/d4231d22-d05a-468d-a954-5588b41f785f-233x300.png 233w, https:\/\/bahiaeconomica.com.br\/wp\/wp-content\/uploads\/2018\/08\/d4231d22-d05a-468d-a954-5588b41f785f-388x500.png 388w, https:\/\/bahiaeconomica.com.br\/wp\/wp-content\/uploads\/2018\/08\/d4231d22-d05a-468d-a954-5588b41f785f.png 620w\" sizes=\"(max-width: 254px) 100vw, 254px\" \/><\/p>\n","protected":false},"excerpt":{"rendered":"<p>Como todos os anos, Kelly Key leva a fam\u00edlia para passar f\u00e9rias em Portugal &#8212; terra do marido, Mico Freitas. E curtindo dias de sol do ver\u00e3o europeu, Kelly aproveitou para compartilhar um momento da viagem com os seguidores do Instagram com foto em que aparece ostentando o corp\u00e3o. \u201c\u00c9 baba baby que fala, n\u00e9?\u201d, [&hellip;]<\/p>\n","protected":false},"author":1,"featured_media":118259,"comment_status":"open","ping_status":"open","sticky":false,"template":"","format":"standard","meta":[],"categories":[4],"tags":[],"acf":[],"yoast_head":"<!-- This site is optimized with the Yoast SEO plugin v20.8 - https:\/\/yoast.com\/wordpress\/plugins\/seo\/ -->\n<title>EM PORTUGUAL, KELLY KEY OSTENTA CORP\u00c3O E ACUMULA ELOGIOS - Bahia Economica<\/title>\n<meta name=\"description\" content=\"O maior portal de Economia da Bahia ENTRETENIMENTO Bahia Economica\" \/>\n<meta name=\"robots\" content=\"index, follow, max-snippet:-1, max-image-preview:large, max-video-preview:-1\" \/>\n<link rel=\"canonical\" href=\"https:\/\/bahiaeconomica.com.br\/wp\/2018\/08\/02\/em-portugual-kelly-key-ostenta-corpao-e-acumula-elogios\/\" \/>\n<meta property=\"og:locale\" content=\"pt_BR\" \/>\n<meta property=\"og:type\" content=\"article\" \/>\n<meta property=\"og:title\" content=\"EM PORTUGUAL, KELLY KEY OSTENTA CORP\u00c3O E ACUMULA ELOGIOS - Bahia Economica\" \/>\n<meta property=\"og:description\" content=\"O maior portal de Economia da Bahia ENTRETENIMENTO Bahia Economica\" \/>\n<meta property=\"og:url\" content=\"https:\/\/bahiaeconomica.com.br\/wp\/2018\/08\/02\/em-portugual-kelly-key-ostenta-corpao-e-acumula-elogios\/\" \/>\n<meta property=\"og:site_name\" content=\"Bahia Economica\" \/>\n<meta property=\"article:publisher\" content=\"https:\/\/www.facebook.com\/bahiaeconomica\" \/>\n<meta property=\"article:published_time\" content=\"2018-08-02T17:54:00+00:00\" \/>\n<meta property=\"og:image\" content=\"https:\/\/bahiaeconomica.com.br\/wp\/wp-content\/uploads\/2018\/08\/IMAGEM_NOTICIA_5.jpg\" \/>\n\t<meta property=\"og:image:width\" content=\"380\" \/>\n\t<meta property=\"og:image:height\" content=\"280\" \/>\n\t<meta property=\"og:image:type\" content=\"image\/jpeg\" \/>\n<meta name=\"author\" content=\"admin\" \/>\n<meta name=\"twitter:card\" content=\"summary_large_image\" \/>\n<meta name=\"twitter:label1\" content=\"Escrito por\" \/>\n\t<meta name=\"twitter:data1\" content=\"admin\" \/>\n<script type=\"application\/ld+json\" class=\"yoast-schema-graph\">{\"@context\":\"https:\/\/schema.org\",\"@graph\":[{\"@type\":\"Article\",\"@id\":\"https:\/\/bahiaeconomica.com.br\/wp\/2018\/08\/02\/em-portugual-kelly-key-ostenta-corpao-e-acumula-elogios\/#article\",\"isPartOf\":{\"@id\":\"https:\/\/bahiaeconomica.com.br\/wp\/2018\/08\/02\/em-portugual-kelly-key-ostenta-corpao-e-acumula-elogios\/\"},\"author\":{\"name\":\"admin\",\"@id\":\"https:\/\/bahiaeconomica.com.br\/wp\/#\/schema\/person\/cb1ab5ba96ad3d9390805381c76284ec\"},\"headline\":\"EM PORTUGUAL, KELLY KEY OSTENTA CORP\u00c3O E ACUMULA ELOGIOS\",\"datePublished\":\"2018-08-02T17:54:00+00:00\",\"dateModified\":\"2018-08-02T17:54:00+00:00\",\"mainEntityOfPage\":{\"@id\":\"https:\/\/bahiaeconomica.com.br\/wp\/2018\/08\/02\/em-portugual-kelly-key-ostenta-corpao-e-acumula-elogios\/\"},\"wordCount\":87,\"commentCount\":0,\"publisher\":{\"@id\":\"https:\/\/bahiaeconomica.com.br\/wp\/#organization\"},\"articleSection\":[\"ENTRETENIMENTO\"],\"inLanguage\":\"pt-BR\",\"potentialAction\":[{\"@type\":\"CommentAction\",\"name\":\"Comment\",\"target\":[\"https:\/\/bahiaeconomica.com.br\/wp\/2018\/08\/02\/em-portugual-kelly-key-ostenta-corpao-e-acumula-elogios\/#respond\"]}]},{\"@type\":\"WebPage\",\"@id\":\"https:\/\/bahiaeconomica.com.br\/wp\/2018\/08\/02\/em-portugual-kelly-key-ostenta-corpao-e-acumula-elogios\/\",\"url\":\"https:\/\/bahiaeconomica.com.br\/wp\/2018\/08\/02\/em-portugual-kelly-key-ostenta-corpao-e-acumula-elogios\/\",\"name\":\"EM PORTUGUAL, KELLY KEY OSTENTA CORP\u00c3O E ACUMULA ELOGIOS - Bahia Economica\",\"isPartOf\":{\"@id\":\"https:\/\/bahiaeconomica.com.br\/wp\/#website\"},\"datePublished\":\"2018-08-02T17:54:00+00:00\",\"dateModified\":\"2018-08-02T17:54:00+00:00\",\"description\":\"O maior portal de Economia da Bahia ENTRETENIMENTO Bahia Economica\",\"breadcrumb\":{\"@id\":\"https:\/\/bahiaeconomica.com.br\/wp\/2018\/08\/02\/em-portugual-kelly-key-ostenta-corpao-e-acumula-elogios\/#breadcrumb\"},\"inLanguage\":\"pt-BR\",\"potentialAction\":[{\"@type\":\"ReadAction\",\"target\":[\"https:\/\/bahiaeconomica.com.br\/wp\/2018\/08\/02\/em-portugual-kelly-key-ostenta-corpao-e-acumula-elogios\/\"]}]},{\"@type\":\"BreadcrumbList\",\"@id\":\"https:\/\/bahiaeconomica.com.br\/wp\/2018\/08\/02\/em-portugual-kelly-key-ostenta-corpao-e-acumula-elogios\/#breadcrumb\",\"itemListElement\":[{\"@type\":\"ListItem\",\"position\":1,\"name\":\"In\u00edcio\",\"item\":\"https:\/\/bahiaeconomica.com.br\/wp\/\"},{\"@type\":\"ListItem\",\"position\":2,\"name\":\"EM PORTUGUAL, KELLY KEY OSTENTA CORP\u00c3O E ACUMULA ELOGIOS\"}]},{\"@type\":\"WebSite\",\"@id\":\"https:\/\/bahiaeconomica.com.br\/wp\/#website\",\"url\":\"https:\/\/bahiaeconomica.com.br\/wp\/\",\"name\":\"Bahia Economica\",\"description\":\"O maior portal de Economia da Bahia\",\"publisher\":{\"@id\":\"https:\/\/bahiaeconomica.com.br\/wp\/#organization\"},\"potentialAction\":[{\"@type\":\"SearchAction\",\"target\":{\"@type\":\"EntryPoint\",\"urlTemplate\":\"https:\/\/bahiaeconomica.com.br\/wp\/?s={search_term_string}\"},\"query-input\":\"required name=search_term_string\"}],\"inLanguage\":\"pt-BR\"},{\"@type\":\"Organization\",\"@id\":\"https:\/\/bahiaeconomica.com.br\/wp\/#organization\",\"name\":\"Bahia Econ\u00f4mica\",\"url\":\"https:\/\/bahiaeconomica.com.br\/wp\/\",\"logo\":{\"@type\":\"ImageObject\",\"inLanguage\":\"pt-BR\",\"@id\":\"https:\/\/bahiaeconomica.com.br\/wp\/#\/schema\/logo\/image\/\",\"url\":\"https:\/\/bahiaeconomica.com.br\/wp\/wp-content\/uploads\/2020\/12\/cropped-BE.png\",\"contentUrl\":\"https:\/\/bahiaeconomica.com.br\/wp\/wp-content\/uploads\/2020\/12\/cropped-BE.png\",\"width\":512,\"height\":512,\"caption\":\"Bahia Econ\u00f4mica\"},\"image\":{\"@id\":\"https:\/\/bahiaeconomica.com.br\/wp\/#\/schema\/logo\/image\/\"},\"sameAs\":[\"https:\/\/www.facebook.com\/bahiaeconomica\"]},{\"@type\":\"Person\",\"@id\":\"https:\/\/bahiaeconomica.com.br\/wp\/#\/schema\/person\/cb1ab5ba96ad3d9390805381c76284ec\",\"name\":\"admin\",\"url\":\"https:\/\/bahiaeconomica.com.br\/wp\/author\/admin\/\"}]}<\/script>\n<!-- \/ Yoast SEO plugin. -->","yoast_head_json":{"title":"EM PORTUGUAL, KELLY KEY OSTENTA CORP\u00c3O E ACUMULA ELOGIOS - Bahia Economica","description":"O maior portal de Economia da Bahia ENTRETENIMENTO Bahia Economica","robots":{"index":"index","follow":"follow","max-snippet":"max-snippet:-1","max-image-preview":"max-image-preview:large","max-video-preview":"max-video-preview:-1"},"canonical":"https:\/\/bahiaeconomica.com.br\/wp\/2018\/08\/02\/em-portugual-kelly-key-ostenta-corpao-e-acumula-elogios\/","og_locale":"pt_BR","og_type":"article","og_title":"EM PORTUGUAL, KELLY KEY OSTENTA CORP\u00c3O E ACUMULA ELOGIOS - Bahia Economica","og_description":"O maior portal de Economia da Bahia ENTRETENIMENTO Bahia Economica","og_url":"https:\/\/bahiaeconomica.com.br\/wp\/2018\/08\/02\/em-portugual-kelly-key-ostenta-corpao-e-acumula-elogios\/","og_site_name":"Bahia Economica","article_publisher":"https:\/\/www.facebook.com\/bahiaeconomica","article_published_time":"2018-08-02T17:54:00+00:00","og_image":[{"width":380,"height":280,"url":"https:\/\/bahiaeconomica.com.br\/wp\/wp-content\/uploads\/2018\/08\/IMAGEM_NOTICIA_5.jpg","type":"image\/jpeg"}],"author":"admin","twitter_card":"summary_large_image","twitter_misc":{"Escrito por":"admin"},"schema":{"@context":"https:\/\/schema.org","@graph":[{"@type":"Article","@id":"https:\/\/bahiaeconomica.com.br\/wp\/2018\/08\/02\/em-portugual-kelly-key-ostenta-corpao-e-acumula-elogios\/#article","isPartOf":{"@id":"https:\/\/bahiaeconomica.com.br\/wp\/2018\/08\/02\/em-portugual-kelly-key-ostenta-corpao-e-acumula-elogios\/"},"author":{"name":"admin","@id":"https:\/\/bahiaeconomica.com.br\/wp\/#\/schema\/person\/cb1ab5ba96ad3d9390805381c76284ec"},"headline":"EM PORTUGUAL, KELLY KEY OSTENTA CORP\u00c3O E ACUMULA ELOGIOS","datePublished":"2018-08-02T17:54:00+00:00","dateModified":"2018-08-02T17:54:00+00:00","mainEntityOfPage":{"@id":"https:\/\/bahiaeconomica.com.br\/wp\/2018\/08\/02\/em-portugual-kelly-key-ostenta-corpao-e-acumula-elogios\/"},"wordCount":87,"commentCount":0,"publisher":{"@id":"https:\/\/bahiaeconomica.com.br\/wp\/#organization"},"articleSection":["ENTRETENIMENTO"],"inLanguage":"pt-BR","potentialAction":[{"@type":"CommentAction","name":"Comment","target":["https:\/\/bahiaeconomica.com.br\/wp\/2018\/08\/02\/em-portugual-kelly-key-ostenta-corpao-e-acumula-elogios\/#respond"]}]},{"@type":"WebPage","@id":"https:\/\/bahiaeconomica.com.br\/wp\/2018\/08\/02\/em-portugual-kelly-key-ostenta-corpao-e-acumula-elogios\/","url":"https:\/\/bahiaeconomica.com.br\/wp\/2018\/08\/02\/em-portugual-kelly-key-ostenta-corpao-e-acumula-elogios\/","name":"EM PORTUGUAL, KELLY KEY OSTENTA CORP\u00c3O E ACUMULA ELOGIOS - Bahia Economica","isPartOf":{"@id":"https:\/\/bahiaeconomica.com.br\/wp\/#website"},"datePublished":"2018-08-02T17:54:00+00:00","dateModified":"2018-08-02T17:54:00+00:00","description":"O maior portal de Economia da Bahia ENTRETENIMENTO Bahia Economica","breadcrumb":{"@id":"https:\/\/bahiaeconomica.com.br\/wp\/2018\/08\/02\/em-portugual-kelly-key-ostenta-corpao-e-acumula-elogios\/#breadcrumb"},"inLanguage":"pt-BR","potentialAction":[{"@type":"ReadAction","target":["https:\/\/bahiaeconomica.com.br\/wp\/2018\/08\/02\/em-portugual-kelly-key-ostenta-corpao-e-acumula-elogios\/"]}]},{"@type":"BreadcrumbList","@id":"https:\/\/bahiaeconomica.com.br\/wp\/2018\/08\/02\/em-portugual-kelly-key-ostenta-corpao-e-acumula-elogios\/#breadcrumb","itemListElement":[{"@type":"ListItem","position":1,"name":"In\u00edcio","item":"https:\/\/bahiaeconomica.com.br\/wp\/"},{"@type":"ListItem","position":2,"name":"EM PORTUGUAL, KELLY KEY OSTENTA CORP\u00c3O E ACUMULA ELOGIOS"}]},{"@type":"WebSite","@id":"https:\/\/bahiaeconomica.com.br\/wp\/#website","url":"https:\/\/bahiaeconomica.com.br\/wp\/","name":"Bahia Economica","description":"O maior portal de Economia da Bahia","publisher":{"@id":"https:\/\/bahiaeconomica.com.br\/wp\/#organization"},"potentialAction":[{"@type":"SearchAction","target":{"@type":"EntryPoint","urlTemplate":"https:\/\/bahiaeconomica.com.br\/wp\/?s={search_term_string}"},"query-input":"required name=search_term_string"}],"inLanguage":"pt-BR"},{"@type":"Organization","@id":"https:\/\/bahiaeconomica.com.br\/wp\/#organization","name":"Bahia Econ\u00f4mica","url":"https:\/\/bahiaeconomica.com.br\/wp\/","logo":{"@type":"ImageObject","inLanguage":"pt-BR","@id":"https:\/\/bahiaeconomica.com.br\/wp\/#\/schema\/logo\/image\/","url":"https:\/\/bahiaeconomica.com.br\/wp\/wp-content\/uploads\/2020\/12\/cropped-BE.png","contentUrl":"https:\/\/bahiaeconomica.com.br\/wp\/wp-content\/uploads\/2020\/12\/cropped-BE.png","width":512,"height":512,"caption":"Bahia Econ\u00f4mica"},"image":{"@id":"https:\/\/bahiaeconomica.com.br\/wp\/#\/schema\/logo\/image\/"},"sameAs":["https:\/\/www.facebook.com\/bahiaeconomica"]},{"@type":"Person","@id":"https:\/\/bahiaeconomica.com.br\/wp\/#\/schema\/person\/cb1ab5ba96ad3d9390805381c76284ec","name":"admin","url":"https:\/\/bahiaeconomica.com.br\/wp\/author\/admin\/"}]}},"views":0,"_links":{"self":[{"href":"https:\/\/bahiaeconomica.com.br\/wp\/wp-json\/wp\/v2\/posts\/118257"}],"collection":[{"href":"https:\/\/bahiaeconomica.com.br\/wp\/wp-json\/wp\/v2\/posts"}],"about":[{"href":"https:\/\/bahiaeconomica.com.br\/wp\/wp-json\/wp\/v2\/types\/post"}],"author":[{"embeddable":true,"href":"https:\/\/bahiaeconomica.com.br\/wp\/wp-json\/wp\/v2\/users\/1"}],"replies":[{"embeddable":true,"href":"https:\/\/bahiaeconomica.com.br\/wp\/wp-json\/wp\/v2\/comments?post=118257"}],"version-history":[{"count":0,"href":"https:\/\/bahiaeconomica.com.br\/wp\/wp-json\/wp\/v2\/posts\/118257\/revisions"}],"wp:featuredmedia":[{"embeddable":true,"href":"https:\/\/bahiaeconomica.com.br\/wp\/wp-json\/wp\/v2\/media\/118259"}],"wp:attachment":[{"href":"https:\/\/bahiaeconomica.com.br\/wp\/wp-json\/wp\/v2\/media?parent=118257"}],"wp:term":[{"taxonomy":"category","embeddable":true,"href":"https:\/\/bahiaeconomica.com.br\/wp\/wp-json\/wp\/v2\/categories?post=118257"},{"taxonomy":"post_tag","embeddable":true,"href":"https:\/\/bahiaeconomica.com.br\/wp\/wp-json\/wp\/v2\/tags?post=118257"}],"curies":[{"name":"wp","href":"https:\/\/api.w.org\/{rel}","templated":true}]}}