{"id":109812,"date":"2018-07-25T17:16:22","date_gmt":"2018-07-25T20:16:22","guid":{"rendered":"https:\/\/bahiaeconomica.com.br\/wp\/beta\/?p=109812"},"modified":"2018-07-25T17:16:22","modified_gmt":"2018-07-25T20:16:22","slug":"thais-fersoza-celebra-1-ano-do-cacula-com-michel-telo","status":"publish","type":"post","link":"https:\/\/bahiaeconomica.com.br\/wp\/2018\/07\/25\/thais-fersoza-celebra-1-ano-do-cacula-com-michel-telo\/","title":{"rendered":"THA\u00cdS FERSOZA CELEBRA 1 ANO DO CA\u00c7ULA COM MICHEL TEL\u00d3"},"content":{"rendered":"<p>&nbsp;<\/p>\n<p style=\"text-align: justify;\">Thais Fersoza e Michel Tel\u00f3 celebram nessa quarta-feira (25) o primeiro anivers\u00e1rio do ca\u00e7ula, Teodoro. &#8220;Preciso mostrar pra voc\u00eas. Estou muito apaixonada por tudo. Queria muito que fosse especial o anivers\u00e1rio do Teodoro. N\u00e3o queria que fosse aquela coisa &#8216;ah, \u00e9 segundo filho&#8217; e fazer uma coisa mais ou menos&#8221;, falou Thais, que tamb\u00e9m tem Melinda com o cantor sertanejo. &#8220;Ia ser uma festa para os dois, mas como \u00e9 1 ano, de \u00faltima hora acabamos dividindo para o Teodoro ter o primeiro ano s\u00f3 para ele como a Melinda teve a dela&#8221;, completou ela<\/p>\n<p style=\"text-align: justify;\">A apresentadora compartilhou uma foto mostrando a mesinha do bolo e de docinhos. &#8220;Equipes maravilhosa! Voc\u00eas s\u00e3o demais! Meus amigos sempre se superando n\u00e9? N\u00e3o tenho palavras pra agradecer a amizade, o carinho e a dedica\u00e7\u00e3o de voc\u00eas! To muito apaixonada por tudo!&#8221;, postou ela, que tamb\u00e9m agradeceu seus maquiadores. &#8220;Obrigada por deixarem a mam\u00e3e aqui bem gata pro 1\u00ba ano do meu pequeno! E bora celebrar e agradecer a vida do meu pr\u00edncipe encantado!!!!!!!!&#8221;<\/p>\n<p><img decoding=\"async\" class=\"alignnone size-medium wp-image-109814 aligncenter\" src=\"http:\/\/bahiaeconomica.com.br\/wp\/beta\/wp-content\/uploads\/2018\/07\/1_MYKadBH-171x300.jpg\" alt=\"\" width=\"171\" height=\"300\" data-id=\"109814\" srcset=\"https:\/\/bahiaeconomica.com.br\/wp\/wp-content\/uploads\/2018\/07\/1_MYKadBH-171x300.jpg 171w, https:\/\/bahiaeconomica.com.br\/wp\/wp-content\/uploads\/2018\/07\/1_MYKadBH-585x1024.jpg 585w, https:\/\/bahiaeconomica.com.br\/wp\/wp-content\/uploads\/2018\/07\/1_MYKadBH-286x500.jpg 286w, https:\/\/bahiaeconomica.com.br\/wp\/wp-content\/uploads\/2018\/07\/1_MYKadBH.jpg 620w\" sizes=\"(max-width: 171px) 100vw, 171px\" \/><\/p>\n<p><img decoding=\"async\" class=\"alignnone size-medium wp-image-109815 aligncenter\" src=\"http:\/\/bahiaeconomica.com.br\/wp\/beta\/wp-content\/uploads\/2018\/07\/4_BVx1vsQ-300x200.jpg\" alt=\"\" width=\"300\" height=\"200\" data-id=\"109815\" srcset=\"https:\/\/bahiaeconomica.com.br\/wp\/wp-content\/uploads\/2018\/07\/4_BVx1vsQ-300x200.jpg 300w, https:\/\/bahiaeconomica.com.br\/wp\/wp-content\/uploads\/2018\/07\/4_BVx1vsQ-600x400.jpg 600w, https:\/\/bahiaeconomica.com.br\/wp\/wp-content\/uploads\/2018\/07\/4_BVx1vsQ-272x182.jpg 272w, https:\/\/bahiaeconomica.com.br\/wp\/wp-content\/uploads\/2018\/07\/4_BVx1vsQ.jpg 620w\" sizes=\"(max-width: 300px) 100vw, 300px\" \/><\/p>\n","protected":false},"excerpt":{"rendered":"<p>&nbsp; Thais Fersoza e Michel Tel\u00f3 celebram nessa quarta-feira (25) o primeiro anivers\u00e1rio do ca\u00e7ula, Teodoro. &#8220;Preciso mostrar pra voc\u00eas. Estou muito apaixonada por tudo. Queria muito que fosse especial o anivers\u00e1rio do Teodoro. N\u00e3o queria que fosse aquela coisa &#8216;ah, \u00e9 segundo filho&#8217; e fazer uma coisa mais ou menos&#8221;, falou Thais, que tamb\u00e9m [&hellip;]<\/p>\n","protected":false},"author":1,"featured_media":109816,"comment_status":"open","ping_status":"open","sticky":false,"template":"","format":"standard","meta":[],"categories":[4],"tags":[],"acf":[],"yoast_head":"<!-- This site is optimized with the Yoast SEO plugin v20.8 - https:\/\/yoast.com\/wordpress\/plugins\/seo\/ -->\n<title>THA\u00cdS FERSOZA CELEBRA 1 ANO DO CA\u00c7ULA COM MICHEL TEL\u00d3 - Bahia Economica<\/title>\n<meta name=\"description\" content=\"O maior portal de Economia da Bahia ENTRETENIMENTO Bahia Economica\" \/>\n<meta name=\"robots\" content=\"index, follow, max-snippet:-1, max-image-preview:large, max-video-preview:-1\" \/>\n<link rel=\"canonical\" href=\"https:\/\/bahiaeconomica.com.br\/wp\/2018\/07\/25\/thais-fersoza-celebra-1-ano-do-cacula-com-michel-telo\/\" \/>\n<meta property=\"og:locale\" content=\"pt_BR\" \/>\n<meta property=\"og:type\" content=\"article\" \/>\n<meta property=\"og:title\" content=\"THA\u00cdS FERSOZA CELEBRA 1 ANO DO CA\u00c7ULA COM MICHEL TEL\u00d3 - Bahia Economica\" \/>\n<meta property=\"og:description\" content=\"O maior portal de Economia da Bahia ENTRETENIMENTO Bahia Economica\" \/>\n<meta property=\"og:url\" content=\"https:\/\/bahiaeconomica.com.br\/wp\/2018\/07\/25\/thais-fersoza-celebra-1-ano-do-cacula-com-michel-telo\/\" \/>\n<meta property=\"og:site_name\" content=\"Bahia Economica\" \/>\n<meta property=\"article:publisher\" content=\"https:\/\/www.facebook.com\/bahiaeconomica\" \/>\n<meta property=\"article:published_time\" content=\"2018-07-25T20:16:22+00:00\" \/>\n<meta property=\"og:image\" content=\"https:\/\/bahiaeconomica.com.br\/wp\/wp-content\/uploads\/2018\/07\/telo.jpg\" \/>\n\t<meta property=\"og:image:width\" content=\"620\" \/>\n\t<meta property=\"og:image:height\" content=\"620\" \/>\n\t<meta property=\"og:image:type\" content=\"image\/jpeg\" \/>\n<meta name=\"author\" content=\"admin\" \/>\n<meta name=\"twitter:card\" content=\"summary_large_image\" \/>\n<meta name=\"twitter:label1\" content=\"Escrito por\" \/>\n\t<meta name=\"twitter:data1\" content=\"admin\" \/>\n\t<meta name=\"twitter:label2\" content=\"Est. tempo de leitura\" \/>\n\t<meta name=\"twitter:data2\" content=\"1 minuto\" \/>\n<script type=\"application\/ld+json\" class=\"yoast-schema-graph\">{\"@context\":\"https:\/\/schema.org\",\"@graph\":[{\"@type\":\"Article\",\"@id\":\"https:\/\/bahiaeconomica.com.br\/wp\/2018\/07\/25\/thais-fersoza-celebra-1-ano-do-cacula-com-michel-telo\/#article\",\"isPartOf\":{\"@id\":\"https:\/\/bahiaeconomica.com.br\/wp\/2018\/07\/25\/thais-fersoza-celebra-1-ano-do-cacula-com-michel-telo\/\"},\"author\":{\"name\":\"admin\",\"@id\":\"https:\/\/bahiaeconomica.com.br\/wp\/#\/schema\/person\/cb1ab5ba96ad3d9390805381c76284ec\"},\"headline\":\"THA\u00cdS FERSOZA CELEBRA 1 ANO DO CA\u00c7ULA COM MICHEL TEL\u00d3\",\"datePublished\":\"2018-07-25T20:16:22+00:00\",\"dateModified\":\"2018-07-25T20:16:22+00:00\",\"mainEntityOfPage\":{\"@id\":\"https:\/\/bahiaeconomica.com.br\/wp\/2018\/07\/25\/thais-fersoza-celebra-1-ano-do-cacula-com-michel-telo\/\"},\"wordCount\":191,\"commentCount\":0,\"publisher\":{\"@id\":\"https:\/\/bahiaeconomica.com.br\/wp\/#organization\"},\"articleSection\":[\"ENTRETENIMENTO\"],\"inLanguage\":\"pt-BR\",\"potentialAction\":[{\"@type\":\"CommentAction\",\"name\":\"Comment\",\"target\":[\"https:\/\/bahiaeconomica.com.br\/wp\/2018\/07\/25\/thais-fersoza-celebra-1-ano-do-cacula-com-michel-telo\/#respond\"]}]},{\"@type\":\"WebPage\",\"@id\":\"https:\/\/bahiaeconomica.com.br\/wp\/2018\/07\/25\/thais-fersoza-celebra-1-ano-do-cacula-com-michel-telo\/\",\"url\":\"https:\/\/bahiaeconomica.com.br\/wp\/2018\/07\/25\/thais-fersoza-celebra-1-ano-do-cacula-com-michel-telo\/\",\"name\":\"THA\u00cdS FERSOZA CELEBRA 1 ANO DO CA\u00c7ULA COM MICHEL TEL\u00d3 - Bahia Economica\",\"isPartOf\":{\"@id\":\"https:\/\/bahiaeconomica.com.br\/wp\/#website\"},\"datePublished\":\"2018-07-25T20:16:22+00:00\",\"dateModified\":\"2018-07-25T20:16:22+00:00\",\"description\":\"O maior portal de Economia da Bahia ENTRETENIMENTO Bahia Economica\",\"breadcrumb\":{\"@id\":\"https:\/\/bahiaeconomica.com.br\/wp\/2018\/07\/25\/thais-fersoza-celebra-1-ano-do-cacula-com-michel-telo\/#breadcrumb\"},\"inLanguage\":\"pt-BR\",\"potentialAction\":[{\"@type\":\"ReadAction\",\"target\":[\"https:\/\/bahiaeconomica.com.br\/wp\/2018\/07\/25\/thais-fersoza-celebra-1-ano-do-cacula-com-michel-telo\/\"]}]},{\"@type\":\"BreadcrumbList\",\"@id\":\"https:\/\/bahiaeconomica.com.br\/wp\/2018\/07\/25\/thais-fersoza-celebra-1-ano-do-cacula-com-michel-telo\/#breadcrumb\",\"itemListElement\":[{\"@type\":\"ListItem\",\"position\":1,\"name\":\"In\u00edcio\",\"item\":\"https:\/\/bahiaeconomica.com.br\/wp\/\"},{\"@type\":\"ListItem\",\"position\":2,\"name\":\"THA\u00cdS FERSOZA CELEBRA 1 ANO DO CA\u00c7ULA COM MICHEL TEL\u00d3\"}]},{\"@type\":\"WebSite\",\"@id\":\"https:\/\/bahiaeconomica.com.br\/wp\/#website\",\"url\":\"https:\/\/bahiaeconomica.com.br\/wp\/\",\"name\":\"Bahia Economica\",\"description\":\"O maior portal de Economia da Bahia\",\"publisher\":{\"@id\":\"https:\/\/bahiaeconomica.com.br\/wp\/#organization\"},\"potentialAction\":[{\"@type\":\"SearchAction\",\"target\":{\"@type\":\"EntryPoint\",\"urlTemplate\":\"https:\/\/bahiaeconomica.com.br\/wp\/?s={search_term_string}\"},\"query-input\":\"required name=search_term_string\"}],\"inLanguage\":\"pt-BR\"},{\"@type\":\"Organization\",\"@id\":\"https:\/\/bahiaeconomica.com.br\/wp\/#organization\",\"name\":\"Bahia Econ\u00f4mica\",\"url\":\"https:\/\/bahiaeconomica.com.br\/wp\/\",\"logo\":{\"@type\":\"ImageObject\",\"inLanguage\":\"pt-BR\",\"@id\":\"https:\/\/bahiaeconomica.com.br\/wp\/#\/schema\/logo\/image\/\",\"url\":\"https:\/\/bahiaeconomica.com.br\/wp\/wp-content\/uploads\/2020\/12\/cropped-BE.png\",\"contentUrl\":\"https:\/\/bahiaeconomica.com.br\/wp\/wp-content\/uploads\/2020\/12\/cropped-BE.png\",\"width\":512,\"height\":512,\"caption\":\"Bahia Econ\u00f4mica\"},\"image\":{\"@id\":\"https:\/\/bahiaeconomica.com.br\/wp\/#\/schema\/logo\/image\/\"},\"sameAs\":[\"https:\/\/www.facebook.com\/bahiaeconomica\"]},{\"@type\":\"Person\",\"@id\":\"https:\/\/bahiaeconomica.com.br\/wp\/#\/schema\/person\/cb1ab5ba96ad3d9390805381c76284ec\",\"name\":\"admin\",\"url\":\"https:\/\/bahiaeconomica.com.br\/wp\/author\/admin\/\"}]}<\/script>\n<!-- \/ Yoast SEO plugin. -->","yoast_head_json":{"title":"THA\u00cdS FERSOZA CELEBRA 1 ANO DO CA\u00c7ULA COM MICHEL TEL\u00d3 - Bahia Economica","description":"O maior portal de Economia da Bahia ENTRETENIMENTO Bahia Economica","robots":{"index":"index","follow":"follow","max-snippet":"max-snippet:-1","max-image-preview":"max-image-preview:large","max-video-preview":"max-video-preview:-1"},"canonical":"https:\/\/bahiaeconomica.com.br\/wp\/2018\/07\/25\/thais-fersoza-celebra-1-ano-do-cacula-com-michel-telo\/","og_locale":"pt_BR","og_type":"article","og_title":"THA\u00cdS FERSOZA CELEBRA 1 ANO DO CA\u00c7ULA COM MICHEL TEL\u00d3 - Bahia Economica","og_description":"O maior portal de Economia da Bahia ENTRETENIMENTO Bahia Economica","og_url":"https:\/\/bahiaeconomica.com.br\/wp\/2018\/07\/25\/thais-fersoza-celebra-1-ano-do-cacula-com-michel-telo\/","og_site_name":"Bahia Economica","article_publisher":"https:\/\/www.facebook.com\/bahiaeconomica","article_published_time":"2018-07-25T20:16:22+00:00","og_image":[{"width":620,"height":620,"url":"https:\/\/bahiaeconomica.com.br\/wp\/wp-content\/uploads\/2018\/07\/telo.jpg","type":"image\/jpeg"}],"author":"admin","twitter_card":"summary_large_image","twitter_misc":{"Escrito por":"admin","Est. tempo de leitura":"1 minuto"},"schema":{"@context":"https:\/\/schema.org","@graph":[{"@type":"Article","@id":"https:\/\/bahiaeconomica.com.br\/wp\/2018\/07\/25\/thais-fersoza-celebra-1-ano-do-cacula-com-michel-telo\/#article","isPartOf":{"@id":"https:\/\/bahiaeconomica.com.br\/wp\/2018\/07\/25\/thais-fersoza-celebra-1-ano-do-cacula-com-michel-telo\/"},"author":{"name":"admin","@id":"https:\/\/bahiaeconomica.com.br\/wp\/#\/schema\/person\/cb1ab5ba96ad3d9390805381c76284ec"},"headline":"THA\u00cdS FERSOZA CELEBRA 1 ANO DO CA\u00c7ULA COM MICHEL TEL\u00d3","datePublished":"2018-07-25T20:16:22+00:00","dateModified":"2018-07-25T20:16:22+00:00","mainEntityOfPage":{"@id":"https:\/\/bahiaeconomica.com.br\/wp\/2018\/07\/25\/thais-fersoza-celebra-1-ano-do-cacula-com-michel-telo\/"},"wordCount":191,"commentCount":0,"publisher":{"@id":"https:\/\/bahiaeconomica.com.br\/wp\/#organization"},"articleSection":["ENTRETENIMENTO"],"inLanguage":"pt-BR","potentialAction":[{"@type":"CommentAction","name":"Comment","target":["https:\/\/bahiaeconomica.com.br\/wp\/2018\/07\/25\/thais-fersoza-celebra-1-ano-do-cacula-com-michel-telo\/#respond"]}]},{"@type":"WebPage","@id":"https:\/\/bahiaeconomica.com.br\/wp\/2018\/07\/25\/thais-fersoza-celebra-1-ano-do-cacula-com-michel-telo\/","url":"https:\/\/bahiaeconomica.com.br\/wp\/2018\/07\/25\/thais-fersoza-celebra-1-ano-do-cacula-com-michel-telo\/","name":"THA\u00cdS FERSOZA CELEBRA 1 ANO DO CA\u00c7ULA COM MICHEL TEL\u00d3 - Bahia Economica","isPartOf":{"@id":"https:\/\/bahiaeconomica.com.br\/wp\/#website"},"datePublished":"2018-07-25T20:16:22+00:00","dateModified":"2018-07-25T20:16:22+00:00","description":"O maior portal de Economia da Bahia ENTRETENIMENTO Bahia Economica","breadcrumb":{"@id":"https:\/\/bahiaeconomica.com.br\/wp\/2018\/07\/25\/thais-fersoza-celebra-1-ano-do-cacula-com-michel-telo\/#breadcrumb"},"inLanguage":"pt-BR","potentialAction":[{"@type":"ReadAction","target":["https:\/\/bahiaeconomica.com.br\/wp\/2018\/07\/25\/thais-fersoza-celebra-1-ano-do-cacula-com-michel-telo\/"]}]},{"@type":"BreadcrumbList","@id":"https:\/\/bahiaeconomica.com.br\/wp\/2018\/07\/25\/thais-fersoza-celebra-1-ano-do-cacula-com-michel-telo\/#breadcrumb","itemListElement":[{"@type":"ListItem","position":1,"name":"In\u00edcio","item":"https:\/\/bahiaeconomica.com.br\/wp\/"},{"@type":"ListItem","position":2,"name":"THA\u00cdS FERSOZA CELEBRA 1 ANO DO CA\u00c7ULA COM MICHEL TEL\u00d3"}]},{"@type":"WebSite","@id":"https:\/\/bahiaeconomica.com.br\/wp\/#website","url":"https:\/\/bahiaeconomica.com.br\/wp\/","name":"Bahia Economica","description":"O maior portal de Economia da Bahia","publisher":{"@id":"https:\/\/bahiaeconomica.com.br\/wp\/#organization"},"potentialAction":[{"@type":"SearchAction","target":{"@type":"EntryPoint","urlTemplate":"https:\/\/bahiaeconomica.com.br\/wp\/?s={search_term_string}"},"query-input":"required name=search_term_string"}],"inLanguage":"pt-BR"},{"@type":"Organization","@id":"https:\/\/bahiaeconomica.com.br\/wp\/#organization","name":"Bahia Econ\u00f4mica","url":"https:\/\/bahiaeconomica.com.br\/wp\/","logo":{"@type":"ImageObject","inLanguage":"pt-BR","@id":"https:\/\/bahiaeconomica.com.br\/wp\/#\/schema\/logo\/image\/","url":"https:\/\/bahiaeconomica.com.br\/wp\/wp-content\/uploads\/2020\/12\/cropped-BE.png","contentUrl":"https:\/\/bahiaeconomica.com.br\/wp\/wp-content\/uploads\/2020\/12\/cropped-BE.png","width":512,"height":512,"caption":"Bahia Econ\u00f4mica"},"image":{"@id":"https:\/\/bahiaeconomica.com.br\/wp\/#\/schema\/logo\/image\/"},"sameAs":["https:\/\/www.facebook.com\/bahiaeconomica"]},{"@type":"Person","@id":"https:\/\/bahiaeconomica.com.br\/wp\/#\/schema\/person\/cb1ab5ba96ad3d9390805381c76284ec","name":"admin","url":"https:\/\/bahiaeconomica.com.br\/wp\/author\/admin\/"}]}},"views":0,"_links":{"self":[{"href":"https:\/\/bahiaeconomica.com.br\/wp\/wp-json\/wp\/v2\/posts\/109812"}],"collection":[{"href":"https:\/\/bahiaeconomica.com.br\/wp\/wp-json\/wp\/v2\/posts"}],"about":[{"href":"https:\/\/bahiaeconomica.com.br\/wp\/wp-json\/wp\/v2\/types\/post"}],"author":[{"embeddable":true,"href":"https:\/\/bahiaeconomica.com.br\/wp\/wp-json\/wp\/v2\/users\/1"}],"replies":[{"embeddable":true,"href":"https:\/\/bahiaeconomica.com.br\/wp\/wp-json\/wp\/v2\/comments?post=109812"}],"version-history":[{"count":0,"href":"https:\/\/bahiaeconomica.com.br\/wp\/wp-json\/wp\/v2\/posts\/109812\/revisions"}],"wp:featuredmedia":[{"embeddable":true,"href":"https:\/\/bahiaeconomica.com.br\/wp\/wp-json\/wp\/v2\/media\/109816"}],"wp:attachment":[{"href":"https:\/\/bahiaeconomica.com.br\/wp\/wp-json\/wp\/v2\/media?parent=109812"}],"wp:term":[{"taxonomy":"category","embeddable":true,"href":"https:\/\/bahiaeconomica.com.br\/wp\/wp-json\/wp\/v2\/categories?post=109812"},{"taxonomy":"post_tag","embeddable":true,"href":"https:\/\/bahiaeconomica.com.br\/wp\/wp-json\/wp\/v2\/tags?post=109812"}],"curies":[{"name":"wp","href":"https:\/\/api.w.org\/{rel}","templated":true}]}}