{"id":1022898,"date":"2026-09-06T10:09:21","date_gmt":"2026-09-06T13:09:21","guid":{"rendered":"https:\/\/bahiaeconomica.com.br\/wp\/?p=1022898"},"modified":"2026-09-06T10:09:21","modified_gmt":"2026-09-06T13:09:21","slug":"veja-quem-e-o-advogado-baiano-que-fez-a-ponte-entre-mendonca-e-gonet-com-daniel-vorcaro","status":"publish","type":"post","link":"https:\/\/bahiaeconomica.com.br\/wp\/2026\/09\/06\/veja-quem-e-o-advogado-baiano-que-fez-a-ponte-entre-mendonca-e-gonet-com-daniel-vorcaro\/","title":{"rendered":"VEJA QUEM \u00c9 O ADVOGADO BAIANO QUE FEZ A PONTE ENTRE MENDON\u00c7A E GONET COM DANIEL VORCARO"},"content":{"rendered":"<p>O advogado baiano Ciro Rocha Soares fez sua vida profissional em Salvador, onde \u00e9 s\u00f3cio administrador do escrit\u00f3rio Rocha Soares Advogados Associados, fundado em 2018. Ele atua \u00a0h\u00e1 mais de duas d\u00e9cadas em todo tipo de processo, principalmente em processos empresariais, eleitorais e criminais.<\/p>\n<p>Ciro \u00e9 apontado pela Pol\u00edcia Federal como intermedi\u00e1rio dos contatos de Daniel Vorcaro, do ministro do Supremo Tribunal Federal (STF) Andr\u00e9 Mendon\u00e7a. E tamb\u00e9m de Vorcaro com o procurador-geral da Rep\u00fablica, Paulo Gonet, e<\/p>\n<p>Depois de construir sua carreira como advogado, ele deixou a Bahia e foi para S\u00e3o Paulo, ampliando tamb\u00e9m sua circula\u00e7\u00e3o por Bras\u00edlia.<\/p>\n<p>Nesse meio tempo, em uma passagem em Minas Gerais, conheceu Vorcaro, antes de assumir o controle do Banco Master. Segundo relatos, os dois s\u00e3o atleticanos e se conheceram no est\u00e1dio do Mineir\u00e3o, em Belo Horizonte, na torcida do Galo.<\/p>\n<p>Ele passou a compor a equipe de advogados de Vorcaro e em novembro de 2025, participou do pedido de habeas corpus apresentado para tentar revogar a pris\u00e3o preventiva do banqueiro.<\/p>\n<p>E tinha contatos na pol\u00edtica baiana. Pr\u00f3ximo do senador Otto Alencar, presidente do PSD na Bahia, o advogado j\u00e1 representou o partido e o pr\u00f3prio parlamentar em processos no estado. Em entrevista \u00e0 Folha de S.Paulo, Otto afirmou que tr\u00eas viagens feitas por ele em aeronaves da Prime You, empresa que teve Vorcaro entre os s\u00f3cios, foram pagas por Soares.<\/p>\n<p>O advogado tamb\u00e9m participou das articula\u00e7\u00f5es para a concess\u00e3o dos t\u00edtulos de cidad\u00e3o baiano a Gonet e ao ministro Dias Toffoli, do STF. As homenagens foram entregues pela Assembleia Legislativa da Bahia em mar\u00e7o de 2025. Durante a cerim\u00f4nia, o deputado estadual Niltinho (PSD) agradeceu publicamente a Otto e a Soares pela participa\u00e7\u00e3o na organiza\u00e7\u00e3o do evento.<\/p>\n<p>A circula\u00e7\u00e3o do advogado nos meios pol\u00edtico e jur\u00eddico tamb\u00e9m o aproximou de Andr\u00e9 Mendon\u00e7a. Soares participou, em 2021, da campanha pela aprova\u00e7\u00e3o da indica\u00e7\u00e3o do ent\u00e3o advogado-geral da Uni\u00e3o para uma vaga no Supremo. Ele teria ajudado Mendon\u00e7a a abrir portas em gabinetes do Senado durante os meses em que a indica\u00e7\u00e3o permaneceu parada antes de ser submetida \u00e0 vota\u00e7\u00e3o<\/p>\n<p>A rela\u00e7\u00e3o entre os dois teria se estreitado a partir daquele per\u00edodo. Soares e Mendon\u00e7a passaram a manter contatos frequentes e participaram juntos de eventos jur\u00eddicos, inclusive no exterior. Em fevereiro de 2025, segundo a PF, o advogado enviou a Vorcaro uma fotografia ao lado do ministro e afirmou que estava \u201ctrabalhando\u201d para o banqueiro.<\/p>\n<p>Mendon\u00e7a confirmou ter recebido o banqueiro, mas afirmou que o encontro durou entre 20 e 30 minutos e que se limitou a ouvi-lo sobre uma disputa judicial envolvendo precat\u00f3rios. O ministro declarou ainda n\u00e3o se recordar de ter tratado de assuntos relacionados ao Banco Central ou ao Master com Soares antes de o caso chegar ao STF.<\/p>\n<p>No dia seguinte \u00e0 reuni\u00e3o, Soares enviou ao fundador do Master uma fotografia ao lado de Gonet e escreveu que o procurador-geral queria falar com ele. Segundo a PF, quatro liga\u00e7\u00f5es foram realizadas na sequ\u00eancia por meio do telefone do advogado. Para os investigadores, os registros indicam que Soares funcionava como uma ponte entre o banqueiro e o chefe da Procuradoria-Geral da Rep\u00fablica, \u00f3rg\u00e3o m\u00e1ximo do Minist\u00e9rio P\u00fablico Federal (MPF). Com informa\u00e7\u00f5es de O Globo.<\/p>\n","protected":false},"excerpt":{"rendered":"<p>O advogado baiano Ciro Rocha Soares fez sua vida profissional em Salvador, onde \u00e9 s\u00f3cio administrador do escrit\u00f3rio Rocha Soares Advogados Associados, fundado em 2018. Ele atua \u00a0h\u00e1 mais de duas d\u00e9cadas em todo tipo de processo, principalmente em processos empresariais, eleitorais e criminais. Ciro \u00e9 apontado pela Pol\u00edcia Federal como intermedi\u00e1rio dos contatos de [&hellip;]<\/p>\n","protected":false},"author":1,"featured_media":1022899,"comment_status":"closed","ping_status":"closed","sticky":false,"template":"","format":"standard","meta":[],"categories":[14,3],"tags":[],"acf":[],"yoast_head":"<!-- This site is optimized with the Yoast SEO plugin v20.8 - https:\/\/yoast.com\/wordpress\/plugins\/seo\/ -->\n<title>VEJA QUEM \u00c9 O ADVOGADO BAIANO QUE FEZ A PONTE ENTRE MENDON\u00c7A E GONET COM DANIEL VORCARO - Bahia Economica<\/title>\n<meta name=\"description\" content=\"O maior portal de Economia da Bahia DESTAQUE DO DIA, ECONOMIA \/ POL\u00cdTICA Bahia Economica\" \/>\n<meta name=\"robots\" content=\"index, follow, max-snippet:-1, max-image-preview:large, max-video-preview:-1\" \/>\n<link rel=\"canonical\" href=\"https:\/\/bahiaeconomica.com.br\/wp\/2026\/09\/06\/veja-quem-e-o-advogado-baiano-que-fez-a-ponte-entre-mendonca-e-gonet-com-daniel-vorcaro\/\" \/>\n<meta property=\"og:locale\" content=\"pt_BR\" \/>\n<meta property=\"og:type\" content=\"article\" \/>\n<meta property=\"og:title\" content=\"VEJA QUEM \u00c9 O ADVOGADO BAIANO QUE FEZ A PONTE ENTRE MENDON\u00c7A E GONET COM DANIEL VORCARO - Bahia Economica\" \/>\n<meta property=\"og:description\" content=\"O maior portal de Economia da Bahia DESTAQUE DO DIA, ECONOMIA \/ POL\u00cdTICA Bahia Economica\" \/>\n<meta property=\"og:url\" content=\"https:\/\/bahiaeconomica.com.br\/wp\/2026\/09\/06\/veja-quem-e-o-advogado-baiano-que-fez-a-ponte-entre-mendonca-e-gonet-com-daniel-vorcaro\/\" \/>\n<meta property=\"og:site_name\" content=\"Bahia Economica\" \/>\n<meta property=\"article:publisher\" content=\"https:\/\/www.facebook.com\/bahiaeconomica\" \/>\n<meta property=\"article:published_time\" content=\"2026-09-06T13:09:21+00:00\" \/>\n<meta property=\"og:image\" content=\"https:\/\/bahiaeconomica.com.br\/wp\/wp-content\/uploads\/2026\/09\/GONET-MENDONCA-CIRO.jpg\" \/>\n\t<meta property=\"og:image:width\" content=\"425\" \/>\n\t<meta property=\"og:image:height\" content=\"283\" \/>\n\t<meta property=\"og:image:type\" content=\"image\/jpeg\" \/>\n<meta name=\"author\" content=\"admin\" \/>\n<meta name=\"twitter:card\" content=\"summary_large_image\" \/>\n<meta name=\"twitter:label1\" content=\"Escrito por\" \/>\n\t<meta name=\"twitter:data1\" content=\"admin\" \/>\n\t<meta name=\"twitter:label2\" content=\"Est. tempo de leitura\" \/>\n\t<meta name=\"twitter:data2\" content=\"3 minutos\" \/>\n<script type=\"application\/ld+json\" class=\"yoast-schema-graph\">{\"@context\":\"https:\/\/schema.org\",\"@graph\":[{\"@type\":\"Article\",\"@id\":\"https:\/\/bahiaeconomica.com.br\/wp\/2026\/09\/06\/veja-quem-e-o-advogado-baiano-que-fez-a-ponte-entre-mendonca-e-gonet-com-daniel-vorcaro\/#article\",\"isPartOf\":{\"@id\":\"https:\/\/bahiaeconomica.com.br\/wp\/2026\/09\/06\/veja-quem-e-o-advogado-baiano-que-fez-a-ponte-entre-mendonca-e-gonet-com-daniel-vorcaro\/\"},\"author\":{\"name\":\"admin\",\"@id\":\"https:\/\/bahiaeconomica.com.br\/wp\/#\/schema\/person\/cb1ab5ba96ad3d9390805381c76284ec\"},\"headline\":\"VEJA QUEM \u00c9 O ADVOGADO BAIANO QUE FEZ A PONTE ENTRE MENDON\u00c7A E GONET COM DANIEL VORCARO\",\"datePublished\":\"2026-09-06T13:09:21+00:00\",\"dateModified\":\"2026-09-06T13:09:21+00:00\",\"mainEntityOfPage\":{\"@id\":\"https:\/\/bahiaeconomica.com.br\/wp\/2026\/09\/06\/veja-quem-e-o-advogado-baiano-que-fez-a-ponte-entre-mendonca-e-gonet-com-daniel-vorcaro\/\"},\"wordCount\":598,\"publisher\":{\"@id\":\"https:\/\/bahiaeconomica.com.br\/wp\/#organization\"},\"articleSection\":[\"DESTAQUE DO DIA\",\"ECONOMIA \/ POL\u00cdTICA\"],\"inLanguage\":\"pt-BR\"},{\"@type\":\"WebPage\",\"@id\":\"https:\/\/bahiaeconomica.com.br\/wp\/2026\/09\/06\/veja-quem-e-o-advogado-baiano-que-fez-a-ponte-entre-mendonca-e-gonet-com-daniel-vorcaro\/\",\"url\":\"https:\/\/bahiaeconomica.com.br\/wp\/2026\/09\/06\/veja-quem-e-o-advogado-baiano-que-fez-a-ponte-entre-mendonca-e-gonet-com-daniel-vorcaro\/\",\"name\":\"VEJA QUEM \u00c9 O ADVOGADO BAIANO QUE FEZ A PONTE ENTRE MENDON\u00c7A E GONET COM DANIEL VORCARO - Bahia Economica\",\"isPartOf\":{\"@id\":\"https:\/\/bahiaeconomica.com.br\/wp\/#website\"},\"datePublished\":\"2026-09-06T13:09:21+00:00\",\"dateModified\":\"2026-09-06T13:09:21+00:00\",\"description\":\"O maior portal de Economia da Bahia DESTAQUE DO DIA, ECONOMIA \/ POL\u00cdTICA Bahia Economica\",\"breadcrumb\":{\"@id\":\"https:\/\/bahiaeconomica.com.br\/wp\/2026\/09\/06\/veja-quem-e-o-advogado-baiano-que-fez-a-ponte-entre-mendonca-e-gonet-com-daniel-vorcaro\/#breadcrumb\"},\"inLanguage\":\"pt-BR\",\"potentialAction\":[{\"@type\":\"ReadAction\",\"target\":[\"https:\/\/bahiaeconomica.com.br\/wp\/2026\/09\/06\/veja-quem-e-o-advogado-baiano-que-fez-a-ponte-entre-mendonca-e-gonet-com-daniel-vorcaro\/\"]}]},{\"@type\":\"BreadcrumbList\",\"@id\":\"https:\/\/bahiaeconomica.com.br\/wp\/2026\/09\/06\/veja-quem-e-o-advogado-baiano-que-fez-a-ponte-entre-mendonca-e-gonet-com-daniel-vorcaro\/#breadcrumb\",\"itemListElement\":[{\"@type\":\"ListItem\",\"position\":1,\"name\":\"In\u00edcio\",\"item\":\"https:\/\/bahiaeconomica.com.br\/wp\/\"},{\"@type\":\"ListItem\",\"position\":2,\"name\":\"VEJA QUEM \u00c9 O ADVOGADO BAIANO QUE FEZ A PONTE ENTRE MENDON\u00c7A E GONET COM DANIEL VORCARO\"}]},{\"@type\":\"WebSite\",\"@id\":\"https:\/\/bahiaeconomica.com.br\/wp\/#website\",\"url\":\"https:\/\/bahiaeconomica.com.br\/wp\/\",\"name\":\"Bahia Economica\",\"description\":\"O maior portal de Economia da Bahia\",\"publisher\":{\"@id\":\"https:\/\/bahiaeconomica.com.br\/wp\/#organization\"},\"potentialAction\":[{\"@type\":\"SearchAction\",\"target\":{\"@type\":\"EntryPoint\",\"urlTemplate\":\"https:\/\/bahiaeconomica.com.br\/wp\/?s={search_term_string}\"},\"query-input\":\"required name=search_term_string\"}],\"inLanguage\":\"pt-BR\"},{\"@type\":\"Organization\",\"@id\":\"https:\/\/bahiaeconomica.com.br\/wp\/#organization\",\"name\":\"Bahia Econ\u00f4mica\",\"url\":\"https:\/\/bahiaeconomica.com.br\/wp\/\",\"logo\":{\"@type\":\"ImageObject\",\"inLanguage\":\"pt-BR\",\"@id\":\"https:\/\/bahiaeconomica.com.br\/wp\/#\/schema\/logo\/image\/\",\"url\":\"https:\/\/bahiaeconomica.com.br\/wp\/wp-content\/uploads\/2020\/12\/cropped-BE.png\",\"contentUrl\":\"https:\/\/bahiaeconomica.com.br\/wp\/wp-content\/uploads\/2020\/12\/cropped-BE.png\",\"width\":512,\"height\":512,\"caption\":\"Bahia Econ\u00f4mica\"},\"image\":{\"@id\":\"https:\/\/bahiaeconomica.com.br\/wp\/#\/schema\/logo\/image\/\"},\"sameAs\":[\"https:\/\/www.facebook.com\/bahiaeconomica\"]},{\"@type\":\"Person\",\"@id\":\"https:\/\/bahiaeconomica.com.br\/wp\/#\/schema\/person\/cb1ab5ba96ad3d9390805381c76284ec\",\"name\":\"admin\",\"url\":\"https:\/\/bahiaeconomica.com.br\/wp\/author\/admin\/\"}]}<\/script>\n<!-- \/ Yoast SEO plugin. -->","yoast_head_json":{"title":"VEJA QUEM \u00c9 O ADVOGADO BAIANO QUE FEZ A PONTE ENTRE MENDON\u00c7A E GONET COM DANIEL VORCARO - Bahia Economica","description":"O maior portal de Economia da Bahia DESTAQUE DO DIA, ECONOMIA \/ POL\u00cdTICA Bahia Economica","robots":{"index":"index","follow":"follow","max-snippet":"max-snippet:-1","max-image-preview":"max-image-preview:large","max-video-preview":"max-video-preview:-1"},"canonical":"https:\/\/bahiaeconomica.com.br\/wp\/2026\/09\/06\/veja-quem-e-o-advogado-baiano-que-fez-a-ponte-entre-mendonca-e-gonet-com-daniel-vorcaro\/","og_locale":"pt_BR","og_type":"article","og_title":"VEJA QUEM \u00c9 O ADVOGADO BAIANO QUE FEZ A PONTE ENTRE MENDON\u00c7A E GONET COM DANIEL VORCARO - Bahia Economica","og_description":"O maior portal de Economia da Bahia DESTAQUE DO DIA, ECONOMIA \/ POL\u00cdTICA Bahia Economica","og_url":"https:\/\/bahiaeconomica.com.br\/wp\/2026\/09\/06\/veja-quem-e-o-advogado-baiano-que-fez-a-ponte-entre-mendonca-e-gonet-com-daniel-vorcaro\/","og_site_name":"Bahia Economica","article_publisher":"https:\/\/www.facebook.com\/bahiaeconomica","article_published_time":"2026-09-06T13:09:21+00:00","og_image":[{"width":425,"height":283,"url":"https:\/\/bahiaeconomica.com.br\/wp\/wp-content\/uploads\/2026\/09\/GONET-MENDONCA-CIRO.jpg","type":"image\/jpeg"}],"author":"admin","twitter_card":"summary_large_image","twitter_misc":{"Escrito por":"admin","Est. tempo de leitura":"3 minutos"},"schema":{"@context":"https:\/\/schema.org","@graph":[{"@type":"Article","@id":"https:\/\/bahiaeconomica.com.br\/wp\/2026\/09\/06\/veja-quem-e-o-advogado-baiano-que-fez-a-ponte-entre-mendonca-e-gonet-com-daniel-vorcaro\/#article","isPartOf":{"@id":"https:\/\/bahiaeconomica.com.br\/wp\/2026\/09\/06\/veja-quem-e-o-advogado-baiano-que-fez-a-ponte-entre-mendonca-e-gonet-com-daniel-vorcaro\/"},"author":{"name":"admin","@id":"https:\/\/bahiaeconomica.com.br\/wp\/#\/schema\/person\/cb1ab5ba96ad3d9390805381c76284ec"},"headline":"VEJA QUEM \u00c9 O ADVOGADO BAIANO QUE FEZ A PONTE ENTRE MENDON\u00c7A E GONET COM DANIEL VORCARO","datePublished":"2026-09-06T13:09:21+00:00","dateModified":"2026-09-06T13:09:21+00:00","mainEntityOfPage":{"@id":"https:\/\/bahiaeconomica.com.br\/wp\/2026\/09\/06\/veja-quem-e-o-advogado-baiano-que-fez-a-ponte-entre-mendonca-e-gonet-com-daniel-vorcaro\/"},"wordCount":598,"publisher":{"@id":"https:\/\/bahiaeconomica.com.br\/wp\/#organization"},"articleSection":["DESTAQUE DO DIA","ECONOMIA \/ POL\u00cdTICA"],"inLanguage":"pt-BR"},{"@type":"WebPage","@id":"https:\/\/bahiaeconomica.com.br\/wp\/2026\/09\/06\/veja-quem-e-o-advogado-baiano-que-fez-a-ponte-entre-mendonca-e-gonet-com-daniel-vorcaro\/","url":"https:\/\/bahiaeconomica.com.br\/wp\/2026\/09\/06\/veja-quem-e-o-advogado-baiano-que-fez-a-ponte-entre-mendonca-e-gonet-com-daniel-vorcaro\/","name":"VEJA QUEM \u00c9 O ADVOGADO BAIANO QUE FEZ A PONTE ENTRE MENDON\u00c7A E GONET COM DANIEL VORCARO - Bahia Economica","isPartOf":{"@id":"https:\/\/bahiaeconomica.com.br\/wp\/#website"},"datePublished":"2026-09-06T13:09:21+00:00","dateModified":"2026-09-06T13:09:21+00:00","description":"O maior portal de Economia da Bahia DESTAQUE DO DIA, ECONOMIA \/ POL\u00cdTICA Bahia Economica","breadcrumb":{"@id":"https:\/\/bahiaeconomica.com.br\/wp\/2026\/09\/06\/veja-quem-e-o-advogado-baiano-que-fez-a-ponte-entre-mendonca-e-gonet-com-daniel-vorcaro\/#breadcrumb"},"inLanguage":"pt-BR","potentialAction":[{"@type":"ReadAction","target":["https:\/\/bahiaeconomica.com.br\/wp\/2026\/09\/06\/veja-quem-e-o-advogado-baiano-que-fez-a-ponte-entre-mendonca-e-gonet-com-daniel-vorcaro\/"]}]},{"@type":"BreadcrumbList","@id":"https:\/\/bahiaeconomica.com.br\/wp\/2026\/09\/06\/veja-quem-e-o-advogado-baiano-que-fez-a-ponte-entre-mendonca-e-gonet-com-daniel-vorcaro\/#breadcrumb","itemListElement":[{"@type":"ListItem","position":1,"name":"In\u00edcio","item":"https:\/\/bahiaeconomica.com.br\/wp\/"},{"@type":"ListItem","position":2,"name":"VEJA QUEM \u00c9 O ADVOGADO BAIANO QUE FEZ A PONTE ENTRE MENDON\u00c7A E GONET COM DANIEL VORCARO"}]},{"@type":"WebSite","@id":"https:\/\/bahiaeconomica.com.br\/wp\/#website","url":"https:\/\/bahiaeconomica.com.br\/wp\/","name":"Bahia Economica","description":"O maior portal de Economia da Bahia","publisher":{"@id":"https:\/\/bahiaeconomica.com.br\/wp\/#organization"},"potentialAction":[{"@type":"SearchAction","target":{"@type":"EntryPoint","urlTemplate":"https:\/\/bahiaeconomica.com.br\/wp\/?s={search_term_string}"},"query-input":"required name=search_term_string"}],"inLanguage":"pt-BR"},{"@type":"Organization","@id":"https:\/\/bahiaeconomica.com.br\/wp\/#organization","name":"Bahia Econ\u00f4mica","url":"https:\/\/bahiaeconomica.com.br\/wp\/","logo":{"@type":"ImageObject","inLanguage":"pt-BR","@id":"https:\/\/bahiaeconomica.com.br\/wp\/#\/schema\/logo\/image\/","url":"https:\/\/bahiaeconomica.com.br\/wp\/wp-content\/uploads\/2020\/12\/cropped-BE.png","contentUrl":"https:\/\/bahiaeconomica.com.br\/wp\/wp-content\/uploads\/2020\/12\/cropped-BE.png","width":512,"height":512,"caption":"Bahia Econ\u00f4mica"},"image":{"@id":"https:\/\/bahiaeconomica.com.br\/wp\/#\/schema\/logo\/image\/"},"sameAs":["https:\/\/www.facebook.com\/bahiaeconomica"]},{"@type":"Person","@id":"https:\/\/bahiaeconomica.com.br\/wp\/#\/schema\/person\/cb1ab5ba96ad3d9390805381c76284ec","name":"admin","url":"https:\/\/bahiaeconomica.com.br\/wp\/author\/admin\/"}]}},"views":44,"_links":{"self":[{"href":"https:\/\/bahiaeconomica.com.br\/wp\/wp-json\/wp\/v2\/posts\/1022898"}],"collection":[{"href":"https:\/\/bahiaeconomica.com.br\/wp\/wp-json\/wp\/v2\/posts"}],"about":[{"href":"https:\/\/bahiaeconomica.com.br\/wp\/wp-json\/wp\/v2\/types\/post"}],"author":[{"embeddable":true,"href":"https:\/\/bahiaeconomica.com.br\/wp\/wp-json\/wp\/v2\/users\/1"}],"replies":[{"embeddable":true,"href":"https:\/\/bahiaeconomica.com.br\/wp\/wp-json\/wp\/v2\/comments?post=1022898"}],"version-history":[{"count":1,"href":"https:\/\/bahiaeconomica.com.br\/wp\/wp-json\/wp\/v2\/posts\/1022898\/revisions"}],"predecessor-version":[{"id":1022900,"href":"https:\/\/bahiaeconomica.com.br\/wp\/wp-json\/wp\/v2\/posts\/1022898\/revisions\/1022900"}],"wp:featuredmedia":[{"embeddable":true,"href":"https:\/\/bahiaeconomica.com.br\/wp\/wp-json\/wp\/v2\/media\/1022899"}],"wp:attachment":[{"href":"https:\/\/bahiaeconomica.com.br\/wp\/wp-json\/wp\/v2\/media?parent=1022898"}],"wp:term":[{"taxonomy":"category","embeddable":true,"href":"https:\/\/bahiaeconomica.com.br\/wp\/wp-json\/wp\/v2\/categories?post=1022898"},{"taxonomy":"post_tag","embeddable":true,"href":"https:\/\/bahiaeconomica.com.br\/wp\/wp-json\/wp\/v2\/tags?post=1022898"}],"curies":[{"name":"wp","href":"https:\/\/api.w.org\/{rel}","templated":true}]}}