{"id":1022867,"date":"2026-09-05T12:44:19","date_gmt":"2026-09-05T15:44:19","guid":{"rendered":"https:\/\/bahiaeconomica.com.br\/wp\/?p=1022867"},"modified":"2026-09-05T12:44:19","modified_gmt":"2026-09-05T15:44:19","slug":"grupo-botequim-reune-apreciadores-do-samba-de-salvador","status":"publish","type":"post","link":"https:\/\/bahiaeconomica.com.br\/wp\/2026\/09\/05\/grupo-botequim-reune-apreciadores-do-samba-de-salvador\/","title":{"rendered":"GRUPO BOTEQUIM RE\u00daNE APRECIADORES DO SAMBA DE SALVADOR"},"content":{"rendered":"<p>A um m\u00eas de completar 20 anos de trajet\u00f3ria, o Grupo Botequim realiza a nona roda de samba do ano no dia 11 de setembro (sexta-feira), \u00e0s 21h, no P\u00e1tio da Igreja do Santo Ant\u00f4nio Al\u00e9m do Carmo. A edi\u00e7\u00e3o marca mais um cap\u00edtulo da programa\u00e7\u00e3o mensal que re\u00fane um p\u00fablico fiel em torno de um repert\u00f3rio dedicado aos grandes compositores do samba brasileiro.<\/p>\n<p>Prestes a chegar \u00e0s duas d\u00e9cadas de atua\u00e7\u00e3o, o Grupo Botequim cresceu junto \u00e0 cena do samba de Salvador. Desde 2014, a roda ocupa o P\u00e1tio da Igreja na segunda sexta-feira de cada m\u00eas, tornando-se uma tradi\u00e7\u00e3o para quem acompanha o grupo e um encontro que tamb\u00e9m est\u00e1 sempre de portas abertas para novos p\u00fablicos. Entre cantos, reencontros e muita m\u00fasica, a perman\u00eancia da roda traduz um legado constru\u00eddo a partir do compromisso, enquanto coletivo art\u00edstico independente, com a valoriza\u00e7\u00e3o e a continuidade do samba.<\/p>\n<p>No repert\u00f3rio, o Grupo Botequim passeia por obras de nomes fundamentais do samba nacional, homenageando compositores de diferentes gera\u00e7\u00f5es e\u00a0 reafirmando a for\u00e7a de um g\u00eanero atemporal, que permanece como uma das principais express\u00f5es culturais brasileiras reconhecidas no mundo. J\u00e1 em clima de aquecimento para o anivers\u00e1rio do grupo em outubro, a roda de setembro ganha um significado especial ao anteceder a comemora\u00e7\u00e3o e celebrar uma hist\u00f3ria dedicada a manter o samba vivo e presente na capital baiana.<\/p>\n<p>GRUPO BOTEQUIM \u2013 Ao longo de duas d\u00e9cadas, o Botequim construiu uma rela\u00e7\u00e3o s\u00f3lida e afetiva com o p\u00fablico soteropolitano por meio da sua roda mensal, realizada no P\u00e1tio da Igreja do Santo Ant\u00f4nio Al\u00e9m do Carmo. Essa trajet\u00f3ria consolidou o grupo como uma das principais refer\u00eancias do samba local e destaca seu compromisso com a valoriza\u00e7\u00e3o da cultura popular.<\/p>\n<p>O grupo \u00e9 formado por Roberto Ribeiro (cavaquinho e voz), Washington Rodrigues (viol\u00e3o e voz), Tito Fukunaga (flauta e percuss\u00e3o), Bolota (percuss\u00e3o), Lal\u00e1 Evangelista (percuss\u00e3o) e Brinquedo (surdo).<\/p>\n<p>SERVI\u00c7O<\/p>\n<p>Roda de Samba de Setembro &#8211; Grupo Botequim<\/p>\n<p>Local: P\u00e1tio da Igreja do Santo Ant\u00f4nio Al\u00e9m do Carmo<\/p>\n<p>Data: 11\/09 (sexta-feira)<\/p>\n<p>Hor\u00e1rio: 21h | Abertura da casa \u00e0s 20h<\/p>\n<p>Ingressos: https:\/\/www.sympla.com.br\/evento\/roda-de-samba-do-grupo-botequim-edicao-de-setembro\/3549298<\/p>\n<p>(Foto: Daniel Pita)<\/p>\n","protected":false},"excerpt":{"rendered":"<p>A um m\u00eas de completar 20 anos de trajet\u00f3ria, o Grupo Botequim realiza a nona roda de samba do ano no dia 11 de setembro (sexta-feira), \u00e0s 21h, no P\u00e1tio da Igreja do Santo Ant\u00f4nio Al\u00e9m do Carmo. A edi\u00e7\u00e3o marca mais um cap\u00edtulo da programa\u00e7\u00e3o mensal que re\u00fane um p\u00fablico fiel em torno de [&hellip;]<\/p>\n","protected":false},"author":8,"featured_media":1022868,"comment_status":"closed","ping_status":"closed","sticky":false,"template":"","format":"standard","meta":[],"categories":[4],"tags":[85,29223,1441],"acf":[],"yoast_head":"<!-- This site is optimized with the Yoast SEO plugin v20.8 - https:\/\/yoast.com\/wordpress\/plugins\/seo\/ -->\n<title>GRUPO BOTEQUIM RE\u00daNE APRECIADORES DO SAMBA DE SALVADOR - Bahia Economica<\/title>\n<meta name=\"description\" content=\"O maior portal de Economia da Bahia ENTRETENIMENTO Bahia Economica A um m\u00eas de completar 20 anos de trajet\u00f3ria, o Grupo Botequim realiza a\" \/>\n<meta name=\"robots\" content=\"index, follow, max-snippet:-1, max-image-preview:large, max-video-preview:-1\" \/>\n<link rel=\"canonical\" href=\"https:\/\/bahiaeconomica.com.br\/wp\/2026\/09\/05\/grupo-botequim-reune-apreciadores-do-samba-de-salvador\/\" \/>\n<meta property=\"og:locale\" content=\"pt_BR\" \/>\n<meta property=\"og:type\" content=\"article\" \/>\n<meta property=\"og:title\" content=\"GRUPO BOTEQUIM RE\u00daNE APRECIADORES DO SAMBA DE SALVADOR - Bahia Economica\" \/>\n<meta property=\"og:description\" content=\"O maior portal de Economia da Bahia ENTRETENIMENTO Bahia Economica A um m\u00eas de completar 20 anos de trajet\u00f3ria, o Grupo Botequim realiza a\" \/>\n<meta property=\"og:url\" content=\"https:\/\/bahiaeconomica.com.br\/wp\/2026\/09\/05\/grupo-botequim-reune-apreciadores-do-samba-de-salvador\/\" \/>\n<meta property=\"og:site_name\" content=\"Bahia Economica\" \/>\n<meta property=\"article:publisher\" content=\"https:\/\/www.facebook.com\/bahiaeconomica\" \/>\n<meta property=\"article:published_time\" content=\"2026-09-05T15:44:19+00:00\" \/>\n<meta property=\"og:image\" content=\"https:\/\/bahiaeconomica.com.br\/wp\/wp-content\/uploads\/2026\/09\/WhatsApp-Image-2026-09-05-at-10.13.08.jpeg\" \/>\n\t<meta property=\"og:image:width\" content=\"1600\" \/>\n\t<meta property=\"og:image:height\" content=\"1066\" \/>\n\t<meta property=\"og:image:type\" content=\"image\/jpeg\" \/>\n<meta name=\"author\" content=\"JP\" \/>\n<meta name=\"twitter:card\" content=\"summary_large_image\" \/>\n<meta name=\"twitter:label1\" content=\"Escrito por\" \/>\n\t<meta name=\"twitter:data1\" content=\"JP\" \/>\n\t<meta name=\"twitter:label2\" content=\"Est. tempo de leitura\" \/>\n\t<meta name=\"twitter:data2\" content=\"2 minutos\" \/>\n<script type=\"application\/ld+json\" class=\"yoast-schema-graph\">{\"@context\":\"https:\/\/schema.org\",\"@graph\":[{\"@type\":\"Article\",\"@id\":\"https:\/\/bahiaeconomica.com.br\/wp\/2026\/09\/05\/grupo-botequim-reune-apreciadores-do-samba-de-salvador\/#article\",\"isPartOf\":{\"@id\":\"https:\/\/bahiaeconomica.com.br\/wp\/2026\/09\/05\/grupo-botequim-reune-apreciadores-do-samba-de-salvador\/\"},\"author\":{\"name\":\"JP\",\"@id\":\"https:\/\/bahiaeconomica.com.br\/wp\/#\/schema\/person\/c86d3a3f8960425a0f9d0e5245991f4e\"},\"headline\":\"GRUPO BOTEQUIM RE\u00daNE APRECIADORES DO SAMBA DE SALVADOR\",\"datePublished\":\"2026-09-05T15:44:19+00:00\",\"dateModified\":\"2026-09-05T15:44:19+00:00\",\"mainEntityOfPage\":{\"@id\":\"https:\/\/bahiaeconomica.com.br\/wp\/2026\/09\/05\/grupo-botequim-reune-apreciadores-do-samba-de-salvador\/\"},\"wordCount\":407,\"publisher\":{\"@id\":\"https:\/\/bahiaeconomica.com.br\/wp\/#organization\"},\"keywords\":[\"Bahia\",\"botequim\",\"grupo\"],\"articleSection\":[\"ENTRETENIMENTO\"],\"inLanguage\":\"pt-BR\"},{\"@type\":\"WebPage\",\"@id\":\"https:\/\/bahiaeconomica.com.br\/wp\/2026\/09\/05\/grupo-botequim-reune-apreciadores-do-samba-de-salvador\/\",\"url\":\"https:\/\/bahiaeconomica.com.br\/wp\/2026\/09\/05\/grupo-botequim-reune-apreciadores-do-samba-de-salvador\/\",\"name\":\"GRUPO BOTEQUIM RE\u00daNE APRECIADORES DO SAMBA DE SALVADOR - Bahia Economica\",\"isPartOf\":{\"@id\":\"https:\/\/bahiaeconomica.com.br\/wp\/#website\"},\"datePublished\":\"2026-09-05T15:44:19+00:00\",\"dateModified\":\"2026-09-05T15:44:19+00:00\",\"description\":\"O maior portal de Economia da Bahia ENTRETENIMENTO Bahia Economica A um m\u00eas de completar 20 anos de trajet\u00f3ria, o Grupo Botequim realiza a\",\"breadcrumb\":{\"@id\":\"https:\/\/bahiaeconomica.com.br\/wp\/2026\/09\/05\/grupo-botequim-reune-apreciadores-do-samba-de-salvador\/#breadcrumb\"},\"inLanguage\":\"pt-BR\",\"potentialAction\":[{\"@type\":\"ReadAction\",\"target\":[\"https:\/\/bahiaeconomica.com.br\/wp\/2026\/09\/05\/grupo-botequim-reune-apreciadores-do-samba-de-salvador\/\"]}]},{\"@type\":\"BreadcrumbList\",\"@id\":\"https:\/\/bahiaeconomica.com.br\/wp\/2026\/09\/05\/grupo-botequim-reune-apreciadores-do-samba-de-salvador\/#breadcrumb\",\"itemListElement\":[{\"@type\":\"ListItem\",\"position\":1,\"name\":\"In\u00edcio\",\"item\":\"https:\/\/bahiaeconomica.com.br\/wp\/\"},{\"@type\":\"ListItem\",\"position\":2,\"name\":\"GRUPO BOTEQUIM RE\u00daNE APRECIADORES DO SAMBA DE SALVADOR\"}]},{\"@type\":\"WebSite\",\"@id\":\"https:\/\/bahiaeconomica.com.br\/wp\/#website\",\"url\":\"https:\/\/bahiaeconomica.com.br\/wp\/\",\"name\":\"Bahia Economica\",\"description\":\"O maior portal de Economia da Bahia\",\"publisher\":{\"@id\":\"https:\/\/bahiaeconomica.com.br\/wp\/#organization\"},\"potentialAction\":[{\"@type\":\"SearchAction\",\"target\":{\"@type\":\"EntryPoint\",\"urlTemplate\":\"https:\/\/bahiaeconomica.com.br\/wp\/?s={search_term_string}\"},\"query-input\":\"required name=search_term_string\"}],\"inLanguage\":\"pt-BR\"},{\"@type\":\"Organization\",\"@id\":\"https:\/\/bahiaeconomica.com.br\/wp\/#organization\",\"name\":\"Bahia Econ\u00f4mica\",\"url\":\"https:\/\/bahiaeconomica.com.br\/wp\/\",\"logo\":{\"@type\":\"ImageObject\",\"inLanguage\":\"pt-BR\",\"@id\":\"https:\/\/bahiaeconomica.com.br\/wp\/#\/schema\/logo\/image\/\",\"url\":\"https:\/\/bahiaeconomica.com.br\/wp\/wp-content\/uploads\/2020\/12\/cropped-BE.png\",\"contentUrl\":\"https:\/\/bahiaeconomica.com.br\/wp\/wp-content\/uploads\/2020\/12\/cropped-BE.png\",\"width\":512,\"height\":512,\"caption\":\"Bahia Econ\u00f4mica\"},\"image\":{\"@id\":\"https:\/\/bahiaeconomica.com.br\/wp\/#\/schema\/logo\/image\/\"},\"sameAs\":[\"https:\/\/www.facebook.com\/bahiaeconomica\"]},{\"@type\":\"Person\",\"@id\":\"https:\/\/bahiaeconomica.com.br\/wp\/#\/schema\/person\/c86d3a3f8960425a0f9d0e5245991f4e\",\"name\":\"JP\",\"sameAs\":[\"https:\/\/bahiaeconomica.com.br\/wp\/beta\/\"],\"url\":\"https:\/\/bahiaeconomica.com.br\/wp\/author\/jp\/\"}]}<\/script>\n<!-- \/ Yoast SEO plugin. -->","yoast_head_json":{"title":"GRUPO BOTEQUIM RE\u00daNE APRECIADORES DO SAMBA DE SALVADOR - Bahia Economica","description":"O maior portal de Economia da Bahia ENTRETENIMENTO Bahia Economica A um m\u00eas de completar 20 anos de trajet\u00f3ria, o Grupo Botequim realiza a","robots":{"index":"index","follow":"follow","max-snippet":"max-snippet:-1","max-image-preview":"max-image-preview:large","max-video-preview":"max-video-preview:-1"},"canonical":"https:\/\/bahiaeconomica.com.br\/wp\/2026\/09\/05\/grupo-botequim-reune-apreciadores-do-samba-de-salvador\/","og_locale":"pt_BR","og_type":"article","og_title":"GRUPO BOTEQUIM RE\u00daNE APRECIADORES DO SAMBA DE SALVADOR - Bahia Economica","og_description":"O maior portal de Economia da Bahia ENTRETENIMENTO Bahia Economica A um m\u00eas de completar 20 anos de trajet\u00f3ria, o Grupo Botequim realiza a","og_url":"https:\/\/bahiaeconomica.com.br\/wp\/2026\/09\/05\/grupo-botequim-reune-apreciadores-do-samba-de-salvador\/","og_site_name":"Bahia Economica","article_publisher":"https:\/\/www.facebook.com\/bahiaeconomica","article_published_time":"2026-09-05T15:44:19+00:00","og_image":[{"width":1600,"height":1066,"url":"https:\/\/bahiaeconomica.com.br\/wp\/wp-content\/uploads\/2026\/09\/WhatsApp-Image-2026-09-05-at-10.13.08.jpeg","type":"image\/jpeg"}],"author":"JP","twitter_card":"summary_large_image","twitter_misc":{"Escrito por":"JP","Est. tempo de leitura":"2 minutos"},"schema":{"@context":"https:\/\/schema.org","@graph":[{"@type":"Article","@id":"https:\/\/bahiaeconomica.com.br\/wp\/2026\/09\/05\/grupo-botequim-reune-apreciadores-do-samba-de-salvador\/#article","isPartOf":{"@id":"https:\/\/bahiaeconomica.com.br\/wp\/2026\/09\/05\/grupo-botequim-reune-apreciadores-do-samba-de-salvador\/"},"author":{"name":"JP","@id":"https:\/\/bahiaeconomica.com.br\/wp\/#\/schema\/person\/c86d3a3f8960425a0f9d0e5245991f4e"},"headline":"GRUPO BOTEQUIM RE\u00daNE APRECIADORES DO SAMBA DE SALVADOR","datePublished":"2026-09-05T15:44:19+00:00","dateModified":"2026-09-05T15:44:19+00:00","mainEntityOfPage":{"@id":"https:\/\/bahiaeconomica.com.br\/wp\/2026\/09\/05\/grupo-botequim-reune-apreciadores-do-samba-de-salvador\/"},"wordCount":407,"publisher":{"@id":"https:\/\/bahiaeconomica.com.br\/wp\/#organization"},"keywords":["Bahia","botequim","grupo"],"articleSection":["ENTRETENIMENTO"],"inLanguage":"pt-BR"},{"@type":"WebPage","@id":"https:\/\/bahiaeconomica.com.br\/wp\/2026\/09\/05\/grupo-botequim-reune-apreciadores-do-samba-de-salvador\/","url":"https:\/\/bahiaeconomica.com.br\/wp\/2026\/09\/05\/grupo-botequim-reune-apreciadores-do-samba-de-salvador\/","name":"GRUPO BOTEQUIM RE\u00daNE APRECIADORES DO SAMBA DE SALVADOR - Bahia Economica","isPartOf":{"@id":"https:\/\/bahiaeconomica.com.br\/wp\/#website"},"datePublished":"2026-09-05T15:44:19+00:00","dateModified":"2026-09-05T15:44:19+00:00","description":"O maior portal de Economia da Bahia ENTRETENIMENTO Bahia Economica A um m\u00eas de completar 20 anos de trajet\u00f3ria, o Grupo Botequim realiza a","breadcrumb":{"@id":"https:\/\/bahiaeconomica.com.br\/wp\/2026\/09\/05\/grupo-botequim-reune-apreciadores-do-samba-de-salvador\/#breadcrumb"},"inLanguage":"pt-BR","potentialAction":[{"@type":"ReadAction","target":["https:\/\/bahiaeconomica.com.br\/wp\/2026\/09\/05\/grupo-botequim-reune-apreciadores-do-samba-de-salvador\/"]}]},{"@type":"BreadcrumbList","@id":"https:\/\/bahiaeconomica.com.br\/wp\/2026\/09\/05\/grupo-botequim-reune-apreciadores-do-samba-de-salvador\/#breadcrumb","itemListElement":[{"@type":"ListItem","position":1,"name":"In\u00edcio","item":"https:\/\/bahiaeconomica.com.br\/wp\/"},{"@type":"ListItem","position":2,"name":"GRUPO BOTEQUIM RE\u00daNE APRECIADORES DO SAMBA DE SALVADOR"}]},{"@type":"WebSite","@id":"https:\/\/bahiaeconomica.com.br\/wp\/#website","url":"https:\/\/bahiaeconomica.com.br\/wp\/","name":"Bahia Economica","description":"O maior portal de Economia da Bahia","publisher":{"@id":"https:\/\/bahiaeconomica.com.br\/wp\/#organization"},"potentialAction":[{"@type":"SearchAction","target":{"@type":"EntryPoint","urlTemplate":"https:\/\/bahiaeconomica.com.br\/wp\/?s={search_term_string}"},"query-input":"required name=search_term_string"}],"inLanguage":"pt-BR"},{"@type":"Organization","@id":"https:\/\/bahiaeconomica.com.br\/wp\/#organization","name":"Bahia Econ\u00f4mica","url":"https:\/\/bahiaeconomica.com.br\/wp\/","logo":{"@type":"ImageObject","inLanguage":"pt-BR","@id":"https:\/\/bahiaeconomica.com.br\/wp\/#\/schema\/logo\/image\/","url":"https:\/\/bahiaeconomica.com.br\/wp\/wp-content\/uploads\/2020\/12\/cropped-BE.png","contentUrl":"https:\/\/bahiaeconomica.com.br\/wp\/wp-content\/uploads\/2020\/12\/cropped-BE.png","width":512,"height":512,"caption":"Bahia Econ\u00f4mica"},"image":{"@id":"https:\/\/bahiaeconomica.com.br\/wp\/#\/schema\/logo\/image\/"},"sameAs":["https:\/\/www.facebook.com\/bahiaeconomica"]},{"@type":"Person","@id":"https:\/\/bahiaeconomica.com.br\/wp\/#\/schema\/person\/c86d3a3f8960425a0f9d0e5245991f4e","name":"JP","sameAs":["https:\/\/bahiaeconomica.com.br\/wp\/beta\/"],"url":"https:\/\/bahiaeconomica.com.br\/wp\/author\/jp\/"}]}},"views":7,"_links":{"self":[{"href":"https:\/\/bahiaeconomica.com.br\/wp\/wp-json\/wp\/v2\/posts\/1022867"}],"collection":[{"href":"https:\/\/bahiaeconomica.com.br\/wp\/wp-json\/wp\/v2\/posts"}],"about":[{"href":"https:\/\/bahiaeconomica.com.br\/wp\/wp-json\/wp\/v2\/types\/post"}],"author":[{"embeddable":true,"href":"https:\/\/bahiaeconomica.com.br\/wp\/wp-json\/wp\/v2\/users\/8"}],"replies":[{"embeddable":true,"href":"https:\/\/bahiaeconomica.com.br\/wp\/wp-json\/wp\/v2\/comments?post=1022867"}],"version-history":[{"count":1,"href":"https:\/\/bahiaeconomica.com.br\/wp\/wp-json\/wp\/v2\/posts\/1022867\/revisions"}],"predecessor-version":[{"id":1022869,"href":"https:\/\/bahiaeconomica.com.br\/wp\/wp-json\/wp\/v2\/posts\/1022867\/revisions\/1022869"}],"wp:featuredmedia":[{"embeddable":true,"href":"https:\/\/bahiaeconomica.com.br\/wp\/wp-json\/wp\/v2\/media\/1022868"}],"wp:attachment":[{"href":"https:\/\/bahiaeconomica.com.br\/wp\/wp-json\/wp\/v2\/media?parent=1022867"}],"wp:term":[{"taxonomy":"category","embeddable":true,"href":"https:\/\/bahiaeconomica.com.br\/wp\/wp-json\/wp\/v2\/categories?post=1022867"},{"taxonomy":"post_tag","embeddable":true,"href":"https:\/\/bahiaeconomica.com.br\/wp\/wp-json\/wp\/v2\/tags?post=1022867"}],"curies":[{"name":"wp","href":"https:\/\/api.w.org\/{rel}","templated":true}]}}