{"id":1022864,"date":"2026-09-05T12:41:29","date_gmt":"2026-09-05T15:41:29","guid":{"rendered":"https:\/\/bahiaeconomica.com.br\/wp\/?p=1022864"},"modified":"2026-09-05T12:41:29","modified_gmt":"2026-09-05T15:41:29","slug":"geraldinho-destaca-vlt-e-contrapoe-investimentos-do-estado-ao-abandono-de-salvador","status":"publish","type":"post","link":"https:\/\/bahiaeconomica.com.br\/wp\/2026\/09\/05\/geraldinho-destaca-vlt-e-contrapoe-investimentos-do-estado-ao-abandono-de-salvador\/","title":{"rendered":"GERALDINHO DESTACA VLT E CONTRAP\u00d5E INVESTIMENTOS DO ESTADO AO ABANDONO DE SALVADOR"},"content":{"rendered":"<p>O contraste entre uma regi\u00e3o que recebe grandes investimentos e os problemas que ainda afetam servi\u00e7os b\u00e1sicos de Salvador foi destacado pelo vice-governador e candidato \u00e0 reelei\u00e7\u00e3o, Geraldinho, durante caminhada em Periperi, no Sub\u00farbio Ferrovi\u00e1rio, neste s\u00e1bado (5). Ao lado do governador Jer\u00f4nimo Rodrigues, do ex-ministro e candidato ao Senado Rui Costa e do senador e candidato \u00e0 reelei\u00e7\u00e3o Jaques Wagner, Geraldinho apresentou o VLT como um dos principais exemplos da transforma\u00e7\u00e3o em curso na regi\u00e3o e voltou a criticar o que classificou como descaso da Prefeitura com a popula\u00e7\u00e3o.<\/p>\n<p>\u201c\u00c9 s\u00f3 andar pelo Sub\u00farbio para perceber o contraste. De um lado, o Governo do Estado fazendo uma obra hist\u00f3rica, que vai transformar a mobilidade e a vida das pessoas. Do outro, a popula\u00e7\u00e3o continua enfrentando os mesmos problemas de transporte, sa\u00fade, creche e servi\u00e7os b\u00e1sicos. O povo sabe quem est\u00e1 investindo e tamb\u00e9m sabe quem est\u00e1 deixando Salvador para tr\u00e1s\u201d, afirmou.<\/p>\n<p>Com mais de 43 quil\u00f4metros de extens\u00e3o e 50 paradas, o VLT forma uma nova rede de mobilidade para Salvador e Regi\u00e3o Metropolitana. O sistema ser\u00e1 integrado ao metr\u00f4, aos \u00f4nibus e \u00e0 nova Rodovi\u00e1ria de Salvador, permitindo que o passageiro utilize diferentes modais de forma conectada.<\/p>\n<p>Para Geraldinho, o projeto vai al\u00e9m do transporte sobre trilhos e representa uma nova concep\u00e7\u00e3o de desenvolvimento urbano para o Sub\u00farbio. \u201cO VLT n\u00e3o \u00e9 apenas uma obra de transporte. \u00c9 mobilidade junto com urbaniza\u00e7\u00e3o, esporte, lazer, acessibilidade e desenvolvimento econ\u00f4mico. \u00c9 uma transforma\u00e7\u00e3o que chega onde a popula\u00e7\u00e3o mais precisa e muda a rela\u00e7\u00e3o das pessoas com a pr\u00f3pria cidade\u201d, disse.<\/p>\n<p>O vice-governador citou como exemplo a urbaniza\u00e7\u00e3o de Praia Grande, integrada ao projeto do VLT. A interven\u00e7\u00e3o contempla 21,5 mil metros quadrados de \u00e1rea urbanizada, com o skate park, parque infantil, quadra de areia, playground, academia, quiosques, acessos \u00e0 praia, cal\u00e7adas, rampas, ilumina\u00e7\u00e3o e paisagismo.<\/p>\n<p>O novo skate park tem duas pistas de padr\u00e3o ol\u00edmpico, com estrutura para receber competi\u00e7\u00f5es internacionais. A interven\u00e7\u00e3o tamb\u00e9m contempla melhorias para a atividade pesqueira, com espa\u00e7os para guardaria de motores, barcos e equipamentos, associa\u00e7\u00e3o de pescadores e \u00e1reas destinadas ao reparo de embarca\u00e7\u00f5es.<\/p>\n<p>\u201cAqui, a gente est\u00e1 falando de transporte, mas tamb\u00e9m de dignidade. \u00c9 o jovem tendo onde praticar esporte, a fam\u00edlia tendo espa\u00e7o de lazer, a marisqueira tendo estrutura para trabalhar e o morador tendo um bairro mais bonito, acess\u00edvel e integrado. \u00c9 assim que uma obra p\u00fablica precisa transformar a vida das pessoas\u201d, afirmou Geraldinho.<\/p>\n<p>O candidato tamb\u00e9m voltou a fazer um contraponto com a administra\u00e7\u00e3o municipal de Salvador, especialmente diante dos problemas j\u00e1 apontados por ele nas \u00e1reas de transporte p\u00fablico, sa\u00fade b\u00e1sica e educa\u00e7\u00e3o infantil.<\/p>\n<p>\u201cEnquanto o Estado est\u00e1 trazendo investimento, mobilidade e novos equipamentos para o Sub\u00farbio, a Prefeitura deixa as duas tomadas pelo lixo e a popula\u00e7\u00e3o convivendo com problemas que se repetem h\u00e1 anos. Salvador n\u00e3o pode se acostumar com o abandono. O que estamos mostrando aqui \u00e9 que \u00e9 poss\u00edvel fazer diferente\u201d, declarou.<\/p>\n<p>Ao lado de Jer\u00f4nimo, Rui Costa e Jaques Wagner, Geraldinho defendeu a continuidade da parceria entre o Governo do Estado e o presidente Lula para ampliar investimentos em Salvador e na Bahia. \u201cN\u00f3s temos um governador que trabalha de m\u00e3os dadas com Lula, dois ex-governadores que conhecem profundamente a Bahia e uma equipe preparada para continuar entregando. O Sub\u00farbio est\u00e1 vendo na pr\u00e1tica a diferen\u00e7a entre promessa e obra, entre discurso e investimento\u201d, concluiu.<\/p>\n<p>Foto: Gabriel Carvalho<\/p>\n","protected":false},"excerpt":{"rendered":"<p>O contraste entre uma regi\u00e3o que recebe grandes investimentos e os problemas que ainda afetam servi\u00e7os b\u00e1sicos de Salvador foi destacado pelo vice-governador e candidato \u00e0 reelei\u00e7\u00e3o, Geraldinho, durante caminhada em Periperi, no Sub\u00farbio Ferrovi\u00e1rio, neste s\u00e1bado (5). Ao lado do governador Jer\u00f4nimo Rodrigues, do ex-ministro e candidato ao Senado Rui Costa e do senador [&hellip;]<\/p>\n","protected":false},"author":8,"featured_media":1022865,"comment_status":"closed","ping_status":"closed","sticky":false,"template":"","format":"standard","meta":[],"categories":[14601],"tags":[85,100],"acf":[],"yoast_head":"<!-- This site is optimized with the Yoast SEO plugin v20.8 - https:\/\/yoast.com\/wordpress\/plugins\/seo\/ -->\n<title>GERALDINHO DESTACA VLT E CONTRAP\u00d5E INVESTIMENTOS DO ESTADO AO ABANDONO DE SALVADOR - Bahia Economica<\/title>\n<meta name=\"description\" content=\"O maior portal de Economia da Bahia Pol\u00edtica Bahia Economica O contraste entre uma regi\u00e3o que recebe grandes investimentos\" \/>\n<meta name=\"robots\" content=\"index, follow, max-snippet:-1, max-image-preview:large, max-video-preview:-1\" \/>\n<link rel=\"canonical\" href=\"https:\/\/bahiaeconomica.com.br\/wp\/2026\/09\/05\/geraldinho-destaca-vlt-e-contrapoe-investimentos-do-estado-ao-abandono-de-salvador\/\" \/>\n<meta property=\"og:locale\" content=\"pt_BR\" \/>\n<meta property=\"og:type\" content=\"article\" \/>\n<meta property=\"og:title\" content=\"GERALDINHO DESTACA VLT E CONTRAP\u00d5E INVESTIMENTOS DO ESTADO AO ABANDONO DE SALVADOR - Bahia Economica\" \/>\n<meta property=\"og:description\" content=\"O maior portal de Economia da Bahia Pol\u00edtica Bahia Economica O contraste entre uma regi\u00e3o que recebe grandes investimentos\" \/>\n<meta property=\"og:url\" content=\"https:\/\/bahiaeconomica.com.br\/wp\/2026\/09\/05\/geraldinho-destaca-vlt-e-contrapoe-investimentos-do-estado-ao-abandono-de-salvador\/\" \/>\n<meta property=\"og:site_name\" content=\"Bahia Economica\" \/>\n<meta property=\"article:publisher\" content=\"https:\/\/www.facebook.com\/bahiaeconomica\" \/>\n<meta property=\"article:published_time\" content=\"2026-09-05T15:41:29+00:00\" \/>\n<meta property=\"og:image\" content=\"https:\/\/bahiaeconomica.com.br\/wp\/wp-content\/uploads\/2026\/09\/WhatsApp-Image-2026-09-05-at-10.15.03.jpeg\" \/>\n\t<meta property=\"og:image:width\" content=\"1600\" \/>\n\t<meta property=\"og:image:height\" content=\"1160\" \/>\n\t<meta property=\"og:image:type\" content=\"image\/jpeg\" \/>\n<meta name=\"author\" content=\"JP\" \/>\n<meta name=\"twitter:card\" content=\"summary_large_image\" \/>\n<meta name=\"twitter:label1\" content=\"Escrito por\" \/>\n\t<meta name=\"twitter:data1\" content=\"JP\" \/>\n\t<meta name=\"twitter:label2\" content=\"Est. tempo de leitura\" \/>\n\t<meta name=\"twitter:data2\" content=\"4 minutos\" \/>\n<script type=\"application\/ld+json\" class=\"yoast-schema-graph\">{\"@context\":\"https:\/\/schema.org\",\"@graph\":[{\"@type\":\"Article\",\"@id\":\"https:\/\/bahiaeconomica.com.br\/wp\/2026\/09\/05\/geraldinho-destaca-vlt-e-contrapoe-investimentos-do-estado-ao-abandono-de-salvador\/#article\",\"isPartOf\":{\"@id\":\"https:\/\/bahiaeconomica.com.br\/wp\/2026\/09\/05\/geraldinho-destaca-vlt-e-contrapoe-investimentos-do-estado-ao-abandono-de-salvador\/\"},\"author\":{\"name\":\"JP\",\"@id\":\"https:\/\/bahiaeconomica.com.br\/wp\/#\/schema\/person\/c86d3a3f8960425a0f9d0e5245991f4e\"},\"headline\":\"GERALDINHO DESTACA VLT E CONTRAP\u00d5E INVESTIMENTOS DO ESTADO AO ABANDONO DE SALVADOR\",\"datePublished\":\"2026-09-05T15:41:29+00:00\",\"dateModified\":\"2026-09-05T15:41:29+00:00\",\"mainEntityOfPage\":{\"@id\":\"https:\/\/bahiaeconomica.com.br\/wp\/2026\/09\/05\/geraldinho-destaca-vlt-e-contrapoe-investimentos-do-estado-ao-abandono-de-salvador\/\"},\"wordCount\":630,\"publisher\":{\"@id\":\"https:\/\/bahiaeconomica.com.br\/wp\/#organization\"},\"keywords\":[\"Bahia\",\"Pol\u00edtica\"],\"articleSection\":[\"Pol\u00edtica\"],\"inLanguage\":\"pt-BR\"},{\"@type\":\"WebPage\",\"@id\":\"https:\/\/bahiaeconomica.com.br\/wp\/2026\/09\/05\/geraldinho-destaca-vlt-e-contrapoe-investimentos-do-estado-ao-abandono-de-salvador\/\",\"url\":\"https:\/\/bahiaeconomica.com.br\/wp\/2026\/09\/05\/geraldinho-destaca-vlt-e-contrapoe-investimentos-do-estado-ao-abandono-de-salvador\/\",\"name\":\"GERALDINHO DESTACA VLT E CONTRAP\u00d5E INVESTIMENTOS DO ESTADO AO ABANDONO DE SALVADOR - Bahia Economica\",\"isPartOf\":{\"@id\":\"https:\/\/bahiaeconomica.com.br\/wp\/#website\"},\"datePublished\":\"2026-09-05T15:41:29+00:00\",\"dateModified\":\"2026-09-05T15:41:29+00:00\",\"description\":\"O maior portal de Economia da Bahia Pol\u00edtica Bahia Economica O contraste entre uma regi\u00e3o que recebe grandes investimentos\",\"breadcrumb\":{\"@id\":\"https:\/\/bahiaeconomica.com.br\/wp\/2026\/09\/05\/geraldinho-destaca-vlt-e-contrapoe-investimentos-do-estado-ao-abandono-de-salvador\/#breadcrumb\"},\"inLanguage\":\"pt-BR\",\"potentialAction\":[{\"@type\":\"ReadAction\",\"target\":[\"https:\/\/bahiaeconomica.com.br\/wp\/2026\/09\/05\/geraldinho-destaca-vlt-e-contrapoe-investimentos-do-estado-ao-abandono-de-salvador\/\"]}]},{\"@type\":\"BreadcrumbList\",\"@id\":\"https:\/\/bahiaeconomica.com.br\/wp\/2026\/09\/05\/geraldinho-destaca-vlt-e-contrapoe-investimentos-do-estado-ao-abandono-de-salvador\/#breadcrumb\",\"itemListElement\":[{\"@type\":\"ListItem\",\"position\":1,\"name\":\"In\u00edcio\",\"item\":\"https:\/\/bahiaeconomica.com.br\/wp\/\"},{\"@type\":\"ListItem\",\"position\":2,\"name\":\"GERALDINHO DESTACA VLT E CONTRAP\u00d5E INVESTIMENTOS DO ESTADO AO ABANDONO DE SALVADOR\"}]},{\"@type\":\"WebSite\",\"@id\":\"https:\/\/bahiaeconomica.com.br\/wp\/#website\",\"url\":\"https:\/\/bahiaeconomica.com.br\/wp\/\",\"name\":\"Bahia Economica\",\"description\":\"O maior portal de Economia da Bahia\",\"publisher\":{\"@id\":\"https:\/\/bahiaeconomica.com.br\/wp\/#organization\"},\"potentialAction\":[{\"@type\":\"SearchAction\",\"target\":{\"@type\":\"EntryPoint\",\"urlTemplate\":\"https:\/\/bahiaeconomica.com.br\/wp\/?s={search_term_string}\"},\"query-input\":\"required name=search_term_string\"}],\"inLanguage\":\"pt-BR\"},{\"@type\":\"Organization\",\"@id\":\"https:\/\/bahiaeconomica.com.br\/wp\/#organization\",\"name\":\"Bahia Econ\u00f4mica\",\"url\":\"https:\/\/bahiaeconomica.com.br\/wp\/\",\"logo\":{\"@type\":\"ImageObject\",\"inLanguage\":\"pt-BR\",\"@id\":\"https:\/\/bahiaeconomica.com.br\/wp\/#\/schema\/logo\/image\/\",\"url\":\"https:\/\/bahiaeconomica.com.br\/wp\/wp-content\/uploads\/2020\/12\/cropped-BE.png\",\"contentUrl\":\"https:\/\/bahiaeconomica.com.br\/wp\/wp-content\/uploads\/2020\/12\/cropped-BE.png\",\"width\":512,\"height\":512,\"caption\":\"Bahia Econ\u00f4mica\"},\"image\":{\"@id\":\"https:\/\/bahiaeconomica.com.br\/wp\/#\/schema\/logo\/image\/\"},\"sameAs\":[\"https:\/\/www.facebook.com\/bahiaeconomica\"]},{\"@type\":\"Person\",\"@id\":\"https:\/\/bahiaeconomica.com.br\/wp\/#\/schema\/person\/c86d3a3f8960425a0f9d0e5245991f4e\",\"name\":\"JP\",\"sameAs\":[\"https:\/\/bahiaeconomica.com.br\/wp\/beta\/\"],\"url\":\"https:\/\/bahiaeconomica.com.br\/wp\/author\/jp\/\"}]}<\/script>\n<!-- \/ Yoast SEO plugin. -->","yoast_head_json":{"title":"GERALDINHO DESTACA VLT E CONTRAP\u00d5E INVESTIMENTOS DO ESTADO AO ABANDONO DE SALVADOR - Bahia Economica","description":"O maior portal de Economia da Bahia Pol\u00edtica Bahia Economica O contraste entre uma regi\u00e3o que recebe grandes investimentos","robots":{"index":"index","follow":"follow","max-snippet":"max-snippet:-1","max-image-preview":"max-image-preview:large","max-video-preview":"max-video-preview:-1"},"canonical":"https:\/\/bahiaeconomica.com.br\/wp\/2026\/09\/05\/geraldinho-destaca-vlt-e-contrapoe-investimentos-do-estado-ao-abandono-de-salvador\/","og_locale":"pt_BR","og_type":"article","og_title":"GERALDINHO DESTACA VLT E CONTRAP\u00d5E INVESTIMENTOS DO ESTADO AO ABANDONO DE SALVADOR - Bahia Economica","og_description":"O maior portal de Economia da Bahia Pol\u00edtica Bahia Economica O contraste entre uma regi\u00e3o que recebe grandes investimentos","og_url":"https:\/\/bahiaeconomica.com.br\/wp\/2026\/09\/05\/geraldinho-destaca-vlt-e-contrapoe-investimentos-do-estado-ao-abandono-de-salvador\/","og_site_name":"Bahia Economica","article_publisher":"https:\/\/www.facebook.com\/bahiaeconomica","article_published_time":"2026-09-05T15:41:29+00:00","og_image":[{"width":1600,"height":1160,"url":"https:\/\/bahiaeconomica.com.br\/wp\/wp-content\/uploads\/2026\/09\/WhatsApp-Image-2026-09-05-at-10.15.03.jpeg","type":"image\/jpeg"}],"author":"JP","twitter_card":"summary_large_image","twitter_misc":{"Escrito por":"JP","Est. tempo de leitura":"4 minutos"},"schema":{"@context":"https:\/\/schema.org","@graph":[{"@type":"Article","@id":"https:\/\/bahiaeconomica.com.br\/wp\/2026\/09\/05\/geraldinho-destaca-vlt-e-contrapoe-investimentos-do-estado-ao-abandono-de-salvador\/#article","isPartOf":{"@id":"https:\/\/bahiaeconomica.com.br\/wp\/2026\/09\/05\/geraldinho-destaca-vlt-e-contrapoe-investimentos-do-estado-ao-abandono-de-salvador\/"},"author":{"name":"JP","@id":"https:\/\/bahiaeconomica.com.br\/wp\/#\/schema\/person\/c86d3a3f8960425a0f9d0e5245991f4e"},"headline":"GERALDINHO DESTACA VLT E CONTRAP\u00d5E INVESTIMENTOS DO ESTADO AO ABANDONO DE SALVADOR","datePublished":"2026-09-05T15:41:29+00:00","dateModified":"2026-09-05T15:41:29+00:00","mainEntityOfPage":{"@id":"https:\/\/bahiaeconomica.com.br\/wp\/2026\/09\/05\/geraldinho-destaca-vlt-e-contrapoe-investimentos-do-estado-ao-abandono-de-salvador\/"},"wordCount":630,"publisher":{"@id":"https:\/\/bahiaeconomica.com.br\/wp\/#organization"},"keywords":["Bahia","Pol\u00edtica"],"articleSection":["Pol\u00edtica"],"inLanguage":"pt-BR"},{"@type":"WebPage","@id":"https:\/\/bahiaeconomica.com.br\/wp\/2026\/09\/05\/geraldinho-destaca-vlt-e-contrapoe-investimentos-do-estado-ao-abandono-de-salvador\/","url":"https:\/\/bahiaeconomica.com.br\/wp\/2026\/09\/05\/geraldinho-destaca-vlt-e-contrapoe-investimentos-do-estado-ao-abandono-de-salvador\/","name":"GERALDINHO DESTACA VLT E CONTRAP\u00d5E INVESTIMENTOS DO ESTADO AO ABANDONO DE SALVADOR - Bahia Economica","isPartOf":{"@id":"https:\/\/bahiaeconomica.com.br\/wp\/#website"},"datePublished":"2026-09-05T15:41:29+00:00","dateModified":"2026-09-05T15:41:29+00:00","description":"O maior portal de Economia da Bahia Pol\u00edtica Bahia Economica O contraste entre uma regi\u00e3o que recebe grandes investimentos","breadcrumb":{"@id":"https:\/\/bahiaeconomica.com.br\/wp\/2026\/09\/05\/geraldinho-destaca-vlt-e-contrapoe-investimentos-do-estado-ao-abandono-de-salvador\/#breadcrumb"},"inLanguage":"pt-BR","potentialAction":[{"@type":"ReadAction","target":["https:\/\/bahiaeconomica.com.br\/wp\/2026\/09\/05\/geraldinho-destaca-vlt-e-contrapoe-investimentos-do-estado-ao-abandono-de-salvador\/"]}]},{"@type":"BreadcrumbList","@id":"https:\/\/bahiaeconomica.com.br\/wp\/2026\/09\/05\/geraldinho-destaca-vlt-e-contrapoe-investimentos-do-estado-ao-abandono-de-salvador\/#breadcrumb","itemListElement":[{"@type":"ListItem","position":1,"name":"In\u00edcio","item":"https:\/\/bahiaeconomica.com.br\/wp\/"},{"@type":"ListItem","position":2,"name":"GERALDINHO DESTACA VLT E CONTRAP\u00d5E INVESTIMENTOS DO ESTADO AO ABANDONO DE SALVADOR"}]},{"@type":"WebSite","@id":"https:\/\/bahiaeconomica.com.br\/wp\/#website","url":"https:\/\/bahiaeconomica.com.br\/wp\/","name":"Bahia Economica","description":"O maior portal de Economia da Bahia","publisher":{"@id":"https:\/\/bahiaeconomica.com.br\/wp\/#organization"},"potentialAction":[{"@type":"SearchAction","target":{"@type":"EntryPoint","urlTemplate":"https:\/\/bahiaeconomica.com.br\/wp\/?s={search_term_string}"},"query-input":"required name=search_term_string"}],"inLanguage":"pt-BR"},{"@type":"Organization","@id":"https:\/\/bahiaeconomica.com.br\/wp\/#organization","name":"Bahia Econ\u00f4mica","url":"https:\/\/bahiaeconomica.com.br\/wp\/","logo":{"@type":"ImageObject","inLanguage":"pt-BR","@id":"https:\/\/bahiaeconomica.com.br\/wp\/#\/schema\/logo\/image\/","url":"https:\/\/bahiaeconomica.com.br\/wp\/wp-content\/uploads\/2020\/12\/cropped-BE.png","contentUrl":"https:\/\/bahiaeconomica.com.br\/wp\/wp-content\/uploads\/2020\/12\/cropped-BE.png","width":512,"height":512,"caption":"Bahia Econ\u00f4mica"},"image":{"@id":"https:\/\/bahiaeconomica.com.br\/wp\/#\/schema\/logo\/image\/"},"sameAs":["https:\/\/www.facebook.com\/bahiaeconomica"]},{"@type":"Person","@id":"https:\/\/bahiaeconomica.com.br\/wp\/#\/schema\/person\/c86d3a3f8960425a0f9d0e5245991f4e","name":"JP","sameAs":["https:\/\/bahiaeconomica.com.br\/wp\/beta\/"],"url":"https:\/\/bahiaeconomica.com.br\/wp\/author\/jp\/"}]}},"views":8,"_links":{"self":[{"href":"https:\/\/bahiaeconomica.com.br\/wp\/wp-json\/wp\/v2\/posts\/1022864"}],"collection":[{"href":"https:\/\/bahiaeconomica.com.br\/wp\/wp-json\/wp\/v2\/posts"}],"about":[{"href":"https:\/\/bahiaeconomica.com.br\/wp\/wp-json\/wp\/v2\/types\/post"}],"author":[{"embeddable":true,"href":"https:\/\/bahiaeconomica.com.br\/wp\/wp-json\/wp\/v2\/users\/8"}],"replies":[{"embeddable":true,"href":"https:\/\/bahiaeconomica.com.br\/wp\/wp-json\/wp\/v2\/comments?post=1022864"}],"version-history":[{"count":1,"href":"https:\/\/bahiaeconomica.com.br\/wp\/wp-json\/wp\/v2\/posts\/1022864\/revisions"}],"predecessor-version":[{"id":1022866,"href":"https:\/\/bahiaeconomica.com.br\/wp\/wp-json\/wp\/v2\/posts\/1022864\/revisions\/1022866"}],"wp:featuredmedia":[{"embeddable":true,"href":"https:\/\/bahiaeconomica.com.br\/wp\/wp-json\/wp\/v2\/media\/1022865"}],"wp:attachment":[{"href":"https:\/\/bahiaeconomica.com.br\/wp\/wp-json\/wp\/v2\/media?parent=1022864"}],"wp:term":[{"taxonomy":"category","embeddable":true,"href":"https:\/\/bahiaeconomica.com.br\/wp\/wp-json\/wp\/v2\/categories?post=1022864"},{"taxonomy":"post_tag","embeddable":true,"href":"https:\/\/bahiaeconomica.com.br\/wp\/wp-json\/wp\/v2\/tags?post=1022864"}],"curies":[{"name":"wp","href":"https:\/\/api.w.org\/{rel}","templated":true}]}}