{"id":1022840,"date":"2026-09-05T09:00:04","date_gmt":"2026-09-05T12:00:04","guid":{"rendered":"https:\/\/bahiaeconomica.com.br\/wp\/?p=1022840"},"modified":"2026-09-05T07:21:49","modified_gmt":"2026-09-05T10:21:49","slug":"semana-da-mae-preta-2026-celebra-memoria-resistencia-e-ancestralidade-das-mulheres-negras","status":"publish","type":"post","link":"https:\/\/bahiaeconomica.com.br\/wp\/2026\/09\/05\/semana-da-mae-preta-2026-celebra-memoria-resistencia-e-ancestralidade-das-mulheres-negras\/","title":{"rendered":"SEMANA DA M\u00c3E PRETA 2026 CELEBRA MEM\u00d3RIA, RESIST\u00caNCIA E ANCESTRALIDADE DAS MULHERES NEGRAS"},"content":{"rendered":"<p>A hist\u00f3ria do Il\u00ea Aiy\u00ea \u00e9 tamb\u00e9m uma hist\u00f3ria de mulheres negras que, por meio da educa\u00e7\u00e3o, da cultura, da organiza\u00e7\u00e3o comunit\u00e1ria e da resist\u00eancia, ajudaram a construir caminhos para as novas gera\u00e7\u00f5es. \u00c9 a partir dessa perspectiva que o Il\u00ea Aiy\u00ea realiza, desde 1979, sempre no m\u00eas de setembro, a Semana da M\u00e3e Preta. Neste ano, o encontro gratuito, ser\u00e1 realizado\u00a0 nos dias 15, 16 e 18 de setembro, no Terreiro Ac\u00e8 Jitolu, no Curuzu, e conta com a curadoria das netas de M\u00e3e Hilda, Val\u00e9ria Lima e Val Benvindo. A edi\u00e7\u00e3o de 2026 traz como tema \u201cMulheres Negras: Mem\u00f3ria, Resist\u00eancia e Ancestralidade\u201d.<\/p>\n<p>Mais do que reverenciar o passado, a programa\u00e7\u00e3o prop\u00f5e olhar para a for\u00e7a das mulheres negras na constru\u00e7\u00e3o do presente e na transforma\u00e7\u00e3o do futuro. Ao longo de tr\u00eas dias, a Semana da M\u00e3e Preta reunir\u00e1 homenagens, exposi\u00e7\u00e3o fotogr\u00e1fica, rodas de conversa, exibi\u00e7\u00e3o de document\u00e1rio e filme, al\u00e9m de apresenta\u00e7\u00e3o musical, criando um espa\u00e7o de encontro entre diferentes trajet\u00f3rias, gera\u00e7\u00f5es e formas de protagonismo feminino negro.<\/p>\n<p>De acordo com Val\u00e9ria Lima, a Semana da M\u00e3e Preta \u00e9 um marco no processo de constru\u00e7\u00e3o do bloco Il\u00ea Aiy\u00ea enquanto entidade pol\u00edtica. \u201c\u00c9 um evento que nos ensinou muito e que acompanhamos desde cedo, por meio das exposi\u00e7\u00f5es fotogr\u00e1ficas, rodas de conversa e encontros entre mulheres negras. Para mim, a Semana da M\u00e3e Preta \u00e9 um ber\u00e7o, e poder constru\u00ed-la junto com Val, minha prima,\u00a0 \u00e9 um marco tamb\u00e9m para n\u00f3s, hoje profissionais com nossas vidas e carreiras consolidadas\u201d, fala com orgulho.<\/p>\n<p>A abertura, na ter\u00e7a-feira (15), ser\u00e1 marcada pela exposi\u00e7\u00e3o fotogr\u00e1fica \u201cMulheres que constroem a nossa hist\u00f3ria\u201d, com imagens de M\u00e3e Hilda Jitolu, Eug\u00eania L\u00facia e outras mulheres que marcaram a trajet\u00f3ria do Il\u00ea Aiy\u00ea, do Terreiro Ac\u00e8 Jitolu e da comunidade do Curuzu. A programa\u00e7\u00e3o tamb\u00e9m contar\u00e1 com uma homenagem a Eug\u00eania L\u00facia, idealizadora dos Cadernos de Educa\u00e7\u00e3o do Il\u00ea Aiy\u00ea, em reconhecimento \u00e0 sua contribui\u00e7\u00e3o para a educa\u00e7\u00e3o antirracista e para a valoriza\u00e7\u00e3o da cultura afro-brasileira. Participam da mesa Vov\u00f4 do Il\u00ea, presidente fundador do bloco Il\u00ea Aiy\u00ea, Arany Santana, ex-diretora do Il\u00ea, e as jornalistas Val\u00e9ria Lima e Val Benvindo.<\/p>\n<p>Segundo Val Benvindo, manter vivas as hist\u00f3rias de mulheres como M\u00e3e Hilda Jitolu e Eug\u00eania L\u00facia \u00e9 tamb\u00e9m uma forma de preservar o legado e manter acesa a chama da ancestralidade. \u201cForam mulheres que pavimentaram esse mundo quando eu nem estava aqui e quando muitas de n\u00f3s, que hoje ocupamos lugares de poder e espa\u00e7os importantes, nem sonh\u00e1vamos estar aqui. Elas estavam aqui quando tudo era mato e capinaram esse mato para que hoje a gente pudesse estar sendo quem n\u00f3s somos\u201d, afirma.<\/p>\n<p>Ainda no primeiro dia, ser\u00e1 exibido o filme O Dia de Jerusa, que retrata o encontro entre diferentes gera\u00e7\u00f5es. Em seguida, ativistas e lideran\u00e7as participam da roda de conversa \u201cAinda temos muito para viver: mulheres negras, tempo, desejo e liberdade\u201d, que prop\u00f5e uma reflex\u00e3o sobre o direito das mulheres negras de viver plenamente todas as fases da vida, abordando temas como envelhecimento, autonomia, mem\u00f3ria, desejo, liberdade e reinven\u00e7\u00e3o. O debate questiona os estere\u00f3tipos que associam mulheres negras mais velhas apenas ao cuidado, ao trabalho e \u00e0 resist\u00eancia, destacando o direito de construir novos projetos, amar, desejar, descansar e imaginar novos futuros em qualquer idade. A roda de conversa contar\u00e1 com a participa\u00e7\u00e3o de Let\u00edcia Sotero e Cida Garcia, e ser\u00e1 mediada por Bal Benvindo.<\/p>\n<p>A cantora Jann Souza fecha a programa\u00e7\u00e3o do dia com um pocket show na \u00e1rea externa do Terreiro Ac\u00e8 Jitolu.<\/p>\n<p>Ancestralidade que se reinventa &#8211; Na quarta-feira (16), a programa\u00e7\u00e3o amplia o debate para temas que atravessam a vida e a atua\u00e7\u00e3o das mulheres negras na contemporaneidade. A roda de conversa \u201cModa Afro-brasileira: Identidade, Ancestralidade e Empreendedorismo\u201d vai discutir a moda produzida por mulheres negras como express\u00e3o de identidade, resist\u00eancia cultural, valoriza\u00e7\u00e3o da ancestralidade e tamb\u00e9m como possibilidade de gera\u00e7\u00e3o de renda. Participam a estilista Dete Lima e a empres\u00e1ria Najara Black.<\/p>\n<p>Outro destaque do dia ser\u00e1 a conversa \u201cMasculinidades Negras, Sa\u00fade Mental e os Impactos nas Vidas das Mulheres Negras\u201d, que prop\u00f5e uma reflex\u00e3o sobre as constru\u00e7\u00f5es sociais das masculinidades negras e seus impactos nas rela\u00e7\u00f5es afetivas, familiares e comunit\u00e1rias. O debate tamb\u00e9m abordar\u00e1 como o cuidado com a sa\u00fade emocional dos homens negros pode contribuir para o enfrentamento das viol\u00eancias que atingem as mulheres negras e para a constru\u00e7\u00e3o de rela\u00e7\u00f5es mais saud\u00e1veis e igualit\u00e1rias. Participam o historiador Dofono Hinxi e o psic\u00f3logo Diego Wellerson.<\/p>\n<p>Para Val Benvindo, esse legado tamb\u00e9m se atualiza por meio da pr\u00f3pria atua\u00e7\u00e3o do Il\u00ea Aiy\u00ea, que historicamente comunica \u00e0s mulheres negras a pot\u00eancia que elas t\u00eam. \u201cO Il\u00ea tem uma tradi\u00e7\u00e3o de comunicar \u00e0s mulheres negras o poder que elas t\u00eam, seja atrav\u00e9s de suas can\u00e7\u00f5es, falando sobre a beleza e sobre as caracter\u00edsticas das mulheres negras, seja com seus eventos, como a Noite da Beleza Negra e a Semana da M\u00e3e Preta. E, todo ano, a gente percebe que esse legado continua vivo e atuante. Por mais que, quem chegue hoje, possa n\u00e3o saber quem foi determinada pessoa que passou pelo Il\u00ea, est\u00e1 colhendo frutos da luta de todas as suas mulheres\u201d, destaca.<\/p>\n<p>J\u00e1 na sexta-feira (18), \u00faltimo dia da Semana da M\u00e3e Preta, a programa\u00e7\u00e3o come\u00e7a com a roda de conversa \u201cMem\u00f3rias Negras da Bahia\u201d que conta com a participa\u00e7\u00e3o de Amanda Tropicana e Ur\u00e2nia Muzanzo. Em seguida, ser\u00e1 exibido o document\u00e1rio \u201cJuntas pelo Bem Viver: Vozes da Marcha das Mulheres Negras\u201d, que aborda os processos de organiza\u00e7\u00e3o pol\u00edtica, mobiliza\u00e7\u00e3o social e protagonismo das mulheres negras no Brasil. O encontro ter\u00e1 a participa\u00e7\u00e3o de Valdeci Nascimento e pretende refletir sobre a import\u00e2ncia da mem\u00f3ria e da ancestralidade na transmiss\u00e3o de saberes, na forma\u00e7\u00e3o de novas lideran\u00e7as e na organiza\u00e7\u00e3o das mulheres negras.<\/p>\n<p>Na sequ\u00eancia, uma nova roda de conversa toma conta do Terreiro Ac\u00e8 Jitolu, no Curuzu. Com media\u00e7\u00e3o de Luanda Simax, a \u201cGera\u00e7\u00f5es de Mulheres Negras\u201d reunir\u00e1 diferentes gera\u00e7\u00f5es para compartilhar trajet\u00f3rias, experi\u00eancias de resist\u00eancia e estrat\u00e9gias de transforma\u00e7\u00e3o social.<\/p>\n<p>A Band\u2019Aiy\u00ea fecha a Semana da M\u00e3e Preta 2026 com uma apresenta\u00e7\u00e3o que celebra a for\u00e7a, a ancestralidade e a resist\u00eancia das mulheres negras, em uma programa\u00e7\u00e3o que alia reflex\u00e3o, mem\u00f3ria, cultura e celebra\u00e7\u00e3o.<\/p>\n<p>Legado de mulheres &#8211; A Semana da M\u00e3e Preta nasce do reconhecimento da import\u00e2ncia das mulheres negras na hist\u00f3ria do Il\u00ea Aiy\u00ea e da comunidade do Curuzu. Entre essas refer\u00eancias est\u00e1 M\u00e3e Hilda Jitolu, matriarca do Il\u00ea Aiy\u00ea, cujo legado est\u00e1 diretamente ligado \u00e0 educa\u00e7\u00e3o, \u00e0 cultura e ao acolhimento da comunidade.<\/p>\n<p>Em 2026, esse legado ganha novas vozes e perspectivas. Ao reunir mulheres de diferentes gera\u00e7\u00f5es e trajet\u00f3rias, a Semana da M\u00e3e Preta prop\u00f5e uma reflex\u00e3o sobre aquilo que permanece, aquilo que se transforma e os saberes que continuam sendo transmitidos. Mem\u00f3ria, resist\u00eancia e ancestralidade deixam de ser apenas palavras e se encontram nas hist\u00f3rias, nos corpos, na arte, na educa\u00e7\u00e3o e nas lutas das mulheres negras que constroem o presente.<\/p>\n<p>A Semana da M\u00e3e Preta \u00e9 uma realiza\u00e7\u00e3o da Associa\u00e7\u00e3o Cultural Bloco Carnavalesco Il\u00ea Aiy\u00ea e do Minist\u00e9rio da Cultura, com coordena\u00e7\u00e3o da Caderno 2 Produ\u00e7\u00f5es e produ\u00e7\u00e3o do Instituto M\u00e3e Hilda Jitolu. A iniciativa conta com o apoio do ITS Brasil e a parceria do Salvador Capital Afro, da Secult e da Prefeitura de Salvador. O evento tem patroc\u00ednio do Grupo Belov e patroc\u00ednio master da Petrobras, mantenedores do Plano Anual do Il\u00ea Aiy\u00ea por meio da Lei Rouanet.<\/p>\n<p>&nbsp;<\/p>\n<p>SERVI\u00c7O<\/p>\n<p>Semana da M\u00e3e Preta 2026<\/p>\n<p>Tema: Mulheres Negras: Mem\u00f3ria, Resist\u00eancia e Ancestralidade<\/p>\n<p>Data: 15, 16 e 18 de setembro de 2026<\/p>\n<p>Local: Terreiro Ac\u00e8 Jitolu \u2013 Curuzu, Salvador (BA)<\/p>\n<p>15 de setembro \u2013 Abertura da Semana da M\u00e3e Preta<\/p>\n<p>14h30 \u2013 Abertura oficial da exposi\u00e7\u00e3o fotogr\u00e1fica \u201cMulheres que constroem a nossa hist\u00f3ria\u201d<\/p>\n<p>15h \u2013 Mesa \u201cHomenagem a Eug\u00eania L\u00facia\u201d<\/p>\n<p>16h30 \u2013 Exibi\u00e7\u00e3o do filme \u201cO Dia de Jerusa\u201d<\/p>\n<p>17h \u2013 Roda de conversa \u201cAinda temos muito para viver: mulheres negras, tempo, desejo e liberdade\u201d<\/p>\n<p>18h \u2013 Pocket show com Jann Souza<\/p>\n<p>16 de setembro<\/p>\n<p>14h30 \u2013 Roda de conversa \u201cModa Afro-brasileira: Identidade, Ancestralidade e Empreendedorismo\u201d<\/p>\n<p>16h \u2013 Roda de conversa \u201cMasculinidades Negras, Sa\u00fade Mental e os Impactos nas Vidas das Mulheres Negras\u201d<\/p>\n<p>18 de setembro \u2013 Programa\u00e7\u00e3o principal<\/p>\n<p>14h30 \u2013 Roda de Conversa Mem\u00f3rias Negras da Bahia<\/p>\n<p>16h \u2013 Exibi\u00e7\u00e3o do document\u00e1rio \u201cJuntas pelo Bem Viver: Vozes da Marcha das Mulheres Negras\u201d<\/p>\n<p>16h30 \u2013 Roda de conversa \u201cGera\u00e7\u00f5es de Mulheres Negras\u201d<\/p>\n<p>18h \u2013 Encerramento com a Band\u2019Aiy\u00ea<\/p>\n<p>Entrada gratuita<\/p>\n<p>Fotos: Andr\u00e9 Frutu\u00f4so<\/p>\n","protected":false},"excerpt":{"rendered":"<p>A hist\u00f3ria do Il\u00ea Aiy\u00ea \u00e9 tamb\u00e9m uma hist\u00f3ria de mulheres negras que, por meio da educa\u00e7\u00e3o, da cultura, da organiza\u00e7\u00e3o comunit\u00e1ria e da resist\u00eancia, ajudaram a construir caminhos para as novas gera\u00e7\u00f5es. \u00c9 a partir dessa perspectiva que o Il\u00ea Aiy\u00ea realiza, desde 1979, sempre no m\u00eas de setembro, a Semana da M\u00e3e Preta. [&hellip;]<\/p>\n","protected":false},"author":8,"featured_media":1022841,"comment_status":"closed","ping_status":"closed","sticky":false,"template":"","format":"standard","meta":[],"categories":[689],"tags":[43713,85,52,933],"acf":[],"yoast_head":"<!-- This site is optimized with the Yoast SEO plugin v20.8 - https:\/\/yoast.com\/wordpress\/plugins\/seo\/ -->\n<title>SEMANA DA M\u00c3E PRETA 2026 CELEBRA MEM\u00d3RIA, RESIST\u00caNCIA E ANCESTRALIDADE DAS MULHERES NEGRAS - Bahia Economica<\/title>\n<meta name=\"description\" content=\"O maior portal de Economia da Bahia CULTURA E ARTE Bahia Economica\" \/>\n<meta name=\"robots\" content=\"index, follow, max-snippet:-1, max-image-preview:large, max-video-preview:-1\" \/>\n<link rel=\"canonical\" href=\"https:\/\/bahiaeconomica.com.br\/wp\/2026\/09\/05\/semana-da-mae-preta-2026-celebra-memoria-resistencia-e-ancestralidade-das-mulheres-negras\/\" \/>\n<meta property=\"og:locale\" content=\"pt_BR\" \/>\n<meta property=\"og:type\" content=\"article\" \/>\n<meta property=\"og:title\" content=\"SEMANA DA M\u00c3E PRETA 2026 CELEBRA MEM\u00d3RIA, RESIST\u00caNCIA E ANCESTRALIDADE DAS MULHERES NEGRAS - Bahia Economica\" \/>\n<meta property=\"og:description\" content=\"O maior portal de Economia da Bahia CULTURA E ARTE Bahia Economica\" \/>\n<meta property=\"og:url\" content=\"https:\/\/bahiaeconomica.com.br\/wp\/2026\/09\/05\/semana-da-mae-preta-2026-celebra-memoria-resistencia-e-ancestralidade-das-mulheres-negras\/\" \/>\n<meta property=\"og:site_name\" content=\"Bahia Economica\" \/>\n<meta property=\"article:publisher\" content=\"https:\/\/www.facebook.com\/bahiaeconomica\" \/>\n<meta property=\"article:published_time\" content=\"2026-09-05T12:00:04+00:00\" \/>\n<meta property=\"article:modified_time\" content=\"2026-09-05T10:21:49+00:00\" \/>\n<meta property=\"og:image\" content=\"https:\/\/bahiaeconomica.com.br\/wp\/wp-content\/uploads\/2026\/09\/WhatsApp-Image-2026-09-04-at-13.28.56.jpeg\" \/>\n\t<meta property=\"og:image:width\" content=\"1600\" \/>\n\t<meta property=\"og:image:height\" content=\"1066\" \/>\n\t<meta property=\"og:image:type\" content=\"image\/jpeg\" \/>\n<meta name=\"author\" content=\"JP\" \/>\n<meta name=\"twitter:card\" content=\"summary_large_image\" \/>\n<meta name=\"twitter:label1\" content=\"Escrito por\" \/>\n\t<meta name=\"twitter:data1\" content=\"JP\" \/>\n\t<meta name=\"twitter:label2\" content=\"Est. tempo de leitura\" \/>\n\t<meta name=\"twitter:data2\" content=\"8 minutos\" \/>\n<script type=\"application\/ld+json\" class=\"yoast-schema-graph\">{\"@context\":\"https:\/\/schema.org\",\"@graph\":[{\"@type\":\"Article\",\"@id\":\"https:\/\/bahiaeconomica.com.br\/wp\/2026\/09\/05\/semana-da-mae-preta-2026-celebra-memoria-resistencia-e-ancestralidade-das-mulheres-negras\/#article\",\"isPartOf\":{\"@id\":\"https:\/\/bahiaeconomica.com.br\/wp\/2026\/09\/05\/semana-da-mae-preta-2026-celebra-memoria-resistencia-e-ancestralidade-das-mulheres-negras\/\"},\"author\":{\"name\":\"JP\",\"@id\":\"https:\/\/bahiaeconomica.com.br\/wp\/#\/schema\/person\/c86d3a3f8960425a0f9d0e5245991f4e\"},\"headline\":\"SEMANA DA M\u00c3E PRETA 2026 CELEBRA MEM\u00d3RIA, RESIST\u00caNCIA E ANCESTRALIDADE DAS MULHERES NEGRAS\",\"datePublished\":\"2026-09-05T12:00:04+00:00\",\"dateModified\":\"2026-09-05T10:21:49+00:00\",\"mainEntityOfPage\":{\"@id\":\"https:\/\/bahiaeconomica.com.br\/wp\/2026\/09\/05\/semana-da-mae-preta-2026-celebra-memoria-resistencia-e-ancestralidade-das-mulheres-negras\/\"},\"wordCount\":1566,\"publisher\":{\"@id\":\"https:\/\/bahiaeconomica.com.br\/wp\/#organization\"},\"keywords\":[\"art\",\"Bahia\",\"Brasil\",\"cultura\"],\"articleSection\":[\"CULTURA E ARTE\"],\"inLanguage\":\"pt-BR\"},{\"@type\":\"WebPage\",\"@id\":\"https:\/\/bahiaeconomica.com.br\/wp\/2026\/09\/05\/semana-da-mae-preta-2026-celebra-memoria-resistencia-e-ancestralidade-das-mulheres-negras\/\",\"url\":\"https:\/\/bahiaeconomica.com.br\/wp\/2026\/09\/05\/semana-da-mae-preta-2026-celebra-memoria-resistencia-e-ancestralidade-das-mulheres-negras\/\",\"name\":\"SEMANA DA M\u00c3E PRETA 2026 CELEBRA MEM\u00d3RIA, RESIST\u00caNCIA E ANCESTRALIDADE DAS MULHERES NEGRAS - Bahia Economica\",\"isPartOf\":{\"@id\":\"https:\/\/bahiaeconomica.com.br\/wp\/#website\"},\"datePublished\":\"2026-09-05T12:00:04+00:00\",\"dateModified\":\"2026-09-05T10:21:49+00:00\",\"description\":\"O maior portal de Economia da Bahia CULTURA E ARTE Bahia Economica\",\"breadcrumb\":{\"@id\":\"https:\/\/bahiaeconomica.com.br\/wp\/2026\/09\/05\/semana-da-mae-preta-2026-celebra-memoria-resistencia-e-ancestralidade-das-mulheres-negras\/#breadcrumb\"},\"inLanguage\":\"pt-BR\",\"potentialAction\":[{\"@type\":\"ReadAction\",\"target\":[\"https:\/\/bahiaeconomica.com.br\/wp\/2026\/09\/05\/semana-da-mae-preta-2026-celebra-memoria-resistencia-e-ancestralidade-das-mulheres-negras\/\"]}]},{\"@type\":\"BreadcrumbList\",\"@id\":\"https:\/\/bahiaeconomica.com.br\/wp\/2026\/09\/05\/semana-da-mae-preta-2026-celebra-memoria-resistencia-e-ancestralidade-das-mulheres-negras\/#breadcrumb\",\"itemListElement\":[{\"@type\":\"ListItem\",\"position\":1,\"name\":\"In\u00edcio\",\"item\":\"https:\/\/bahiaeconomica.com.br\/wp\/\"},{\"@type\":\"ListItem\",\"position\":2,\"name\":\"SEMANA DA M\u00c3E PRETA 2026 CELEBRA MEM\u00d3RIA, RESIST\u00caNCIA E ANCESTRALIDADE DAS MULHERES NEGRAS\"}]},{\"@type\":\"WebSite\",\"@id\":\"https:\/\/bahiaeconomica.com.br\/wp\/#website\",\"url\":\"https:\/\/bahiaeconomica.com.br\/wp\/\",\"name\":\"Bahia Economica\",\"description\":\"O maior portal de Economia da Bahia\",\"publisher\":{\"@id\":\"https:\/\/bahiaeconomica.com.br\/wp\/#organization\"},\"potentialAction\":[{\"@type\":\"SearchAction\",\"target\":{\"@type\":\"EntryPoint\",\"urlTemplate\":\"https:\/\/bahiaeconomica.com.br\/wp\/?s={search_term_string}\"},\"query-input\":\"required name=search_term_string\"}],\"inLanguage\":\"pt-BR\"},{\"@type\":\"Organization\",\"@id\":\"https:\/\/bahiaeconomica.com.br\/wp\/#organization\",\"name\":\"Bahia Econ\u00f4mica\",\"url\":\"https:\/\/bahiaeconomica.com.br\/wp\/\",\"logo\":{\"@type\":\"ImageObject\",\"inLanguage\":\"pt-BR\",\"@id\":\"https:\/\/bahiaeconomica.com.br\/wp\/#\/schema\/logo\/image\/\",\"url\":\"https:\/\/bahiaeconomica.com.br\/wp\/wp-content\/uploads\/2020\/12\/cropped-BE.png\",\"contentUrl\":\"https:\/\/bahiaeconomica.com.br\/wp\/wp-content\/uploads\/2020\/12\/cropped-BE.png\",\"width\":512,\"height\":512,\"caption\":\"Bahia Econ\u00f4mica\"},\"image\":{\"@id\":\"https:\/\/bahiaeconomica.com.br\/wp\/#\/schema\/logo\/image\/\"},\"sameAs\":[\"https:\/\/www.facebook.com\/bahiaeconomica\"]},{\"@type\":\"Person\",\"@id\":\"https:\/\/bahiaeconomica.com.br\/wp\/#\/schema\/person\/c86d3a3f8960425a0f9d0e5245991f4e\",\"name\":\"JP\",\"sameAs\":[\"https:\/\/bahiaeconomica.com.br\/wp\/beta\/\"],\"url\":\"https:\/\/bahiaeconomica.com.br\/wp\/author\/jp\/\"}]}<\/script>\n<!-- \/ Yoast SEO plugin. -->","yoast_head_json":{"title":"SEMANA DA M\u00c3E PRETA 2026 CELEBRA MEM\u00d3RIA, RESIST\u00caNCIA E ANCESTRALIDADE DAS MULHERES NEGRAS - Bahia Economica","description":"O maior portal de Economia da Bahia CULTURA E ARTE Bahia Economica","robots":{"index":"index","follow":"follow","max-snippet":"max-snippet:-1","max-image-preview":"max-image-preview:large","max-video-preview":"max-video-preview:-1"},"canonical":"https:\/\/bahiaeconomica.com.br\/wp\/2026\/09\/05\/semana-da-mae-preta-2026-celebra-memoria-resistencia-e-ancestralidade-das-mulheres-negras\/","og_locale":"pt_BR","og_type":"article","og_title":"SEMANA DA M\u00c3E PRETA 2026 CELEBRA MEM\u00d3RIA, RESIST\u00caNCIA E ANCESTRALIDADE DAS MULHERES NEGRAS - Bahia Economica","og_description":"O maior portal de Economia da Bahia CULTURA E ARTE Bahia Economica","og_url":"https:\/\/bahiaeconomica.com.br\/wp\/2026\/09\/05\/semana-da-mae-preta-2026-celebra-memoria-resistencia-e-ancestralidade-das-mulheres-negras\/","og_site_name":"Bahia Economica","article_publisher":"https:\/\/www.facebook.com\/bahiaeconomica","article_published_time":"2026-09-05T12:00:04+00:00","article_modified_time":"2026-09-05T10:21:49+00:00","og_image":[{"width":1600,"height":1066,"url":"https:\/\/bahiaeconomica.com.br\/wp\/wp-content\/uploads\/2026\/09\/WhatsApp-Image-2026-09-04-at-13.28.56.jpeg","type":"image\/jpeg"}],"author":"JP","twitter_card":"summary_large_image","twitter_misc":{"Escrito por":"JP","Est. tempo de leitura":"8 minutos"},"schema":{"@context":"https:\/\/schema.org","@graph":[{"@type":"Article","@id":"https:\/\/bahiaeconomica.com.br\/wp\/2026\/09\/05\/semana-da-mae-preta-2026-celebra-memoria-resistencia-e-ancestralidade-das-mulheres-negras\/#article","isPartOf":{"@id":"https:\/\/bahiaeconomica.com.br\/wp\/2026\/09\/05\/semana-da-mae-preta-2026-celebra-memoria-resistencia-e-ancestralidade-das-mulheres-negras\/"},"author":{"name":"JP","@id":"https:\/\/bahiaeconomica.com.br\/wp\/#\/schema\/person\/c86d3a3f8960425a0f9d0e5245991f4e"},"headline":"SEMANA DA M\u00c3E PRETA 2026 CELEBRA MEM\u00d3RIA, RESIST\u00caNCIA E ANCESTRALIDADE DAS MULHERES NEGRAS","datePublished":"2026-09-05T12:00:04+00:00","dateModified":"2026-09-05T10:21:49+00:00","mainEntityOfPage":{"@id":"https:\/\/bahiaeconomica.com.br\/wp\/2026\/09\/05\/semana-da-mae-preta-2026-celebra-memoria-resistencia-e-ancestralidade-das-mulheres-negras\/"},"wordCount":1566,"publisher":{"@id":"https:\/\/bahiaeconomica.com.br\/wp\/#organization"},"keywords":["art","Bahia","Brasil","cultura"],"articleSection":["CULTURA E ARTE"],"inLanguage":"pt-BR"},{"@type":"WebPage","@id":"https:\/\/bahiaeconomica.com.br\/wp\/2026\/09\/05\/semana-da-mae-preta-2026-celebra-memoria-resistencia-e-ancestralidade-das-mulheres-negras\/","url":"https:\/\/bahiaeconomica.com.br\/wp\/2026\/09\/05\/semana-da-mae-preta-2026-celebra-memoria-resistencia-e-ancestralidade-das-mulheres-negras\/","name":"SEMANA DA M\u00c3E PRETA 2026 CELEBRA MEM\u00d3RIA, RESIST\u00caNCIA E ANCESTRALIDADE DAS MULHERES NEGRAS - Bahia Economica","isPartOf":{"@id":"https:\/\/bahiaeconomica.com.br\/wp\/#website"},"datePublished":"2026-09-05T12:00:04+00:00","dateModified":"2026-09-05T10:21:49+00:00","description":"O maior portal de Economia da Bahia CULTURA E ARTE Bahia Economica","breadcrumb":{"@id":"https:\/\/bahiaeconomica.com.br\/wp\/2026\/09\/05\/semana-da-mae-preta-2026-celebra-memoria-resistencia-e-ancestralidade-das-mulheres-negras\/#breadcrumb"},"inLanguage":"pt-BR","potentialAction":[{"@type":"ReadAction","target":["https:\/\/bahiaeconomica.com.br\/wp\/2026\/09\/05\/semana-da-mae-preta-2026-celebra-memoria-resistencia-e-ancestralidade-das-mulheres-negras\/"]}]},{"@type":"BreadcrumbList","@id":"https:\/\/bahiaeconomica.com.br\/wp\/2026\/09\/05\/semana-da-mae-preta-2026-celebra-memoria-resistencia-e-ancestralidade-das-mulheres-negras\/#breadcrumb","itemListElement":[{"@type":"ListItem","position":1,"name":"In\u00edcio","item":"https:\/\/bahiaeconomica.com.br\/wp\/"},{"@type":"ListItem","position":2,"name":"SEMANA DA M\u00c3E PRETA 2026 CELEBRA MEM\u00d3RIA, RESIST\u00caNCIA E ANCESTRALIDADE DAS MULHERES NEGRAS"}]},{"@type":"WebSite","@id":"https:\/\/bahiaeconomica.com.br\/wp\/#website","url":"https:\/\/bahiaeconomica.com.br\/wp\/","name":"Bahia Economica","description":"O maior portal de Economia da Bahia","publisher":{"@id":"https:\/\/bahiaeconomica.com.br\/wp\/#organization"},"potentialAction":[{"@type":"SearchAction","target":{"@type":"EntryPoint","urlTemplate":"https:\/\/bahiaeconomica.com.br\/wp\/?s={search_term_string}"},"query-input":"required name=search_term_string"}],"inLanguage":"pt-BR"},{"@type":"Organization","@id":"https:\/\/bahiaeconomica.com.br\/wp\/#organization","name":"Bahia Econ\u00f4mica","url":"https:\/\/bahiaeconomica.com.br\/wp\/","logo":{"@type":"ImageObject","inLanguage":"pt-BR","@id":"https:\/\/bahiaeconomica.com.br\/wp\/#\/schema\/logo\/image\/","url":"https:\/\/bahiaeconomica.com.br\/wp\/wp-content\/uploads\/2020\/12\/cropped-BE.png","contentUrl":"https:\/\/bahiaeconomica.com.br\/wp\/wp-content\/uploads\/2020\/12\/cropped-BE.png","width":512,"height":512,"caption":"Bahia Econ\u00f4mica"},"image":{"@id":"https:\/\/bahiaeconomica.com.br\/wp\/#\/schema\/logo\/image\/"},"sameAs":["https:\/\/www.facebook.com\/bahiaeconomica"]},{"@type":"Person","@id":"https:\/\/bahiaeconomica.com.br\/wp\/#\/schema\/person\/c86d3a3f8960425a0f9d0e5245991f4e","name":"JP","sameAs":["https:\/\/bahiaeconomica.com.br\/wp\/beta\/"],"url":"https:\/\/bahiaeconomica.com.br\/wp\/author\/jp\/"}]}},"views":2,"_links":{"self":[{"href":"https:\/\/bahiaeconomica.com.br\/wp\/wp-json\/wp\/v2\/posts\/1022840"}],"collection":[{"href":"https:\/\/bahiaeconomica.com.br\/wp\/wp-json\/wp\/v2\/posts"}],"about":[{"href":"https:\/\/bahiaeconomica.com.br\/wp\/wp-json\/wp\/v2\/types\/post"}],"author":[{"embeddable":true,"href":"https:\/\/bahiaeconomica.com.br\/wp\/wp-json\/wp\/v2\/users\/8"}],"replies":[{"embeddable":true,"href":"https:\/\/bahiaeconomica.com.br\/wp\/wp-json\/wp\/v2\/comments?post=1022840"}],"version-history":[{"count":1,"href":"https:\/\/bahiaeconomica.com.br\/wp\/wp-json\/wp\/v2\/posts\/1022840\/revisions"}],"predecessor-version":[{"id":1022842,"href":"https:\/\/bahiaeconomica.com.br\/wp\/wp-json\/wp\/v2\/posts\/1022840\/revisions\/1022842"}],"wp:featuredmedia":[{"embeddable":true,"href":"https:\/\/bahiaeconomica.com.br\/wp\/wp-json\/wp\/v2\/media\/1022841"}],"wp:attachment":[{"href":"https:\/\/bahiaeconomica.com.br\/wp\/wp-json\/wp\/v2\/media?parent=1022840"}],"wp:term":[{"taxonomy":"category","embeddable":true,"href":"https:\/\/bahiaeconomica.com.br\/wp\/wp-json\/wp\/v2\/categories?post=1022840"},{"taxonomy":"post_tag","embeddable":true,"href":"https:\/\/bahiaeconomica.com.br\/wp\/wp-json\/wp\/v2\/tags?post=1022840"}],"curies":[{"name":"wp","href":"https:\/\/api.w.org\/{rel}","templated":true}]}}