{"id":1022735,"date":"2026-09-04T18:22:39","date_gmt":"2026-09-04T21:22:39","guid":{"rendered":"https:\/\/bahiaeconomica.com.br\/wp\/?p=1022735"},"modified":"2026-09-04T18:22:39","modified_gmt":"2026-09-04T21:22:39","slug":"tarifas-de-trump-ajudam-no-crescimento-das-exportacoes-aos-eua-em-agosto","status":"publish","type":"post","link":"https:\/\/bahiaeconomica.com.br\/wp\/2026\/09\/04\/tarifas-de-trump-ajudam-no-crescimento-das-exportacoes-aos-eua-em-agosto\/","title":{"rendered":"TARIFAS DE TRUMP AJUDAM NO CRESCIMENTO DAS EXPORTA\u00c7\u00d5ES AOS EUA EM AGOSTO"},"content":{"rendered":"<p>No m\u00eas em que entraram em vigor as novas tarifas do governo Donald Trump, a alta dos pre\u00e7os m\u00e9dios ajudou a sustentar o crescimento das vendas brasileiras aos Estados Unidos. As exporta\u00e7\u00f5es somaram US$ 3,190 bilh\u00f5es no m\u00eas, alta de 12,1% em rela\u00e7\u00e3o a agosto de 2025, quando totalizaram US$ 2,845 bilh\u00f5es.<\/p>\n<p>Segundo o diretor do Departamento de Estat\u00edsticas e Estudos de Com\u00e9rcio Exterior do Minist\u00e9rio do Desenvolvimento, Ind\u00fastria, Com\u00e9rcio e Servi\u00e7os (Mdic), Herlon Brand\u00e3o, o aumento foi determinado principalmente pela valoriza\u00e7\u00e3o dos produtos vendidos aos estadunidenses.<\/p>\n<p>&#8220;Esse aumento das exporta\u00e7\u00f5es brasileiras no m\u00eas est\u00e1 calcado pelo crescimento de pre\u00e7os da exporta\u00e7\u00e3o para os Estados Unidos, de 8,6%&#8221;, disse Brand\u00e3o ao informar os dados da balan\u00e7a comercial de agosto.<\/p>\n<p>Entre os produtos que mais contribu\u00edram para o crescimento das vendas em valor est\u00e3o aeronaves e outros equipamentos, carne bovina, produtos inacabados de ferro ou a\u00e7o, cal, cimento e materiais de constru\u00e7\u00e3o, tubos de ferro ou a\u00e7o, celulose e caf\u00e9.<\/p>\n<p>Aeronaves e carne bovina est\u00e3o entre os produtos que foram excetuados das novas tarifas aplicadas pelos Estados Unidos.<\/p>\n<p><strong>Efeito das tarifas<\/strong><br \/>\nApesar da alta de 8,6% no pre\u00e7o m\u00e9dio, as exporta\u00e7\u00f5es brasileiras aos Estados Unidos recuaram 3,1% em volume em agosto. No acumulado de janeiro a agosto, a queda chega a 13,6% em volume e a 9,7% em valor, para US$ 24,105 bilh\u00f5es.<\/p>\n<p>As importa\u00e7\u00f5es brasileiras de produtos estadunidenses tamb\u00e9m diminu\u00edram no acumulado do ano. Elas somaram US$ 27,316 bilh\u00f5es entre janeiro e agosto, queda de 8,6% ante o mesmo per\u00edodo de 2025. Com isso, o d\u00e9ficit comercial brasileiro com os Estados Unidos chegou a US$ 3,211 bilh\u00f5es no per\u00edodo.<\/p>\n<p>Somente em agosto, as compras brasileiras dos Estados Unidos cresceram 1,1%, para US$ 4,014 bilh\u00f5es, levando a um d\u00e9ficit de US$ 824 milh\u00f5es no com\u00e9rcio bilateral. Brand\u00e3o afirmou que as oscila\u00e7\u00f5es s\u00e3o esperadas diante das diferentes interfer\u00eancias que atingem o com\u00e9rcio entre os dois pa\u00edses.<\/p>\n<p>&#8220;Dadas as m\u00faltiplas interfer\u00eancias no com\u00e9rcio com os Estados Unidos, temos observado uma grande oscila\u00e7\u00e3o nesse fluxo, ent\u00e3o, \u00e9 esperado que tenham essas oscila\u00e7\u00f5es, por conta dessas interfer\u00eancias, n\u00e3o s\u00f3 dados os produtos diretamente afetados, quanto pelas incertezas que essas interfer\u00eancias geram nos agentes da economia&#8221;, avaliou.<\/p>\n<p>Segundo o Mdic, pouco mais de 20% do com\u00e9rcio brasileiro com os Estados Unidos foi afetado pelas tarifas. Brand\u00e3o ressaltou que ainda \u00e9 cedo para medir os efeitos de um eventual redirecionamento das exporta\u00e7\u00f5es brasileiras para outros mercados. &#8220;N\u00f3s precisamos de um pouco mais de tempo para falar com mais seguran\u00e7a sobre esse efeito do redirecionamento&#8221;, afirmou.<\/p>\n<p><strong>Uni\u00e3o Europeia<\/strong><br \/>\nEnquanto as vendas aos Estados Unidos oscilaram sob o efeito das tarifas, as exporta\u00e7\u00f5es brasileiras para a Uni\u00e3o Europeia tiveram forte avan\u00e7o em agosto. O valor exportado para o bloco somou US$ 5,82 bilh\u00f5es, crescimento de 46,4% em rela\u00e7\u00e3o ao mesmo m\u00eas do ano passado. O volume embarcado aumentou 30,3%.<\/p>\n<p>Entre os principais produtos vendidos aos europeus est\u00e3o petr\u00f3leo, cobre, soja, \u00f3leos combust\u00edveis, caf\u00e9, tabaco e carne bovina. Para Brand\u00e3o, o desempenho re\u00fane diferentes fatores, entre eles as condi\u00e7\u00f5es de mercado e os efeitos do acordo entre Mercosul e Uni\u00e3o Europeia.<\/p>\n<p>&#8220;S\u00e3o produtos que o Brasil \u00e9 muito competitivo e que tem uma demanda internacional crescente&#8221;, disse o diretor. &#8220;S\u00e3o v\u00e1rios fatores. Temos relatos de exportadores que j\u00e1 est\u00e3o se beneficiando do acordo [Mercosul-UE] nesse per\u00edodo, mas tamb\u00e9m tem as condi\u00e7\u00f5es de mercado e de oferta influenciando&#8221;, explicou.<\/p>\n<p>Entre essas condi\u00e7\u00f5es, Brand\u00e3o citou o aumento da demanda por combust\u00edveis em raz\u00e3o do conflito no Oriente M\u00e9dio e a maior procura por cobre associada ao aquecimento do setor de tecnologia. O diretor ponderou, por\u00e9m, que ainda faltam dados completos fornecidos pelos importadores europeus para dimensionar com precis\u00e3o o efeito do acordo sobre as exporta\u00e7\u00f5es brasileiras.<\/p>\n<p>(Ag\u00eancia Brasil)<\/p>\n<p>Foto: T\u00e2nia R\u00eago\/Ag\u00eancia Brasil.<\/p>\n","protected":false},"excerpt":{"rendered":"<p>No m\u00eas em que entraram em vigor as novas tarifas do governo Donald Trump, a alta dos pre\u00e7os m\u00e9dios ajudou a sustentar o crescimento das vendas brasileiras aos Estados Unidos. As exporta\u00e7\u00f5es somaram US$ 3,190 bilh\u00f5es no m\u00eas, alta de 12,1% em rela\u00e7\u00e3o a agosto de 2025, quando totalizaram US$ 2,845 bilh\u00f5es. Segundo o diretor [&hellip;]<\/p>\n","protected":false},"author":21,"featured_media":1022738,"comment_status":"closed","ping_status":"closed","sticky":false,"template":"","format":"standard","meta":[],"categories":[3],"tags":[863,751,803],"acf":[],"yoast_head":"<!-- This site is optimized with the Yoast SEO plugin v20.8 - https:\/\/yoast.com\/wordpress\/plugins\/seo\/ -->\n<title>TARIFAS DE TRUMP AJUDAM NO CRESCIMENTO DAS EXPORTA\u00c7\u00d5ES AOS EUA EM AGOSTO - Bahia Economica<\/title>\n<meta name=\"description\" content=\"O maior portal de Economia da Bahia ECONOMIA \/ POL\u00cdTICA Bahia Economica No m\u00eas em que entraram em vigor as novas tarifas do governo\" \/>\n<meta name=\"robots\" content=\"index, follow, max-snippet:-1, max-image-preview:large, max-video-preview:-1\" \/>\n<link rel=\"canonical\" href=\"https:\/\/bahiaeconomica.com.br\/wp\/2026\/09\/04\/tarifas-de-trump-ajudam-no-crescimento-das-exportacoes-aos-eua-em-agosto\/\" \/>\n<meta property=\"og:locale\" content=\"pt_BR\" \/>\n<meta property=\"og:type\" content=\"article\" \/>\n<meta property=\"og:title\" content=\"TARIFAS DE TRUMP AJUDAM NO CRESCIMENTO DAS EXPORTA\u00c7\u00d5ES AOS EUA EM AGOSTO - Bahia Economica\" \/>\n<meta property=\"og:description\" content=\"O maior portal de Economia da Bahia ECONOMIA \/ POL\u00cdTICA Bahia Economica No m\u00eas em que entraram em vigor as novas tarifas do governo\" \/>\n<meta property=\"og:url\" content=\"https:\/\/bahiaeconomica.com.br\/wp\/2026\/09\/04\/tarifas-de-trump-ajudam-no-crescimento-das-exportacoes-aos-eua-em-agosto\/\" \/>\n<meta property=\"og:site_name\" content=\"Bahia Economica\" \/>\n<meta property=\"article:publisher\" content=\"https:\/\/www.facebook.com\/bahiaeconomica\" \/>\n<meta property=\"article:published_time\" content=\"2026-09-04T21:22:39+00:00\" \/>\n<meta property=\"og:image\" content=\"https:\/\/bahiaeconomica.com.br\/wp\/wp-content\/uploads\/2026\/09\/agenciabrasil260712_abr9887-2.webp\" \/>\n\t<meta property=\"og:image:width\" content=\"1170\" \/>\n\t<meta property=\"og:image:height\" content=\"700\" \/>\n\t<meta property=\"og:image:type\" content=\"image\/webp\" \/>\n<meta name=\"author\" content=\"HUGO LEITE\" \/>\n<meta name=\"twitter:card\" content=\"summary_large_image\" \/>\n<meta name=\"twitter:label1\" content=\"Escrito por\" \/>\n\t<meta name=\"twitter:data1\" content=\"HUGO LEITE\" \/>\n\t<meta name=\"twitter:label2\" content=\"Est. tempo de leitura\" \/>\n\t<meta name=\"twitter:data2\" content=\"4 minutos\" \/>\n<script type=\"application\/ld+json\" class=\"yoast-schema-graph\">{\"@context\":\"https:\/\/schema.org\",\"@graph\":[{\"@type\":\"Article\",\"@id\":\"https:\/\/bahiaeconomica.com.br\/wp\/2026\/09\/04\/tarifas-de-trump-ajudam-no-crescimento-das-exportacoes-aos-eua-em-agosto\/#article\",\"isPartOf\":{\"@id\":\"https:\/\/bahiaeconomica.com.br\/wp\/2026\/09\/04\/tarifas-de-trump-ajudam-no-crescimento-das-exportacoes-aos-eua-em-agosto\/\"},\"author\":{\"name\":\"HUGO LEITE\",\"@id\":\"https:\/\/bahiaeconomica.com.br\/wp\/#\/schema\/person\/1704090528f3af7c918b3cb25d9d4016\"},\"headline\":\"TARIFAS DE TRUMP AJUDAM NO CRESCIMENTO DAS EXPORTA\u00c7\u00d5ES AOS EUA EM AGOSTO\",\"datePublished\":\"2026-09-04T21:22:39+00:00\",\"dateModified\":\"2026-09-04T21:22:39+00:00\",\"mainEntityOfPage\":{\"@id\":\"https:\/\/bahiaeconomica.com.br\/wp\/2026\/09\/04\/tarifas-de-trump-ajudam-no-crescimento-das-exportacoes-aos-eua-em-agosto\/\"},\"wordCount\":707,\"publisher\":{\"@id\":\"https:\/\/bahiaeconomica.com.br\/wp\/#organization\"},\"keywords\":[\"eua\",\"exporta\u00e7\u00f5es\",\"tarifas\"],\"articleSection\":[\"ECONOMIA \/ POL\u00cdTICA\"],\"inLanguage\":\"pt-BR\"},{\"@type\":\"WebPage\",\"@id\":\"https:\/\/bahiaeconomica.com.br\/wp\/2026\/09\/04\/tarifas-de-trump-ajudam-no-crescimento-das-exportacoes-aos-eua-em-agosto\/\",\"url\":\"https:\/\/bahiaeconomica.com.br\/wp\/2026\/09\/04\/tarifas-de-trump-ajudam-no-crescimento-das-exportacoes-aos-eua-em-agosto\/\",\"name\":\"TARIFAS DE TRUMP AJUDAM NO CRESCIMENTO DAS EXPORTA\u00c7\u00d5ES AOS EUA EM AGOSTO - Bahia Economica\",\"isPartOf\":{\"@id\":\"https:\/\/bahiaeconomica.com.br\/wp\/#website\"},\"datePublished\":\"2026-09-04T21:22:39+00:00\",\"dateModified\":\"2026-09-04T21:22:39+00:00\",\"description\":\"O maior portal de Economia da Bahia ECONOMIA \/ POL\u00cdTICA Bahia Economica No m\u00eas em que entraram em vigor as novas tarifas do governo\",\"breadcrumb\":{\"@id\":\"https:\/\/bahiaeconomica.com.br\/wp\/2026\/09\/04\/tarifas-de-trump-ajudam-no-crescimento-das-exportacoes-aos-eua-em-agosto\/#breadcrumb\"},\"inLanguage\":\"pt-BR\",\"potentialAction\":[{\"@type\":\"ReadAction\",\"target\":[\"https:\/\/bahiaeconomica.com.br\/wp\/2026\/09\/04\/tarifas-de-trump-ajudam-no-crescimento-das-exportacoes-aos-eua-em-agosto\/\"]}]},{\"@type\":\"BreadcrumbList\",\"@id\":\"https:\/\/bahiaeconomica.com.br\/wp\/2026\/09\/04\/tarifas-de-trump-ajudam-no-crescimento-das-exportacoes-aos-eua-em-agosto\/#breadcrumb\",\"itemListElement\":[{\"@type\":\"ListItem\",\"position\":1,\"name\":\"In\u00edcio\",\"item\":\"https:\/\/bahiaeconomica.com.br\/wp\/\"},{\"@type\":\"ListItem\",\"position\":2,\"name\":\"TARIFAS DE TRUMP AJUDAM NO CRESCIMENTO DAS EXPORTA\u00c7\u00d5ES AOS EUA EM AGOSTO\"}]},{\"@type\":\"WebSite\",\"@id\":\"https:\/\/bahiaeconomica.com.br\/wp\/#website\",\"url\":\"https:\/\/bahiaeconomica.com.br\/wp\/\",\"name\":\"Bahia Economica\",\"description\":\"O maior portal de Economia da Bahia\",\"publisher\":{\"@id\":\"https:\/\/bahiaeconomica.com.br\/wp\/#organization\"},\"potentialAction\":[{\"@type\":\"SearchAction\",\"target\":{\"@type\":\"EntryPoint\",\"urlTemplate\":\"https:\/\/bahiaeconomica.com.br\/wp\/?s={search_term_string}\"},\"query-input\":\"required name=search_term_string\"}],\"inLanguage\":\"pt-BR\"},{\"@type\":\"Organization\",\"@id\":\"https:\/\/bahiaeconomica.com.br\/wp\/#organization\",\"name\":\"Bahia Econ\u00f4mica\",\"url\":\"https:\/\/bahiaeconomica.com.br\/wp\/\",\"logo\":{\"@type\":\"ImageObject\",\"inLanguage\":\"pt-BR\",\"@id\":\"https:\/\/bahiaeconomica.com.br\/wp\/#\/schema\/logo\/image\/\",\"url\":\"https:\/\/bahiaeconomica.com.br\/wp\/wp-content\/uploads\/2020\/12\/cropped-BE.png\",\"contentUrl\":\"https:\/\/bahiaeconomica.com.br\/wp\/wp-content\/uploads\/2020\/12\/cropped-BE.png\",\"width\":512,\"height\":512,\"caption\":\"Bahia Econ\u00f4mica\"},\"image\":{\"@id\":\"https:\/\/bahiaeconomica.com.br\/wp\/#\/schema\/logo\/image\/\"},\"sameAs\":[\"https:\/\/www.facebook.com\/bahiaeconomica\"]},{\"@type\":\"Person\",\"@id\":\"https:\/\/bahiaeconomica.com.br\/wp\/#\/schema\/person\/1704090528f3af7c918b3cb25d9d4016\",\"name\":\"HUGO LEITE\",\"sameAs\":[\"http:\/\/www.bahiaeconomica.com.br\"],\"url\":\"https:\/\/bahiaeconomica.com.br\/wp\/author\/hugo-leite\/\"}]}<\/script>\n<!-- \/ Yoast SEO plugin. -->","yoast_head_json":{"title":"TARIFAS DE TRUMP AJUDAM NO CRESCIMENTO DAS EXPORTA\u00c7\u00d5ES AOS EUA EM AGOSTO - Bahia Economica","description":"O maior portal de Economia da Bahia ECONOMIA \/ POL\u00cdTICA Bahia Economica No m\u00eas em que entraram em vigor as novas tarifas do governo","robots":{"index":"index","follow":"follow","max-snippet":"max-snippet:-1","max-image-preview":"max-image-preview:large","max-video-preview":"max-video-preview:-1"},"canonical":"https:\/\/bahiaeconomica.com.br\/wp\/2026\/09\/04\/tarifas-de-trump-ajudam-no-crescimento-das-exportacoes-aos-eua-em-agosto\/","og_locale":"pt_BR","og_type":"article","og_title":"TARIFAS DE TRUMP AJUDAM NO CRESCIMENTO DAS EXPORTA\u00c7\u00d5ES AOS EUA EM AGOSTO - Bahia Economica","og_description":"O maior portal de Economia da Bahia ECONOMIA \/ POL\u00cdTICA Bahia Economica No m\u00eas em que entraram em vigor as novas tarifas do governo","og_url":"https:\/\/bahiaeconomica.com.br\/wp\/2026\/09\/04\/tarifas-de-trump-ajudam-no-crescimento-das-exportacoes-aos-eua-em-agosto\/","og_site_name":"Bahia Economica","article_publisher":"https:\/\/www.facebook.com\/bahiaeconomica","article_published_time":"2026-09-04T21:22:39+00:00","og_image":[{"width":1170,"height":700,"url":"https:\/\/bahiaeconomica.com.br\/wp\/wp-content\/uploads\/2026\/09\/agenciabrasil260712_abr9887-2.webp","type":"image\/webp"}],"author":"HUGO LEITE","twitter_card":"summary_large_image","twitter_misc":{"Escrito por":"HUGO LEITE","Est. tempo de leitura":"4 minutos"},"schema":{"@context":"https:\/\/schema.org","@graph":[{"@type":"Article","@id":"https:\/\/bahiaeconomica.com.br\/wp\/2026\/09\/04\/tarifas-de-trump-ajudam-no-crescimento-das-exportacoes-aos-eua-em-agosto\/#article","isPartOf":{"@id":"https:\/\/bahiaeconomica.com.br\/wp\/2026\/09\/04\/tarifas-de-trump-ajudam-no-crescimento-das-exportacoes-aos-eua-em-agosto\/"},"author":{"name":"HUGO LEITE","@id":"https:\/\/bahiaeconomica.com.br\/wp\/#\/schema\/person\/1704090528f3af7c918b3cb25d9d4016"},"headline":"TARIFAS DE TRUMP AJUDAM NO CRESCIMENTO DAS EXPORTA\u00c7\u00d5ES AOS EUA EM AGOSTO","datePublished":"2026-09-04T21:22:39+00:00","dateModified":"2026-09-04T21:22:39+00:00","mainEntityOfPage":{"@id":"https:\/\/bahiaeconomica.com.br\/wp\/2026\/09\/04\/tarifas-de-trump-ajudam-no-crescimento-das-exportacoes-aos-eua-em-agosto\/"},"wordCount":707,"publisher":{"@id":"https:\/\/bahiaeconomica.com.br\/wp\/#organization"},"keywords":["eua","exporta\u00e7\u00f5es","tarifas"],"articleSection":["ECONOMIA \/ POL\u00cdTICA"],"inLanguage":"pt-BR"},{"@type":"WebPage","@id":"https:\/\/bahiaeconomica.com.br\/wp\/2026\/09\/04\/tarifas-de-trump-ajudam-no-crescimento-das-exportacoes-aos-eua-em-agosto\/","url":"https:\/\/bahiaeconomica.com.br\/wp\/2026\/09\/04\/tarifas-de-trump-ajudam-no-crescimento-das-exportacoes-aos-eua-em-agosto\/","name":"TARIFAS DE TRUMP AJUDAM NO CRESCIMENTO DAS EXPORTA\u00c7\u00d5ES AOS EUA EM AGOSTO - Bahia Economica","isPartOf":{"@id":"https:\/\/bahiaeconomica.com.br\/wp\/#website"},"datePublished":"2026-09-04T21:22:39+00:00","dateModified":"2026-09-04T21:22:39+00:00","description":"O maior portal de Economia da Bahia ECONOMIA \/ POL\u00cdTICA Bahia Economica No m\u00eas em que entraram em vigor as novas tarifas do governo","breadcrumb":{"@id":"https:\/\/bahiaeconomica.com.br\/wp\/2026\/09\/04\/tarifas-de-trump-ajudam-no-crescimento-das-exportacoes-aos-eua-em-agosto\/#breadcrumb"},"inLanguage":"pt-BR","potentialAction":[{"@type":"ReadAction","target":["https:\/\/bahiaeconomica.com.br\/wp\/2026\/09\/04\/tarifas-de-trump-ajudam-no-crescimento-das-exportacoes-aos-eua-em-agosto\/"]}]},{"@type":"BreadcrumbList","@id":"https:\/\/bahiaeconomica.com.br\/wp\/2026\/09\/04\/tarifas-de-trump-ajudam-no-crescimento-das-exportacoes-aos-eua-em-agosto\/#breadcrumb","itemListElement":[{"@type":"ListItem","position":1,"name":"In\u00edcio","item":"https:\/\/bahiaeconomica.com.br\/wp\/"},{"@type":"ListItem","position":2,"name":"TARIFAS DE TRUMP AJUDAM NO CRESCIMENTO DAS EXPORTA\u00c7\u00d5ES AOS EUA EM AGOSTO"}]},{"@type":"WebSite","@id":"https:\/\/bahiaeconomica.com.br\/wp\/#website","url":"https:\/\/bahiaeconomica.com.br\/wp\/","name":"Bahia Economica","description":"O maior portal de Economia da Bahia","publisher":{"@id":"https:\/\/bahiaeconomica.com.br\/wp\/#organization"},"potentialAction":[{"@type":"SearchAction","target":{"@type":"EntryPoint","urlTemplate":"https:\/\/bahiaeconomica.com.br\/wp\/?s={search_term_string}"},"query-input":"required name=search_term_string"}],"inLanguage":"pt-BR"},{"@type":"Organization","@id":"https:\/\/bahiaeconomica.com.br\/wp\/#organization","name":"Bahia Econ\u00f4mica","url":"https:\/\/bahiaeconomica.com.br\/wp\/","logo":{"@type":"ImageObject","inLanguage":"pt-BR","@id":"https:\/\/bahiaeconomica.com.br\/wp\/#\/schema\/logo\/image\/","url":"https:\/\/bahiaeconomica.com.br\/wp\/wp-content\/uploads\/2020\/12\/cropped-BE.png","contentUrl":"https:\/\/bahiaeconomica.com.br\/wp\/wp-content\/uploads\/2020\/12\/cropped-BE.png","width":512,"height":512,"caption":"Bahia Econ\u00f4mica"},"image":{"@id":"https:\/\/bahiaeconomica.com.br\/wp\/#\/schema\/logo\/image\/"},"sameAs":["https:\/\/www.facebook.com\/bahiaeconomica"]},{"@type":"Person","@id":"https:\/\/bahiaeconomica.com.br\/wp\/#\/schema\/person\/1704090528f3af7c918b3cb25d9d4016","name":"HUGO LEITE","sameAs":["http:\/\/www.bahiaeconomica.com.br"],"url":"https:\/\/bahiaeconomica.com.br\/wp\/author\/hugo-leite\/"}]}},"views":4,"_links":{"self":[{"href":"https:\/\/bahiaeconomica.com.br\/wp\/wp-json\/wp\/v2\/posts\/1022735"}],"collection":[{"href":"https:\/\/bahiaeconomica.com.br\/wp\/wp-json\/wp\/v2\/posts"}],"about":[{"href":"https:\/\/bahiaeconomica.com.br\/wp\/wp-json\/wp\/v2\/types\/post"}],"author":[{"embeddable":true,"href":"https:\/\/bahiaeconomica.com.br\/wp\/wp-json\/wp\/v2\/users\/21"}],"replies":[{"embeddable":true,"href":"https:\/\/bahiaeconomica.com.br\/wp\/wp-json\/wp\/v2\/comments?post=1022735"}],"version-history":[{"count":1,"href":"https:\/\/bahiaeconomica.com.br\/wp\/wp-json\/wp\/v2\/posts\/1022735\/revisions"}],"predecessor-version":[{"id":1022739,"href":"https:\/\/bahiaeconomica.com.br\/wp\/wp-json\/wp\/v2\/posts\/1022735\/revisions\/1022739"}],"wp:featuredmedia":[{"embeddable":true,"href":"https:\/\/bahiaeconomica.com.br\/wp\/wp-json\/wp\/v2\/media\/1022738"}],"wp:attachment":[{"href":"https:\/\/bahiaeconomica.com.br\/wp\/wp-json\/wp\/v2\/media?parent=1022735"}],"wp:term":[{"taxonomy":"category","embeddable":true,"href":"https:\/\/bahiaeconomica.com.br\/wp\/wp-json\/wp\/v2\/categories?post=1022735"},{"taxonomy":"post_tag","embeddable":true,"href":"https:\/\/bahiaeconomica.com.br\/wp\/wp-json\/wp\/v2\/tags?post=1022735"}],"curies":[{"name":"wp","href":"https:\/\/api.w.org\/{rel}","templated":true}]}}