{"id":1022729,"date":"2026-09-04T18:11:28","date_gmt":"2026-09-04T21:11:28","guid":{"rendered":"https:\/\/bahiaeconomica.com.br\/wp\/?p=1022729"},"modified":"2026-09-04T18:11:28","modified_gmt":"2026-09-04T21:11:28","slug":"angelo-coronel-escancara-descaso-com-semiarido-em-meio-a-disputa-pelo-senado","status":"publish","type":"post","link":"https:\/\/bahiaeconomica.com.br\/wp\/2026\/09\/04\/angelo-coronel-escancara-descaso-com-semiarido-em-meio-a-disputa-pelo-senado\/","title":{"rendered":"ANGELO CORONEL ESCANCARA DESCASO COM SEMI\u00c1RIDO EM MEIO \u00c0 DISPUTA PELO SENADO"},"content":{"rendered":"<p>O Nordeste concentra 60% de todo o semi\u00e1rido brasileiro e recebe apenas 15% dos recursos do Pronaf (Programa Nacional de Fortalecimento da Agricultura Familiar), o programa federal que financia cr\u00e9dito para agricultura familiar. A dist\u00e2ncia entre os dois n\u00fameros define o problema: a regi\u00e3o que mais precisa de pol\u00edtica de conviv\u00eancia com a seca \u00e9 a que menos recebe instrumento para enfrent\u00e1-la.<\/p>\n<p>O desequil\u00edbrio n\u00e3o \u00e9 novo, mas ganha outro peso quando confrontado com o discurso eleitoral do PT na Bahia. \u00c9 a regi\u00e3o que historicamente sustenta vit\u00f3rias petistas nas urnas, e que segue tratada como prioridade ret\u00f3rica, n\u00e3o or\u00e7ament\u00e1ria. Cabra, ro\u00e7a, cultura de subsist\u00eancia: o pequeno produtor do sert\u00e3o baiano segue sem acesso proporcional ao cr\u00e9dito que poderia sustentar sua produ\u00e7\u00e3o diante do clima mais hostil do pa\u00eds.<\/p>\n<p>O senador Angelo Coronel transformou este diagn\u00f3stico em PL antes de qualquer discurso de campanha. O PL 1389\/2026 estabelece diretrizes para direcionar cr\u00e9dito rural e instrumentos de gest\u00e3o de risco para produtores do semi\u00e1rido, com foco em adapta\u00e7\u00e3o \u00e0s condi\u00e7\u00f5es clim\u00e1ticas da regi\u00e3o e o PL 3309\/2026 cria a Pol\u00edtica Nacional de Desenvolvimento Produtivo do Semi\u00e1rido Brasileiro e o Programa Sertanejo Vencedor, com eixos em seguran\u00e7a h\u00eddrica, agropecu\u00e1ria adaptada \u00e0 seca e fortalecimento de pequenos produtores, sem despesa obrigat\u00f3ria nova, com uso de fundos constitucionais e regionais j\u00e1 existentes.<\/p>\n<p>N\u00e3o se trata de reclamar do PT por reclamar, mas de mostrar que existe alternativa legislativa pronta para um problema que a gest\u00e3o estadual e federal conhecem h\u00e1 d\u00e9cadas e nunca resolveram. Conviv\u00eancia com a seca n\u00e3o se resolve com discurso de vit\u00f3ria eleitoral repetido a cada quatro anos. Resolve-se com cr\u00e9dito, seguro, \u00e1gua e infraestrutura, o que falta ao semi\u00e1rido baiano n\u00e3o \u00e9 aten\u00e7\u00e3o em ano de elei\u00e7\u00e3o, \u00e9 pol\u00edtica p\u00fablica fora dele.<\/p>\n<p>Foto: Divulga\u00e7\u00e3o<\/p>\n","protected":false},"excerpt":{"rendered":"<p>O Nordeste concentra 60% de todo o semi\u00e1rido brasileiro e recebe apenas 15% dos recursos do Pronaf (Programa Nacional de Fortalecimento da Agricultura Familiar), o programa federal que financia cr\u00e9dito para agricultura familiar. A dist\u00e2ncia entre os dois n\u00fameros define o problema: a regi\u00e3o que mais precisa de pol\u00edtica de conviv\u00eancia com a seca \u00e9 [&hellip;]<\/p>\n","protected":false},"author":24,"featured_media":1022731,"comment_status":"closed","ping_status":"closed","sticky":false,"template":"","format":"standard","meta":[],"categories":[14601],"tags":[11673,6705,45646],"acf":[],"yoast_head":"<!-- This site is optimized with the Yoast SEO plugin v20.8 - https:\/\/yoast.com\/wordpress\/plugins\/seo\/ -->\n<title>ANGELO CORONEL ESCANCARA DESCASO COM SEMI\u00c1RIDO EM MEIO \u00c0 DISPUTA PELO SENADO - Bahia Economica O Nordeste concentra 60% de todo o semi\u00e1rido brasileiro e recebe apenas 15% dos recursos do Pronaf (Programa Nacional de Fortalecimento da Agricultura Familiar), o programa federal que financia cr\u00e9dito para agricultura familiar<\/title>\n<meta name=\"description\" content=\"O maior portal de Economia da Bahia Pol\u00edtica Bahia Economica O Nordeste concentra 60% de todo o semi\u00e1rido brasileiro e recebe apenas 15% dos recursos do Pronaf (Programa Nacional de Fortalecimento da Agricultura Familiar), o programa federal que financia cr\u00e9dito para agricultura familiar\" \/>\n<meta name=\"robots\" content=\"index, follow, max-snippet:-1, max-image-preview:large, max-video-preview:-1\" \/>\n<link rel=\"canonical\" href=\"https:\/\/bahiaeconomica.com.br\/wp\/2026\/09\/04\/angelo-coronel-escancara-descaso-com-semiarido-em-meio-a-disputa-pelo-senado\/\" \/>\n<meta property=\"og:locale\" content=\"pt_BR\" \/>\n<meta property=\"og:type\" content=\"article\" \/>\n<meta property=\"og:title\" content=\"ANGELO CORONEL ESCANCARA DESCASO COM SEMI\u00c1RIDO EM MEIO \u00c0 DISPUTA PELO SENADO - Bahia Economica O Nordeste concentra 60% de todo o semi\u00e1rido brasileiro e recebe apenas 15% dos recursos do Pronaf (Programa Nacional de Fortalecimento da Agricultura Familiar), o programa federal que financia cr\u00e9dito para agricultura familiar\" \/>\n<meta property=\"og:description\" content=\"O maior portal de Economia da Bahia Pol\u00edtica Bahia Economica O Nordeste concentra 60% de todo o semi\u00e1rido brasileiro e recebe apenas 15% dos recursos do Pronaf (Programa Nacional de Fortalecimento da Agricultura Familiar), o programa federal que financia cr\u00e9dito para agricultura familiar\" \/>\n<meta property=\"og:url\" content=\"https:\/\/bahiaeconomica.com.br\/wp\/2026\/09\/04\/angelo-coronel-escancara-descaso-com-semiarido-em-meio-a-disputa-pelo-senado\/\" \/>\n<meta property=\"og:site_name\" content=\"Bahia Economica\" \/>\n<meta property=\"article:publisher\" content=\"https:\/\/www.facebook.com\/bahiaeconomica\" \/>\n<meta property=\"article:published_time\" content=\"2026-09-04T21:11:28+00:00\" \/>\n<meta property=\"og:image\" content=\"https:\/\/bahiaeconomica.com.br\/wp\/wp-content\/uploads\/2026\/09\/WhatsApp-Image-2026-09-04-at-18.07.40.jpeg\" \/>\n\t<meta property=\"og:image:width\" content=\"1600\" \/>\n\t<meta property=\"og:image:height\" content=\"1200\" \/>\n\t<meta property=\"og:image:type\" content=\"image\/jpeg\" \/>\n<meta name=\"author\" content=\"VICTOR OLIVEIRA\" \/>\n<meta name=\"twitter:card\" content=\"summary_large_image\" \/>\n<meta name=\"twitter:label1\" content=\"Escrito por\" \/>\n\t<meta name=\"twitter:data1\" content=\"VICTOR OLIVEIRA\" \/>\n\t<meta name=\"twitter:label2\" content=\"Est. tempo de leitura\" \/>\n\t<meta name=\"twitter:data2\" content=\"2 minutos\" \/>\n<script type=\"application\/ld+json\" class=\"yoast-schema-graph\">{\"@context\":\"https:\/\/schema.org\",\"@graph\":[{\"@type\":\"Article\",\"@id\":\"https:\/\/bahiaeconomica.com.br\/wp\/2026\/09\/04\/angelo-coronel-escancara-descaso-com-semiarido-em-meio-a-disputa-pelo-senado\/#article\",\"isPartOf\":{\"@id\":\"https:\/\/bahiaeconomica.com.br\/wp\/2026\/09\/04\/angelo-coronel-escancara-descaso-com-semiarido-em-meio-a-disputa-pelo-senado\/\"},\"author\":{\"name\":\"VICTOR OLIVEIRA\",\"@id\":\"https:\/\/bahiaeconomica.com.br\/wp\/#\/schema\/person\/a17956d0e1112b626f403fb06b8129a9\"},\"headline\":\"ANGELO CORONEL ESCANCARA DESCASO COM SEMI\u00c1RIDO EM MEIO \u00c0 DISPUTA PELO SENADO\",\"datePublished\":\"2026-09-04T21:11:28+00:00\",\"dateModified\":\"2026-09-04T21:11:28+00:00\",\"mainEntityOfPage\":{\"@id\":\"https:\/\/bahiaeconomica.com.br\/wp\/2026\/09\/04\/angelo-coronel-escancara-descaso-com-semiarido-em-meio-a-disputa-pelo-senado\/\"},\"wordCount\":346,\"publisher\":{\"@id\":\"https:\/\/bahiaeconomica.com.br\/wp\/#organization\"},\"keywords\":[\"Agricultura Familiar\",\"\u00e2ngelo coronel\",\"me\u00e1rido\"],\"articleSection\":[\"Pol\u00edtica\"],\"inLanguage\":\"pt-BR\"},{\"@type\":\"WebPage\",\"@id\":\"https:\/\/bahiaeconomica.com.br\/wp\/2026\/09\/04\/angelo-coronel-escancara-descaso-com-semiarido-em-meio-a-disputa-pelo-senado\/\",\"url\":\"https:\/\/bahiaeconomica.com.br\/wp\/2026\/09\/04\/angelo-coronel-escancara-descaso-com-semiarido-em-meio-a-disputa-pelo-senado\/\",\"name\":\"ANGELO CORONEL ESCANCARA DESCASO COM SEMI\u00c1RIDO EM MEIO \u00c0 DISPUTA PELO SENADO - Bahia Economica O Nordeste concentra 60% de todo o semi\u00e1rido brasileiro e recebe apenas 15% dos recursos do Pronaf (Programa Nacional de Fortalecimento da Agricultura Familiar), o programa federal que financia cr\u00e9dito para agricultura familiar\",\"isPartOf\":{\"@id\":\"https:\/\/bahiaeconomica.com.br\/wp\/#website\"},\"datePublished\":\"2026-09-04T21:11:28+00:00\",\"dateModified\":\"2026-09-04T21:11:28+00:00\",\"description\":\"O maior portal de Economia da Bahia Pol\u00edtica Bahia Economica O Nordeste concentra 60% de todo o semi\u00e1rido brasileiro e recebe apenas 15% dos recursos do Pronaf (Programa Nacional de Fortalecimento da Agricultura Familiar), o programa federal que financia cr\u00e9dito para agricultura familiar\",\"breadcrumb\":{\"@id\":\"https:\/\/bahiaeconomica.com.br\/wp\/2026\/09\/04\/angelo-coronel-escancara-descaso-com-semiarido-em-meio-a-disputa-pelo-senado\/#breadcrumb\"},\"inLanguage\":\"pt-BR\",\"potentialAction\":[{\"@type\":\"ReadAction\",\"target\":[\"https:\/\/bahiaeconomica.com.br\/wp\/2026\/09\/04\/angelo-coronel-escancara-descaso-com-semiarido-em-meio-a-disputa-pelo-senado\/\"]}]},{\"@type\":\"BreadcrumbList\",\"@id\":\"https:\/\/bahiaeconomica.com.br\/wp\/2026\/09\/04\/angelo-coronel-escancara-descaso-com-semiarido-em-meio-a-disputa-pelo-senado\/#breadcrumb\",\"itemListElement\":[{\"@type\":\"ListItem\",\"position\":1,\"name\":\"In\u00edcio\",\"item\":\"https:\/\/bahiaeconomica.com.br\/wp\/\"},{\"@type\":\"ListItem\",\"position\":2,\"name\":\"ANGELO CORONEL ESCANCARA DESCASO COM SEMI\u00c1RIDO EM MEIO \u00c0 DISPUTA PELO SENADO\"}]},{\"@type\":\"WebSite\",\"@id\":\"https:\/\/bahiaeconomica.com.br\/wp\/#website\",\"url\":\"https:\/\/bahiaeconomica.com.br\/wp\/\",\"name\":\"Bahia Economica\",\"description\":\"O maior portal de Economia da Bahia\",\"publisher\":{\"@id\":\"https:\/\/bahiaeconomica.com.br\/wp\/#organization\"},\"potentialAction\":[{\"@type\":\"SearchAction\",\"target\":{\"@type\":\"EntryPoint\",\"urlTemplate\":\"https:\/\/bahiaeconomica.com.br\/wp\/?s={search_term_string}\"},\"query-input\":\"required name=search_term_string\"}],\"inLanguage\":\"pt-BR\"},{\"@type\":\"Organization\",\"@id\":\"https:\/\/bahiaeconomica.com.br\/wp\/#organization\",\"name\":\"Bahia Econ\u00f4mica\",\"url\":\"https:\/\/bahiaeconomica.com.br\/wp\/\",\"logo\":{\"@type\":\"ImageObject\",\"inLanguage\":\"pt-BR\",\"@id\":\"https:\/\/bahiaeconomica.com.br\/wp\/#\/schema\/logo\/image\/\",\"url\":\"https:\/\/bahiaeconomica.com.br\/wp\/wp-content\/uploads\/2020\/12\/cropped-BE.png\",\"contentUrl\":\"https:\/\/bahiaeconomica.com.br\/wp\/wp-content\/uploads\/2020\/12\/cropped-BE.png\",\"width\":512,\"height\":512,\"caption\":\"Bahia Econ\u00f4mica\"},\"image\":{\"@id\":\"https:\/\/bahiaeconomica.com.br\/wp\/#\/schema\/logo\/image\/\"},\"sameAs\":[\"https:\/\/www.facebook.com\/bahiaeconomica\"]},{\"@type\":\"Person\",\"@id\":\"https:\/\/bahiaeconomica.com.br\/wp\/#\/schema\/person\/a17956d0e1112b626f403fb06b8129a9\",\"name\":\"VICTOR OLIVEIRA\",\"sameAs\":[\"http:\/\/www.bahiaeconomica.com.br\"],\"url\":\"https:\/\/bahiaeconomica.com.br\/wp\/author\/victor-oliveira\/\"}]}<\/script>\n<!-- \/ Yoast SEO plugin. -->","yoast_head_json":{"title":"ANGELO CORONEL ESCANCARA DESCASO COM SEMI\u00c1RIDO EM MEIO \u00c0 DISPUTA PELO SENADO - Bahia Economica O Nordeste concentra 60% de todo o semi\u00e1rido brasileiro e recebe apenas 15% dos recursos do Pronaf (Programa Nacional de Fortalecimento da Agricultura Familiar), o programa federal que financia cr\u00e9dito para agricultura familiar","description":"O maior portal de Economia da Bahia Pol\u00edtica Bahia Economica O Nordeste concentra 60% de todo o semi\u00e1rido brasileiro e recebe apenas 15% dos recursos do Pronaf (Programa Nacional de Fortalecimento da Agricultura Familiar), o programa federal que financia cr\u00e9dito para agricultura familiar","robots":{"index":"index","follow":"follow","max-snippet":"max-snippet:-1","max-image-preview":"max-image-preview:large","max-video-preview":"max-video-preview:-1"},"canonical":"https:\/\/bahiaeconomica.com.br\/wp\/2026\/09\/04\/angelo-coronel-escancara-descaso-com-semiarido-em-meio-a-disputa-pelo-senado\/","og_locale":"pt_BR","og_type":"article","og_title":"ANGELO CORONEL ESCANCARA DESCASO COM SEMI\u00c1RIDO EM MEIO \u00c0 DISPUTA PELO SENADO - Bahia Economica O Nordeste concentra 60% de todo o semi\u00e1rido brasileiro e recebe apenas 15% dos recursos do Pronaf (Programa Nacional de Fortalecimento da Agricultura Familiar), o programa federal que financia cr\u00e9dito para agricultura familiar","og_description":"O maior portal de Economia da Bahia Pol\u00edtica Bahia Economica O Nordeste concentra 60% de todo o semi\u00e1rido brasileiro e recebe apenas 15% dos recursos do Pronaf (Programa Nacional de Fortalecimento da Agricultura Familiar), o programa federal que financia cr\u00e9dito para agricultura familiar","og_url":"https:\/\/bahiaeconomica.com.br\/wp\/2026\/09\/04\/angelo-coronel-escancara-descaso-com-semiarido-em-meio-a-disputa-pelo-senado\/","og_site_name":"Bahia Economica","article_publisher":"https:\/\/www.facebook.com\/bahiaeconomica","article_published_time":"2026-09-04T21:11:28+00:00","og_image":[{"width":1600,"height":1200,"url":"https:\/\/bahiaeconomica.com.br\/wp\/wp-content\/uploads\/2026\/09\/WhatsApp-Image-2026-09-04-at-18.07.40.jpeg","type":"image\/jpeg"}],"author":"VICTOR OLIVEIRA","twitter_card":"summary_large_image","twitter_misc":{"Escrito por":"VICTOR OLIVEIRA","Est. tempo de leitura":"2 minutos"},"schema":{"@context":"https:\/\/schema.org","@graph":[{"@type":"Article","@id":"https:\/\/bahiaeconomica.com.br\/wp\/2026\/09\/04\/angelo-coronel-escancara-descaso-com-semiarido-em-meio-a-disputa-pelo-senado\/#article","isPartOf":{"@id":"https:\/\/bahiaeconomica.com.br\/wp\/2026\/09\/04\/angelo-coronel-escancara-descaso-com-semiarido-em-meio-a-disputa-pelo-senado\/"},"author":{"name":"VICTOR OLIVEIRA","@id":"https:\/\/bahiaeconomica.com.br\/wp\/#\/schema\/person\/a17956d0e1112b626f403fb06b8129a9"},"headline":"ANGELO CORONEL ESCANCARA DESCASO COM SEMI\u00c1RIDO EM MEIO \u00c0 DISPUTA PELO SENADO","datePublished":"2026-09-04T21:11:28+00:00","dateModified":"2026-09-04T21:11:28+00:00","mainEntityOfPage":{"@id":"https:\/\/bahiaeconomica.com.br\/wp\/2026\/09\/04\/angelo-coronel-escancara-descaso-com-semiarido-em-meio-a-disputa-pelo-senado\/"},"wordCount":346,"publisher":{"@id":"https:\/\/bahiaeconomica.com.br\/wp\/#organization"},"keywords":["Agricultura Familiar","\u00e2ngelo coronel","me\u00e1rido"],"articleSection":["Pol\u00edtica"],"inLanguage":"pt-BR"},{"@type":"WebPage","@id":"https:\/\/bahiaeconomica.com.br\/wp\/2026\/09\/04\/angelo-coronel-escancara-descaso-com-semiarido-em-meio-a-disputa-pelo-senado\/","url":"https:\/\/bahiaeconomica.com.br\/wp\/2026\/09\/04\/angelo-coronel-escancara-descaso-com-semiarido-em-meio-a-disputa-pelo-senado\/","name":"ANGELO CORONEL ESCANCARA DESCASO COM SEMI\u00c1RIDO EM MEIO \u00c0 DISPUTA PELO SENADO - Bahia Economica O Nordeste concentra 60% de todo o semi\u00e1rido brasileiro e recebe apenas 15% dos recursos do Pronaf (Programa Nacional de Fortalecimento da Agricultura Familiar), o programa federal que financia cr\u00e9dito para agricultura familiar","isPartOf":{"@id":"https:\/\/bahiaeconomica.com.br\/wp\/#website"},"datePublished":"2026-09-04T21:11:28+00:00","dateModified":"2026-09-04T21:11:28+00:00","description":"O maior portal de Economia da Bahia Pol\u00edtica Bahia Economica O Nordeste concentra 60% de todo o semi\u00e1rido brasileiro e recebe apenas 15% dos recursos do Pronaf (Programa Nacional de Fortalecimento da Agricultura Familiar), o programa federal que financia cr\u00e9dito para agricultura familiar","breadcrumb":{"@id":"https:\/\/bahiaeconomica.com.br\/wp\/2026\/09\/04\/angelo-coronel-escancara-descaso-com-semiarido-em-meio-a-disputa-pelo-senado\/#breadcrumb"},"inLanguage":"pt-BR","potentialAction":[{"@type":"ReadAction","target":["https:\/\/bahiaeconomica.com.br\/wp\/2026\/09\/04\/angelo-coronel-escancara-descaso-com-semiarido-em-meio-a-disputa-pelo-senado\/"]}]},{"@type":"BreadcrumbList","@id":"https:\/\/bahiaeconomica.com.br\/wp\/2026\/09\/04\/angelo-coronel-escancara-descaso-com-semiarido-em-meio-a-disputa-pelo-senado\/#breadcrumb","itemListElement":[{"@type":"ListItem","position":1,"name":"In\u00edcio","item":"https:\/\/bahiaeconomica.com.br\/wp\/"},{"@type":"ListItem","position":2,"name":"ANGELO CORONEL ESCANCARA DESCASO COM SEMI\u00c1RIDO EM MEIO \u00c0 DISPUTA PELO SENADO"}]},{"@type":"WebSite","@id":"https:\/\/bahiaeconomica.com.br\/wp\/#website","url":"https:\/\/bahiaeconomica.com.br\/wp\/","name":"Bahia Economica","description":"O maior portal de Economia da Bahia","publisher":{"@id":"https:\/\/bahiaeconomica.com.br\/wp\/#organization"},"potentialAction":[{"@type":"SearchAction","target":{"@type":"EntryPoint","urlTemplate":"https:\/\/bahiaeconomica.com.br\/wp\/?s={search_term_string}"},"query-input":"required name=search_term_string"}],"inLanguage":"pt-BR"},{"@type":"Organization","@id":"https:\/\/bahiaeconomica.com.br\/wp\/#organization","name":"Bahia Econ\u00f4mica","url":"https:\/\/bahiaeconomica.com.br\/wp\/","logo":{"@type":"ImageObject","inLanguage":"pt-BR","@id":"https:\/\/bahiaeconomica.com.br\/wp\/#\/schema\/logo\/image\/","url":"https:\/\/bahiaeconomica.com.br\/wp\/wp-content\/uploads\/2020\/12\/cropped-BE.png","contentUrl":"https:\/\/bahiaeconomica.com.br\/wp\/wp-content\/uploads\/2020\/12\/cropped-BE.png","width":512,"height":512,"caption":"Bahia Econ\u00f4mica"},"image":{"@id":"https:\/\/bahiaeconomica.com.br\/wp\/#\/schema\/logo\/image\/"},"sameAs":["https:\/\/www.facebook.com\/bahiaeconomica"]},{"@type":"Person","@id":"https:\/\/bahiaeconomica.com.br\/wp\/#\/schema\/person\/a17956d0e1112b626f403fb06b8129a9","name":"VICTOR OLIVEIRA","sameAs":["http:\/\/www.bahiaeconomica.com.br"],"url":"https:\/\/bahiaeconomica.com.br\/wp\/author\/victor-oliveira\/"}]}},"views":13,"_links":{"self":[{"href":"https:\/\/bahiaeconomica.com.br\/wp\/wp-json\/wp\/v2\/posts\/1022729"}],"collection":[{"href":"https:\/\/bahiaeconomica.com.br\/wp\/wp-json\/wp\/v2\/posts"}],"about":[{"href":"https:\/\/bahiaeconomica.com.br\/wp\/wp-json\/wp\/v2\/types\/post"}],"author":[{"embeddable":true,"href":"https:\/\/bahiaeconomica.com.br\/wp\/wp-json\/wp\/v2\/users\/24"}],"replies":[{"embeddable":true,"href":"https:\/\/bahiaeconomica.com.br\/wp\/wp-json\/wp\/v2\/comments?post=1022729"}],"version-history":[{"count":1,"href":"https:\/\/bahiaeconomica.com.br\/wp\/wp-json\/wp\/v2\/posts\/1022729\/revisions"}],"predecessor-version":[{"id":1022733,"href":"https:\/\/bahiaeconomica.com.br\/wp\/wp-json\/wp\/v2\/posts\/1022729\/revisions\/1022733"}],"wp:featuredmedia":[{"embeddable":true,"href":"https:\/\/bahiaeconomica.com.br\/wp\/wp-json\/wp\/v2\/media\/1022731"}],"wp:attachment":[{"href":"https:\/\/bahiaeconomica.com.br\/wp\/wp-json\/wp\/v2\/media?parent=1022729"}],"wp:term":[{"taxonomy":"category","embeddable":true,"href":"https:\/\/bahiaeconomica.com.br\/wp\/wp-json\/wp\/v2\/categories?post=1022729"},{"taxonomy":"post_tag","embeddable":true,"href":"https:\/\/bahiaeconomica.com.br\/wp\/wp-json\/wp\/v2\/tags?post=1022729"}],"curies":[{"name":"wp","href":"https:\/\/api.w.org\/{rel}","templated":true}]}}