{"id":1022639,"date":"2026-09-04T15:22:46","date_gmt":"2026-09-04T18:22:46","guid":{"rendered":"https:\/\/bahiaeconomica.com.br\/wp\/?p=1022639"},"modified":"2026-09-04T15:22:46","modified_gmt":"2026-09-04T18:22:46","slug":"centrais-sindicais-querem-antecipar-votacao-da-escala-6x1-no-senado","status":"publish","type":"post","link":"https:\/\/bahiaeconomica.com.br\/wp\/2026\/09\/04\/centrais-sindicais-querem-antecipar-votacao-da-escala-6x1-no-senado\/","title":{"rendered":"CENTRAIS SINDICAIS QUEREM ANTECIPAR VOTA\u00c7\u00c3O DA ESCALA 6X1 NO SENADO"},"content":{"rendered":"<p>As principais centrais sindicais do Brasil articulam pressionar os senadores em cada unidade da federa\u00e7\u00e3o (UF) para antecipar a vota\u00e7\u00e3o da proposta de emenda \u00e0 Constitui\u00e7\u00e3o (PEC) que p\u00f5e fim \u00e0 escala de seis dias de trabalho por um de descanso e reduz a jornada para 40 horas semanais.<\/p>\n<p>Com in\u00edcio neste fim de semana, o movimento quer que a PEC 221 de 2019 seja votada antes do primeiro turno das elei\u00e7\u00f5es de 2026. O presidente da Central \u00danica dos Trabalhadores (CUT), S\u00e9rgio Nobre, avalia que o presidente do Senado, Davi Alcolumbre (Uni\u00e3o-AP), foi pressionado por empres\u00e1rios e senadores da oposi\u00e7\u00e3o a pautar a PEC para depois da elei\u00e7\u00e3o com o objetivo de possibilitar que os parlamentares \u201ctraiam o povo\u201d.<\/p>\n<p>\u201cOs empres\u00e1rios falam que querem que vote depois da elei\u00e7\u00e3o porque sabem que o senador vai trair o povo. Fala que vota a favor do povo e, no dia seguinte, trai a popula\u00e7\u00e3o. \u00c9 isso que n\u00f3s vamos denunciar\u201d, disse \u00e0 Ag\u00eancia Brasil.<\/p>\n<p>O presidente da CUT acredita que \u00e9 poss\u00edvel antecipar a vota\u00e7\u00e3o da PEC se houver forte press\u00e3o popular. \u201cSe os senadores forem cobrados nos estados, eles v\u00e3o querer resolver essa situa\u00e7\u00e3o. Eles v\u00e3o ter que responder isso nas ruas. Vamos colocar o povo para cobrar. Vai pedir voto? Cad\u00ea a 6&#215;1 primeiro?\u201d, respondeu S\u00e9rgio Nobre.<\/p>\n<p><strong>Agenda contra a 6&#215;1<\/strong><br \/>\nA agenda de a\u00e7\u00f5es a favor da PEC 221 de 2019 foi definida, nesta sexta-feira (4), em reuni\u00e3o do F\u00f3rum das Centrais Sindicais, que re\u00fane as seis principais entidades sindicais do pa\u00eds. A reuni\u00e3o foi convocada ap\u00f3s Alcolumbre anunciar a vota\u00e7\u00e3o da proposta para depois das elei\u00e7\u00f5es.<\/p>\n<p>Os dirigentes sindicais decidiram ainda intensificar panfletagens em centros comerciais, onde a escala 6&#215;1 \u00e9 mais comum, refor\u00e7ar a mobiliza\u00e7\u00e3o nas redes sociais e trabalhar para construir novos protestos de rua.<\/p>\n<p>As centrais v\u00e3o ainda solicitar uma audi\u00eancia com o senador Alcolumbre para defender a vota\u00e7\u00e3o da PEC antes do 1\u00ba turno e denunciar os parlamentares que est\u00e3o contra a redu\u00e7\u00e3o da jornada de trabalho.<\/p>\n<p>O presidente da For\u00e7a Sindical, Miguel Torres, disse \u00e0 Ag\u00eancia Brasil que Alcolumbre \u201cvirou as costas\u201d para os trabalhadores. \u201cPara n\u00f3s, o adiamento da vota\u00e7\u00e3o foi uma surpresa negativa. Mais de 70% da popula\u00e7\u00e3o brasileira \u00e9 a favor da PEC. Vejo esse adiamento com muita preocupa\u00e7\u00e3o porque, se deixar para depois da elei\u00e7\u00e3o, podemos voltar para a estaca zero\u201d, comentou.<\/p>\n<p>Comiss\u00e3o de Constitui\u00e7\u00e3o, Justi\u00e7a e Cidadania (CCJ) realiza reuni\u00e3o para analisar a PEC do fim da escala 6&#215;1. A Proposta de Emenda \u00e0 Constitui\u00e7\u00e3o 221\/2019 prev\u00ea dois dias de repouso semanal remunerado e reduz a carga hor\u00e1ria m\u00e1xima de trabalho semanal de 44 para 40 horas, sem redu\u00e7\u00e3o de sal\u00e1rio. Ainda na pauta, a vota\u00e7\u00e3o da PEC 18\/2025, a chamada \u201cPEC da Seguran\u00e7a P\u00fablica\u201d, que prev\u00ea integra\u00e7\u00e3o dos \u00f3rg\u00e3os de seguran\u00e7a p\u00fablica e mais recursos para o setor.<\/p>\n<p><strong>Sindicatos criticam adiamento<\/strong><br \/>\nInicialmente havia a expectativa da PEC do fim da escala 6&#215;1 ir para o plen\u00e1rio logo ap\u00f3s a aprova\u00e7\u00e3o na Comiss\u00e3o de Constitui\u00e7\u00e3o e Justi\u00e7a (CCJ), na \u00faltima quarta-feira (2). A reportagem procurou a assessoria de Alcolumbre para comentar o tema, mas n\u00e3o obteve retorno.<\/p>\n<p>O diretor da executiva da Central dos Sindicatos Brasileiros (CSB), Paulo de Oliveira, disse que os sindicatos achavam poss\u00edvel ter votado a PEC nesta semana. \u201cNos parece desleal com os trabalhadores que v\u00e3o votar na elei\u00e7\u00e3o. Como passou o primeiro turno, n\u00e3o h\u00e1 mais preocupa\u00e7\u00e3o com os votos e a\u00ed eles podem atender outros interesses que n\u00e3o os da grande massa da popula\u00e7\u00e3o\u201d, disse \u00e0 Ag\u00eancia Brasil<\/p>\n<p>(Fonte: Ag\u00eancia Brasil)<\/p>\n<p>Foto: Paulo Pinto\/Ag\u00eancia Brasil<\/p>\n","protected":false},"excerpt":{"rendered":"<p>As principais centrais sindicais do Brasil articulam pressionar os senadores em cada unidade da federa\u00e7\u00e3o (UF) para antecipar a vota\u00e7\u00e3o da proposta de emenda \u00e0 Constitui\u00e7\u00e3o (PEC) que p\u00f5e fim \u00e0 escala de seis dias de trabalho por um de descanso e reduz a jornada para 40 horas semanais. Com in\u00edcio neste fim de semana, [&hellip;]<\/p>\n","protected":false},"author":21,"featured_media":1022642,"comment_status":"closed","ping_status":"closed","sticky":false,"template":"","format":"standard","meta":[],"categories":[14601],"tags":[34589,855,18912],"acf":[],"yoast_head":"<!-- This site is optimized with the Yoast SEO plugin v20.8 - https:\/\/yoast.com\/wordpress\/plugins\/seo\/ -->\n<title>CENTRAIS SINDICAIS QUEREM ANTECIPAR VOTA\u00c7\u00c3O DA ESCALA 6X1 NO SENADO - Bahia Economica<\/title>\n<meta name=\"description\" content=\"O maior portal de Economia da Bahia Pol\u00edtica Bahia Economica As principais centrais sindicais do Brasil articulam pressionar\" \/>\n<meta name=\"robots\" content=\"index, follow, max-snippet:-1, max-image-preview:large, max-video-preview:-1\" \/>\n<link rel=\"canonical\" href=\"https:\/\/bahiaeconomica.com.br\/wp\/2026\/09\/04\/centrais-sindicais-querem-antecipar-votacao-da-escala-6x1-no-senado\/\" \/>\n<meta property=\"og:locale\" content=\"pt_BR\" \/>\n<meta property=\"og:type\" content=\"article\" \/>\n<meta property=\"og:title\" content=\"CENTRAIS SINDICAIS QUEREM ANTECIPAR VOTA\u00c7\u00c3O DA ESCALA 6X1 NO SENADO - Bahia Economica\" \/>\n<meta property=\"og:description\" content=\"O maior portal de Economia da Bahia Pol\u00edtica Bahia Economica As principais centrais sindicais do Brasil articulam pressionar\" \/>\n<meta property=\"og:url\" content=\"https:\/\/bahiaeconomica.com.br\/wp\/2026\/09\/04\/centrais-sindicais-querem-antecipar-votacao-da-escala-6x1-no-senado\/\" \/>\n<meta property=\"og:site_name\" content=\"Bahia Economica\" \/>\n<meta property=\"article:publisher\" content=\"https:\/\/www.facebook.com\/bahiaeconomica\" \/>\n<meta property=\"article:published_time\" content=\"2026-09-04T18:22:46+00:00\" \/>\n<meta property=\"og:image\" content=\"https:\/\/bahiaeconomica.com.br\/wp\/wp-content\/uploads\/2026\/09\/int7702.jpg.webp\" \/>\n\t<meta property=\"og:image:width\" content=\"1170\" \/>\n\t<meta property=\"og:image:height\" content=\"700\" \/>\n\t<meta property=\"og:image:type\" content=\"image\/webp\" \/>\n<meta name=\"author\" content=\"HUGO LEITE\" \/>\n<meta name=\"twitter:card\" content=\"summary_large_image\" \/>\n<meta name=\"twitter:label1\" content=\"Escrito por\" \/>\n\t<meta name=\"twitter:data1\" content=\"HUGO LEITE\" \/>\n\t<meta name=\"twitter:label2\" content=\"Est. tempo de leitura\" \/>\n\t<meta name=\"twitter:data2\" content=\"4 minutos\" \/>\n<script type=\"application\/ld+json\" class=\"yoast-schema-graph\">{\"@context\":\"https:\/\/schema.org\",\"@graph\":[{\"@type\":\"Article\",\"@id\":\"https:\/\/bahiaeconomica.com.br\/wp\/2026\/09\/04\/centrais-sindicais-querem-antecipar-votacao-da-escala-6x1-no-senado\/#article\",\"isPartOf\":{\"@id\":\"https:\/\/bahiaeconomica.com.br\/wp\/2026\/09\/04\/centrais-sindicais-querem-antecipar-votacao-da-escala-6x1-no-senado\/\"},\"author\":{\"name\":\"HUGO LEITE\",\"@id\":\"https:\/\/bahiaeconomica.com.br\/wp\/#\/schema\/person\/1704090528f3af7c918b3cb25d9d4016\"},\"headline\":\"CENTRAIS SINDICAIS QUEREM ANTECIPAR VOTA\u00c7\u00c3O DA ESCALA 6X1 NO SENADO\",\"datePublished\":\"2026-09-04T18:22:46+00:00\",\"dateModified\":\"2026-09-04T18:22:46+00:00\",\"mainEntityOfPage\":{\"@id\":\"https:\/\/bahiaeconomica.com.br\/wp\/2026\/09\/04\/centrais-sindicais-querem-antecipar-votacao-da-escala-6x1-no-senado\/\"},\"wordCount\":661,\"publisher\":{\"@id\":\"https:\/\/bahiaeconomica.com.br\/wp\/#organization\"},\"keywords\":[\"escala 6x1\",\"senado\",\"SINDICATOS\"],\"articleSection\":[\"Pol\u00edtica\"],\"inLanguage\":\"pt-BR\"},{\"@type\":\"WebPage\",\"@id\":\"https:\/\/bahiaeconomica.com.br\/wp\/2026\/09\/04\/centrais-sindicais-querem-antecipar-votacao-da-escala-6x1-no-senado\/\",\"url\":\"https:\/\/bahiaeconomica.com.br\/wp\/2026\/09\/04\/centrais-sindicais-querem-antecipar-votacao-da-escala-6x1-no-senado\/\",\"name\":\"CENTRAIS SINDICAIS QUEREM ANTECIPAR VOTA\u00c7\u00c3O DA ESCALA 6X1 NO SENADO - Bahia Economica\",\"isPartOf\":{\"@id\":\"https:\/\/bahiaeconomica.com.br\/wp\/#website\"},\"datePublished\":\"2026-09-04T18:22:46+00:00\",\"dateModified\":\"2026-09-04T18:22:46+00:00\",\"description\":\"O maior portal de Economia da Bahia Pol\u00edtica Bahia Economica As principais centrais sindicais do Brasil articulam pressionar\",\"breadcrumb\":{\"@id\":\"https:\/\/bahiaeconomica.com.br\/wp\/2026\/09\/04\/centrais-sindicais-querem-antecipar-votacao-da-escala-6x1-no-senado\/#breadcrumb\"},\"inLanguage\":\"pt-BR\",\"potentialAction\":[{\"@type\":\"ReadAction\",\"target\":[\"https:\/\/bahiaeconomica.com.br\/wp\/2026\/09\/04\/centrais-sindicais-querem-antecipar-votacao-da-escala-6x1-no-senado\/\"]}]},{\"@type\":\"BreadcrumbList\",\"@id\":\"https:\/\/bahiaeconomica.com.br\/wp\/2026\/09\/04\/centrais-sindicais-querem-antecipar-votacao-da-escala-6x1-no-senado\/#breadcrumb\",\"itemListElement\":[{\"@type\":\"ListItem\",\"position\":1,\"name\":\"In\u00edcio\",\"item\":\"https:\/\/bahiaeconomica.com.br\/wp\/\"},{\"@type\":\"ListItem\",\"position\":2,\"name\":\"CENTRAIS SINDICAIS QUEREM ANTECIPAR VOTA\u00c7\u00c3O DA ESCALA 6X1 NO SENADO\"}]},{\"@type\":\"WebSite\",\"@id\":\"https:\/\/bahiaeconomica.com.br\/wp\/#website\",\"url\":\"https:\/\/bahiaeconomica.com.br\/wp\/\",\"name\":\"Bahia Economica\",\"description\":\"O maior portal de Economia da Bahia\",\"publisher\":{\"@id\":\"https:\/\/bahiaeconomica.com.br\/wp\/#organization\"},\"potentialAction\":[{\"@type\":\"SearchAction\",\"target\":{\"@type\":\"EntryPoint\",\"urlTemplate\":\"https:\/\/bahiaeconomica.com.br\/wp\/?s={search_term_string}\"},\"query-input\":\"required name=search_term_string\"}],\"inLanguage\":\"pt-BR\"},{\"@type\":\"Organization\",\"@id\":\"https:\/\/bahiaeconomica.com.br\/wp\/#organization\",\"name\":\"Bahia Econ\u00f4mica\",\"url\":\"https:\/\/bahiaeconomica.com.br\/wp\/\",\"logo\":{\"@type\":\"ImageObject\",\"inLanguage\":\"pt-BR\",\"@id\":\"https:\/\/bahiaeconomica.com.br\/wp\/#\/schema\/logo\/image\/\",\"url\":\"https:\/\/bahiaeconomica.com.br\/wp\/wp-content\/uploads\/2020\/12\/cropped-BE.png\",\"contentUrl\":\"https:\/\/bahiaeconomica.com.br\/wp\/wp-content\/uploads\/2020\/12\/cropped-BE.png\",\"width\":512,\"height\":512,\"caption\":\"Bahia Econ\u00f4mica\"},\"image\":{\"@id\":\"https:\/\/bahiaeconomica.com.br\/wp\/#\/schema\/logo\/image\/\"},\"sameAs\":[\"https:\/\/www.facebook.com\/bahiaeconomica\"]},{\"@type\":\"Person\",\"@id\":\"https:\/\/bahiaeconomica.com.br\/wp\/#\/schema\/person\/1704090528f3af7c918b3cb25d9d4016\",\"name\":\"HUGO LEITE\",\"sameAs\":[\"http:\/\/www.bahiaeconomica.com.br\"],\"url\":\"https:\/\/bahiaeconomica.com.br\/wp\/author\/hugo-leite\/\"}]}<\/script>\n<!-- \/ Yoast SEO plugin. -->","yoast_head_json":{"title":"CENTRAIS SINDICAIS QUEREM ANTECIPAR VOTA\u00c7\u00c3O DA ESCALA 6X1 NO SENADO - Bahia Economica","description":"O maior portal de Economia da Bahia Pol\u00edtica Bahia Economica As principais centrais sindicais do Brasil articulam pressionar","robots":{"index":"index","follow":"follow","max-snippet":"max-snippet:-1","max-image-preview":"max-image-preview:large","max-video-preview":"max-video-preview:-1"},"canonical":"https:\/\/bahiaeconomica.com.br\/wp\/2026\/09\/04\/centrais-sindicais-querem-antecipar-votacao-da-escala-6x1-no-senado\/","og_locale":"pt_BR","og_type":"article","og_title":"CENTRAIS SINDICAIS QUEREM ANTECIPAR VOTA\u00c7\u00c3O DA ESCALA 6X1 NO SENADO - Bahia Economica","og_description":"O maior portal de Economia da Bahia Pol\u00edtica Bahia Economica As principais centrais sindicais do Brasil articulam pressionar","og_url":"https:\/\/bahiaeconomica.com.br\/wp\/2026\/09\/04\/centrais-sindicais-querem-antecipar-votacao-da-escala-6x1-no-senado\/","og_site_name":"Bahia Economica","article_publisher":"https:\/\/www.facebook.com\/bahiaeconomica","article_published_time":"2026-09-04T18:22:46+00:00","og_image":[{"width":1170,"height":700,"url":"https:\/\/bahiaeconomica.com.br\/wp\/wp-content\/uploads\/2026\/09\/int7702.jpg.webp","type":"image\/webp"}],"author":"HUGO LEITE","twitter_card":"summary_large_image","twitter_misc":{"Escrito por":"HUGO LEITE","Est. tempo de leitura":"4 minutos"},"schema":{"@context":"https:\/\/schema.org","@graph":[{"@type":"Article","@id":"https:\/\/bahiaeconomica.com.br\/wp\/2026\/09\/04\/centrais-sindicais-querem-antecipar-votacao-da-escala-6x1-no-senado\/#article","isPartOf":{"@id":"https:\/\/bahiaeconomica.com.br\/wp\/2026\/09\/04\/centrais-sindicais-querem-antecipar-votacao-da-escala-6x1-no-senado\/"},"author":{"name":"HUGO LEITE","@id":"https:\/\/bahiaeconomica.com.br\/wp\/#\/schema\/person\/1704090528f3af7c918b3cb25d9d4016"},"headline":"CENTRAIS SINDICAIS QUEREM ANTECIPAR VOTA\u00c7\u00c3O DA ESCALA 6X1 NO SENADO","datePublished":"2026-09-04T18:22:46+00:00","dateModified":"2026-09-04T18:22:46+00:00","mainEntityOfPage":{"@id":"https:\/\/bahiaeconomica.com.br\/wp\/2026\/09\/04\/centrais-sindicais-querem-antecipar-votacao-da-escala-6x1-no-senado\/"},"wordCount":661,"publisher":{"@id":"https:\/\/bahiaeconomica.com.br\/wp\/#organization"},"keywords":["escala 6x1","senado","SINDICATOS"],"articleSection":["Pol\u00edtica"],"inLanguage":"pt-BR"},{"@type":"WebPage","@id":"https:\/\/bahiaeconomica.com.br\/wp\/2026\/09\/04\/centrais-sindicais-querem-antecipar-votacao-da-escala-6x1-no-senado\/","url":"https:\/\/bahiaeconomica.com.br\/wp\/2026\/09\/04\/centrais-sindicais-querem-antecipar-votacao-da-escala-6x1-no-senado\/","name":"CENTRAIS SINDICAIS QUEREM ANTECIPAR VOTA\u00c7\u00c3O DA ESCALA 6X1 NO SENADO - Bahia Economica","isPartOf":{"@id":"https:\/\/bahiaeconomica.com.br\/wp\/#website"},"datePublished":"2026-09-04T18:22:46+00:00","dateModified":"2026-09-04T18:22:46+00:00","description":"O maior portal de Economia da Bahia Pol\u00edtica Bahia Economica As principais centrais sindicais do Brasil articulam pressionar","breadcrumb":{"@id":"https:\/\/bahiaeconomica.com.br\/wp\/2026\/09\/04\/centrais-sindicais-querem-antecipar-votacao-da-escala-6x1-no-senado\/#breadcrumb"},"inLanguage":"pt-BR","potentialAction":[{"@type":"ReadAction","target":["https:\/\/bahiaeconomica.com.br\/wp\/2026\/09\/04\/centrais-sindicais-querem-antecipar-votacao-da-escala-6x1-no-senado\/"]}]},{"@type":"BreadcrumbList","@id":"https:\/\/bahiaeconomica.com.br\/wp\/2026\/09\/04\/centrais-sindicais-querem-antecipar-votacao-da-escala-6x1-no-senado\/#breadcrumb","itemListElement":[{"@type":"ListItem","position":1,"name":"In\u00edcio","item":"https:\/\/bahiaeconomica.com.br\/wp\/"},{"@type":"ListItem","position":2,"name":"CENTRAIS SINDICAIS QUEREM ANTECIPAR VOTA\u00c7\u00c3O DA ESCALA 6X1 NO SENADO"}]},{"@type":"WebSite","@id":"https:\/\/bahiaeconomica.com.br\/wp\/#website","url":"https:\/\/bahiaeconomica.com.br\/wp\/","name":"Bahia Economica","description":"O maior portal de Economia da Bahia","publisher":{"@id":"https:\/\/bahiaeconomica.com.br\/wp\/#organization"},"potentialAction":[{"@type":"SearchAction","target":{"@type":"EntryPoint","urlTemplate":"https:\/\/bahiaeconomica.com.br\/wp\/?s={search_term_string}"},"query-input":"required name=search_term_string"}],"inLanguage":"pt-BR"},{"@type":"Organization","@id":"https:\/\/bahiaeconomica.com.br\/wp\/#organization","name":"Bahia Econ\u00f4mica","url":"https:\/\/bahiaeconomica.com.br\/wp\/","logo":{"@type":"ImageObject","inLanguage":"pt-BR","@id":"https:\/\/bahiaeconomica.com.br\/wp\/#\/schema\/logo\/image\/","url":"https:\/\/bahiaeconomica.com.br\/wp\/wp-content\/uploads\/2020\/12\/cropped-BE.png","contentUrl":"https:\/\/bahiaeconomica.com.br\/wp\/wp-content\/uploads\/2020\/12\/cropped-BE.png","width":512,"height":512,"caption":"Bahia Econ\u00f4mica"},"image":{"@id":"https:\/\/bahiaeconomica.com.br\/wp\/#\/schema\/logo\/image\/"},"sameAs":["https:\/\/www.facebook.com\/bahiaeconomica"]},{"@type":"Person","@id":"https:\/\/bahiaeconomica.com.br\/wp\/#\/schema\/person\/1704090528f3af7c918b3cb25d9d4016","name":"HUGO LEITE","sameAs":["http:\/\/www.bahiaeconomica.com.br"],"url":"https:\/\/bahiaeconomica.com.br\/wp\/author\/hugo-leite\/"}]}},"views":2,"_links":{"self":[{"href":"https:\/\/bahiaeconomica.com.br\/wp\/wp-json\/wp\/v2\/posts\/1022639"}],"collection":[{"href":"https:\/\/bahiaeconomica.com.br\/wp\/wp-json\/wp\/v2\/posts"}],"about":[{"href":"https:\/\/bahiaeconomica.com.br\/wp\/wp-json\/wp\/v2\/types\/post"}],"author":[{"embeddable":true,"href":"https:\/\/bahiaeconomica.com.br\/wp\/wp-json\/wp\/v2\/users\/21"}],"replies":[{"embeddable":true,"href":"https:\/\/bahiaeconomica.com.br\/wp\/wp-json\/wp\/v2\/comments?post=1022639"}],"version-history":[{"count":1,"href":"https:\/\/bahiaeconomica.com.br\/wp\/wp-json\/wp\/v2\/posts\/1022639\/revisions"}],"predecessor-version":[{"id":1022647,"href":"https:\/\/bahiaeconomica.com.br\/wp\/wp-json\/wp\/v2\/posts\/1022639\/revisions\/1022647"}],"wp:featuredmedia":[{"embeddable":true,"href":"https:\/\/bahiaeconomica.com.br\/wp\/wp-json\/wp\/v2\/media\/1022642"}],"wp:attachment":[{"href":"https:\/\/bahiaeconomica.com.br\/wp\/wp-json\/wp\/v2\/media?parent=1022639"}],"wp:term":[{"taxonomy":"category","embeddable":true,"href":"https:\/\/bahiaeconomica.com.br\/wp\/wp-json\/wp\/v2\/categories?post=1022639"},{"taxonomy":"post_tag","embeddable":true,"href":"https:\/\/bahiaeconomica.com.br\/wp\/wp-json\/wp\/v2\/tags?post=1022639"}],"curies":[{"name":"wp","href":"https:\/\/api.w.org\/{rel}","templated":true}]}}