{"id":1022608,"date":"2026-09-04T14:41:06","date_gmt":"2026-09-04T17:41:06","guid":{"rendered":"https:\/\/bahiaeconomica.com.br\/wp\/?p=1022608"},"modified":"2026-09-04T14:41:06","modified_gmt":"2026-09-04T17:41:06","slug":"parada-do-orgulho-lgbt-reune-13-trios-eletricos-shows-e-performances-neste-domingo-em-salvador","status":"publish","type":"post","link":"https:\/\/bahiaeconomica.com.br\/wp\/2026\/09\/04\/parada-do-orgulho-lgbt-reune-13-trios-eletricos-shows-e-performances-neste-domingo-em-salvador\/","title":{"rendered":"PARADA DO ORGULHO LGBT+ RE\u00daNE 13 TRIOS EL\u00c9TRICOS, SHOWS E PERFORMANCES NESTE DOMINGO EM SALVADOR"},"content":{"rendered":"<p>Salvador recebe neste domingo (6) a 23\u00aa edi\u00e7\u00e3o da Parada do Orgulho LGBT+ Bahia, que promete levar diversidade, m\u00fasica e manifesta\u00e7\u00f5es de orgulho \u00e0s ruas do circuito Barra-Ondina. Com 13 trios el\u00e9tricos, apresenta\u00e7\u00f5es musicais e performances de artistas drag, o evento come\u00e7a \u00e0s 11h, no Farol da Barra, e tem o desfile previsto para sair \u00e0s 15h em dire\u00e7\u00e3o a Ondina.<\/p>\n<p>Neste ano, a Parada tem como tema \u201cVergonha adoece. Orgulho cura!\u201d, chamando a aten\u00e7\u00e3o para os efeitos do preconceito, do estigma e da discrimina\u00e7\u00e3o sobre a sa\u00fade da popula\u00e7\u00e3o LGBT+. A proposta \u00e9 ampliar o debate sobre respeito, cidadania e direitos, al\u00e9m de transformar a celebra\u00e7\u00e3o em um espa\u00e7o de visibilidade e conscientiza\u00e7\u00e3o.<\/p>\n<p>A programa\u00e7\u00e3o come\u00e7a \u00e0s 11h com o Palco da Diversidade, instalado no Farol da Barra. A concentra\u00e7\u00e3o para a caminhada est\u00e1 prevista para o meio-dia, enquanto a sa\u00edda dos trios el\u00e9tricos acontece \u00e0s 15h.<\/p>\n<p>A organiza\u00e7\u00e3o estima que o evento possa movimentar pelo menos R$ 18 milh\u00f5es na economia de Salvador em apenas um dia. A proje\u00e7\u00e3o considera despesas relacionadas \u00e0 circula\u00e7\u00e3o e perman\u00eancia do p\u00fablico, incluindo transporte, alimenta\u00e7\u00e3o, hospedagem e outros servi\u00e7os utilizados pelos participantes.<\/p>\n<p>Entre os destaques da programa\u00e7\u00e3o est\u00e1 a homenagem ao antrop\u00f3logo Luiz Mott, fundador do Grupo Gay da Bahia (GGB), que completa 80 anos. A cordelista e professora da Universidade Federal da Bahia (UFBA), Salete Maria, ser\u00e1 a madrinha de honra desta edi\u00e7\u00e3o.<\/p>\n<p>O Palco da Diversidade ter\u00e1 apresenta\u00e7\u00f5es de Scarleth Sangalo, Michelle Loren e Jocimar Ramos, al\u00e9m das performances de Vanusa Alves, Suzy BabyDoll, Jefter Brown, Saphyra Luz, Sissy Zeta Jones, Dicca Rios, Gilvan Oliveira, Aloma Divina e Joanne Labixa.<\/p>\n<p>A programa\u00e7\u00e3o musical segue durante o dia com Sylvia Patricia, \u00e0s 15h, os DJs Moon Boy e Dubai e os Habibis, \u00e0s 17h, e a Banda Or\u00edsun, \u00e0s 19h.<\/p>\n<p>Ao longo do percurso, os 13 trios el\u00e9tricos v\u00e3o reunir diferentes grupos, movimentos e atra\u00e7\u00f5es. Est\u00e3o confirmados o Trio Drag\u00e3o, do GGB; Trio Twister Space, do Trio da Diversidade; Trio Ax\u00e9, do Dend\u00ea Esporte Clube; Trio Iran Lima, de Dion Santiago; Trio Conex\u00e3o Master, de A Dama do Pagode; Trio Magia, do Trio Movimentar; Trio Embaixador, da Torcida LGBTricolor; Trio Conex\u00e3o, da Torcida Orgulho Rubro Negro; Trio Jos, do F\u00f3rum Baiano LGBT; al\u00e9m dos trios independentes Chocolate Batid\u00e3o, Mudan\u00e7a do Garcia, outro trio independente e o Trio RG.<\/p>\n<p>A 23\u00aa Parada do Orgulho LGBT+ Bahia ser\u00e1 realizada no Circuito Barra-Ondina, com concentra\u00e7\u00e3o no Farol da Barra. A programa\u00e7\u00e3o tem in\u00edcio \u00e0s 11h, a concentra\u00e7\u00e3o come\u00e7a ao meio-dia e o desfile dos trios est\u00e1 marcado para as 15h.<\/p>\n<section>Foto: Divulga\u00e7\u00e3o\/Thales Antonio\/Shutterstock<\/p>\n<\/section>\n<footer>\n<div class=\"more\"><\/div>\n<\/footer>\n","protected":false},"excerpt":{"rendered":"<p>Salvador recebe neste domingo (6) a 23\u00aa edi\u00e7\u00e3o da Parada do Orgulho LGBT+ Bahia, que promete levar diversidade, m\u00fasica e manifesta\u00e7\u00f5es de orgulho \u00e0s ruas do circuito Barra-Ondina. Com 13 trios el\u00e9tricos, apresenta\u00e7\u00f5es musicais e performances de artistas drag, o evento come\u00e7a \u00e0s 11h, no Farol da Barra, e tem o desfile previsto para sair [&hellip;]<\/p>\n","protected":false},"author":24,"featured_media":1022618,"comment_status":"closed","ping_status":"closed","sticky":false,"template":"","format":"standard","meta":[],"categories":[5],"tags":[],"acf":[],"yoast_head":"<!-- This site is optimized with the Yoast SEO plugin v20.8 - https:\/\/yoast.com\/wordpress\/plugins\/seo\/ -->\n<title>PARADA DO ORGULHO LGBT+ RE\u00daNE 13 TRIOS EL\u00c9TRICOS, SHOWS E PERFORMANCES NESTE DOMINGO EM SALVADOR - Bahia Economica Salvador recebe neste domingo (6) a 23\u00aa edi\u00e7\u00e3o da Parada do Orgulho LGBT+ Bahia, que promete levar diversidade, m\u00fasica e manifesta\u00e7\u00f5es de orgulho \u00e0s ruas do circuito Barra-Ondina.<\/title>\n<meta name=\"description\" content=\"O maior portal de Economia da Bahia MUNIC\u00cdPIOS Bahia Economica Salvador recebe neste domingo (6) a 23\u00aa edi\u00e7\u00e3o da Parada do Orgulho LGBT+ Bahia, que promete levar diversidade, m\u00fasica e manifesta\u00e7\u00f5es de orgulho \u00e0s ruas do circuito Barra-Ondina.\" \/>\n<meta name=\"robots\" content=\"index, follow, max-snippet:-1, max-image-preview:large, max-video-preview:-1\" \/>\n<link rel=\"canonical\" href=\"https:\/\/bahiaeconomica.com.br\/wp\/2026\/09\/04\/parada-do-orgulho-lgbt-reune-13-trios-eletricos-shows-e-performances-neste-domingo-em-salvador\/\" \/>\n<meta property=\"og:locale\" content=\"pt_BR\" \/>\n<meta property=\"og:type\" content=\"article\" \/>\n<meta property=\"og:title\" content=\"PARADA DO ORGULHO LGBT+ RE\u00daNE 13 TRIOS EL\u00c9TRICOS, SHOWS E PERFORMANCES NESTE DOMINGO EM SALVADOR - Bahia Economica Salvador recebe neste domingo (6) a 23\u00aa edi\u00e7\u00e3o da Parada do Orgulho LGBT+ Bahia, que promete levar diversidade, m\u00fasica e manifesta\u00e7\u00f5es de orgulho \u00e0s ruas do circuito Barra-Ondina.\" \/>\n<meta property=\"og:description\" content=\"O maior portal de Economia da Bahia MUNIC\u00cdPIOS Bahia Economica Salvador recebe neste domingo (6) a 23\u00aa edi\u00e7\u00e3o da Parada do Orgulho LGBT+ Bahia, que promete levar diversidade, m\u00fasica e manifesta\u00e7\u00f5es de orgulho \u00e0s ruas do circuito Barra-Ondina.\" \/>\n<meta property=\"og:url\" content=\"https:\/\/bahiaeconomica.com.br\/wp\/2026\/09\/04\/parada-do-orgulho-lgbt-reune-13-trios-eletricos-shows-e-performances-neste-domingo-em-salvador\/\" \/>\n<meta property=\"og:site_name\" content=\"Bahia Economica\" \/>\n<meta property=\"article:publisher\" content=\"https:\/\/www.facebook.com\/bahiaeconomica\" \/>\n<meta property=\"article:published_time\" content=\"2026-09-04T17:41:06+00:00\" \/>\n<meta property=\"og:image\" content=\"https:\/\/bahiaeconomica.com.br\/wp\/wp-content\/uploads\/2026\/09\/Foto-Thales-Antonio_Shutterstock-1.png\" \/>\n\t<meta property=\"og:image:width\" content=\"1450\" \/>\n\t<meta property=\"og:image:height\" content=\"960\" \/>\n\t<meta property=\"og:image:type\" content=\"image\/png\" \/>\n<meta name=\"author\" content=\"VICTOR OLIVEIRA\" \/>\n<meta name=\"twitter:card\" content=\"summary_large_image\" \/>\n<meta name=\"twitter:label1\" content=\"Escrito por\" \/>\n\t<meta name=\"twitter:data1\" content=\"VICTOR OLIVEIRA\" \/>\n\t<meta name=\"twitter:label2\" content=\"Est. tempo de leitura\" \/>\n\t<meta name=\"twitter:data2\" content=\"3 minutos\" \/>\n<script type=\"application\/ld+json\" class=\"yoast-schema-graph\">{\"@context\":\"https:\/\/schema.org\",\"@graph\":[{\"@type\":\"Article\",\"@id\":\"https:\/\/bahiaeconomica.com.br\/wp\/2026\/09\/04\/parada-do-orgulho-lgbt-reune-13-trios-eletricos-shows-e-performances-neste-domingo-em-salvador\/#article\",\"isPartOf\":{\"@id\":\"https:\/\/bahiaeconomica.com.br\/wp\/2026\/09\/04\/parada-do-orgulho-lgbt-reune-13-trios-eletricos-shows-e-performances-neste-domingo-em-salvador\/\"},\"author\":{\"name\":\"VICTOR OLIVEIRA\",\"@id\":\"https:\/\/bahiaeconomica.com.br\/wp\/#\/schema\/person\/a17956d0e1112b626f403fb06b8129a9\"},\"headline\":\"PARADA DO ORGULHO LGBT+ RE\u00daNE 13 TRIOS EL\u00c9TRICOS, SHOWS E PERFORMANCES NESTE DOMINGO EM SALVADOR\",\"datePublished\":\"2026-09-04T17:41:06+00:00\",\"dateModified\":\"2026-09-04T17:41:06+00:00\",\"mainEntityOfPage\":{\"@id\":\"https:\/\/bahiaeconomica.com.br\/wp\/2026\/09\/04\/parada-do-orgulho-lgbt-reune-13-trios-eletricos-shows-e-performances-neste-domingo-em-salvador\/\"},\"wordCount\":490,\"publisher\":{\"@id\":\"https:\/\/bahiaeconomica.com.br\/wp\/#organization\"},\"articleSection\":[\"MUNIC\u00cdPIOS\"],\"inLanguage\":\"pt-BR\"},{\"@type\":\"WebPage\",\"@id\":\"https:\/\/bahiaeconomica.com.br\/wp\/2026\/09\/04\/parada-do-orgulho-lgbt-reune-13-trios-eletricos-shows-e-performances-neste-domingo-em-salvador\/\",\"url\":\"https:\/\/bahiaeconomica.com.br\/wp\/2026\/09\/04\/parada-do-orgulho-lgbt-reune-13-trios-eletricos-shows-e-performances-neste-domingo-em-salvador\/\",\"name\":\"PARADA DO ORGULHO LGBT+ RE\u00daNE 13 TRIOS EL\u00c9TRICOS, SHOWS E PERFORMANCES NESTE DOMINGO EM SALVADOR - Bahia Economica Salvador recebe neste domingo (6) a 23\u00aa edi\u00e7\u00e3o da Parada do Orgulho LGBT+ Bahia, que promete levar diversidade, m\u00fasica e manifesta\u00e7\u00f5es de orgulho \u00e0s ruas do circuito Barra-Ondina.\",\"isPartOf\":{\"@id\":\"https:\/\/bahiaeconomica.com.br\/wp\/#website\"},\"datePublished\":\"2026-09-04T17:41:06+00:00\",\"dateModified\":\"2026-09-04T17:41:06+00:00\",\"description\":\"O maior portal de Economia da Bahia MUNIC\u00cdPIOS Bahia Economica Salvador recebe neste domingo (6) a 23\u00aa edi\u00e7\u00e3o da Parada do Orgulho LGBT+ Bahia, que promete levar diversidade, m\u00fasica e manifesta\u00e7\u00f5es de orgulho \u00e0s ruas do circuito Barra-Ondina.\",\"breadcrumb\":{\"@id\":\"https:\/\/bahiaeconomica.com.br\/wp\/2026\/09\/04\/parada-do-orgulho-lgbt-reune-13-trios-eletricos-shows-e-performances-neste-domingo-em-salvador\/#breadcrumb\"},\"inLanguage\":\"pt-BR\",\"potentialAction\":[{\"@type\":\"ReadAction\",\"target\":[\"https:\/\/bahiaeconomica.com.br\/wp\/2026\/09\/04\/parada-do-orgulho-lgbt-reune-13-trios-eletricos-shows-e-performances-neste-domingo-em-salvador\/\"]}]},{\"@type\":\"BreadcrumbList\",\"@id\":\"https:\/\/bahiaeconomica.com.br\/wp\/2026\/09\/04\/parada-do-orgulho-lgbt-reune-13-trios-eletricos-shows-e-performances-neste-domingo-em-salvador\/#breadcrumb\",\"itemListElement\":[{\"@type\":\"ListItem\",\"position\":1,\"name\":\"In\u00edcio\",\"item\":\"https:\/\/bahiaeconomica.com.br\/wp\/\"},{\"@type\":\"ListItem\",\"position\":2,\"name\":\"PARADA DO ORGULHO LGBT+ RE\u00daNE 13 TRIOS EL\u00c9TRICOS, SHOWS E PERFORMANCES NESTE DOMINGO EM SALVADOR\"}]},{\"@type\":\"WebSite\",\"@id\":\"https:\/\/bahiaeconomica.com.br\/wp\/#website\",\"url\":\"https:\/\/bahiaeconomica.com.br\/wp\/\",\"name\":\"Bahia Economica\",\"description\":\"O maior portal de Economia da Bahia\",\"publisher\":{\"@id\":\"https:\/\/bahiaeconomica.com.br\/wp\/#organization\"},\"potentialAction\":[{\"@type\":\"SearchAction\",\"target\":{\"@type\":\"EntryPoint\",\"urlTemplate\":\"https:\/\/bahiaeconomica.com.br\/wp\/?s={search_term_string}\"},\"query-input\":\"required name=search_term_string\"}],\"inLanguage\":\"pt-BR\"},{\"@type\":\"Organization\",\"@id\":\"https:\/\/bahiaeconomica.com.br\/wp\/#organization\",\"name\":\"Bahia Econ\u00f4mica\",\"url\":\"https:\/\/bahiaeconomica.com.br\/wp\/\",\"logo\":{\"@type\":\"ImageObject\",\"inLanguage\":\"pt-BR\",\"@id\":\"https:\/\/bahiaeconomica.com.br\/wp\/#\/schema\/logo\/image\/\",\"url\":\"https:\/\/bahiaeconomica.com.br\/wp\/wp-content\/uploads\/2020\/12\/cropped-BE.png\",\"contentUrl\":\"https:\/\/bahiaeconomica.com.br\/wp\/wp-content\/uploads\/2020\/12\/cropped-BE.png\",\"width\":512,\"height\":512,\"caption\":\"Bahia Econ\u00f4mica\"},\"image\":{\"@id\":\"https:\/\/bahiaeconomica.com.br\/wp\/#\/schema\/logo\/image\/\"},\"sameAs\":[\"https:\/\/www.facebook.com\/bahiaeconomica\"]},{\"@type\":\"Person\",\"@id\":\"https:\/\/bahiaeconomica.com.br\/wp\/#\/schema\/person\/a17956d0e1112b626f403fb06b8129a9\",\"name\":\"VICTOR OLIVEIRA\",\"sameAs\":[\"http:\/\/www.bahiaeconomica.com.br\"],\"url\":\"https:\/\/bahiaeconomica.com.br\/wp\/author\/victor-oliveira\/\"}]}<\/script>\n<!-- \/ Yoast SEO plugin. -->","yoast_head_json":{"title":"PARADA DO ORGULHO LGBT+ RE\u00daNE 13 TRIOS EL\u00c9TRICOS, SHOWS E PERFORMANCES NESTE DOMINGO EM SALVADOR - Bahia Economica Salvador recebe neste domingo (6) a 23\u00aa edi\u00e7\u00e3o da Parada do Orgulho LGBT+ Bahia, que promete levar diversidade, m\u00fasica e manifesta\u00e7\u00f5es de orgulho \u00e0s ruas do circuito Barra-Ondina.","description":"O maior portal de Economia da Bahia MUNIC\u00cdPIOS Bahia Economica Salvador recebe neste domingo (6) a 23\u00aa edi\u00e7\u00e3o da Parada do Orgulho LGBT+ Bahia, que promete levar diversidade, m\u00fasica e manifesta\u00e7\u00f5es de orgulho \u00e0s ruas do circuito Barra-Ondina.","robots":{"index":"index","follow":"follow","max-snippet":"max-snippet:-1","max-image-preview":"max-image-preview:large","max-video-preview":"max-video-preview:-1"},"canonical":"https:\/\/bahiaeconomica.com.br\/wp\/2026\/09\/04\/parada-do-orgulho-lgbt-reune-13-trios-eletricos-shows-e-performances-neste-domingo-em-salvador\/","og_locale":"pt_BR","og_type":"article","og_title":"PARADA DO ORGULHO LGBT+ RE\u00daNE 13 TRIOS EL\u00c9TRICOS, SHOWS E PERFORMANCES NESTE DOMINGO EM SALVADOR - Bahia Economica Salvador recebe neste domingo (6) a 23\u00aa edi\u00e7\u00e3o da Parada do Orgulho LGBT+ Bahia, que promete levar diversidade, m\u00fasica e manifesta\u00e7\u00f5es de orgulho \u00e0s ruas do circuito Barra-Ondina.","og_description":"O maior portal de Economia da Bahia MUNIC\u00cdPIOS Bahia Economica Salvador recebe neste domingo (6) a 23\u00aa edi\u00e7\u00e3o da Parada do Orgulho LGBT+ Bahia, que promete levar diversidade, m\u00fasica e manifesta\u00e7\u00f5es de orgulho \u00e0s ruas do circuito Barra-Ondina.","og_url":"https:\/\/bahiaeconomica.com.br\/wp\/2026\/09\/04\/parada-do-orgulho-lgbt-reune-13-trios-eletricos-shows-e-performances-neste-domingo-em-salvador\/","og_site_name":"Bahia Economica","article_publisher":"https:\/\/www.facebook.com\/bahiaeconomica","article_published_time":"2026-09-04T17:41:06+00:00","og_image":[{"width":1450,"height":960,"url":"https:\/\/bahiaeconomica.com.br\/wp\/wp-content\/uploads\/2026\/09\/Foto-Thales-Antonio_Shutterstock-1.png","type":"image\/png"}],"author":"VICTOR OLIVEIRA","twitter_card":"summary_large_image","twitter_misc":{"Escrito por":"VICTOR OLIVEIRA","Est. tempo de leitura":"3 minutos"},"schema":{"@context":"https:\/\/schema.org","@graph":[{"@type":"Article","@id":"https:\/\/bahiaeconomica.com.br\/wp\/2026\/09\/04\/parada-do-orgulho-lgbt-reune-13-trios-eletricos-shows-e-performances-neste-domingo-em-salvador\/#article","isPartOf":{"@id":"https:\/\/bahiaeconomica.com.br\/wp\/2026\/09\/04\/parada-do-orgulho-lgbt-reune-13-trios-eletricos-shows-e-performances-neste-domingo-em-salvador\/"},"author":{"name":"VICTOR OLIVEIRA","@id":"https:\/\/bahiaeconomica.com.br\/wp\/#\/schema\/person\/a17956d0e1112b626f403fb06b8129a9"},"headline":"PARADA DO ORGULHO LGBT+ RE\u00daNE 13 TRIOS EL\u00c9TRICOS, SHOWS E PERFORMANCES NESTE DOMINGO EM SALVADOR","datePublished":"2026-09-04T17:41:06+00:00","dateModified":"2026-09-04T17:41:06+00:00","mainEntityOfPage":{"@id":"https:\/\/bahiaeconomica.com.br\/wp\/2026\/09\/04\/parada-do-orgulho-lgbt-reune-13-trios-eletricos-shows-e-performances-neste-domingo-em-salvador\/"},"wordCount":490,"publisher":{"@id":"https:\/\/bahiaeconomica.com.br\/wp\/#organization"},"articleSection":["MUNIC\u00cdPIOS"],"inLanguage":"pt-BR"},{"@type":"WebPage","@id":"https:\/\/bahiaeconomica.com.br\/wp\/2026\/09\/04\/parada-do-orgulho-lgbt-reune-13-trios-eletricos-shows-e-performances-neste-domingo-em-salvador\/","url":"https:\/\/bahiaeconomica.com.br\/wp\/2026\/09\/04\/parada-do-orgulho-lgbt-reune-13-trios-eletricos-shows-e-performances-neste-domingo-em-salvador\/","name":"PARADA DO ORGULHO LGBT+ RE\u00daNE 13 TRIOS EL\u00c9TRICOS, SHOWS E PERFORMANCES NESTE DOMINGO EM SALVADOR - Bahia Economica Salvador recebe neste domingo (6) a 23\u00aa edi\u00e7\u00e3o da Parada do Orgulho LGBT+ Bahia, que promete levar diversidade, m\u00fasica e manifesta\u00e7\u00f5es de orgulho \u00e0s ruas do circuito Barra-Ondina.","isPartOf":{"@id":"https:\/\/bahiaeconomica.com.br\/wp\/#website"},"datePublished":"2026-09-04T17:41:06+00:00","dateModified":"2026-09-04T17:41:06+00:00","description":"O maior portal de Economia da Bahia MUNIC\u00cdPIOS Bahia Economica Salvador recebe neste domingo (6) a 23\u00aa edi\u00e7\u00e3o da Parada do Orgulho LGBT+ Bahia, que promete levar diversidade, m\u00fasica e manifesta\u00e7\u00f5es de orgulho \u00e0s ruas do circuito Barra-Ondina.","breadcrumb":{"@id":"https:\/\/bahiaeconomica.com.br\/wp\/2026\/09\/04\/parada-do-orgulho-lgbt-reune-13-trios-eletricos-shows-e-performances-neste-domingo-em-salvador\/#breadcrumb"},"inLanguage":"pt-BR","potentialAction":[{"@type":"ReadAction","target":["https:\/\/bahiaeconomica.com.br\/wp\/2026\/09\/04\/parada-do-orgulho-lgbt-reune-13-trios-eletricos-shows-e-performances-neste-domingo-em-salvador\/"]}]},{"@type":"BreadcrumbList","@id":"https:\/\/bahiaeconomica.com.br\/wp\/2026\/09\/04\/parada-do-orgulho-lgbt-reune-13-trios-eletricos-shows-e-performances-neste-domingo-em-salvador\/#breadcrumb","itemListElement":[{"@type":"ListItem","position":1,"name":"In\u00edcio","item":"https:\/\/bahiaeconomica.com.br\/wp\/"},{"@type":"ListItem","position":2,"name":"PARADA DO ORGULHO LGBT+ RE\u00daNE 13 TRIOS EL\u00c9TRICOS, SHOWS E PERFORMANCES NESTE DOMINGO EM SALVADOR"}]},{"@type":"WebSite","@id":"https:\/\/bahiaeconomica.com.br\/wp\/#website","url":"https:\/\/bahiaeconomica.com.br\/wp\/","name":"Bahia Economica","description":"O maior portal de Economia da Bahia","publisher":{"@id":"https:\/\/bahiaeconomica.com.br\/wp\/#organization"},"potentialAction":[{"@type":"SearchAction","target":{"@type":"EntryPoint","urlTemplate":"https:\/\/bahiaeconomica.com.br\/wp\/?s={search_term_string}"},"query-input":"required name=search_term_string"}],"inLanguage":"pt-BR"},{"@type":"Organization","@id":"https:\/\/bahiaeconomica.com.br\/wp\/#organization","name":"Bahia Econ\u00f4mica","url":"https:\/\/bahiaeconomica.com.br\/wp\/","logo":{"@type":"ImageObject","inLanguage":"pt-BR","@id":"https:\/\/bahiaeconomica.com.br\/wp\/#\/schema\/logo\/image\/","url":"https:\/\/bahiaeconomica.com.br\/wp\/wp-content\/uploads\/2020\/12\/cropped-BE.png","contentUrl":"https:\/\/bahiaeconomica.com.br\/wp\/wp-content\/uploads\/2020\/12\/cropped-BE.png","width":512,"height":512,"caption":"Bahia Econ\u00f4mica"},"image":{"@id":"https:\/\/bahiaeconomica.com.br\/wp\/#\/schema\/logo\/image\/"},"sameAs":["https:\/\/www.facebook.com\/bahiaeconomica"]},{"@type":"Person","@id":"https:\/\/bahiaeconomica.com.br\/wp\/#\/schema\/person\/a17956d0e1112b626f403fb06b8129a9","name":"VICTOR OLIVEIRA","sameAs":["http:\/\/www.bahiaeconomica.com.br"],"url":"https:\/\/bahiaeconomica.com.br\/wp\/author\/victor-oliveira\/"}]}},"views":9,"_links":{"self":[{"href":"https:\/\/bahiaeconomica.com.br\/wp\/wp-json\/wp\/v2\/posts\/1022608"}],"collection":[{"href":"https:\/\/bahiaeconomica.com.br\/wp\/wp-json\/wp\/v2\/posts"}],"about":[{"href":"https:\/\/bahiaeconomica.com.br\/wp\/wp-json\/wp\/v2\/types\/post"}],"author":[{"embeddable":true,"href":"https:\/\/bahiaeconomica.com.br\/wp\/wp-json\/wp\/v2\/users\/24"}],"replies":[{"embeddable":true,"href":"https:\/\/bahiaeconomica.com.br\/wp\/wp-json\/wp\/v2\/comments?post=1022608"}],"version-history":[{"count":1,"href":"https:\/\/bahiaeconomica.com.br\/wp\/wp-json\/wp\/v2\/posts\/1022608\/revisions"}],"predecessor-version":[{"id":1022619,"href":"https:\/\/bahiaeconomica.com.br\/wp\/wp-json\/wp\/v2\/posts\/1022608\/revisions\/1022619"}],"wp:featuredmedia":[{"embeddable":true,"href":"https:\/\/bahiaeconomica.com.br\/wp\/wp-json\/wp\/v2\/media\/1022618"}],"wp:attachment":[{"href":"https:\/\/bahiaeconomica.com.br\/wp\/wp-json\/wp\/v2\/media?parent=1022608"}],"wp:term":[{"taxonomy":"category","embeddable":true,"href":"https:\/\/bahiaeconomica.com.br\/wp\/wp-json\/wp\/v2\/categories?post=1022608"},{"taxonomy":"post_tag","embeddable":true,"href":"https:\/\/bahiaeconomica.com.br\/wp\/wp-json\/wp\/v2\/tags?post=1022608"}],"curies":[{"name":"wp","href":"https:\/\/api.w.org\/{rel}","templated":true}]}}