{"id":1022600,"date":"2026-09-04T14:28:36","date_gmt":"2026-09-04T17:28:36","guid":{"rendered":"https:\/\/bahiaeconomica.com.br\/wp\/?p=1022600"},"modified":"2026-09-04T14:28:36","modified_gmt":"2026-09-04T17:28:36","slug":"prefeitura-implanta-nova-linha-no-sistema-brt-salvador-conectando-estacao-da-lapa-e-patamares","status":"publish","type":"post","link":"https:\/\/bahiaeconomica.com.br\/wp\/2026\/09\/04\/prefeitura-implanta-nova-linha-no-sistema-brt-salvador-conectando-estacao-da-lapa-e-patamares\/","title":{"rendered":"PREFEITURA IMPLANTA NOVA LINHA NO SISTEMA BRT SALVADOR CONECTANDO ESTA\u00c7\u00c3O DA LAPA E PATAMARES"},"content":{"rendered":"<p>A Prefeitura de Salvador, por meio da Secretaria de Mobilidade (Semob), inicia no pr\u00f3ximo dia 9 de setembro a opera\u00e7\u00e3o de uma nova linha do BRT: a linha B6 &#8211; Lapa x Patamares. O novo servi\u00e7o come\u00e7ar\u00e1 em opera\u00e7\u00e3o assistida, das 9h \u00e0s 16h, com intervalo m\u00e9dio de dez minutos, oferecendo uma nova op\u00e7\u00e3o de deslocamento entre o Centro e a orla da cidade.<\/p>\n<p>A linha vai operar no modelo BRT\/BRS, combinando trechos em corredores exclusivos com segmentos em tr\u00e1fego misto, assim como as linhas B2, que sai da esta\u00e7\u00e3o Shopping da Bahia e vai at\u00e9 Amaralina, e a linha B3, que acessa a Avenida Paulo VI pelo Caminho das \u00c1rvores.<\/p>\n<p>O itiner\u00e1rio ter\u00e1 in\u00edcio na Esta\u00e7\u00e3o da Lapa, seguindo pelas avenidas Vasco da Gama, Juracy Magalh\u00e3es e ACM por meio da via exclusiva do BRT at\u00e9 a esta\u00e7\u00e3o Pituba. Em seguida, os \u00f4nibus acessam a Rua Rio Grande do Sul e seguem em tr\u00e1fego misto pela Avenida Oct\u00e1vio Mangabeira (Orla) at\u00e9 o in\u00edcio da Avenida Pinto de Aguiar, onde realizam o retorno em frente \u00e0 Avenida Ibirapitanga.<\/p>\n<p>No percurso de volta pela Orla, a linha segue pelas avenidas Oct\u00e1vio Mangabeira e Manoel Dias da Silva, al\u00e9m da Rua Pernambuco, em tr\u00e1fego misto. Em seguida, acessam a Esta\u00e7\u00e3o Pituba e percorrem o corredor exclusivo do BRT at\u00e9 retornar \u00e0 Esta\u00e7\u00e3o da Lapa.<\/p>\n<p>O secret\u00e1rio municipal de Mobilidade, Pablo Souza, explicou o objetivo do servi\u00e7o: &#8220;A vantagem do modelo BRS \u00e9 a possibilidade de fazer novas expans\u00f5es sem que seja necess\u00e1rio a realiza\u00e7\u00e3o de investimentos significativos, beneficiando ainda mais pessoas ao longo do itiner\u00e1rio. Desta forma, conseguimos oferecer um transporte com mais qualidade sem que seja necess\u00e1rio grandes interven\u00e7\u00f5es vi\u00e1rias&#8221;, explicou o secret\u00e1rio.<\/p>\n<p>Durante a fase de opera\u00e7\u00e3o assistida, a Semob acompanhar\u00e1 o desempenho do servi\u00e7o para avaliar indicadores operacionais, demanda de passageiros e realizar eventuais ajustes antes de iniciar a opera\u00e7\u00e3o plena.<\/p>\n<p>Com a implanta\u00e7\u00e3o da B6, o sistema BRT Salvador passa a atender diretamente bairros como Costa Azul, Boca do Rio, Pitua\u00e7u e Patamares, al\u00e9m de importantes equipamentos p\u00fablicos, esportivos e de lazer da capital, como o Centro de Conven\u00e7\u00f5es Salvador, a Nova Orla de Pitua\u00e7u e a futura Arena Multiuso Ant\u00f4nio Balbino (Balbin\u00e3o). O novo servi\u00e7o leva um modal de alta capacidade para a orla da cidade, proporcionando uma nova din\u00e2mica ao transporte coletivo da regi\u00e3o e oferecendo mais rapidez, conforto e integra\u00e7\u00e3o aos usu\u00e1rios.<\/p>\n<p>&nbsp;<\/p>\n<p>Fotos: Bruno Concha \/ Secom PMS<\/p>\n","protected":false},"excerpt":{"rendered":"<p>A Prefeitura de Salvador, por meio da Secretaria de Mobilidade (Semob), inicia no pr\u00f3ximo dia 9 de setembro a opera\u00e7\u00e3o de uma nova linha do BRT: a linha B6 &#8211; Lapa x Patamares. O novo servi\u00e7o come\u00e7ar\u00e1 em opera\u00e7\u00e3o assistida, das 9h \u00e0s 16h, com intervalo m\u00e9dio de dez minutos, oferecendo uma nova op\u00e7\u00e3o de [&hellip;]<\/p>\n","protected":false},"author":22,"featured_media":1022601,"comment_status":"closed","ping_status":"closed","sticky":false,"template":"","format":"standard","meta":[],"categories":[5],"tags":[],"acf":[],"yoast_head":"<!-- This site is optimized with the Yoast SEO plugin v20.8 - https:\/\/yoast.com\/wordpress\/plugins\/seo\/ -->\n<title>PREFEITURA IMPLANTA NOVA LINHA NO SISTEMA BRT SALVADOR CONECTANDO ESTA\u00c7\u00c3O DA LAPA E PATAMARES - Bahia Economica<\/title>\n<meta name=\"description\" content=\"O maior portal de Economia da Bahia MUNIC\u00cdPIOS Bahia Economica\" \/>\n<meta name=\"robots\" content=\"index, follow, max-snippet:-1, max-image-preview:large, max-video-preview:-1\" \/>\n<link rel=\"canonical\" href=\"https:\/\/bahiaeconomica.com.br\/wp\/2026\/09\/04\/prefeitura-implanta-nova-linha-no-sistema-brt-salvador-conectando-estacao-da-lapa-e-patamares\/\" \/>\n<meta property=\"og:locale\" content=\"pt_BR\" \/>\n<meta property=\"og:type\" content=\"article\" \/>\n<meta property=\"og:title\" content=\"PREFEITURA IMPLANTA NOVA LINHA NO SISTEMA BRT SALVADOR CONECTANDO ESTA\u00c7\u00c3O DA LAPA E PATAMARES - Bahia Economica\" \/>\n<meta property=\"og:description\" content=\"O maior portal de Economia da Bahia MUNIC\u00cdPIOS Bahia Economica\" \/>\n<meta property=\"og:url\" content=\"https:\/\/bahiaeconomica.com.br\/wp\/2026\/09\/04\/prefeitura-implanta-nova-linha-no-sistema-brt-salvador-conectando-estacao-da-lapa-e-patamares\/\" \/>\n<meta property=\"og:site_name\" content=\"Bahia Economica\" \/>\n<meta property=\"article:publisher\" content=\"https:\/\/www.facebook.com\/bahiaeconomica\" \/>\n<meta property=\"article:published_time\" content=\"2026-09-04T17:28:36+00:00\" \/>\n<meta property=\"og:image\" content=\"https:\/\/bahiaeconomica.com.br\/wp\/wp-content\/uploads\/2026\/09\/Faixa-Azul-BRT-Regiao-Pituba_Fot-Bruno-Concha_Secom_Pms-1-scaled.jpg\" \/>\n\t<meta property=\"og:image:width\" content=\"2560\" \/>\n\t<meta property=\"og:image:height\" content=\"1707\" \/>\n\t<meta property=\"og:image:type\" content=\"image\/jpeg\" \/>\n<meta name=\"author\" content=\"Matheus Souza\" \/>\n<meta name=\"twitter:card\" content=\"summary_large_image\" \/>\n<meta name=\"twitter:label1\" content=\"Escrito por\" \/>\n\t<meta name=\"twitter:data1\" content=\"Matheus Souza\" \/>\n\t<meta name=\"twitter:label2\" content=\"Est. tempo de leitura\" \/>\n\t<meta name=\"twitter:data2\" content=\"3 minutos\" \/>\n<script type=\"application\/ld+json\" class=\"yoast-schema-graph\">{\"@context\":\"https:\/\/schema.org\",\"@graph\":[{\"@type\":\"Article\",\"@id\":\"https:\/\/bahiaeconomica.com.br\/wp\/2026\/09\/04\/prefeitura-implanta-nova-linha-no-sistema-brt-salvador-conectando-estacao-da-lapa-e-patamares\/#article\",\"isPartOf\":{\"@id\":\"https:\/\/bahiaeconomica.com.br\/wp\/2026\/09\/04\/prefeitura-implanta-nova-linha-no-sistema-brt-salvador-conectando-estacao-da-lapa-e-patamares\/\"},\"author\":{\"name\":\"Matheus Souza\",\"@id\":\"https:\/\/bahiaeconomica.com.br\/wp\/#\/schema\/person\/3304d50cfd32353c7d08c39066638997\"},\"headline\":\"PREFEITURA IMPLANTA NOVA LINHA NO SISTEMA BRT SALVADOR CONECTANDO ESTA\u00c7\u00c3O DA LAPA E PATAMARES\",\"datePublished\":\"2026-09-04T17:28:36+00:00\",\"dateModified\":\"2026-09-04T17:28:36+00:00\",\"mainEntityOfPage\":{\"@id\":\"https:\/\/bahiaeconomica.com.br\/wp\/2026\/09\/04\/prefeitura-implanta-nova-linha-no-sistema-brt-salvador-conectando-estacao-da-lapa-e-patamares\/\"},\"wordCount\":463,\"publisher\":{\"@id\":\"https:\/\/bahiaeconomica.com.br\/wp\/#organization\"},\"articleSection\":[\"MUNIC\u00cdPIOS\"],\"inLanguage\":\"pt-BR\"},{\"@type\":\"WebPage\",\"@id\":\"https:\/\/bahiaeconomica.com.br\/wp\/2026\/09\/04\/prefeitura-implanta-nova-linha-no-sistema-brt-salvador-conectando-estacao-da-lapa-e-patamares\/\",\"url\":\"https:\/\/bahiaeconomica.com.br\/wp\/2026\/09\/04\/prefeitura-implanta-nova-linha-no-sistema-brt-salvador-conectando-estacao-da-lapa-e-patamares\/\",\"name\":\"PREFEITURA IMPLANTA NOVA LINHA NO SISTEMA BRT SALVADOR CONECTANDO ESTA\u00c7\u00c3O DA LAPA E PATAMARES - Bahia Economica\",\"isPartOf\":{\"@id\":\"https:\/\/bahiaeconomica.com.br\/wp\/#website\"},\"datePublished\":\"2026-09-04T17:28:36+00:00\",\"dateModified\":\"2026-09-04T17:28:36+00:00\",\"description\":\"O maior portal de Economia da Bahia MUNIC\u00cdPIOS Bahia Economica\",\"breadcrumb\":{\"@id\":\"https:\/\/bahiaeconomica.com.br\/wp\/2026\/09\/04\/prefeitura-implanta-nova-linha-no-sistema-brt-salvador-conectando-estacao-da-lapa-e-patamares\/#breadcrumb\"},\"inLanguage\":\"pt-BR\",\"potentialAction\":[{\"@type\":\"ReadAction\",\"target\":[\"https:\/\/bahiaeconomica.com.br\/wp\/2026\/09\/04\/prefeitura-implanta-nova-linha-no-sistema-brt-salvador-conectando-estacao-da-lapa-e-patamares\/\"]}]},{\"@type\":\"BreadcrumbList\",\"@id\":\"https:\/\/bahiaeconomica.com.br\/wp\/2026\/09\/04\/prefeitura-implanta-nova-linha-no-sistema-brt-salvador-conectando-estacao-da-lapa-e-patamares\/#breadcrumb\",\"itemListElement\":[{\"@type\":\"ListItem\",\"position\":1,\"name\":\"In\u00edcio\",\"item\":\"https:\/\/bahiaeconomica.com.br\/wp\/\"},{\"@type\":\"ListItem\",\"position\":2,\"name\":\"PREFEITURA IMPLANTA NOVA LINHA NO SISTEMA BRT SALVADOR CONECTANDO ESTA\u00c7\u00c3O DA LAPA E PATAMARES\"}]},{\"@type\":\"WebSite\",\"@id\":\"https:\/\/bahiaeconomica.com.br\/wp\/#website\",\"url\":\"https:\/\/bahiaeconomica.com.br\/wp\/\",\"name\":\"Bahia Economica\",\"description\":\"O maior portal de Economia da Bahia\",\"publisher\":{\"@id\":\"https:\/\/bahiaeconomica.com.br\/wp\/#organization\"},\"potentialAction\":[{\"@type\":\"SearchAction\",\"target\":{\"@type\":\"EntryPoint\",\"urlTemplate\":\"https:\/\/bahiaeconomica.com.br\/wp\/?s={search_term_string}\"},\"query-input\":\"required name=search_term_string\"}],\"inLanguage\":\"pt-BR\"},{\"@type\":\"Organization\",\"@id\":\"https:\/\/bahiaeconomica.com.br\/wp\/#organization\",\"name\":\"Bahia Econ\u00f4mica\",\"url\":\"https:\/\/bahiaeconomica.com.br\/wp\/\",\"logo\":{\"@type\":\"ImageObject\",\"inLanguage\":\"pt-BR\",\"@id\":\"https:\/\/bahiaeconomica.com.br\/wp\/#\/schema\/logo\/image\/\",\"url\":\"https:\/\/bahiaeconomica.com.br\/wp\/wp-content\/uploads\/2020\/12\/cropped-BE.png\",\"contentUrl\":\"https:\/\/bahiaeconomica.com.br\/wp\/wp-content\/uploads\/2020\/12\/cropped-BE.png\",\"width\":512,\"height\":512,\"caption\":\"Bahia Econ\u00f4mica\"},\"image\":{\"@id\":\"https:\/\/bahiaeconomica.com.br\/wp\/#\/schema\/logo\/image\/\"},\"sameAs\":[\"https:\/\/www.facebook.com\/bahiaeconomica\"]},{\"@type\":\"Person\",\"@id\":\"https:\/\/bahiaeconomica.com.br\/wp\/#\/schema\/person\/3304d50cfd32353c7d08c39066638997\",\"name\":\"Matheus Souza\",\"sameAs\":[\"http:\/\/www.bahiaeconomica.com.br\"],\"url\":\"https:\/\/bahiaeconomica.com.br\/wp\/author\/matheus-souza\/\"}]}<\/script>\n<!-- \/ Yoast SEO plugin. -->","yoast_head_json":{"title":"PREFEITURA IMPLANTA NOVA LINHA NO SISTEMA BRT SALVADOR CONECTANDO ESTA\u00c7\u00c3O DA LAPA E PATAMARES - Bahia Economica","description":"O maior portal de Economia da Bahia MUNIC\u00cdPIOS Bahia Economica","robots":{"index":"index","follow":"follow","max-snippet":"max-snippet:-1","max-image-preview":"max-image-preview:large","max-video-preview":"max-video-preview:-1"},"canonical":"https:\/\/bahiaeconomica.com.br\/wp\/2026\/09\/04\/prefeitura-implanta-nova-linha-no-sistema-brt-salvador-conectando-estacao-da-lapa-e-patamares\/","og_locale":"pt_BR","og_type":"article","og_title":"PREFEITURA IMPLANTA NOVA LINHA NO SISTEMA BRT SALVADOR CONECTANDO ESTA\u00c7\u00c3O DA LAPA E PATAMARES - Bahia Economica","og_description":"O maior portal de Economia da Bahia MUNIC\u00cdPIOS Bahia Economica","og_url":"https:\/\/bahiaeconomica.com.br\/wp\/2026\/09\/04\/prefeitura-implanta-nova-linha-no-sistema-brt-salvador-conectando-estacao-da-lapa-e-patamares\/","og_site_name":"Bahia Economica","article_publisher":"https:\/\/www.facebook.com\/bahiaeconomica","article_published_time":"2026-09-04T17:28:36+00:00","og_image":[{"width":2560,"height":1707,"url":"https:\/\/bahiaeconomica.com.br\/wp\/wp-content\/uploads\/2026\/09\/Faixa-Azul-BRT-Regiao-Pituba_Fot-Bruno-Concha_Secom_Pms-1-scaled.jpg","type":"image\/jpeg"}],"author":"Matheus Souza","twitter_card":"summary_large_image","twitter_misc":{"Escrito por":"Matheus Souza","Est. tempo de leitura":"3 minutos"},"schema":{"@context":"https:\/\/schema.org","@graph":[{"@type":"Article","@id":"https:\/\/bahiaeconomica.com.br\/wp\/2026\/09\/04\/prefeitura-implanta-nova-linha-no-sistema-brt-salvador-conectando-estacao-da-lapa-e-patamares\/#article","isPartOf":{"@id":"https:\/\/bahiaeconomica.com.br\/wp\/2026\/09\/04\/prefeitura-implanta-nova-linha-no-sistema-brt-salvador-conectando-estacao-da-lapa-e-patamares\/"},"author":{"name":"Matheus Souza","@id":"https:\/\/bahiaeconomica.com.br\/wp\/#\/schema\/person\/3304d50cfd32353c7d08c39066638997"},"headline":"PREFEITURA IMPLANTA NOVA LINHA NO SISTEMA BRT SALVADOR CONECTANDO ESTA\u00c7\u00c3O DA LAPA E PATAMARES","datePublished":"2026-09-04T17:28:36+00:00","dateModified":"2026-09-04T17:28:36+00:00","mainEntityOfPage":{"@id":"https:\/\/bahiaeconomica.com.br\/wp\/2026\/09\/04\/prefeitura-implanta-nova-linha-no-sistema-brt-salvador-conectando-estacao-da-lapa-e-patamares\/"},"wordCount":463,"publisher":{"@id":"https:\/\/bahiaeconomica.com.br\/wp\/#organization"},"articleSection":["MUNIC\u00cdPIOS"],"inLanguage":"pt-BR"},{"@type":"WebPage","@id":"https:\/\/bahiaeconomica.com.br\/wp\/2026\/09\/04\/prefeitura-implanta-nova-linha-no-sistema-brt-salvador-conectando-estacao-da-lapa-e-patamares\/","url":"https:\/\/bahiaeconomica.com.br\/wp\/2026\/09\/04\/prefeitura-implanta-nova-linha-no-sistema-brt-salvador-conectando-estacao-da-lapa-e-patamares\/","name":"PREFEITURA IMPLANTA NOVA LINHA NO SISTEMA BRT SALVADOR CONECTANDO ESTA\u00c7\u00c3O DA LAPA E PATAMARES - Bahia Economica","isPartOf":{"@id":"https:\/\/bahiaeconomica.com.br\/wp\/#website"},"datePublished":"2026-09-04T17:28:36+00:00","dateModified":"2026-09-04T17:28:36+00:00","description":"O maior portal de Economia da Bahia MUNIC\u00cdPIOS Bahia Economica","breadcrumb":{"@id":"https:\/\/bahiaeconomica.com.br\/wp\/2026\/09\/04\/prefeitura-implanta-nova-linha-no-sistema-brt-salvador-conectando-estacao-da-lapa-e-patamares\/#breadcrumb"},"inLanguage":"pt-BR","potentialAction":[{"@type":"ReadAction","target":["https:\/\/bahiaeconomica.com.br\/wp\/2026\/09\/04\/prefeitura-implanta-nova-linha-no-sistema-brt-salvador-conectando-estacao-da-lapa-e-patamares\/"]}]},{"@type":"BreadcrumbList","@id":"https:\/\/bahiaeconomica.com.br\/wp\/2026\/09\/04\/prefeitura-implanta-nova-linha-no-sistema-brt-salvador-conectando-estacao-da-lapa-e-patamares\/#breadcrumb","itemListElement":[{"@type":"ListItem","position":1,"name":"In\u00edcio","item":"https:\/\/bahiaeconomica.com.br\/wp\/"},{"@type":"ListItem","position":2,"name":"PREFEITURA IMPLANTA NOVA LINHA NO SISTEMA BRT SALVADOR CONECTANDO ESTA\u00c7\u00c3O DA LAPA E PATAMARES"}]},{"@type":"WebSite","@id":"https:\/\/bahiaeconomica.com.br\/wp\/#website","url":"https:\/\/bahiaeconomica.com.br\/wp\/","name":"Bahia Economica","description":"O maior portal de Economia da Bahia","publisher":{"@id":"https:\/\/bahiaeconomica.com.br\/wp\/#organization"},"potentialAction":[{"@type":"SearchAction","target":{"@type":"EntryPoint","urlTemplate":"https:\/\/bahiaeconomica.com.br\/wp\/?s={search_term_string}"},"query-input":"required name=search_term_string"}],"inLanguage":"pt-BR"},{"@type":"Organization","@id":"https:\/\/bahiaeconomica.com.br\/wp\/#organization","name":"Bahia Econ\u00f4mica","url":"https:\/\/bahiaeconomica.com.br\/wp\/","logo":{"@type":"ImageObject","inLanguage":"pt-BR","@id":"https:\/\/bahiaeconomica.com.br\/wp\/#\/schema\/logo\/image\/","url":"https:\/\/bahiaeconomica.com.br\/wp\/wp-content\/uploads\/2020\/12\/cropped-BE.png","contentUrl":"https:\/\/bahiaeconomica.com.br\/wp\/wp-content\/uploads\/2020\/12\/cropped-BE.png","width":512,"height":512,"caption":"Bahia Econ\u00f4mica"},"image":{"@id":"https:\/\/bahiaeconomica.com.br\/wp\/#\/schema\/logo\/image\/"},"sameAs":["https:\/\/www.facebook.com\/bahiaeconomica"]},{"@type":"Person","@id":"https:\/\/bahiaeconomica.com.br\/wp\/#\/schema\/person\/3304d50cfd32353c7d08c39066638997","name":"Matheus Souza","sameAs":["http:\/\/www.bahiaeconomica.com.br"],"url":"https:\/\/bahiaeconomica.com.br\/wp\/author\/matheus-souza\/"}]}},"views":8,"_links":{"self":[{"href":"https:\/\/bahiaeconomica.com.br\/wp\/wp-json\/wp\/v2\/posts\/1022600"}],"collection":[{"href":"https:\/\/bahiaeconomica.com.br\/wp\/wp-json\/wp\/v2\/posts"}],"about":[{"href":"https:\/\/bahiaeconomica.com.br\/wp\/wp-json\/wp\/v2\/types\/post"}],"author":[{"embeddable":true,"href":"https:\/\/bahiaeconomica.com.br\/wp\/wp-json\/wp\/v2\/users\/22"}],"replies":[{"embeddable":true,"href":"https:\/\/bahiaeconomica.com.br\/wp\/wp-json\/wp\/v2\/comments?post=1022600"}],"version-history":[{"count":1,"href":"https:\/\/bahiaeconomica.com.br\/wp\/wp-json\/wp\/v2\/posts\/1022600\/revisions"}],"predecessor-version":[{"id":1022604,"href":"https:\/\/bahiaeconomica.com.br\/wp\/wp-json\/wp\/v2\/posts\/1022600\/revisions\/1022604"}],"wp:featuredmedia":[{"embeddable":true,"href":"https:\/\/bahiaeconomica.com.br\/wp\/wp-json\/wp\/v2\/media\/1022601"}],"wp:attachment":[{"href":"https:\/\/bahiaeconomica.com.br\/wp\/wp-json\/wp\/v2\/media?parent=1022600"}],"wp:term":[{"taxonomy":"category","embeddable":true,"href":"https:\/\/bahiaeconomica.com.br\/wp\/wp-json\/wp\/v2\/categories?post=1022600"},{"taxonomy":"post_tag","embeddable":true,"href":"https:\/\/bahiaeconomica.com.br\/wp\/wp-json\/wp\/v2\/tags?post=1022600"}],"curies":[{"name":"wp","href":"https:\/\/api.w.org\/{rel}","templated":true}]}}