{"id":1022573,"date":"2025-09-04T11:50:01","date_gmt":"2025-09-04T14:50:01","guid":{"rendered":"https:\/\/bahiaeconomica.com.br\/wp\/?p=1022573"},"modified":"2026-09-04T11:51:05","modified_gmt":"2026-09-04T14:51:05","slug":"almacen-pepe-realiza-festival-de-paes-especiais-e-quiches","status":"publish","type":"post","link":"https:\/\/bahiaeconomica.com.br\/wp\/2025\/09\/04\/almacen-pepe-realiza-festival-de-paes-especiais-e-quiches\/","title":{"rendered":"ALMACEN PEPE REALIZA FESTIVAL DE P\u00c3ES ESPECIAIS E QUICHES"},"content":{"rendered":"<p>O Almacen Pepe celebra seus 11 anos com mais uma edi\u00e7\u00e3o de seu festival gastron\u00f4mico. Nesta sexta-feira (4) e s\u00e1bado (5), as quatro unidades da marca &#8211; Horto, Alphaville, Barra e Pituba &#8211; recebem o Festival de P\u00e3es e Quiches, com uma sele\u00e7\u00e3o especial de produtos preparada para a ocasi\u00e3o.<\/p>\n<p>Entre as op\u00e7\u00f5es de quiches est\u00e3o sabores como bacalhau, camar\u00e3o, carne seca, costela, salm\u00e3o, alho-por\u00f3, ricota, calabresa e frango com cream cheese. Os produtos estar\u00e3o dispon\u00edveis desde a abertura das lojas, enquanto durarem os estoques.<\/p>\n<p>A programa\u00e7\u00e3o tamb\u00e9m re\u00fane uma variedade de p\u00e3es, com op\u00e7\u00f5es como f\u00e9cula de mandioca com alecrim e sal grosso, alho r\u00fastico, vinho, beterraba e salame, al\u00e9m de p\u00e3es integrais, baguetes e diferentes vers\u00f5es de p\u00e3es galegos, r\u00fasticos, brioches, ciabatas e italianos. A sele\u00e7\u00e3o inclui ainda rosc\u00f3n em vers\u00f5es doces e salgadas.<\/p>\n<p>O Festival de P\u00e3es e Quiches d\u00e1 continuidade \u00e0s a\u00e7\u00f5es especiais promovidas pelo Almacen Pepe. Em edi\u00e7\u00f5es anteriores, a marca j\u00e1 realizou festivais dedicados a fatias de tortas, cookies e brigadeiros, al\u00e9m de pizzas e coxinhas.<\/p>\n<p>Sobre o Almacen Pepe<\/p>\n<p>O Almacen Pepe \u00e9 uma rede de delicatessen e restaurantes com quatro unidades em Salvador (Pituba, Horto Florestal, Alphaville e Shopping Barra) que re\u00fane gastronomia contempor\u00e2nea, linha de panifica\u00e7\u00e3o pr\u00f3pria, variedade de r\u00f3tulos e curadoria de produtos nacionais e importados. Com ambiente acolhedor e proposta voltada para experi\u00eancias \u00e0 mesa, a casa se destaca pela valoriza\u00e7\u00e3o de ingredientes de qualidade, pela diversidade do card\u00e1pio e pela programa\u00e7\u00e3o que conecta gastronomia e eventos. Lan\u00e7ada em 2015 pelo imigrante espanhol Pepe Faro, a marca mistura o estilo de emp\u00f3rios europeus com a hospitalidade baiana.<\/p>\n<p>SERVI\u00c7O<\/p>\n<p>Festival de P\u00e3es e Quiches \u2013 Almacen Pepe<\/p>\n<p>Quando: 4 e 5 de setembro (sexta-feira e s\u00e1bado)<\/p>\n<p>Endere\u00e7o e funcionamento das unidades:<\/p>\n<p>Almacen Pepe Pituba (Av. Paulo VI, 1498) &#8211; segunda a s\u00e1bado, das 7h \u00e0s 21h; domingo das 7h \u00e0s 14h<\/p>\n<p>Almacen Pepe Alphaville (Av. Alphaville, 199) &#8211; todos os dias, das 7h \u00e0s 21h<\/p>\n<p>Almacen Pepe Horto Florestal (Av. Santa Luzia, 985) &#8211; todos os dias, das 7h \u00e0s 21h<\/p>\n<p>Almacen Pepe Shopping Barra (Piso L4 &#8211; Norte) &#8211; segunda a s\u00e1bado, das 12h \u00e0s 22h; domingo das 12h \u00e0s 20h<\/p>\n<p>&nbsp;<\/p>\n<p>Cr\u00e9dito da foto: Divulga\u00e7\u00e3o<\/p>\n","protected":false},"excerpt":{"rendered":"<p>O Almacen Pepe celebra seus 11 anos com mais uma edi\u00e7\u00e3o de seu festival gastron\u00f4mico. Nesta sexta-feira (4) e s\u00e1bado (5), as quatro unidades da marca &#8211; Horto, Alphaville, Barra e Pituba &#8211; recebem o Festival de P\u00e3es e Quiches, com uma sele\u00e7\u00e3o especial de produtos preparada para a ocasi\u00e3o. Entre as op\u00e7\u00f5es de quiches [&hellip;]<\/p>\n","protected":false},"author":8,"featured_media":1022574,"comment_status":"closed","ping_status":"closed","sticky":false,"template":"","format":"standard","meta":[],"categories":[5],"tags":[52,213,58],"acf":[],"yoast_head":"<!-- This site is optimized with the Yoast SEO plugin v20.8 - https:\/\/yoast.com\/wordpress\/plugins\/seo\/ -->\n<title>ALMACEN PEPE REALIZA FESTIVAL DE P\u00c3ES ESPECIAIS E QUICHES - Bahia Economica<\/title>\n<meta name=\"description\" content=\"O maior portal de Economia da Bahia MUNIC\u00cdPIOS Bahia Economica O Almacen Pepe celebra seus 11 anos com mais uma edi\u00e7\u00e3o de seu festival\" \/>\n<meta name=\"robots\" content=\"index, follow, max-snippet:-1, max-image-preview:large, max-video-preview:-1\" \/>\n<link rel=\"canonical\" href=\"https:\/\/bahiaeconomica.com.br\/wp\/2025\/09\/04\/almacen-pepe-realiza-festival-de-paes-especiais-e-quiches\/\" \/>\n<meta property=\"og:locale\" content=\"pt_BR\" \/>\n<meta property=\"og:type\" content=\"article\" \/>\n<meta property=\"og:title\" content=\"ALMACEN PEPE REALIZA FESTIVAL DE P\u00c3ES ESPECIAIS E QUICHES - Bahia Economica\" \/>\n<meta property=\"og:description\" content=\"O maior portal de Economia da Bahia MUNIC\u00cdPIOS Bahia Economica O Almacen Pepe celebra seus 11 anos com mais uma edi\u00e7\u00e3o de seu festival\" \/>\n<meta property=\"og:url\" content=\"https:\/\/bahiaeconomica.com.br\/wp\/2025\/09\/04\/almacen-pepe-realiza-festival-de-paes-especiais-e-quiches\/\" \/>\n<meta property=\"og:site_name\" content=\"Bahia Economica\" \/>\n<meta property=\"article:publisher\" content=\"https:\/\/www.facebook.com\/bahiaeconomica\" \/>\n<meta property=\"article:published_time\" content=\"2025-09-04T14:50:01+00:00\" \/>\n<meta property=\"article:modified_time\" content=\"2026-09-04T14:51:05+00:00\" \/>\n<meta property=\"og:image\" content=\"https:\/\/bahiaeconomica.com.br\/wp\/wp-content\/uploads\/2026\/09\/WhatsApp-Image-2026-09-04-at-11.46.00.jpeg\" \/>\n\t<meta property=\"og:image:width\" content=\"853\" \/>\n\t<meta property=\"og:image:height\" content=\"1280\" \/>\n\t<meta property=\"og:image:type\" content=\"image\/jpeg\" \/>\n<meta name=\"author\" content=\"JP\" \/>\n<meta name=\"twitter:card\" content=\"summary_large_image\" \/>\n<meta name=\"twitter:label1\" content=\"Escrito por\" \/>\n\t<meta name=\"twitter:data1\" content=\"JP\" \/>\n\t<meta name=\"twitter:label2\" content=\"Est. tempo de leitura\" \/>\n\t<meta name=\"twitter:data2\" content=\"2 minutos\" \/>\n<script type=\"application\/ld+json\" class=\"yoast-schema-graph\">{\"@context\":\"https:\/\/schema.org\",\"@graph\":[{\"@type\":\"Article\",\"@id\":\"https:\/\/bahiaeconomica.com.br\/wp\/2025\/09\/04\/almacen-pepe-realiza-festival-de-paes-especiais-e-quiches\/#article\",\"isPartOf\":{\"@id\":\"https:\/\/bahiaeconomica.com.br\/wp\/2025\/09\/04\/almacen-pepe-realiza-festival-de-paes-especiais-e-quiches\/\"},\"author\":{\"name\":\"JP\",\"@id\":\"https:\/\/bahiaeconomica.com.br\/wp\/#\/schema\/person\/c86d3a3f8960425a0f9d0e5245991f4e\"},\"headline\":\"ALMACEN PEPE REALIZA FESTIVAL DE P\u00c3ES ESPECIAIS E QUICHES\",\"datePublished\":\"2025-09-04T14:50:01+00:00\",\"dateModified\":\"2026-09-04T14:51:05+00:00\",\"mainEntityOfPage\":{\"@id\":\"https:\/\/bahiaeconomica.com.br\/wp\/2025\/09\/04\/almacen-pepe-realiza-festival-de-paes-especiais-e-quiches\/\"},\"wordCount\":415,\"publisher\":{\"@id\":\"https:\/\/bahiaeconomica.com.br\/wp\/#organization\"},\"keywords\":[\"Brasil\",\"Economia\",\"sa\u00fade\"],\"articleSection\":[\"MUNIC\u00cdPIOS\"],\"inLanguage\":\"pt-BR\"},{\"@type\":\"WebPage\",\"@id\":\"https:\/\/bahiaeconomica.com.br\/wp\/2025\/09\/04\/almacen-pepe-realiza-festival-de-paes-especiais-e-quiches\/\",\"url\":\"https:\/\/bahiaeconomica.com.br\/wp\/2025\/09\/04\/almacen-pepe-realiza-festival-de-paes-especiais-e-quiches\/\",\"name\":\"ALMACEN PEPE REALIZA FESTIVAL DE P\u00c3ES ESPECIAIS E QUICHES - Bahia Economica\",\"isPartOf\":{\"@id\":\"https:\/\/bahiaeconomica.com.br\/wp\/#website\"},\"datePublished\":\"2025-09-04T14:50:01+00:00\",\"dateModified\":\"2026-09-04T14:51:05+00:00\",\"description\":\"O maior portal de Economia da Bahia MUNIC\u00cdPIOS Bahia Economica O Almacen Pepe celebra seus 11 anos com mais uma edi\u00e7\u00e3o de seu festival\",\"breadcrumb\":{\"@id\":\"https:\/\/bahiaeconomica.com.br\/wp\/2025\/09\/04\/almacen-pepe-realiza-festival-de-paes-especiais-e-quiches\/#breadcrumb\"},\"inLanguage\":\"pt-BR\",\"potentialAction\":[{\"@type\":\"ReadAction\",\"target\":[\"https:\/\/bahiaeconomica.com.br\/wp\/2025\/09\/04\/almacen-pepe-realiza-festival-de-paes-especiais-e-quiches\/\"]}]},{\"@type\":\"BreadcrumbList\",\"@id\":\"https:\/\/bahiaeconomica.com.br\/wp\/2025\/09\/04\/almacen-pepe-realiza-festival-de-paes-especiais-e-quiches\/#breadcrumb\",\"itemListElement\":[{\"@type\":\"ListItem\",\"position\":1,\"name\":\"In\u00edcio\",\"item\":\"https:\/\/bahiaeconomica.com.br\/wp\/\"},{\"@type\":\"ListItem\",\"position\":2,\"name\":\"ALMACEN PEPE REALIZA FESTIVAL DE P\u00c3ES ESPECIAIS E QUICHES\"}]},{\"@type\":\"WebSite\",\"@id\":\"https:\/\/bahiaeconomica.com.br\/wp\/#website\",\"url\":\"https:\/\/bahiaeconomica.com.br\/wp\/\",\"name\":\"Bahia Economica\",\"description\":\"O maior portal de Economia da Bahia\",\"publisher\":{\"@id\":\"https:\/\/bahiaeconomica.com.br\/wp\/#organization\"},\"potentialAction\":[{\"@type\":\"SearchAction\",\"target\":{\"@type\":\"EntryPoint\",\"urlTemplate\":\"https:\/\/bahiaeconomica.com.br\/wp\/?s={search_term_string}\"},\"query-input\":\"required name=search_term_string\"}],\"inLanguage\":\"pt-BR\"},{\"@type\":\"Organization\",\"@id\":\"https:\/\/bahiaeconomica.com.br\/wp\/#organization\",\"name\":\"Bahia Econ\u00f4mica\",\"url\":\"https:\/\/bahiaeconomica.com.br\/wp\/\",\"logo\":{\"@type\":\"ImageObject\",\"inLanguage\":\"pt-BR\",\"@id\":\"https:\/\/bahiaeconomica.com.br\/wp\/#\/schema\/logo\/image\/\",\"url\":\"https:\/\/bahiaeconomica.com.br\/wp\/wp-content\/uploads\/2020\/12\/cropped-BE.png\",\"contentUrl\":\"https:\/\/bahiaeconomica.com.br\/wp\/wp-content\/uploads\/2020\/12\/cropped-BE.png\",\"width\":512,\"height\":512,\"caption\":\"Bahia Econ\u00f4mica\"},\"image\":{\"@id\":\"https:\/\/bahiaeconomica.com.br\/wp\/#\/schema\/logo\/image\/\"},\"sameAs\":[\"https:\/\/www.facebook.com\/bahiaeconomica\"]},{\"@type\":\"Person\",\"@id\":\"https:\/\/bahiaeconomica.com.br\/wp\/#\/schema\/person\/c86d3a3f8960425a0f9d0e5245991f4e\",\"name\":\"JP\",\"sameAs\":[\"https:\/\/bahiaeconomica.com.br\/wp\/beta\/\"],\"url\":\"https:\/\/bahiaeconomica.com.br\/wp\/author\/jp\/\"}]}<\/script>\n<!-- \/ Yoast SEO plugin. -->","yoast_head_json":{"title":"ALMACEN PEPE REALIZA FESTIVAL DE P\u00c3ES ESPECIAIS E QUICHES - Bahia Economica","description":"O maior portal de Economia da Bahia MUNIC\u00cdPIOS Bahia Economica O Almacen Pepe celebra seus 11 anos com mais uma edi\u00e7\u00e3o de seu festival","robots":{"index":"index","follow":"follow","max-snippet":"max-snippet:-1","max-image-preview":"max-image-preview:large","max-video-preview":"max-video-preview:-1"},"canonical":"https:\/\/bahiaeconomica.com.br\/wp\/2025\/09\/04\/almacen-pepe-realiza-festival-de-paes-especiais-e-quiches\/","og_locale":"pt_BR","og_type":"article","og_title":"ALMACEN PEPE REALIZA FESTIVAL DE P\u00c3ES ESPECIAIS E QUICHES - Bahia Economica","og_description":"O maior portal de Economia da Bahia MUNIC\u00cdPIOS Bahia Economica O Almacen Pepe celebra seus 11 anos com mais uma edi\u00e7\u00e3o de seu festival","og_url":"https:\/\/bahiaeconomica.com.br\/wp\/2025\/09\/04\/almacen-pepe-realiza-festival-de-paes-especiais-e-quiches\/","og_site_name":"Bahia Economica","article_publisher":"https:\/\/www.facebook.com\/bahiaeconomica","article_published_time":"2025-09-04T14:50:01+00:00","article_modified_time":"2026-09-04T14:51:05+00:00","og_image":[{"width":853,"height":1280,"url":"https:\/\/bahiaeconomica.com.br\/wp\/wp-content\/uploads\/2026\/09\/WhatsApp-Image-2026-09-04-at-11.46.00.jpeg","type":"image\/jpeg"}],"author":"JP","twitter_card":"summary_large_image","twitter_misc":{"Escrito por":"JP","Est. tempo de leitura":"2 minutos"},"schema":{"@context":"https:\/\/schema.org","@graph":[{"@type":"Article","@id":"https:\/\/bahiaeconomica.com.br\/wp\/2025\/09\/04\/almacen-pepe-realiza-festival-de-paes-especiais-e-quiches\/#article","isPartOf":{"@id":"https:\/\/bahiaeconomica.com.br\/wp\/2025\/09\/04\/almacen-pepe-realiza-festival-de-paes-especiais-e-quiches\/"},"author":{"name":"JP","@id":"https:\/\/bahiaeconomica.com.br\/wp\/#\/schema\/person\/c86d3a3f8960425a0f9d0e5245991f4e"},"headline":"ALMACEN PEPE REALIZA FESTIVAL DE P\u00c3ES ESPECIAIS E QUICHES","datePublished":"2025-09-04T14:50:01+00:00","dateModified":"2026-09-04T14:51:05+00:00","mainEntityOfPage":{"@id":"https:\/\/bahiaeconomica.com.br\/wp\/2025\/09\/04\/almacen-pepe-realiza-festival-de-paes-especiais-e-quiches\/"},"wordCount":415,"publisher":{"@id":"https:\/\/bahiaeconomica.com.br\/wp\/#organization"},"keywords":["Brasil","Economia","sa\u00fade"],"articleSection":["MUNIC\u00cdPIOS"],"inLanguage":"pt-BR"},{"@type":"WebPage","@id":"https:\/\/bahiaeconomica.com.br\/wp\/2025\/09\/04\/almacen-pepe-realiza-festival-de-paes-especiais-e-quiches\/","url":"https:\/\/bahiaeconomica.com.br\/wp\/2025\/09\/04\/almacen-pepe-realiza-festival-de-paes-especiais-e-quiches\/","name":"ALMACEN PEPE REALIZA FESTIVAL DE P\u00c3ES ESPECIAIS E QUICHES - Bahia Economica","isPartOf":{"@id":"https:\/\/bahiaeconomica.com.br\/wp\/#website"},"datePublished":"2025-09-04T14:50:01+00:00","dateModified":"2026-09-04T14:51:05+00:00","description":"O maior portal de Economia da Bahia MUNIC\u00cdPIOS Bahia Economica O Almacen Pepe celebra seus 11 anos com mais uma edi\u00e7\u00e3o de seu festival","breadcrumb":{"@id":"https:\/\/bahiaeconomica.com.br\/wp\/2025\/09\/04\/almacen-pepe-realiza-festival-de-paes-especiais-e-quiches\/#breadcrumb"},"inLanguage":"pt-BR","potentialAction":[{"@type":"ReadAction","target":["https:\/\/bahiaeconomica.com.br\/wp\/2025\/09\/04\/almacen-pepe-realiza-festival-de-paes-especiais-e-quiches\/"]}]},{"@type":"BreadcrumbList","@id":"https:\/\/bahiaeconomica.com.br\/wp\/2025\/09\/04\/almacen-pepe-realiza-festival-de-paes-especiais-e-quiches\/#breadcrumb","itemListElement":[{"@type":"ListItem","position":1,"name":"In\u00edcio","item":"https:\/\/bahiaeconomica.com.br\/wp\/"},{"@type":"ListItem","position":2,"name":"ALMACEN PEPE REALIZA FESTIVAL DE P\u00c3ES ESPECIAIS E QUICHES"}]},{"@type":"WebSite","@id":"https:\/\/bahiaeconomica.com.br\/wp\/#website","url":"https:\/\/bahiaeconomica.com.br\/wp\/","name":"Bahia Economica","description":"O maior portal de Economia da Bahia","publisher":{"@id":"https:\/\/bahiaeconomica.com.br\/wp\/#organization"},"potentialAction":[{"@type":"SearchAction","target":{"@type":"EntryPoint","urlTemplate":"https:\/\/bahiaeconomica.com.br\/wp\/?s={search_term_string}"},"query-input":"required name=search_term_string"}],"inLanguage":"pt-BR"},{"@type":"Organization","@id":"https:\/\/bahiaeconomica.com.br\/wp\/#organization","name":"Bahia Econ\u00f4mica","url":"https:\/\/bahiaeconomica.com.br\/wp\/","logo":{"@type":"ImageObject","inLanguage":"pt-BR","@id":"https:\/\/bahiaeconomica.com.br\/wp\/#\/schema\/logo\/image\/","url":"https:\/\/bahiaeconomica.com.br\/wp\/wp-content\/uploads\/2020\/12\/cropped-BE.png","contentUrl":"https:\/\/bahiaeconomica.com.br\/wp\/wp-content\/uploads\/2020\/12\/cropped-BE.png","width":512,"height":512,"caption":"Bahia Econ\u00f4mica"},"image":{"@id":"https:\/\/bahiaeconomica.com.br\/wp\/#\/schema\/logo\/image\/"},"sameAs":["https:\/\/www.facebook.com\/bahiaeconomica"]},{"@type":"Person","@id":"https:\/\/bahiaeconomica.com.br\/wp\/#\/schema\/person\/c86d3a3f8960425a0f9d0e5245991f4e","name":"JP","sameAs":["https:\/\/bahiaeconomica.com.br\/wp\/beta\/"],"url":"https:\/\/bahiaeconomica.com.br\/wp\/author\/jp\/"}]}},"views":1,"_links":{"self":[{"href":"https:\/\/bahiaeconomica.com.br\/wp\/wp-json\/wp\/v2\/posts\/1022573"}],"collection":[{"href":"https:\/\/bahiaeconomica.com.br\/wp\/wp-json\/wp\/v2\/posts"}],"about":[{"href":"https:\/\/bahiaeconomica.com.br\/wp\/wp-json\/wp\/v2\/types\/post"}],"author":[{"embeddable":true,"href":"https:\/\/bahiaeconomica.com.br\/wp\/wp-json\/wp\/v2\/users\/8"}],"replies":[{"embeddable":true,"href":"https:\/\/bahiaeconomica.com.br\/wp\/wp-json\/wp\/v2\/comments?post=1022573"}],"version-history":[{"count":1,"href":"https:\/\/bahiaeconomica.com.br\/wp\/wp-json\/wp\/v2\/posts\/1022573\/revisions"}],"predecessor-version":[{"id":1022575,"href":"https:\/\/bahiaeconomica.com.br\/wp\/wp-json\/wp\/v2\/posts\/1022573\/revisions\/1022575"}],"wp:featuredmedia":[{"embeddable":true,"href":"https:\/\/bahiaeconomica.com.br\/wp\/wp-json\/wp\/v2\/media\/1022574"}],"wp:attachment":[{"href":"https:\/\/bahiaeconomica.com.br\/wp\/wp-json\/wp\/v2\/media?parent=1022573"}],"wp:term":[{"taxonomy":"category","embeddable":true,"href":"https:\/\/bahiaeconomica.com.br\/wp\/wp-json\/wp\/v2\/categories?post=1022573"},{"taxonomy":"post_tag","embeddable":true,"href":"https:\/\/bahiaeconomica.com.br\/wp\/wp-json\/wp\/v2\/tags?post=1022573"}],"curies":[{"name":"wp","href":"https:\/\/api.w.org\/{rel}","templated":true}]}}