{"id":1022569,"date":"2026-09-04T11:20:35","date_gmt":"2026-09-04T14:20:35","guid":{"rendered":"https:\/\/bahiaeconomica.com.br\/wp\/?p=1022569"},"modified":"2026-09-04T11:35:38","modified_gmt":"2026-09-04T14:35:38","slug":"byd-emplaca-mais-onibus-eletricos-que-segunda-e-terceira-colocadas-somadas-e-assume-lideranca-no-ano-2","status":"publish","type":"post","link":"https:\/\/bahiaeconomica.com.br\/wp\/2026\/09\/04\/byd-emplaca-mais-onibus-eletricos-que-segunda-e-terceira-colocadas-somadas-e-assume-lideranca-no-ano-2\/","title":{"rendered":"BYD EMPLACA MAIS \u00d4NIBUS EL\u00c9TRICOS QUE SEGUNDA E TERCEIRA COLOCADAS SOMADAS E ASSUME LIDERAN\u00c7A NO ANO"},"content":{"rendered":"<p>Metade dos \u00f4nibus el\u00e9tricos emplacados no Brasil em agosto foi BYD. A companhia registrou 126 das 254 unidades do segmento no m\u00eas e alcan\u00e7ou 49,61% de participa\u00e7\u00e3o, mantendo a lideran\u00e7a de um mercado que avan\u00e7a em ritmo acelerado no pa\u00eds.<\/p>\n<p>A for\u00e7a do resultado aparece tamb\u00e9m na compara\u00e7\u00e3o direta com as demais fabricantes: sozinha, a BYD emplacou mais \u00f4nibus el\u00e9tricos do que a segunda e a terceira colocadas somadas. Foram 126 ve\u00edculos, contra 75 da segunda posi\u00e7\u00e3o e 31 da terceira. No acumulado de janeiro a agosto, a BYD tamb\u00e9m permanece na lideran\u00e7a, com 301 \u00f4nibus el\u00e9tricos emplacados e 32,30% de participa\u00e7\u00e3o.<\/p>\n<p>\u201cS\u00f3 quem lidera a mobilidade el\u00e9trica conhece o tamanho da responsabilidade que vem junto com essa posi\u00e7\u00e3o. Lideran\u00e7a se constr\u00f3i colocando tecnologia nas ruas, ganhando escala e estando preparado para acompanhar as cidades nessa transforma\u00e7\u00e3o. Agosto mostra um mercado brasileiro muito mais forte e mostra tamb\u00e9m uma BYD pronta para crescer junto com ele. \u00c9 disso que estamos falando quando dizemos que queremos transformar a mobilidade no Brasil\u201d, afirma Alexandre Baldy, Vice-Presidente S\u00eanior da BYD Brasil e Head Comercial e de Marketing da BYD Auto.<\/p>\n<p>Um mercado que acelera<\/p>\n<p>O avan\u00e7o da BYD acompanha uma mudan\u00e7a cada vez mais vis\u00edvel no transporte p\u00fablico brasileiro. Entre janeiro e agosto de 2026, 932 \u00f4nibus el\u00e9tricos foram emplacados no pa\u00eds, contra 512 no mesmo per\u00edodo do ano passado. Em apenas um ano, o mercado cresceu 82,03%.<\/p>\n<p>Agosto foi um m\u00eas especial nessa trajet\u00f3ria: das 301 unidades emplacadas pela BYD no acumulado do ano, 126 chegaram \u00e0s ruas no \u00faltimo m\u00eas, o equivalente a aproximadamente 42% de todo o volume registrado pela companhia entre janeiro e agosto. E o crescimento aconteceu justamente quando o mercado deu um salto. De julho para agosto, o n\u00famero de \u00f4nibus el\u00e9tricos emplacados no Brasil passou de 89 para 254 unidades. No mesmo intervalo, a BYD avan\u00e7ou de 66 para 126 ve\u00edculos e permaneceu na primeira posi\u00e7\u00e3o.<\/p>\n<p>S\u00e3o n\u00fameros que come\u00e7am a traduzir nas ruas uma transforma\u00e7\u00e3o constru\u00edda ao longo dos \u00faltimos anos. \u00d4nibus el\u00e9tricos j\u00e1 fazem parte da rotina de diferentes cidades brasileiras e, \u00e0 medida que novas frotas entram em opera\u00e7\u00e3o, a eletrifica\u00e7\u00e3o deixa de ser uma perspectiva distante para ser realidade no transporte p\u00fablico brasileiro.<\/p>\n<p>\u201cN\u00e3o existe lideran\u00e7a sem confian\u00e7a. Esse resultado \u00e9 constru\u00eddo todos os dias pelos operadores que escolhem a BYD e colocam nossos \u00f4nibus para rodar em cidades de diferentes regi\u00f5es do Brasil enfrentando condi\u00e7\u00f5es e demandas muito diferentes. \u00c9 isso que constr\u00f3i experi\u00eancia e nos permite continuar evoluindo, e nosso maior resultado \u00e9 ver essa tecnologia funcionando nas ruas e transportando pessoas todos os dias\u201d, afirma Marcello Schneider, diretor de Ve\u00edculos Comerciais e Solar da BYD Brasil.<\/p>\n<p>Mil \u00e9 s\u00f3 o come\u00e7o<\/p>\n<p>A expans\u00e3o da BYD nas ruas \u00e9 sustentada tamb\u00e9m pelo avan\u00e7o da produ\u00e7\u00e3o nacional. Em agosto, a f\u00e1brica de Campinas (SP) alcan\u00e7ou a marca de 1.000 chassis de \u00f4nibus el\u00e9tricos produzidos no Brasil, pouco mais de uma d\u00e9cada depois do in\u00edcio das atividades da companhia na cidade. O marco foi alcan\u00e7ado com a produ\u00e7\u00e3o de um BC10LE, modelo desenvolvido para as necessidades das cidades brasileiras. Com dimens\u00f5es compactas, o ve\u00edculo pode operar tamb\u00e9m em vias mais estreitas e diferentes configura\u00e7\u00f5es urbanas.<\/p>\n<p>Os dois marcos se encontram na mesma hist\u00f3ria. De um lado, 1.000 chassis el\u00e9tricos j\u00e1 produzidos no Brasil. Do outro, metade dos \u00f4nibus el\u00e9tricos emplacados no pa\u00eds em agosto com a marca BYD. Para a empresa, liderar a mobilidade el\u00e9trica passa justamente por fazer essa transforma\u00e7\u00e3o acontecer na pr\u00e1tica: produzir no Brasil, desenvolver tecnologia para a realidade brasileira e colocar cada vez mais ve\u00edculos de emiss\u00e3o zero a servi\u00e7o das pessoas.<\/p>\n","protected":false},"excerpt":{"rendered":"<p>Metade dos \u00f4nibus el\u00e9tricos emplacados no Brasil em agosto foi BYD. A companhia registrou 126 das 254 unidades do segmento no m\u00eas e alcan\u00e7ou 49,61% de participa\u00e7\u00e3o, mantendo a lideran\u00e7a de um mercado que avan\u00e7a em ritmo acelerado no pa\u00eds. A for\u00e7a do resultado aparece tamb\u00e9m na compara\u00e7\u00e3o direta com as demais fabricantes: sozinha, a [&hellip;]<\/p>\n","protected":false},"author":8,"featured_media":1022570,"comment_status":"closed","ping_status":"closed","sticky":false,"template":"","format":"standard","meta":[],"categories":[3],"tags":[52,6382,1514],"acf":[],"yoast_head":"<!-- This site is optimized with the Yoast SEO plugin v20.8 - https:\/\/yoast.com\/wordpress\/plugins\/seo\/ -->\n<title>BYD EMPLACA MAIS \u00d4NIBUS EL\u00c9TRICOS QUE SEGUNDA E TERCEIRA COLOCADAS SOMADAS E ASSUME LIDERAN\u00c7A NO ANO - Bahia Economica<\/title>\n<meta name=\"description\" content=\"O maior portal de Economia da Bahia ECONOMIA \/ POL\u00cdTICA Bahia Economica Metade dos \u00f4nibus el\u00e9tricos emplacados no Brasil em agosto foi BYD\" \/>\n<meta name=\"robots\" content=\"index, follow, max-snippet:-1, max-image-preview:large, max-video-preview:-1\" \/>\n<link rel=\"canonical\" href=\"https:\/\/bahiaeconomica.com.br\/wp\/2026\/09\/04\/byd-emplaca-mais-onibus-eletricos-que-segunda-e-terceira-colocadas-somadas-e-assume-lideranca-no-ano-2\/\" \/>\n<meta property=\"og:locale\" content=\"pt_BR\" \/>\n<meta property=\"og:type\" content=\"article\" \/>\n<meta property=\"og:title\" content=\"BYD EMPLACA MAIS \u00d4NIBUS EL\u00c9TRICOS QUE SEGUNDA E TERCEIRA COLOCADAS SOMADAS E ASSUME LIDERAN\u00c7A NO ANO - Bahia Economica\" \/>\n<meta property=\"og:description\" content=\"O maior portal de Economia da Bahia ECONOMIA \/ POL\u00cdTICA Bahia Economica Metade dos \u00f4nibus el\u00e9tricos emplacados no Brasil em agosto foi BYD\" \/>\n<meta property=\"og:url\" content=\"https:\/\/bahiaeconomica.com.br\/wp\/2026\/09\/04\/byd-emplaca-mais-onibus-eletricos-que-segunda-e-terceira-colocadas-somadas-e-assume-lideranca-no-ano-2\/\" \/>\n<meta property=\"og:site_name\" content=\"Bahia Economica\" \/>\n<meta property=\"article:publisher\" content=\"https:\/\/www.facebook.com\/bahiaeconomica\" \/>\n<meta property=\"article:published_time\" content=\"2026-09-04T14:20:35+00:00\" \/>\n<meta property=\"article:modified_time\" content=\"2026-09-04T14:35:38+00:00\" \/>\n<meta property=\"og:image\" content=\"https:\/\/bahiaeconomica.com.br\/wp\/wp-content\/uploads\/2026\/09\/WhatsApp-Image-2026-09-04-at-11.30.34.jpeg\" \/>\n\t<meta property=\"og:image:width\" content=\"1600\" \/>\n\t<meta property=\"og:image:height\" content=\"1200\" \/>\n\t<meta property=\"og:image:type\" content=\"image\/jpeg\" \/>\n<meta name=\"author\" content=\"JP\" \/>\n<meta name=\"twitter:card\" content=\"summary_large_image\" \/>\n<meta name=\"twitter:label1\" content=\"Escrito por\" \/>\n\t<meta name=\"twitter:data1\" content=\"JP\" \/>\n\t<meta name=\"twitter:label2\" content=\"Est. tempo de leitura\" \/>\n\t<meta name=\"twitter:data2\" content=\"4 minutos\" \/>\n<script type=\"application\/ld+json\" class=\"yoast-schema-graph\">{\"@context\":\"https:\/\/schema.org\",\"@graph\":[{\"@type\":\"Article\",\"@id\":\"https:\/\/bahiaeconomica.com.br\/wp\/2026\/09\/04\/byd-emplaca-mais-onibus-eletricos-que-segunda-e-terceira-colocadas-somadas-e-assume-lideranca-no-ano-2\/#article\",\"isPartOf\":{\"@id\":\"https:\/\/bahiaeconomica.com.br\/wp\/2026\/09\/04\/byd-emplaca-mais-onibus-eletricos-que-segunda-e-terceira-colocadas-somadas-e-assume-lideranca-no-ano-2\/\"},\"author\":{\"name\":\"JP\",\"@id\":\"https:\/\/bahiaeconomica.com.br\/wp\/#\/schema\/person\/c86d3a3f8960425a0f9d0e5245991f4e\"},\"headline\":\"BYD EMPLACA MAIS \u00d4NIBUS EL\u00c9TRICOS QUE SEGUNDA E TERCEIRA COLOCADAS SOMADAS E ASSUME LIDERAN\u00c7A NO ANO\",\"datePublished\":\"2026-09-04T14:20:35+00:00\",\"dateModified\":\"2026-09-04T14:35:38+00:00\",\"mainEntityOfPage\":{\"@id\":\"https:\/\/bahiaeconomica.com.br\/wp\/2026\/09\/04\/byd-emplaca-mais-onibus-eletricos-que-segunda-e-terceira-colocadas-somadas-e-assume-lideranca-no-ano-2\/\"},\"wordCount\":678,\"publisher\":{\"@id\":\"https:\/\/bahiaeconomica.com.br\/wp\/#organization\"},\"keywords\":[\"Brasil\",\"byd\",\"ONIBUS\"],\"articleSection\":[\"ECONOMIA \/ POL\u00cdTICA\"],\"inLanguage\":\"pt-BR\"},{\"@type\":\"WebPage\",\"@id\":\"https:\/\/bahiaeconomica.com.br\/wp\/2026\/09\/04\/byd-emplaca-mais-onibus-eletricos-que-segunda-e-terceira-colocadas-somadas-e-assume-lideranca-no-ano-2\/\",\"url\":\"https:\/\/bahiaeconomica.com.br\/wp\/2026\/09\/04\/byd-emplaca-mais-onibus-eletricos-que-segunda-e-terceira-colocadas-somadas-e-assume-lideranca-no-ano-2\/\",\"name\":\"BYD EMPLACA MAIS \u00d4NIBUS EL\u00c9TRICOS QUE SEGUNDA E TERCEIRA COLOCADAS SOMADAS E ASSUME LIDERAN\u00c7A NO ANO - Bahia Economica\",\"isPartOf\":{\"@id\":\"https:\/\/bahiaeconomica.com.br\/wp\/#website\"},\"datePublished\":\"2026-09-04T14:20:35+00:00\",\"dateModified\":\"2026-09-04T14:35:38+00:00\",\"description\":\"O maior portal de Economia da Bahia ECONOMIA \/ POL\u00cdTICA Bahia Economica Metade dos \u00f4nibus el\u00e9tricos emplacados no Brasil em agosto foi BYD\",\"breadcrumb\":{\"@id\":\"https:\/\/bahiaeconomica.com.br\/wp\/2026\/09\/04\/byd-emplaca-mais-onibus-eletricos-que-segunda-e-terceira-colocadas-somadas-e-assume-lideranca-no-ano-2\/#breadcrumb\"},\"inLanguage\":\"pt-BR\",\"potentialAction\":[{\"@type\":\"ReadAction\",\"target\":[\"https:\/\/bahiaeconomica.com.br\/wp\/2026\/09\/04\/byd-emplaca-mais-onibus-eletricos-que-segunda-e-terceira-colocadas-somadas-e-assume-lideranca-no-ano-2\/\"]}]},{\"@type\":\"BreadcrumbList\",\"@id\":\"https:\/\/bahiaeconomica.com.br\/wp\/2026\/09\/04\/byd-emplaca-mais-onibus-eletricos-que-segunda-e-terceira-colocadas-somadas-e-assume-lideranca-no-ano-2\/#breadcrumb\",\"itemListElement\":[{\"@type\":\"ListItem\",\"position\":1,\"name\":\"In\u00edcio\",\"item\":\"https:\/\/bahiaeconomica.com.br\/wp\/\"},{\"@type\":\"ListItem\",\"position\":2,\"name\":\"BYD EMPLACA MAIS \u00d4NIBUS EL\u00c9TRICOS QUE SEGUNDA E TERCEIRA COLOCADAS SOMADAS E ASSUME LIDERAN\u00c7A NO ANO\"}]},{\"@type\":\"WebSite\",\"@id\":\"https:\/\/bahiaeconomica.com.br\/wp\/#website\",\"url\":\"https:\/\/bahiaeconomica.com.br\/wp\/\",\"name\":\"Bahia Economica\",\"description\":\"O maior portal de Economia da Bahia\",\"publisher\":{\"@id\":\"https:\/\/bahiaeconomica.com.br\/wp\/#organization\"},\"potentialAction\":[{\"@type\":\"SearchAction\",\"target\":{\"@type\":\"EntryPoint\",\"urlTemplate\":\"https:\/\/bahiaeconomica.com.br\/wp\/?s={search_term_string}\"},\"query-input\":\"required name=search_term_string\"}],\"inLanguage\":\"pt-BR\"},{\"@type\":\"Organization\",\"@id\":\"https:\/\/bahiaeconomica.com.br\/wp\/#organization\",\"name\":\"Bahia Econ\u00f4mica\",\"url\":\"https:\/\/bahiaeconomica.com.br\/wp\/\",\"logo\":{\"@type\":\"ImageObject\",\"inLanguage\":\"pt-BR\",\"@id\":\"https:\/\/bahiaeconomica.com.br\/wp\/#\/schema\/logo\/image\/\",\"url\":\"https:\/\/bahiaeconomica.com.br\/wp\/wp-content\/uploads\/2020\/12\/cropped-BE.png\",\"contentUrl\":\"https:\/\/bahiaeconomica.com.br\/wp\/wp-content\/uploads\/2020\/12\/cropped-BE.png\",\"width\":512,\"height\":512,\"caption\":\"Bahia Econ\u00f4mica\"},\"image\":{\"@id\":\"https:\/\/bahiaeconomica.com.br\/wp\/#\/schema\/logo\/image\/\"},\"sameAs\":[\"https:\/\/www.facebook.com\/bahiaeconomica\"]},{\"@type\":\"Person\",\"@id\":\"https:\/\/bahiaeconomica.com.br\/wp\/#\/schema\/person\/c86d3a3f8960425a0f9d0e5245991f4e\",\"name\":\"JP\",\"sameAs\":[\"https:\/\/bahiaeconomica.com.br\/wp\/beta\/\"],\"url\":\"https:\/\/bahiaeconomica.com.br\/wp\/author\/jp\/\"}]}<\/script>\n<!-- \/ Yoast SEO plugin. -->","yoast_head_json":{"title":"BYD EMPLACA MAIS \u00d4NIBUS EL\u00c9TRICOS QUE SEGUNDA E TERCEIRA COLOCADAS SOMADAS E ASSUME LIDERAN\u00c7A NO ANO - Bahia Economica","description":"O maior portal de Economia da Bahia ECONOMIA \/ POL\u00cdTICA Bahia Economica Metade dos \u00f4nibus el\u00e9tricos emplacados no Brasil em agosto foi BYD","robots":{"index":"index","follow":"follow","max-snippet":"max-snippet:-1","max-image-preview":"max-image-preview:large","max-video-preview":"max-video-preview:-1"},"canonical":"https:\/\/bahiaeconomica.com.br\/wp\/2026\/09\/04\/byd-emplaca-mais-onibus-eletricos-que-segunda-e-terceira-colocadas-somadas-e-assume-lideranca-no-ano-2\/","og_locale":"pt_BR","og_type":"article","og_title":"BYD EMPLACA MAIS \u00d4NIBUS EL\u00c9TRICOS QUE SEGUNDA E TERCEIRA COLOCADAS SOMADAS E ASSUME LIDERAN\u00c7A NO ANO - Bahia Economica","og_description":"O maior portal de Economia da Bahia ECONOMIA \/ POL\u00cdTICA Bahia Economica Metade dos \u00f4nibus el\u00e9tricos emplacados no Brasil em agosto foi BYD","og_url":"https:\/\/bahiaeconomica.com.br\/wp\/2026\/09\/04\/byd-emplaca-mais-onibus-eletricos-que-segunda-e-terceira-colocadas-somadas-e-assume-lideranca-no-ano-2\/","og_site_name":"Bahia Economica","article_publisher":"https:\/\/www.facebook.com\/bahiaeconomica","article_published_time":"2026-09-04T14:20:35+00:00","article_modified_time":"2026-09-04T14:35:38+00:00","og_image":[{"width":1600,"height":1200,"url":"https:\/\/bahiaeconomica.com.br\/wp\/wp-content\/uploads\/2026\/09\/WhatsApp-Image-2026-09-04-at-11.30.34.jpeg","type":"image\/jpeg"}],"author":"JP","twitter_card":"summary_large_image","twitter_misc":{"Escrito por":"JP","Est. tempo de leitura":"4 minutos"},"schema":{"@context":"https:\/\/schema.org","@graph":[{"@type":"Article","@id":"https:\/\/bahiaeconomica.com.br\/wp\/2026\/09\/04\/byd-emplaca-mais-onibus-eletricos-que-segunda-e-terceira-colocadas-somadas-e-assume-lideranca-no-ano-2\/#article","isPartOf":{"@id":"https:\/\/bahiaeconomica.com.br\/wp\/2026\/09\/04\/byd-emplaca-mais-onibus-eletricos-que-segunda-e-terceira-colocadas-somadas-e-assume-lideranca-no-ano-2\/"},"author":{"name":"JP","@id":"https:\/\/bahiaeconomica.com.br\/wp\/#\/schema\/person\/c86d3a3f8960425a0f9d0e5245991f4e"},"headline":"BYD EMPLACA MAIS \u00d4NIBUS EL\u00c9TRICOS QUE SEGUNDA E TERCEIRA COLOCADAS SOMADAS E ASSUME LIDERAN\u00c7A NO ANO","datePublished":"2026-09-04T14:20:35+00:00","dateModified":"2026-09-04T14:35:38+00:00","mainEntityOfPage":{"@id":"https:\/\/bahiaeconomica.com.br\/wp\/2026\/09\/04\/byd-emplaca-mais-onibus-eletricos-que-segunda-e-terceira-colocadas-somadas-e-assume-lideranca-no-ano-2\/"},"wordCount":678,"publisher":{"@id":"https:\/\/bahiaeconomica.com.br\/wp\/#organization"},"keywords":["Brasil","byd","ONIBUS"],"articleSection":["ECONOMIA \/ POL\u00cdTICA"],"inLanguage":"pt-BR"},{"@type":"WebPage","@id":"https:\/\/bahiaeconomica.com.br\/wp\/2026\/09\/04\/byd-emplaca-mais-onibus-eletricos-que-segunda-e-terceira-colocadas-somadas-e-assume-lideranca-no-ano-2\/","url":"https:\/\/bahiaeconomica.com.br\/wp\/2026\/09\/04\/byd-emplaca-mais-onibus-eletricos-que-segunda-e-terceira-colocadas-somadas-e-assume-lideranca-no-ano-2\/","name":"BYD EMPLACA MAIS \u00d4NIBUS EL\u00c9TRICOS QUE SEGUNDA E TERCEIRA COLOCADAS SOMADAS E ASSUME LIDERAN\u00c7A NO ANO - Bahia Economica","isPartOf":{"@id":"https:\/\/bahiaeconomica.com.br\/wp\/#website"},"datePublished":"2026-09-04T14:20:35+00:00","dateModified":"2026-09-04T14:35:38+00:00","description":"O maior portal de Economia da Bahia ECONOMIA \/ POL\u00cdTICA Bahia Economica Metade dos \u00f4nibus el\u00e9tricos emplacados no Brasil em agosto foi BYD","breadcrumb":{"@id":"https:\/\/bahiaeconomica.com.br\/wp\/2026\/09\/04\/byd-emplaca-mais-onibus-eletricos-que-segunda-e-terceira-colocadas-somadas-e-assume-lideranca-no-ano-2\/#breadcrumb"},"inLanguage":"pt-BR","potentialAction":[{"@type":"ReadAction","target":["https:\/\/bahiaeconomica.com.br\/wp\/2026\/09\/04\/byd-emplaca-mais-onibus-eletricos-que-segunda-e-terceira-colocadas-somadas-e-assume-lideranca-no-ano-2\/"]}]},{"@type":"BreadcrumbList","@id":"https:\/\/bahiaeconomica.com.br\/wp\/2026\/09\/04\/byd-emplaca-mais-onibus-eletricos-que-segunda-e-terceira-colocadas-somadas-e-assume-lideranca-no-ano-2\/#breadcrumb","itemListElement":[{"@type":"ListItem","position":1,"name":"In\u00edcio","item":"https:\/\/bahiaeconomica.com.br\/wp\/"},{"@type":"ListItem","position":2,"name":"BYD EMPLACA MAIS \u00d4NIBUS EL\u00c9TRICOS QUE SEGUNDA E TERCEIRA COLOCADAS SOMADAS E ASSUME LIDERAN\u00c7A NO ANO"}]},{"@type":"WebSite","@id":"https:\/\/bahiaeconomica.com.br\/wp\/#website","url":"https:\/\/bahiaeconomica.com.br\/wp\/","name":"Bahia Economica","description":"O maior portal de Economia da Bahia","publisher":{"@id":"https:\/\/bahiaeconomica.com.br\/wp\/#organization"},"potentialAction":[{"@type":"SearchAction","target":{"@type":"EntryPoint","urlTemplate":"https:\/\/bahiaeconomica.com.br\/wp\/?s={search_term_string}"},"query-input":"required name=search_term_string"}],"inLanguage":"pt-BR"},{"@type":"Organization","@id":"https:\/\/bahiaeconomica.com.br\/wp\/#organization","name":"Bahia Econ\u00f4mica","url":"https:\/\/bahiaeconomica.com.br\/wp\/","logo":{"@type":"ImageObject","inLanguage":"pt-BR","@id":"https:\/\/bahiaeconomica.com.br\/wp\/#\/schema\/logo\/image\/","url":"https:\/\/bahiaeconomica.com.br\/wp\/wp-content\/uploads\/2020\/12\/cropped-BE.png","contentUrl":"https:\/\/bahiaeconomica.com.br\/wp\/wp-content\/uploads\/2020\/12\/cropped-BE.png","width":512,"height":512,"caption":"Bahia Econ\u00f4mica"},"image":{"@id":"https:\/\/bahiaeconomica.com.br\/wp\/#\/schema\/logo\/image\/"},"sameAs":["https:\/\/www.facebook.com\/bahiaeconomica"]},{"@type":"Person","@id":"https:\/\/bahiaeconomica.com.br\/wp\/#\/schema\/person\/c86d3a3f8960425a0f9d0e5245991f4e","name":"JP","sameAs":["https:\/\/bahiaeconomica.com.br\/wp\/beta\/"],"url":"https:\/\/bahiaeconomica.com.br\/wp\/author\/jp\/"}]}},"views":7,"_links":{"self":[{"href":"https:\/\/bahiaeconomica.com.br\/wp\/wp-json\/wp\/v2\/posts\/1022569"}],"collection":[{"href":"https:\/\/bahiaeconomica.com.br\/wp\/wp-json\/wp\/v2\/posts"}],"about":[{"href":"https:\/\/bahiaeconomica.com.br\/wp\/wp-json\/wp\/v2\/types\/post"}],"author":[{"embeddable":true,"href":"https:\/\/bahiaeconomica.com.br\/wp\/wp-json\/wp\/v2\/users\/8"}],"replies":[{"embeddable":true,"href":"https:\/\/bahiaeconomica.com.br\/wp\/wp-json\/wp\/v2\/comments?post=1022569"}],"version-history":[{"count":1,"href":"https:\/\/bahiaeconomica.com.br\/wp\/wp-json\/wp\/v2\/posts\/1022569\/revisions"}],"predecessor-version":[{"id":1022571,"href":"https:\/\/bahiaeconomica.com.br\/wp\/wp-json\/wp\/v2\/posts\/1022569\/revisions\/1022571"}],"wp:featuredmedia":[{"embeddable":true,"href":"https:\/\/bahiaeconomica.com.br\/wp\/wp-json\/wp\/v2\/media\/1022570"}],"wp:attachment":[{"href":"https:\/\/bahiaeconomica.com.br\/wp\/wp-json\/wp\/v2\/media?parent=1022569"}],"wp:term":[{"taxonomy":"category","embeddable":true,"href":"https:\/\/bahiaeconomica.com.br\/wp\/wp-json\/wp\/v2\/categories?post=1022569"},{"taxonomy":"post_tag","embeddable":true,"href":"https:\/\/bahiaeconomica.com.br\/wp\/wp-json\/wp\/v2\/tags?post=1022569"}],"curies":[{"name":"wp","href":"https:\/\/api.w.org\/{rel}","templated":true}]}}