{"id":1022318,"date":"2026-09-02T18:57:48","date_gmt":"2026-09-02T21:57:48","guid":{"rendered":"https:\/\/bahiaeconomica.com.br\/wp\/?p=1022318"},"modified":"2026-09-03T19:56:27","modified_gmt":"2026-09-03T22:56:27","slug":"simm-oferece-323-vagas-de-emprego-em-salvador-nesta-sexta-feira-4","status":"publish","type":"post","link":"https:\/\/bahiaeconomica.com.br\/wp\/2026\/09\/02\/simm-oferece-323-vagas-de-emprego-em-salvador-nesta-sexta-feira-4\/","title":{"rendered":"SIMM OFERECE 323 VAGAS DE EMPREGO EM SALVADOR NESTA SEXTA-FEIRA (4)"},"content":{"rendered":"<table border=\"0\" width=\"100%\" cellspacing=\"0\" cellpadding=\"0\">\n<tbody>\n<tr>\n<td align=\"left\">\n<div>\n<p>O Servi\u00e7o Municipal de Intermedia\u00e7\u00e3o de M\u00e3o de Obra (Simm) oferece 323 vagas de emprego em Salvador nesta sexta-feira (4). Os candidatos interessados devem acessar o site Salvador Digital para agendar o atendimento. Em caso de defici\u00eancia, os candidatos devem entrar em contato pelo n\u00famero (71) 3202-2005 para fazer o agendamento.<\/p>\n<p>O atendimento \u00e9 realizado de forma h\u00edbrida, ou seja, presencial e remoto, via WhatsApp. A escolha da modalidade \u00e9 feita no momento do agendamento. Para as vagas que exigem experi\u00eancia, o tempo de servi\u00e7o deve ser comprovado em carteira de trabalho.<\/p>\n<p><strong>VAGAS<\/strong><\/p>\n<p>&nbsp;<\/p>\n<p><strong>Gar\u00e7om<\/strong><br \/>\nEnsino m\u00e9dio completo, 6 meses de experi\u00eancia.<br \/>\nA combinar + benef\u00edcios<br \/>\n20 vagas<\/p>\n<p>&nbsp;<\/p>\n<p><strong>Supervisor de call center<\/strong><br \/>\nEnsino superior completo, 6 meses de experi\u00eancia, inform\u00e1tica intermedi\u00e1ria, dom\u00ednio de ferramentas de gest\u00e3o e sistema de call center.<br \/>\nR$ 2.400,00 + benef\u00edcios<br \/>\n1 vaga<\/p>\n<p>&nbsp;<\/p>\n<p><strong>Auxiliar de limpeza<\/strong><br \/>\nEnsino m\u00e9dio completo, 6 meses de experi\u00eancia. Ter carteira de reservista ou carta de dispensa.<br \/>\nR$ 1.621,00 + benef\u00edcios<br \/>\n1 vaga<\/p>\n<p>&nbsp;<\/p>\n<p><strong>Empregada dom\u00e9stica<\/strong><br \/>\nEnsino fundamental incompleto, 3 meses de experi\u00eancia.<br \/>\nR$ 1.621,00 + benef\u00edcios<br \/>\n1 vaga<\/p>\n<p>&nbsp;<\/p>\n<p><strong>Mec\u00e2nico de refrigera\u00e7\u00e3o<\/strong><br \/>\nEnsino m\u00e9dio completo, 6 meses de experi\u00eancia. Imprescind\u00edvel possuir CNH B, experi\u00eancia com VRF e carteira de reservista ou carta de dispensa.<br \/>\nR$ 2.300,00 + benef\u00edcios<br \/>\n1 vaga<\/p>\n<p>&nbsp;<\/p>\n<p><strong>Operador de telemarketing ativo e receptivo<\/strong><br \/>\nEnsino m\u00e9dio completo, sem experi\u00eancia. Ter boa dic\u00e7\u00e3o e conhecimento em inform\u00e1tica.<br \/>\nA combinar + benef\u00edcios<br \/>\n150 vagas<\/p>\n<p>&nbsp;<\/p>\n<p><strong>Vendedor interno (vaga exclusiva para o Programa Simm Mulher)<\/strong><br \/>\nEnsino m\u00e9dio completo, 6 meses de experi\u00eancia. Ter disponibilidade para viajar.<br \/>\nR$ 1.621,00 + benef\u00edcios<br \/>\n1 vaga<\/p>\n<p>&nbsp;<\/p>\n<p><strong>Ajudante de t\u00e9cnico de telecomunica\u00e7\u00e3o<\/strong><br \/>\nEnsino m\u00e9dio completo, 6 meses de experi\u00eancia. Ter carteira de reservista ou carta de dispensa.<br \/>\nR$ 1.621,00 + benef\u00edcios<br \/>\n1 vaga<\/p>\n<p>&nbsp;<\/p>\n<p><strong>Cozinheiro (vaga exclusiva para o Programa Simm Mulher)<\/strong><br \/>\nEnsino m\u00e9dio completo, 3 meses de experi\u00eancia.<br \/>\nR$ 1.621,00 + benef\u00edcios<br \/>\n1 vaga<\/p>\n<p>&nbsp;<\/p>\n<p><strong>Promotora degustadora (vaga exclusiva para o Programa Simm Mulher)<\/strong><br \/>\nEnsino m\u00e9dio completo, 6 meses de experi\u00eancia.<br \/>\nR$ 1.823,00 + benef\u00edcios<br \/>\n1 vaga<\/p>\n<p>&nbsp;<\/p>\n<p><strong>Atendente de padaria e fatiados<\/strong><br \/>\nEnsino m\u00e9dio completo, 6 meses de experi\u00eancia. Imprescind\u00edvel ter disponibilidade para trabalhar no fechamento de loja.<br \/>\nR$ 1.621,00 + benef\u00edcios<br \/>\n2 vagas<\/p>\n<p>&nbsp;<\/p>\n<p><strong>Vendedor interno<\/strong><br \/>\nEnsino m\u00e9dio completo, 6 meses de experi\u00eancia.<br \/>\nR$ 1.820,00 + benef\u00edcios<br \/>\n4 vagas<\/p>\n<p>&nbsp;<\/p>\n<p><strong>Instalador-reparador de redes telef\u00f4nicas e de comunica\u00e7\u00e3o de dados<\/strong><br \/>\nEnsino m\u00e9dio completo, 6 meses de experi\u00eancia. Imprescind\u00edvel possuir CNH B e carteira de reservista ou atestado de dispensa.<br \/>\nR$ 2.233,10 + benef\u00edcios<br \/>\n2 vagas<\/p>\n<p>&nbsp;<\/p>\n<p><strong>Cozinheiro<\/strong><br \/>\nEnsino m\u00e9dio completo, 6 meses de experi\u00eancia. Ter habilidades em frutos do mar e comida baiana.<br \/>\nR$ 1.818,00 + benef\u00edcios<br \/>\n2 vagas<\/p>\n<p>&nbsp;<\/p>\n<p><strong>Gar\u00e7om<\/strong><br \/>\nEnsino m\u00e9dio completo, 6 meses de experi\u00eancia.<br \/>\nA combinar + benef\u00edcios<br \/>\n2 vagas<\/p>\n<p>&nbsp;<\/p>\n<p><strong>Mec\u00e2nico de motos<\/strong><br \/>\nEnsino fundamental completo, 6 meses de experi\u00eancia. Imprescind\u00edvel possuir CNH A e carteira de reservista ou carta de dispensa.<br \/>\nR$ 2.000,00 + benef\u00edcios<br \/>\n2 vagas<\/p>\n<p>&nbsp;<\/p>\n<p><strong>Assistente cont\u00e1bil<\/strong><br \/>\nEnsino superior incompleto em Ci\u00eancias Cont\u00e1beis, cursando a partir do 5\u00ba semestre \u00e0 noite, e 6 meses de experi\u00eancia.<br \/>\nA combinar + benef\u00edcios<br \/>\n1 vaga<\/p>\n<p>&nbsp;<\/p>\n<p><strong>Auxiliar cont\u00e1bil<\/strong><br \/>\nEnsino superior incompleto em Ci\u00eancias Cont\u00e1beis, cursando a partir do 1\u00ba semestre \u00e0 noite, e 6 meses de experi\u00eancia.<br \/>\nA combinar + benef\u00edcios<br \/>\n1 vaga<\/p>\n<p>&nbsp;<\/p>\n<p><strong>Auxiliar fiscal<\/strong><br \/>\nEnsino m\u00e9dio completo, 6 meses de experi\u00eancia.<br \/>\nA combinar + benef\u00edcios<br \/>\n1 vaga<\/p>\n<p>&nbsp;<\/p>\n<p><strong>Pintor<\/strong><br \/>\nEnsino m\u00e9dio completo, 6 meses de experi\u00eancia. Imprescind\u00edvel possuir carteira de reservista ou carta de dispensa.<br \/>\nR$ 2.200,00 + benef\u00edcios<br \/>\n2 vagas<\/p>\n<p>&nbsp;<\/p>\n<p><strong>Secret\u00e1ria administrativa escolar<\/strong><br \/>\nEnsino m\u00e9dio completo, 6 meses de experi\u00eancia. Imprescind\u00edvel ter experi\u00eancia na \u00e1rea de educa\u00e7\u00e3o, rotinas administrativas, recep\u00e7\u00e3o, conhecimento em Pacote Office (e-mail e planilhas) e disponibilidade para trabalhar \u00e0 tarde. Conforme a Nova Lei Trabalhista, a contrata\u00e7\u00e3o ser\u00e1 por PJ (pessoa jur\u00eddica). Desej\u00e1vel experi\u00eancia com terceiro setor.<br \/>\nR$ 1.621,00 + transporte<br \/>\n1 vaga<\/p>\n<p>&nbsp;<\/p>\n<p><strong>Alfabetizador<\/strong><br \/>\nEnsino m\u00e9dio completo, 6 meses de experi\u00eancia. Imprescind\u00edvel ter experi\u00eancia com atua\u00e7\u00e3o de alfabetiza\u00e7\u00e3o de crian\u00e7as e disponibilidade para trabalhar \u00e0 tarde. Conforme a Nova Lei Trabalhista, a contrata\u00e7\u00e3o ser\u00e1 por PJ (pessoa jur\u00eddica). Desej\u00e1vel experi\u00eancia com terceiro setor.<br \/>\nA combinar + benef\u00edcios<br \/>\n1 vaga<\/p>\n<p>&nbsp;<\/p>\n<p><strong>Professor de Matem\u00e1tica de s\u00e9rie fundamental<\/strong><br \/>\nEnsino superior completo em Matem\u00e1tica, 6 meses de experi\u00eancia. Imprescind\u00edvel ter experi\u00eancia com atua\u00e7\u00e3o de alfabetiza\u00e7\u00e3o de crian\u00e7as e disponibilidade para trabalhar \u00e0 tarde. Conforme a Nova Lei Trabalhista, a contrata\u00e7\u00e3o ser\u00e1 por PJ (pessoa jur\u00eddica). Desej\u00e1vel experi\u00eancia com terceiro setor.<br \/>\nA combinar + benef\u00edcios<br \/>\n1 vaga<\/p>\n<p>&nbsp;<\/p>\n<p><strong>T\u00e9cnico de seguran\u00e7a do trabalho<\/strong><br \/>\nEnsino m\u00e9dio completo, 6 meses de experi\u00eancia. Imprescind\u00edvel possuir carteira de reservista ou carta de dispensa, curso TST, Pacote Office, CNH B e registro ativo no MTE.<br \/>\nA combinar + benef\u00edcios<br \/>\n1 vaga<\/p>\n<p>&nbsp;<\/p>\n<p><strong>Empacotador (vaga exclusiva para o Programa Primeiro Emprego)<\/strong><br \/>\nEnsino m\u00e9dio completo, sem experi\u00eancia. Imprescind\u00edvel possuir carteira de reservista ou carta de dispensa e disponibilidade de hor\u00e1rio.<br \/>\nA combinar + benef\u00edcios<br \/>\n5 vagas<\/p>\n<p>&nbsp;<\/p>\n<p><strong>Motorista entregador<\/strong><br \/>\nEnsino m\u00e9dio completo, 6 meses de experi\u00eancia. Imprescind\u00edvel possuir CNH D com EAR (Exerce Atividade Remunerada), experi\u00eancia na \u00e1rea de entrega de bebidas ou materiais pesados e carteira de reservista ou carta de dispensa.<br \/>\nR$ 2.464,50 + benef\u00edcios<br \/>\n15 vagas<\/p>\n<p>&nbsp;<\/p>\n<p><strong>Consultor de vendas<\/strong><br \/>\nEnsino superior incompleto em Administra\u00e7\u00e3o ou \u00e1reas afins, 6 meses de experi\u00eancia. Imprescind\u00edvel possuir carteira de clientes ativa. A contrata\u00e7\u00e3o ser\u00e1 como pessoa jur\u00eddica.<br \/>\nR$ 2.000,00 + benef\u00edcios<br \/>\n2 vagas<\/p>\n<p>&nbsp;<\/p>\n<p><strong>Mec\u00e2nico de ve\u00edculos a diesel<\/strong><br \/>\nEnsino fundamental completo, 6 meses de experi\u00eancia. Desej\u00e1vel possuir CNH B.<br \/>\nR$ 3.000,00 + benef\u00edcios<br \/>\n1 vaga<\/p>\n<p>&nbsp;<\/p>\n<p><strong>Motorista bitrem 9 eixos<\/strong><br \/>\nEnsino m\u00e9dio completo, 6 meses de experi\u00eancia. Imprescind\u00edvel possuir CNH E, curso MOPP atualizado, NR-20 e NR-35, disponibilidade para viagens de longa dist\u00e2ncia, conhecimento em legisla\u00e7\u00e3o de tr\u00e2nsito, dire\u00e7\u00e3o defensiva e tecnologia embarcada, al\u00e9m de carteira de reservista ou certificado de dispensa.<br \/>\nR$ 3.148,76 + benef\u00edcios<br \/>\n10 vagas<\/p>\n<p>&nbsp;<\/p>\n<p><strong>Operador de telemarketing receptivo<\/strong><br \/>\nEnsino m\u00e9dio completo, sem experi\u00eancia. Imprescind\u00edvel ter boa dic\u00e7\u00e3o, habilidade com vendas, conhecimento de inform\u00e1tica e digita\u00e7\u00e3o, possuir computador ou notebook para fazer somente treinamento on-line e disponibilidade de hor\u00e1rio pela manh\u00e3, tarde ou noite.<br \/>\nA combinar + benef\u00edcios<br \/>\n40 vagas<\/p>\n<p>&nbsp;<\/p>\n<p><strong>Atendente de farm\u00e1cia (vaga exclusiva para primeiro emprego)<\/strong><br \/>\nEnsino m\u00e9dio completo, sem experi\u00eancia. Imprescind\u00edvel possuir carteira limpa e disponibilidade para trabalhar no fechamento de loja e na Gra\u00e7a.<br \/>\nA combinar + benef\u00edcios<br \/>\n10 vagas<\/p>\n<p>&nbsp;<\/p>\n<p><strong>Ajudante de farm\u00e1cia (vaga exclusiva para jovem aprendiz)<\/strong><br \/>\nEnsino m\u00e9dio completo, sem experi\u00eancia. Conforme a Lei da Aprendizagem, faixa et\u00e1ria de 18 a 23 anos. Ter disponibilidade para trabalhar no fechamento de loja.<br \/>\nA combinar + benef\u00edcios<br \/>\n10 vagas<\/p>\n<p>&nbsp;<\/p>\n<p><strong>Fiscal de loja (vaga exclusiva para primeiro emprego)<\/strong><br \/>\nEnsino m\u00e9dio completo, sem experi\u00eancia. Imprescind\u00edvel possuir carteira de reservista ou comprovante da dispensa, carteira limpa e disponibilidade para trabalhar no fechamento de loja.<br \/>\nA combinar + benef\u00edcios<br \/>\n5 vagas<\/p>\n<p>&nbsp;<\/p>\n<p><strong>Fiscal de loja<\/strong><br \/>\nEnsino m\u00e9dio completo, 6 meses de experi\u00eancia. Imprescind\u00edvel possuir carteira de reservista ou comprovante da dispensa e disponibilidade para trabalhar no fechamento de loja.<br \/>\nA combinar + benef\u00edcios<br \/>\n5 vagas<\/p>\n<p>&nbsp;<\/p>\n<p><strong>Auxiliar operacional de log\u00edstica (PCD)<\/strong><br \/>\nEnsino m\u00e9dio completo, 3 meses de experi\u00eancia. Ter viv\u00eancia na \u00e1rea de log\u00edstica, farm\u00e1cia, almoxarifado ou estoque.<br \/>\nR$ 1.621,00 + benef\u00edcios<br \/>\n2 vagas<\/p>\n<p>&nbsp;<\/p>\n<p><strong>Auxiliar administrativo (PCD)<\/strong><br \/>\nEnsino m\u00e9dio completo, 6 meses de experi\u00eancia.<br \/>\nA combinar + benef\u00edcios<br \/>\n1 vaga<\/p>\n<p>&nbsp;<\/p>\n<p><strong>Auxiliar de almoxarifado (PCD)<\/strong><br \/>\nEnsino m\u00e9dio completo, 6 meses de experi\u00eancia. Ter carteira de reservista ou carta de dispensa.<br \/>\nA combinar + benef\u00edcios<br \/>\n1 vaga<\/p>\n<p>&nbsp;<\/p>\n<p><strong>Empacotador (PCD)<\/strong><br \/>\nEnsino m\u00e9dio incompleto, sem experi\u00eancia. Ter disponibilidade para trabalhar nos turnos da tarde\/noite.<br \/>\nA combinar + benef\u00edcios<br \/>\n2 vagas<\/p>\n<p>&nbsp;<\/p>\n<p><strong>Auxiliar administrativo (PCD)<\/strong><br \/>\nEnsino m\u00e9dio completo, 6 meses de experi\u00eancia.<br \/>\nR$ 1.621,00 + benef\u00edcios<br \/>\n4 vagas<\/p>\n<p>&nbsp;<\/p>\n<p><strong>Atendente de telemarketing (PCD)<\/strong><br \/>\nEnsino m\u00e9dio completo, 6 meses de experi\u00eancia.<br \/>\nA combinar + benef\u00edcios<br \/>\n2 vagas<\/p>\n<p>&nbsp;<\/p>\n<p><strong>Auxiliar de limpeza (PCD)<\/strong><br \/>\nEnsino m\u00e9dio completo, 6 meses de experi\u00eancia.<br \/>\nA combinar + benef\u00edcios<br \/>\n2 vagas<\/p>\n<p>&nbsp;<\/p>\n<p><strong>Recepcionista de laborat\u00f3rio (PCD)<\/strong><br \/>\nEnsino m\u00e9dio completo, 6 meses de experi\u00eancia.<br \/>\nR$ 1.326,27 + benef\u00edcios<br \/>\n4 vagas<\/p>\n<p>&nbsp;<\/p>\n<p><strong>Assistente de recursos humanos e departamento de pessoal (PCD)<\/strong><br \/>\nEnsino m\u00e9dio completo, 6 meses de experi\u00eancia. Imprescind\u00edvel ter experi\u00eancia com a \u00e1rea de departamento de pessoal e recursos humanos.<br \/>\nA combinar + benef\u00edcios<br \/>\n1 vaga<\/p>\n<p>Foto: Jefferson Peixoto\/ Secom Pms<\/p>\n<\/div>\n<\/td>\n<\/tr>\n<\/tbody>\n<\/table>\n<table border=\"0\" width=\"100%\" cellspacing=\"0\" cellpadding=\"0\">\n<tbody>\n<tr>\n<td align=\"left\">\n<table border=\"0\" width=\"100%\" cellspacing=\"0\" cellpadding=\"0\">\n<tbody>\n<tr>\n<td align=\"center\"><\/td>\n<\/tr>\n<\/tbody>\n<\/table>\n<\/td>\n<\/tr>\n<\/tbody>\n<\/table>\n<p>&nbsp;<\/p>\n","protected":false},"excerpt":{"rendered":"<p>O Servi\u00e7o Municipal de Intermedia\u00e7\u00e3o de M\u00e3o de Obra (Simm) oferece 323 vagas de emprego em Salvador nesta sexta-feira (4). Os candidatos interessados devem acessar o site Salvador Digital para agendar o atendimento. Em caso de defici\u00eancia, os candidatos devem entrar em contato pelo n\u00famero (71) 3202-2005 para fazer o agendamento. O atendimento \u00e9 realizado [&hellip;]<\/p>\n","protected":false},"author":24,"featured_media":879741,"comment_status":"closed","ping_status":"closed","sticky":false,"template":"","format":"standard","meta":[],"categories":[8],"tags":[174,1174,1013],"acf":[],"yoast_head":"<!-- This site is optimized with the Yoast SEO plugin v20.8 - https:\/\/yoast.com\/wordpress\/plugins\/seo\/ -->\n<title>SIMM OFERECE 323 VAGAS DE EMPREGO EM SALVADOR NESTA SEXTA-FEIRA (4) - Bahia Economica O Servi\u00e7o Municipal de Intermedia\u00e7\u00e3o de M\u00e3o de Obra (Simm) oferece 323 vagas de emprego em Salvador nesta sexta-feira (4).<\/title>\n<meta name=\"description\" content=\"O maior portal de Economia da Bahia EMPREGOS \/ CONCURSOS Bahia Economica O Servi\u00e7o Municipal de Intermedia\u00e7\u00e3o de M\u00e3o de Obra (Simm) oferece 323 vagas de emprego em Salvador nesta sexta-feira (4).\" \/>\n<meta name=\"robots\" content=\"index, follow, max-snippet:-1, max-image-preview:large, max-video-preview:-1\" \/>\n<link rel=\"canonical\" href=\"https:\/\/bahiaeconomica.com.br\/wp\/2026\/09\/02\/simm-oferece-323-vagas-de-emprego-em-salvador-nesta-sexta-feira-4\/\" \/>\n<meta property=\"og:locale\" content=\"pt_BR\" \/>\n<meta property=\"og:type\" content=\"article\" \/>\n<meta property=\"og:title\" content=\"SIMM OFERECE 323 VAGAS DE EMPREGO EM SALVADOR NESTA SEXTA-FEIRA (4) - Bahia Economica O Servi\u00e7o Municipal de Intermedia\u00e7\u00e3o de M\u00e3o de Obra (Simm) oferece 323 vagas de emprego em Salvador nesta sexta-feira (4).\" \/>\n<meta property=\"og:description\" content=\"O maior portal de Economia da Bahia EMPREGOS \/ CONCURSOS Bahia Economica O Servi\u00e7o Municipal de Intermedia\u00e7\u00e3o de M\u00e3o de Obra (Simm) oferece 323 vagas de emprego em Salvador nesta sexta-feira (4).\" \/>\n<meta property=\"og:url\" content=\"https:\/\/bahiaeconomica.com.br\/wp\/2026\/09\/02\/simm-oferece-323-vagas-de-emprego-em-salvador-nesta-sexta-feira-4\/\" \/>\n<meta property=\"og:site_name\" content=\"Bahia Economica\" \/>\n<meta property=\"article:publisher\" content=\"https:\/\/www.facebook.com\/bahiaeconomica\" \/>\n<meta property=\"article:published_time\" content=\"2026-09-02T21:57:48+00:00\" \/>\n<meta property=\"article:modified_time\" content=\"2026-09-03T22:56:27+00:00\" \/>\n<meta property=\"og:image\" content=\"https:\/\/bahiaeconomica.com.br\/wp\/wp-content\/uploads\/2025\/02\/08_03_2024_SIMM_Foto_Jefferson-Peixoto_Secom_Pms-24-scaled.jpg\" \/>\n\t<meta property=\"og:image:width\" content=\"2560\" \/>\n\t<meta property=\"og:image:height\" content=\"1709\" \/>\n\t<meta property=\"og:image:type\" content=\"image\/jpeg\" \/>\n<meta name=\"author\" content=\"VICTOR OLIVEIRA\" \/>\n<meta name=\"twitter:card\" content=\"summary_large_image\" \/>\n<meta name=\"twitter:label1\" content=\"Escrito por\" \/>\n\t<meta name=\"twitter:data1\" content=\"VICTOR OLIVEIRA\" \/>\n\t<meta name=\"twitter:label2\" content=\"Est. tempo de leitura\" \/>\n\t<meta name=\"twitter:data2\" content=\"8 minutos\" \/>\n<script type=\"application\/ld+json\" class=\"yoast-schema-graph\">{\"@context\":\"https:\/\/schema.org\",\"@graph\":[{\"@type\":\"Article\",\"@id\":\"https:\/\/bahiaeconomica.com.br\/wp\/2026\/09\/02\/simm-oferece-323-vagas-de-emprego-em-salvador-nesta-sexta-feira-4\/#article\",\"isPartOf\":{\"@id\":\"https:\/\/bahiaeconomica.com.br\/wp\/2026\/09\/02\/simm-oferece-323-vagas-de-emprego-em-salvador-nesta-sexta-feira-4\/\"},\"author\":{\"name\":\"VICTOR OLIVEIRA\",\"@id\":\"https:\/\/bahiaeconomica.com.br\/wp\/#\/schema\/person\/a17956d0e1112b626f403fb06b8129a9\"},\"headline\":\"SIMM OFERECE 323 VAGAS DE EMPREGO EM SALVADOR NESTA SEXTA-FEIRA (4)\",\"datePublished\":\"2026-09-02T21:57:48+00:00\",\"dateModified\":\"2026-09-03T22:56:27+00:00\",\"mainEntityOfPage\":{\"@id\":\"https:\/\/bahiaeconomica.com.br\/wp\/2026\/09\/02\/simm-oferece-323-vagas-de-emprego-em-salvador-nesta-sexta-feira-4\/\"},\"wordCount\":1438,\"publisher\":{\"@id\":\"https:\/\/bahiaeconomica.com.br\/wp\/#organization\"},\"keywords\":[\"emprego\",\"simm\",\"vagas\"],\"articleSection\":[\"EMPREGOS \/ CONCURSOS\"],\"inLanguage\":\"pt-BR\"},{\"@type\":\"WebPage\",\"@id\":\"https:\/\/bahiaeconomica.com.br\/wp\/2026\/09\/02\/simm-oferece-323-vagas-de-emprego-em-salvador-nesta-sexta-feira-4\/\",\"url\":\"https:\/\/bahiaeconomica.com.br\/wp\/2026\/09\/02\/simm-oferece-323-vagas-de-emprego-em-salvador-nesta-sexta-feira-4\/\",\"name\":\"SIMM OFERECE 323 VAGAS DE EMPREGO EM SALVADOR NESTA SEXTA-FEIRA (4) - Bahia Economica O Servi\u00e7o Municipal de Intermedia\u00e7\u00e3o de M\u00e3o de Obra (Simm) oferece 323 vagas de emprego em Salvador nesta sexta-feira (4).\",\"isPartOf\":{\"@id\":\"https:\/\/bahiaeconomica.com.br\/wp\/#website\"},\"datePublished\":\"2026-09-02T21:57:48+00:00\",\"dateModified\":\"2026-09-03T22:56:27+00:00\",\"description\":\"O maior portal de Economia da Bahia EMPREGOS \/ CONCURSOS Bahia Economica O Servi\u00e7o Municipal de Intermedia\u00e7\u00e3o de M\u00e3o de Obra (Simm) oferece 323 vagas de emprego em Salvador nesta sexta-feira (4).\",\"breadcrumb\":{\"@id\":\"https:\/\/bahiaeconomica.com.br\/wp\/2026\/09\/02\/simm-oferece-323-vagas-de-emprego-em-salvador-nesta-sexta-feira-4\/#breadcrumb\"},\"inLanguage\":\"pt-BR\",\"potentialAction\":[{\"@type\":\"ReadAction\",\"target\":[\"https:\/\/bahiaeconomica.com.br\/wp\/2026\/09\/02\/simm-oferece-323-vagas-de-emprego-em-salvador-nesta-sexta-feira-4\/\"]}]},{\"@type\":\"BreadcrumbList\",\"@id\":\"https:\/\/bahiaeconomica.com.br\/wp\/2026\/09\/02\/simm-oferece-323-vagas-de-emprego-em-salvador-nesta-sexta-feira-4\/#breadcrumb\",\"itemListElement\":[{\"@type\":\"ListItem\",\"position\":1,\"name\":\"In\u00edcio\",\"item\":\"https:\/\/bahiaeconomica.com.br\/wp\/\"},{\"@type\":\"ListItem\",\"position\":2,\"name\":\"SIMM OFERECE 323 VAGAS DE EMPREGO EM SALVADOR NESTA SEXTA-FEIRA (4)\"}]},{\"@type\":\"WebSite\",\"@id\":\"https:\/\/bahiaeconomica.com.br\/wp\/#website\",\"url\":\"https:\/\/bahiaeconomica.com.br\/wp\/\",\"name\":\"Bahia Economica\",\"description\":\"O maior portal de Economia da Bahia\",\"publisher\":{\"@id\":\"https:\/\/bahiaeconomica.com.br\/wp\/#organization\"},\"potentialAction\":[{\"@type\":\"SearchAction\",\"target\":{\"@type\":\"EntryPoint\",\"urlTemplate\":\"https:\/\/bahiaeconomica.com.br\/wp\/?s={search_term_string}\"},\"query-input\":\"required name=search_term_string\"}],\"inLanguage\":\"pt-BR\"},{\"@type\":\"Organization\",\"@id\":\"https:\/\/bahiaeconomica.com.br\/wp\/#organization\",\"name\":\"Bahia Econ\u00f4mica\",\"url\":\"https:\/\/bahiaeconomica.com.br\/wp\/\",\"logo\":{\"@type\":\"ImageObject\",\"inLanguage\":\"pt-BR\",\"@id\":\"https:\/\/bahiaeconomica.com.br\/wp\/#\/schema\/logo\/image\/\",\"url\":\"https:\/\/bahiaeconomica.com.br\/wp\/wp-content\/uploads\/2020\/12\/cropped-BE.png\",\"contentUrl\":\"https:\/\/bahiaeconomica.com.br\/wp\/wp-content\/uploads\/2020\/12\/cropped-BE.png\",\"width\":512,\"height\":512,\"caption\":\"Bahia Econ\u00f4mica\"},\"image\":{\"@id\":\"https:\/\/bahiaeconomica.com.br\/wp\/#\/schema\/logo\/image\/\"},\"sameAs\":[\"https:\/\/www.facebook.com\/bahiaeconomica\"]},{\"@type\":\"Person\",\"@id\":\"https:\/\/bahiaeconomica.com.br\/wp\/#\/schema\/person\/a17956d0e1112b626f403fb06b8129a9\",\"name\":\"VICTOR OLIVEIRA\",\"sameAs\":[\"http:\/\/www.bahiaeconomica.com.br\"],\"url\":\"https:\/\/bahiaeconomica.com.br\/wp\/author\/victor-oliveira\/\"}]}<\/script>\n<!-- \/ Yoast SEO plugin. -->","yoast_head_json":{"title":"SIMM OFERECE 323 VAGAS DE EMPREGO EM SALVADOR NESTA SEXTA-FEIRA (4) - Bahia Economica O Servi\u00e7o Municipal de Intermedia\u00e7\u00e3o de M\u00e3o de Obra (Simm) oferece 323 vagas de emprego em Salvador nesta sexta-feira (4).","description":"O maior portal de Economia da Bahia EMPREGOS \/ CONCURSOS Bahia Economica O Servi\u00e7o Municipal de Intermedia\u00e7\u00e3o de M\u00e3o de Obra (Simm) oferece 323 vagas de emprego em Salvador nesta sexta-feira (4).","robots":{"index":"index","follow":"follow","max-snippet":"max-snippet:-1","max-image-preview":"max-image-preview:large","max-video-preview":"max-video-preview:-1"},"canonical":"https:\/\/bahiaeconomica.com.br\/wp\/2026\/09\/02\/simm-oferece-323-vagas-de-emprego-em-salvador-nesta-sexta-feira-4\/","og_locale":"pt_BR","og_type":"article","og_title":"SIMM OFERECE 323 VAGAS DE EMPREGO EM SALVADOR NESTA SEXTA-FEIRA (4) - Bahia Economica O Servi\u00e7o Municipal de Intermedia\u00e7\u00e3o de M\u00e3o de Obra (Simm) oferece 323 vagas de emprego em Salvador nesta sexta-feira (4).","og_description":"O maior portal de Economia da Bahia EMPREGOS \/ CONCURSOS Bahia Economica O Servi\u00e7o Municipal de Intermedia\u00e7\u00e3o de M\u00e3o de Obra (Simm) oferece 323 vagas de emprego em Salvador nesta sexta-feira (4).","og_url":"https:\/\/bahiaeconomica.com.br\/wp\/2026\/09\/02\/simm-oferece-323-vagas-de-emprego-em-salvador-nesta-sexta-feira-4\/","og_site_name":"Bahia Economica","article_publisher":"https:\/\/www.facebook.com\/bahiaeconomica","article_published_time":"2026-09-02T21:57:48+00:00","article_modified_time":"2026-09-03T22:56:27+00:00","og_image":[{"width":2560,"height":1709,"url":"https:\/\/bahiaeconomica.com.br\/wp\/wp-content\/uploads\/2025\/02\/08_03_2024_SIMM_Foto_Jefferson-Peixoto_Secom_Pms-24-scaled.jpg","type":"image\/jpeg"}],"author":"VICTOR OLIVEIRA","twitter_card":"summary_large_image","twitter_misc":{"Escrito por":"VICTOR OLIVEIRA","Est. tempo de leitura":"8 minutos"},"schema":{"@context":"https:\/\/schema.org","@graph":[{"@type":"Article","@id":"https:\/\/bahiaeconomica.com.br\/wp\/2026\/09\/02\/simm-oferece-323-vagas-de-emprego-em-salvador-nesta-sexta-feira-4\/#article","isPartOf":{"@id":"https:\/\/bahiaeconomica.com.br\/wp\/2026\/09\/02\/simm-oferece-323-vagas-de-emprego-em-salvador-nesta-sexta-feira-4\/"},"author":{"name":"VICTOR OLIVEIRA","@id":"https:\/\/bahiaeconomica.com.br\/wp\/#\/schema\/person\/a17956d0e1112b626f403fb06b8129a9"},"headline":"SIMM OFERECE 323 VAGAS DE EMPREGO EM SALVADOR NESTA SEXTA-FEIRA (4)","datePublished":"2026-09-02T21:57:48+00:00","dateModified":"2026-09-03T22:56:27+00:00","mainEntityOfPage":{"@id":"https:\/\/bahiaeconomica.com.br\/wp\/2026\/09\/02\/simm-oferece-323-vagas-de-emprego-em-salvador-nesta-sexta-feira-4\/"},"wordCount":1438,"publisher":{"@id":"https:\/\/bahiaeconomica.com.br\/wp\/#organization"},"keywords":["emprego","simm","vagas"],"articleSection":["EMPREGOS \/ CONCURSOS"],"inLanguage":"pt-BR"},{"@type":"WebPage","@id":"https:\/\/bahiaeconomica.com.br\/wp\/2026\/09\/02\/simm-oferece-323-vagas-de-emprego-em-salvador-nesta-sexta-feira-4\/","url":"https:\/\/bahiaeconomica.com.br\/wp\/2026\/09\/02\/simm-oferece-323-vagas-de-emprego-em-salvador-nesta-sexta-feira-4\/","name":"SIMM OFERECE 323 VAGAS DE EMPREGO EM SALVADOR NESTA SEXTA-FEIRA (4) - Bahia Economica O Servi\u00e7o Municipal de Intermedia\u00e7\u00e3o de M\u00e3o de Obra (Simm) oferece 323 vagas de emprego em Salvador nesta sexta-feira (4).","isPartOf":{"@id":"https:\/\/bahiaeconomica.com.br\/wp\/#website"},"datePublished":"2026-09-02T21:57:48+00:00","dateModified":"2026-09-03T22:56:27+00:00","description":"O maior portal de Economia da Bahia EMPREGOS \/ CONCURSOS Bahia Economica O Servi\u00e7o Municipal de Intermedia\u00e7\u00e3o de M\u00e3o de Obra (Simm) oferece 323 vagas de emprego em Salvador nesta sexta-feira (4).","breadcrumb":{"@id":"https:\/\/bahiaeconomica.com.br\/wp\/2026\/09\/02\/simm-oferece-323-vagas-de-emprego-em-salvador-nesta-sexta-feira-4\/#breadcrumb"},"inLanguage":"pt-BR","potentialAction":[{"@type":"ReadAction","target":["https:\/\/bahiaeconomica.com.br\/wp\/2026\/09\/02\/simm-oferece-323-vagas-de-emprego-em-salvador-nesta-sexta-feira-4\/"]}]},{"@type":"BreadcrumbList","@id":"https:\/\/bahiaeconomica.com.br\/wp\/2026\/09\/02\/simm-oferece-323-vagas-de-emprego-em-salvador-nesta-sexta-feira-4\/#breadcrumb","itemListElement":[{"@type":"ListItem","position":1,"name":"In\u00edcio","item":"https:\/\/bahiaeconomica.com.br\/wp\/"},{"@type":"ListItem","position":2,"name":"SIMM OFERECE 323 VAGAS DE EMPREGO EM SALVADOR NESTA SEXTA-FEIRA (4)"}]},{"@type":"WebSite","@id":"https:\/\/bahiaeconomica.com.br\/wp\/#website","url":"https:\/\/bahiaeconomica.com.br\/wp\/","name":"Bahia Economica","description":"O maior portal de Economia da Bahia","publisher":{"@id":"https:\/\/bahiaeconomica.com.br\/wp\/#organization"},"potentialAction":[{"@type":"SearchAction","target":{"@type":"EntryPoint","urlTemplate":"https:\/\/bahiaeconomica.com.br\/wp\/?s={search_term_string}"},"query-input":"required name=search_term_string"}],"inLanguage":"pt-BR"},{"@type":"Organization","@id":"https:\/\/bahiaeconomica.com.br\/wp\/#organization","name":"Bahia Econ\u00f4mica","url":"https:\/\/bahiaeconomica.com.br\/wp\/","logo":{"@type":"ImageObject","inLanguage":"pt-BR","@id":"https:\/\/bahiaeconomica.com.br\/wp\/#\/schema\/logo\/image\/","url":"https:\/\/bahiaeconomica.com.br\/wp\/wp-content\/uploads\/2020\/12\/cropped-BE.png","contentUrl":"https:\/\/bahiaeconomica.com.br\/wp\/wp-content\/uploads\/2020\/12\/cropped-BE.png","width":512,"height":512,"caption":"Bahia Econ\u00f4mica"},"image":{"@id":"https:\/\/bahiaeconomica.com.br\/wp\/#\/schema\/logo\/image\/"},"sameAs":["https:\/\/www.facebook.com\/bahiaeconomica"]},{"@type":"Person","@id":"https:\/\/bahiaeconomica.com.br\/wp\/#\/schema\/person\/a17956d0e1112b626f403fb06b8129a9","name":"VICTOR OLIVEIRA","sameAs":["http:\/\/www.bahiaeconomica.com.br"],"url":"https:\/\/bahiaeconomica.com.br\/wp\/author\/victor-oliveira\/"}]}},"views":172,"_links":{"self":[{"href":"https:\/\/bahiaeconomica.com.br\/wp\/wp-json\/wp\/v2\/posts\/1022318"}],"collection":[{"href":"https:\/\/bahiaeconomica.com.br\/wp\/wp-json\/wp\/v2\/posts"}],"about":[{"href":"https:\/\/bahiaeconomica.com.br\/wp\/wp-json\/wp\/v2\/types\/post"}],"author":[{"embeddable":true,"href":"https:\/\/bahiaeconomica.com.br\/wp\/wp-json\/wp\/v2\/users\/24"}],"replies":[{"embeddable":true,"href":"https:\/\/bahiaeconomica.com.br\/wp\/wp-json\/wp\/v2\/comments?post=1022318"}],"version-history":[{"count":1,"href":"https:\/\/bahiaeconomica.com.br\/wp\/wp-json\/wp\/v2\/posts\/1022318\/revisions"}],"predecessor-version":[{"id":1022324,"href":"https:\/\/bahiaeconomica.com.br\/wp\/wp-json\/wp\/v2\/posts\/1022318\/revisions\/1022324"}],"wp:featuredmedia":[{"embeddable":true,"href":"https:\/\/bahiaeconomica.com.br\/wp\/wp-json\/wp\/v2\/media\/879741"}],"wp:attachment":[{"href":"https:\/\/bahiaeconomica.com.br\/wp\/wp-json\/wp\/v2\/media?parent=1022318"}],"wp:term":[{"taxonomy":"category","embeddable":true,"href":"https:\/\/bahiaeconomica.com.br\/wp\/wp-json\/wp\/v2\/categories?post=1022318"},{"taxonomy":"post_tag","embeddable":true,"href":"https:\/\/bahiaeconomica.com.br\/wp\/wp-json\/wp\/v2\/tags?post=1022318"}],"curies":[{"name":"wp","href":"https:\/\/api.w.org\/{rel}","templated":true}]}}