{"id":1022286,"date":"2026-09-03T17:06:44","date_gmt":"2026-09-03T20:06:44","guid":{"rendered":"https:\/\/bahiaeconomica.com.br\/wp\/?p=1022286"},"modified":"2026-09-03T17:06:44","modified_gmt":"2026-09-03T20:06:44","slug":"everton-ribeiro-retorna-aos-treinos-e-mira-duelo-com-o-bragantino","status":"publish","type":"post","link":"https:\/\/bahiaeconomica.com.br\/wp\/2026\/09\/03\/everton-ribeiro-retorna-aos-treinos-e-mira-duelo-com-o-bragantino\/","title":{"rendered":"EVERTON RIBEIRO RETORNA AOS TREINOS E MIRA DUELO COM O BRAGANTINO"},"content":{"rendered":"<p>O meia Everton Ribeiro treinou normalmente nesta quinta-feira (3) e aumentou as chances de retornar ao time do Bahia na partida contra o Bragantino, marcada para s\u00e1bado (5), pelo Campeonato Brasileiro. O camisa 10 est\u00e1 afastado dos gramados desde julho, quando come\u00e7ou a sentir dores na regi\u00e3o lombar.<\/p>\n<p>O jogador passou por tratamento m\u00e9dico sem necessidade de cirurgia na regi\u00e3o sacroil\u00edaca, que fica entre os ossos da bacia e a parte inferior da coluna. Depois do per\u00edodo de recupera\u00e7\u00e3o, Everton Ribeiro iniciou uma rotina de treinamentos individuais e ficou fora das \u00faltimas partidas da equipe.<\/p>\n<p>A atividade desta quinta-feira representa mais um passo na prepara\u00e7\u00e3o para o retorno do meia. Caso esteja \u00e0 disposi\u00e7\u00e3o da comiss\u00e3o t\u00e9cnica, Everton poder\u00e1 voltar a atuar pelo Campeonato Brasileiro diante do Bragantino.<\/p>\n<p>Durante o per\u00edodo em que o camisa 10 esteve afastado, o Bahia apresentou evolu\u00e7\u00e3o no desempenho e contou com outros jogadores assumindo maior protagonismo. Entre eles est\u00e1 o atacante Pulga, que voltou a marcar gols, enquanto Jean Lucas ganhou espa\u00e7o e passou a ter participa\u00e7\u00e3o importante na equipe.<\/p>\n<p>A poss\u00edvel volta de Everton Ribeiro ocorre em um momento de crescimento do elenco e aumenta as op\u00e7\u00f5es do Bahia para a sequ\u00eancia da temporada. O meia tamb\u00e9m ter\u00e1 a oportunidade de recuperar o ritmo e buscar novamente o n\u00edvel de atua\u00e7\u00e3o esperado desde o per\u00edodo anterior \u00e0 pausa para a Copa do Mundo.<\/p>\n<div class=\"wp-block-image\">\n<figure class=\"aligncenter size-full\"><figcaption class=\"wp-element-caption\">Foto: Let\u00edcia Martins \/ EC Bahia<\/figcaption><\/figure>\n<\/div>\n","protected":false},"excerpt":{"rendered":"<p>O meia Everton Ribeiro treinou normalmente nesta quinta-feira (3) e aumentou as chances de retornar ao time do Bahia na partida contra o Bragantino, marcada para s\u00e1bado (5), pelo Campeonato Brasileiro. O camisa 10 est\u00e1 afastado dos gramados desde julho, quando come\u00e7ou a sentir dores na regi\u00e3o lombar. O jogador passou por tratamento m\u00e9dico sem [&hellip;]<\/p>\n","protected":false},"author":24,"featured_media":1022295,"comment_status":"closed","ping_status":"closed","sticky":false,"template":"","format":"standard","meta":[],"categories":[4486],"tags":[25836,24875,1616],"acf":[],"yoast_head":"<!-- This site is optimized with the Yoast SEO plugin v20.8 - https:\/\/yoast.com\/wordpress\/plugins\/seo\/ -->\n<title>EVERTON RIBEIRO RETORNA AOS TREINOS E MIRA DUELO COM O BRAGANTINO - Bahia Economica O meia Everton Ribeiro treinou normalmente nesta quinta-feira (3) e aumentou as chances de retornar ao time do Bahia na partida contra o Bragantino, marcada para s\u00e1bado (5), pelo Campeonato Brasileiro<\/title>\n<meta name=\"description\" content=\"O maior portal de Economia da Bahia Esporte Bahia Economica O meia Everton Ribeiro treinou normalmente nesta quinta-feira (3) e aumentou as chances de retornar ao time do Bahia na partida contra o Bragantino, marcada para s\u00e1bado (5), pelo Campeonato Brasileiro\" \/>\n<meta name=\"robots\" content=\"index, follow, max-snippet:-1, max-image-preview:large, max-video-preview:-1\" \/>\n<link rel=\"canonical\" href=\"https:\/\/bahiaeconomica.com.br\/wp\/2026\/09\/03\/everton-ribeiro-retorna-aos-treinos-e-mira-duelo-com-o-bragantino\/\" \/>\n<meta property=\"og:locale\" content=\"pt_BR\" \/>\n<meta property=\"og:type\" content=\"article\" \/>\n<meta property=\"og:title\" content=\"EVERTON RIBEIRO RETORNA AOS TREINOS E MIRA DUELO COM O BRAGANTINO - Bahia Economica O meia Everton Ribeiro treinou normalmente nesta quinta-feira (3) e aumentou as chances de retornar ao time do Bahia na partida contra o Bragantino, marcada para s\u00e1bado (5), pelo Campeonato Brasileiro\" \/>\n<meta property=\"og:description\" content=\"O maior portal de Economia da Bahia Esporte Bahia Economica O meia Everton Ribeiro treinou normalmente nesta quinta-feira (3) e aumentou as chances de retornar ao time do Bahia na partida contra o Bragantino, marcada para s\u00e1bado (5), pelo Campeonato Brasileiro\" \/>\n<meta property=\"og:url\" content=\"https:\/\/bahiaeconomica.com.br\/wp\/2026\/09\/03\/everton-ribeiro-retorna-aos-treinos-e-mira-duelo-com-o-bragantino\/\" \/>\n<meta property=\"og:site_name\" content=\"Bahia Economica\" \/>\n<meta property=\"article:publisher\" content=\"https:\/\/www.facebook.com\/bahiaeconomica\" \/>\n<meta property=\"article:published_time\" content=\"2026-09-03T20:06:44+00:00\" \/>\n<meta property=\"og:image\" content=\"https:\/\/bahiaeconomica.com.br\/wp\/wp-content\/uploads\/2026\/09\/image-2026-09-03T170907.891.jpg\" \/>\n\t<meta property=\"og:image:width\" content=\"1200\" \/>\n\t<meta property=\"og:image:height\" content=\"859\" \/>\n\t<meta property=\"og:image:type\" content=\"image\/jpeg\" \/>\n<meta name=\"author\" content=\"VICTOR OLIVEIRA\" \/>\n<meta name=\"twitter:card\" content=\"summary_large_image\" \/>\n<meta name=\"twitter:label1\" content=\"Escrito por\" \/>\n\t<meta name=\"twitter:data1\" content=\"VICTOR OLIVEIRA\" \/>\n\t<meta name=\"twitter:label2\" content=\"Est. tempo de leitura\" \/>\n\t<meta name=\"twitter:data2\" content=\"2 minutos\" \/>\n<script type=\"application\/ld+json\" class=\"yoast-schema-graph\">{\"@context\":\"https:\/\/schema.org\",\"@graph\":[{\"@type\":\"Article\",\"@id\":\"https:\/\/bahiaeconomica.com.br\/wp\/2026\/09\/03\/everton-ribeiro-retorna-aos-treinos-e-mira-duelo-com-o-bragantino\/#article\",\"isPartOf\":{\"@id\":\"https:\/\/bahiaeconomica.com.br\/wp\/2026\/09\/03\/everton-ribeiro-retorna-aos-treinos-e-mira-duelo-com-o-bragantino\/\"},\"author\":{\"name\":\"VICTOR OLIVEIRA\",\"@id\":\"https:\/\/bahiaeconomica.com.br\/wp\/#\/schema\/person\/a17956d0e1112b626f403fb06b8129a9\"},\"headline\":\"EVERTON RIBEIRO RETORNA AOS TREINOS E MIRA DUELO COM O BRAGANTINO\",\"datePublished\":\"2026-09-03T20:06:44+00:00\",\"dateModified\":\"2026-09-03T20:06:44+00:00\",\"mainEntityOfPage\":{\"@id\":\"https:\/\/bahiaeconomica.com.br\/wp\/2026\/09\/03\/everton-ribeiro-retorna-aos-treinos-e-mira-duelo-com-o-bragantino\/\"},\"wordCount\":264,\"publisher\":{\"@id\":\"https:\/\/bahiaeconomica.com.br\/wp\/#organization\"},\"keywords\":[\"bragantino\",\"everton ribeiro\",\"treino\"],\"articleSection\":[\"Esporte\"],\"inLanguage\":\"pt-BR\"},{\"@type\":\"WebPage\",\"@id\":\"https:\/\/bahiaeconomica.com.br\/wp\/2026\/09\/03\/everton-ribeiro-retorna-aos-treinos-e-mira-duelo-com-o-bragantino\/\",\"url\":\"https:\/\/bahiaeconomica.com.br\/wp\/2026\/09\/03\/everton-ribeiro-retorna-aos-treinos-e-mira-duelo-com-o-bragantino\/\",\"name\":\"EVERTON RIBEIRO RETORNA AOS TREINOS E MIRA DUELO COM O BRAGANTINO - Bahia Economica O meia Everton Ribeiro treinou normalmente nesta quinta-feira (3) e aumentou as chances de retornar ao time do Bahia na partida contra o Bragantino, marcada para s\u00e1bado (5), pelo Campeonato Brasileiro\",\"isPartOf\":{\"@id\":\"https:\/\/bahiaeconomica.com.br\/wp\/#website\"},\"datePublished\":\"2026-09-03T20:06:44+00:00\",\"dateModified\":\"2026-09-03T20:06:44+00:00\",\"description\":\"O maior portal de Economia da Bahia Esporte Bahia Economica O meia Everton Ribeiro treinou normalmente nesta quinta-feira (3) e aumentou as chances de retornar ao time do Bahia na partida contra o Bragantino, marcada para s\u00e1bado (5), pelo Campeonato Brasileiro\",\"breadcrumb\":{\"@id\":\"https:\/\/bahiaeconomica.com.br\/wp\/2026\/09\/03\/everton-ribeiro-retorna-aos-treinos-e-mira-duelo-com-o-bragantino\/#breadcrumb\"},\"inLanguage\":\"pt-BR\",\"potentialAction\":[{\"@type\":\"ReadAction\",\"target\":[\"https:\/\/bahiaeconomica.com.br\/wp\/2026\/09\/03\/everton-ribeiro-retorna-aos-treinos-e-mira-duelo-com-o-bragantino\/\"]}]},{\"@type\":\"BreadcrumbList\",\"@id\":\"https:\/\/bahiaeconomica.com.br\/wp\/2026\/09\/03\/everton-ribeiro-retorna-aos-treinos-e-mira-duelo-com-o-bragantino\/#breadcrumb\",\"itemListElement\":[{\"@type\":\"ListItem\",\"position\":1,\"name\":\"In\u00edcio\",\"item\":\"https:\/\/bahiaeconomica.com.br\/wp\/\"},{\"@type\":\"ListItem\",\"position\":2,\"name\":\"EVERTON RIBEIRO RETORNA AOS TREINOS E MIRA DUELO COM O BRAGANTINO\"}]},{\"@type\":\"WebSite\",\"@id\":\"https:\/\/bahiaeconomica.com.br\/wp\/#website\",\"url\":\"https:\/\/bahiaeconomica.com.br\/wp\/\",\"name\":\"Bahia Economica\",\"description\":\"O maior portal de Economia da Bahia\",\"publisher\":{\"@id\":\"https:\/\/bahiaeconomica.com.br\/wp\/#organization\"},\"potentialAction\":[{\"@type\":\"SearchAction\",\"target\":{\"@type\":\"EntryPoint\",\"urlTemplate\":\"https:\/\/bahiaeconomica.com.br\/wp\/?s={search_term_string}\"},\"query-input\":\"required name=search_term_string\"}],\"inLanguage\":\"pt-BR\"},{\"@type\":\"Organization\",\"@id\":\"https:\/\/bahiaeconomica.com.br\/wp\/#organization\",\"name\":\"Bahia Econ\u00f4mica\",\"url\":\"https:\/\/bahiaeconomica.com.br\/wp\/\",\"logo\":{\"@type\":\"ImageObject\",\"inLanguage\":\"pt-BR\",\"@id\":\"https:\/\/bahiaeconomica.com.br\/wp\/#\/schema\/logo\/image\/\",\"url\":\"https:\/\/bahiaeconomica.com.br\/wp\/wp-content\/uploads\/2020\/12\/cropped-BE.png\",\"contentUrl\":\"https:\/\/bahiaeconomica.com.br\/wp\/wp-content\/uploads\/2020\/12\/cropped-BE.png\",\"width\":512,\"height\":512,\"caption\":\"Bahia Econ\u00f4mica\"},\"image\":{\"@id\":\"https:\/\/bahiaeconomica.com.br\/wp\/#\/schema\/logo\/image\/\"},\"sameAs\":[\"https:\/\/www.facebook.com\/bahiaeconomica\"]},{\"@type\":\"Person\",\"@id\":\"https:\/\/bahiaeconomica.com.br\/wp\/#\/schema\/person\/a17956d0e1112b626f403fb06b8129a9\",\"name\":\"VICTOR OLIVEIRA\",\"sameAs\":[\"http:\/\/www.bahiaeconomica.com.br\"],\"url\":\"https:\/\/bahiaeconomica.com.br\/wp\/author\/victor-oliveira\/\"}]}<\/script>\n<!-- \/ Yoast SEO plugin. -->","yoast_head_json":{"title":"EVERTON RIBEIRO RETORNA AOS TREINOS E MIRA DUELO COM O BRAGANTINO - Bahia Economica O meia Everton Ribeiro treinou normalmente nesta quinta-feira (3) e aumentou as chances de retornar ao time do Bahia na partida contra o Bragantino, marcada para s\u00e1bado (5), pelo Campeonato Brasileiro","description":"O maior portal de Economia da Bahia Esporte Bahia Economica O meia Everton Ribeiro treinou normalmente nesta quinta-feira (3) e aumentou as chances de retornar ao time do Bahia na partida contra o Bragantino, marcada para s\u00e1bado (5), pelo Campeonato Brasileiro","robots":{"index":"index","follow":"follow","max-snippet":"max-snippet:-1","max-image-preview":"max-image-preview:large","max-video-preview":"max-video-preview:-1"},"canonical":"https:\/\/bahiaeconomica.com.br\/wp\/2026\/09\/03\/everton-ribeiro-retorna-aos-treinos-e-mira-duelo-com-o-bragantino\/","og_locale":"pt_BR","og_type":"article","og_title":"EVERTON RIBEIRO RETORNA AOS TREINOS E MIRA DUELO COM O BRAGANTINO - Bahia Economica O meia Everton Ribeiro treinou normalmente nesta quinta-feira (3) e aumentou as chances de retornar ao time do Bahia na partida contra o Bragantino, marcada para s\u00e1bado (5), pelo Campeonato Brasileiro","og_description":"O maior portal de Economia da Bahia Esporte Bahia Economica O meia Everton Ribeiro treinou normalmente nesta quinta-feira (3) e aumentou as chances de retornar ao time do Bahia na partida contra o Bragantino, marcada para s\u00e1bado (5), pelo Campeonato Brasileiro","og_url":"https:\/\/bahiaeconomica.com.br\/wp\/2026\/09\/03\/everton-ribeiro-retorna-aos-treinos-e-mira-duelo-com-o-bragantino\/","og_site_name":"Bahia Economica","article_publisher":"https:\/\/www.facebook.com\/bahiaeconomica","article_published_time":"2026-09-03T20:06:44+00:00","og_image":[{"width":1200,"height":859,"url":"https:\/\/bahiaeconomica.com.br\/wp\/wp-content\/uploads\/2026\/09\/image-2026-09-03T170907.891.jpg","type":"image\/jpeg"}],"author":"VICTOR OLIVEIRA","twitter_card":"summary_large_image","twitter_misc":{"Escrito por":"VICTOR OLIVEIRA","Est. tempo de leitura":"2 minutos"},"schema":{"@context":"https:\/\/schema.org","@graph":[{"@type":"Article","@id":"https:\/\/bahiaeconomica.com.br\/wp\/2026\/09\/03\/everton-ribeiro-retorna-aos-treinos-e-mira-duelo-com-o-bragantino\/#article","isPartOf":{"@id":"https:\/\/bahiaeconomica.com.br\/wp\/2026\/09\/03\/everton-ribeiro-retorna-aos-treinos-e-mira-duelo-com-o-bragantino\/"},"author":{"name":"VICTOR OLIVEIRA","@id":"https:\/\/bahiaeconomica.com.br\/wp\/#\/schema\/person\/a17956d0e1112b626f403fb06b8129a9"},"headline":"EVERTON RIBEIRO RETORNA AOS TREINOS E MIRA DUELO COM O BRAGANTINO","datePublished":"2026-09-03T20:06:44+00:00","dateModified":"2026-09-03T20:06:44+00:00","mainEntityOfPage":{"@id":"https:\/\/bahiaeconomica.com.br\/wp\/2026\/09\/03\/everton-ribeiro-retorna-aos-treinos-e-mira-duelo-com-o-bragantino\/"},"wordCount":264,"publisher":{"@id":"https:\/\/bahiaeconomica.com.br\/wp\/#organization"},"keywords":["bragantino","everton ribeiro","treino"],"articleSection":["Esporte"],"inLanguage":"pt-BR"},{"@type":"WebPage","@id":"https:\/\/bahiaeconomica.com.br\/wp\/2026\/09\/03\/everton-ribeiro-retorna-aos-treinos-e-mira-duelo-com-o-bragantino\/","url":"https:\/\/bahiaeconomica.com.br\/wp\/2026\/09\/03\/everton-ribeiro-retorna-aos-treinos-e-mira-duelo-com-o-bragantino\/","name":"EVERTON RIBEIRO RETORNA AOS TREINOS E MIRA DUELO COM O BRAGANTINO - Bahia Economica O meia Everton Ribeiro treinou normalmente nesta quinta-feira (3) e aumentou as chances de retornar ao time do Bahia na partida contra o Bragantino, marcada para s\u00e1bado (5), pelo Campeonato Brasileiro","isPartOf":{"@id":"https:\/\/bahiaeconomica.com.br\/wp\/#website"},"datePublished":"2026-09-03T20:06:44+00:00","dateModified":"2026-09-03T20:06:44+00:00","description":"O maior portal de Economia da Bahia Esporte Bahia Economica O meia Everton Ribeiro treinou normalmente nesta quinta-feira (3) e aumentou as chances de retornar ao time do Bahia na partida contra o Bragantino, marcada para s\u00e1bado (5), pelo Campeonato Brasileiro","breadcrumb":{"@id":"https:\/\/bahiaeconomica.com.br\/wp\/2026\/09\/03\/everton-ribeiro-retorna-aos-treinos-e-mira-duelo-com-o-bragantino\/#breadcrumb"},"inLanguage":"pt-BR","potentialAction":[{"@type":"ReadAction","target":["https:\/\/bahiaeconomica.com.br\/wp\/2026\/09\/03\/everton-ribeiro-retorna-aos-treinos-e-mira-duelo-com-o-bragantino\/"]}]},{"@type":"BreadcrumbList","@id":"https:\/\/bahiaeconomica.com.br\/wp\/2026\/09\/03\/everton-ribeiro-retorna-aos-treinos-e-mira-duelo-com-o-bragantino\/#breadcrumb","itemListElement":[{"@type":"ListItem","position":1,"name":"In\u00edcio","item":"https:\/\/bahiaeconomica.com.br\/wp\/"},{"@type":"ListItem","position":2,"name":"EVERTON RIBEIRO RETORNA AOS TREINOS E MIRA DUELO COM O BRAGANTINO"}]},{"@type":"WebSite","@id":"https:\/\/bahiaeconomica.com.br\/wp\/#website","url":"https:\/\/bahiaeconomica.com.br\/wp\/","name":"Bahia Economica","description":"O maior portal de Economia da Bahia","publisher":{"@id":"https:\/\/bahiaeconomica.com.br\/wp\/#organization"},"potentialAction":[{"@type":"SearchAction","target":{"@type":"EntryPoint","urlTemplate":"https:\/\/bahiaeconomica.com.br\/wp\/?s={search_term_string}"},"query-input":"required name=search_term_string"}],"inLanguage":"pt-BR"},{"@type":"Organization","@id":"https:\/\/bahiaeconomica.com.br\/wp\/#organization","name":"Bahia Econ\u00f4mica","url":"https:\/\/bahiaeconomica.com.br\/wp\/","logo":{"@type":"ImageObject","inLanguage":"pt-BR","@id":"https:\/\/bahiaeconomica.com.br\/wp\/#\/schema\/logo\/image\/","url":"https:\/\/bahiaeconomica.com.br\/wp\/wp-content\/uploads\/2020\/12\/cropped-BE.png","contentUrl":"https:\/\/bahiaeconomica.com.br\/wp\/wp-content\/uploads\/2020\/12\/cropped-BE.png","width":512,"height":512,"caption":"Bahia Econ\u00f4mica"},"image":{"@id":"https:\/\/bahiaeconomica.com.br\/wp\/#\/schema\/logo\/image\/"},"sameAs":["https:\/\/www.facebook.com\/bahiaeconomica"]},{"@type":"Person","@id":"https:\/\/bahiaeconomica.com.br\/wp\/#\/schema\/person\/a17956d0e1112b626f403fb06b8129a9","name":"VICTOR OLIVEIRA","sameAs":["http:\/\/www.bahiaeconomica.com.br"],"url":"https:\/\/bahiaeconomica.com.br\/wp\/author\/victor-oliveira\/"}]}},"views":4,"_links":{"self":[{"href":"https:\/\/bahiaeconomica.com.br\/wp\/wp-json\/wp\/v2\/posts\/1022286"}],"collection":[{"href":"https:\/\/bahiaeconomica.com.br\/wp\/wp-json\/wp\/v2\/posts"}],"about":[{"href":"https:\/\/bahiaeconomica.com.br\/wp\/wp-json\/wp\/v2\/types\/post"}],"author":[{"embeddable":true,"href":"https:\/\/bahiaeconomica.com.br\/wp\/wp-json\/wp\/v2\/users\/24"}],"replies":[{"embeddable":true,"href":"https:\/\/bahiaeconomica.com.br\/wp\/wp-json\/wp\/v2\/comments?post=1022286"}],"version-history":[{"count":1,"href":"https:\/\/bahiaeconomica.com.br\/wp\/wp-json\/wp\/v2\/posts\/1022286\/revisions"}],"predecessor-version":[{"id":1022296,"href":"https:\/\/bahiaeconomica.com.br\/wp\/wp-json\/wp\/v2\/posts\/1022286\/revisions\/1022296"}],"wp:featuredmedia":[{"embeddable":true,"href":"https:\/\/bahiaeconomica.com.br\/wp\/wp-json\/wp\/v2\/media\/1022295"}],"wp:attachment":[{"href":"https:\/\/bahiaeconomica.com.br\/wp\/wp-json\/wp\/v2\/media?parent=1022286"}],"wp:term":[{"taxonomy":"category","embeddable":true,"href":"https:\/\/bahiaeconomica.com.br\/wp\/wp-json\/wp\/v2\/categories?post=1022286"},{"taxonomy":"post_tag","embeddable":true,"href":"https:\/\/bahiaeconomica.com.br\/wp\/wp-json\/wp\/v2\/tags?post=1022286"}],"curies":[{"name":"wp","href":"https:\/\/api.w.org\/{rel}","templated":true}]}}