{"id":1022269,"date":"2026-09-03T20:00:02","date_gmt":"2026-09-03T23:00:02","guid":{"rendered":"https:\/\/bahiaeconomica.com.br\/wp\/?p=1022269"},"modified":"2026-09-03T20:04:36","modified_gmt":"2026-09-03T23:04:36","slug":"bahia-ganha-a-unica-base-de-manutencao-da-latam-brasil-no-nordeste","status":"publish","type":"post","link":"https:\/\/bahiaeconomica.com.br\/wp\/2026\/09\/03\/bahia-ganha-a-unica-base-de-manutencao-da-latam-brasil-no-nordeste\/","title":{"rendered":"BAHIA GANHA A \u00daNICA BASE DE MANUTEN\u00c7\u00c3O DA LATAM BRASIL NO NORDESTE"},"content":{"rendered":"<p>A LATAM Airlines Brasil anuncia a implanta\u00e7\u00e3o, em Salvador (BA), da sua mais nova base de manuten\u00e7\u00e3o aeron\u00e1utica no Brasil, a \u00fanica no Nordeste. Dedicada \u00e0 manuten\u00e7\u00e3o programada, a nova estrutura amplia a capacidade t\u00e9cnica da companhia no pa\u00eds e acompanha o crescimento da opera\u00e7\u00e3o na Bahia, que acaba de ganhar uma nova liga\u00e7\u00e3o internacional direta entre Salvador e Santiago, com in\u00edcio programado para janeiro de 2027.O an\u00fancio foi realizado em Salvador, em encontro com autoridades estaduais, e \u00e9 resultado de uma agenda conjunta para ampliar a competitividade do setor a\u00e9reo.<\/p>\n<p>&#8220;A Bahia tem um papel cada vez mais relevante para a LATAM, tanto pela conectividade que constru\u00edmos no estado quanto pela nossa opera\u00e7\u00e3o. A implanta\u00e7\u00e3o da nossa \u00fanica base de manuten\u00e7\u00e3o no Nordeste brasileiro \u00e9 mais um passo desse crescimento e nos permite aproximar a capacidade t\u00e9cnica dos locais onde voamos, trazendo mais efici\u00eancia e contribuindo tamb\u00e9m para a forma\u00e7\u00e3o de profissionais especializados na regi\u00e3o&#8221;, afirma Eduardo Macedo, Head de Assuntos P\u00fablicos da LATAM Brasil.<\/p>\n<p><strong>A \u00daNICA BASE DE MANUTEN\u00c7\u00c3O DA LATAM NO NORDESTE DO BRASIL<\/strong><\/p>\n<p>A base de manuten\u00e7\u00e3o programada de Salvador \u00e9 a \u00fanica da LATAM no Nordeste brasileiro dedicada a essa atividade, tendo iniciado suas opera\u00e7\u00f5es em junho de 2026. Para esta etapa inicial, foram contratados cerca de 50 profissionais para atuar diretamente na manuten\u00e7\u00e3o, entre t\u00e9cnicos experientes e alunos locais, al\u00e9m de uma equipe de suporte.<\/p>\n<p>A instala\u00e7\u00e3o amplia a capacidade de manuten\u00e7\u00e3o da LATAM no Brasil ao aproximar esse trabalho de sua opera\u00e7\u00e3o no Nordeste, contribuindo para a efici\u00eancia e a confiabilidade dos voos. O projeto tamb\u00e9m abre espa\u00e7o para parcerias com institui\u00e7\u00f5es de ensino e tecnologia, com foco na forma\u00e7\u00e3o de profissionais e no desenvolvimento da cadeia aeron\u00e1utica local.<\/p>\n<p><strong>BAHIA GANHA NOVA CONEX\u00c3O INTERNACIONAL<\/strong><\/p>\n<p>A implanta\u00e7\u00e3o da base de manuten\u00e7\u00e3o acontece em um momento de amplia\u00e7\u00e3o da conectividade da LATAM na Bahia. A companhia acaba de anunciar a nova rota direta Salvador\u2013Santiago, que come\u00e7a a operar em 3 de janeiro de 2027 e reduzir\u00e1 em cerca de tr\u00eas horas o tempo de viagem entre as duas cidades em compara\u00e7\u00e3o com as op\u00e7\u00f5es atuais com conex\u00e3o.<\/p>\n<p>Inicialmente, ser\u00e3o tr\u00eas voos semanais durante a alta temporada de ver\u00e3o, operados com aeronaves da fam\u00edlia Airbus A320. A partir de mar\u00e7o, a liga\u00e7\u00e3o contar\u00e1 com uma frequ\u00eancia semanal. A nova opera\u00e7\u00e3o amplia a conectividade internacional da LATAM a partir do Nordeste e aproxima dois mercados com forte fluxo tur\u00edstico.<\/p>\n<p><strong>EXPANS\u00c3O DA MANUTEN\u00c7\u00c3O NO BRASIL<\/strong><\/p>\n<p>A nova base de Salvador tamb\u00e9m se soma ao movimento de amplia\u00e7\u00e3o da estrutura de manuten\u00e7\u00e3o da LATAM no pa\u00eds. Recentemente, a companhia anunciou que Curitiba, Bras\u00edlia e S\u00e3o Paulo\/Guarulhos ser\u00e3o respons\u00e1veis pela manuten\u00e7\u00e3o programada de sua nova frota de aeronaves Embraer E195-E2, com as tr\u00eas unidades preparadas a partir de outubro.<\/p>\n<p>Juntas, as bases dedicadas ao E2 ter\u00e3o capacidade para realizar at\u00e9 49 atendimentos programados por semana e contar\u00e3o com 127 mec\u00e2nicos diretamente envolvidos com o novo modelo. Curitiba ter\u00e1 papel central como principal hub dessa opera\u00e7\u00e3o, enquanto Guarulhos e Bras\u00edlia completar\u00e3o a rede de suporte \u00e0 nova frota no Brasil.<\/p>\n<p>foto: Airbus\/Divulga\u00e7\u00e3o<\/p>\n","protected":false},"excerpt":{"rendered":"<p>A LATAM Airlines Brasil anuncia a implanta\u00e7\u00e3o, em Salvador (BA), da sua mais nova base de manuten\u00e7\u00e3o aeron\u00e1utica no Brasil, a \u00fanica no Nordeste. Dedicada \u00e0 manuten\u00e7\u00e3o programada, a nova estrutura amplia a capacidade t\u00e9cnica da companhia no pa\u00eds e acompanha o crescimento da opera\u00e7\u00e3o na Bahia, que acaba de ganhar uma nova liga\u00e7\u00e3o internacional [&hellip;]<\/p>\n","protected":false},"author":15,"featured_media":1022270,"comment_status":"closed","ping_status":"closed","sticky":false,"template":"","format":"standard","meta":[],"categories":[7,14],"tags":[],"acf":[],"yoast_head":"<!-- This site is optimized with the Yoast SEO plugin v20.8 - https:\/\/yoast.com\/wordpress\/plugins\/seo\/ -->\n<title>BAHIA GANHA A \u00daNICA BASE DE MANUTEN\u00c7\u00c3O DA LATAM BRASIL NO NORDESTE - Bahia Economica<\/title>\n<meta name=\"description\" content=\"O maior portal de Economia da Bahia BAHIA INVEST, DESTAQUE DO DIA Bahia Economica\" \/>\n<meta name=\"robots\" content=\"index, follow, max-snippet:-1, max-image-preview:large, max-video-preview:-1\" \/>\n<link rel=\"canonical\" href=\"https:\/\/bahiaeconomica.com.br\/wp\/2026\/09\/03\/bahia-ganha-a-unica-base-de-manutencao-da-latam-brasil-no-nordeste\/\" \/>\n<meta property=\"og:locale\" content=\"pt_BR\" \/>\n<meta property=\"og:type\" content=\"article\" \/>\n<meta property=\"og:title\" content=\"BAHIA GANHA A \u00daNICA BASE DE MANUTEN\u00c7\u00c3O DA LATAM BRASIL NO NORDESTE - Bahia Economica\" \/>\n<meta property=\"og:description\" content=\"O maior portal de Economia da Bahia BAHIA INVEST, DESTAQUE DO DIA Bahia Economica\" \/>\n<meta property=\"og:url\" content=\"https:\/\/bahiaeconomica.com.br\/wp\/2026\/09\/03\/bahia-ganha-a-unica-base-de-manutencao-da-latam-brasil-no-nordeste\/\" \/>\n<meta property=\"og:site_name\" content=\"Bahia Economica\" \/>\n<meta property=\"article:publisher\" content=\"https:\/\/www.facebook.com\/bahiaeconomica\" \/>\n<meta property=\"article:published_time\" content=\"2026-09-03T23:00:02+00:00\" \/>\n<meta property=\"article:modified_time\" content=\"2026-09-03T23:04:36+00:00\" \/>\n<meta property=\"og:image\" content=\"https:\/\/bahiaeconomica.com.br\/wp\/wp-content\/uploads\/2026\/09\/fuselagem-latam-airlines-brasil.webp\" \/>\n\t<meta property=\"og:image:width\" content=\"1212\" \/>\n\t<meta property=\"og:image:height\" content=\"909\" \/>\n\t<meta property=\"og:image:type\" content=\"image\/webp\" \/>\n<meta name=\"author\" content=\"VICTORIA ISABEL\" \/>\n<meta name=\"twitter:card\" content=\"summary_large_image\" \/>\n<meta name=\"twitter:label1\" content=\"Escrito por\" \/>\n\t<meta name=\"twitter:data1\" content=\"VICTORIA ISABEL\" \/>\n\t<meta name=\"twitter:label2\" content=\"Est. tempo de leitura\" \/>\n\t<meta name=\"twitter:data2\" content=\"3 minutos\" \/>\n<script type=\"application\/ld+json\" class=\"yoast-schema-graph\">{\"@context\":\"https:\/\/schema.org\",\"@graph\":[{\"@type\":\"Article\",\"@id\":\"https:\/\/bahiaeconomica.com.br\/wp\/2026\/09\/03\/bahia-ganha-a-unica-base-de-manutencao-da-latam-brasil-no-nordeste\/#article\",\"isPartOf\":{\"@id\":\"https:\/\/bahiaeconomica.com.br\/wp\/2026\/09\/03\/bahia-ganha-a-unica-base-de-manutencao-da-latam-brasil-no-nordeste\/\"},\"author\":{\"name\":\"VICTORIA ISABEL\",\"@id\":\"https:\/\/bahiaeconomica.com.br\/wp\/#\/schema\/person\/b719ce0fb1c09f3c7a00d9243ced4a6f\"},\"headline\":\"BAHIA GANHA A \u00daNICA BASE DE MANUTEN\u00c7\u00c3O DA LATAM BRASIL NO NORDESTE\",\"datePublished\":\"2026-09-03T23:00:02+00:00\",\"dateModified\":\"2026-09-03T23:04:36+00:00\",\"mainEntityOfPage\":{\"@id\":\"https:\/\/bahiaeconomica.com.br\/wp\/2026\/09\/03\/bahia-ganha-a-unica-base-de-manutencao-da-latam-brasil-no-nordeste\/\"},\"wordCount\":590,\"publisher\":{\"@id\":\"https:\/\/bahiaeconomica.com.br\/wp\/#organization\"},\"articleSection\":[\"BAHIA INVEST\",\"DESTAQUE DO DIA\"],\"inLanguage\":\"pt-BR\"},{\"@type\":\"WebPage\",\"@id\":\"https:\/\/bahiaeconomica.com.br\/wp\/2026\/09\/03\/bahia-ganha-a-unica-base-de-manutencao-da-latam-brasil-no-nordeste\/\",\"url\":\"https:\/\/bahiaeconomica.com.br\/wp\/2026\/09\/03\/bahia-ganha-a-unica-base-de-manutencao-da-latam-brasil-no-nordeste\/\",\"name\":\"BAHIA GANHA A \u00daNICA BASE DE MANUTEN\u00c7\u00c3O DA LATAM BRASIL NO NORDESTE - Bahia Economica\",\"isPartOf\":{\"@id\":\"https:\/\/bahiaeconomica.com.br\/wp\/#website\"},\"datePublished\":\"2026-09-03T23:00:02+00:00\",\"dateModified\":\"2026-09-03T23:04:36+00:00\",\"description\":\"O maior portal de Economia da Bahia BAHIA INVEST, DESTAQUE DO DIA Bahia Economica\",\"breadcrumb\":{\"@id\":\"https:\/\/bahiaeconomica.com.br\/wp\/2026\/09\/03\/bahia-ganha-a-unica-base-de-manutencao-da-latam-brasil-no-nordeste\/#breadcrumb\"},\"inLanguage\":\"pt-BR\",\"potentialAction\":[{\"@type\":\"ReadAction\",\"target\":[\"https:\/\/bahiaeconomica.com.br\/wp\/2026\/09\/03\/bahia-ganha-a-unica-base-de-manutencao-da-latam-brasil-no-nordeste\/\"]}]},{\"@type\":\"BreadcrumbList\",\"@id\":\"https:\/\/bahiaeconomica.com.br\/wp\/2026\/09\/03\/bahia-ganha-a-unica-base-de-manutencao-da-latam-brasil-no-nordeste\/#breadcrumb\",\"itemListElement\":[{\"@type\":\"ListItem\",\"position\":1,\"name\":\"In\u00edcio\",\"item\":\"https:\/\/bahiaeconomica.com.br\/wp\/\"},{\"@type\":\"ListItem\",\"position\":2,\"name\":\"BAHIA GANHA A \u00daNICA BASE DE MANUTEN\u00c7\u00c3O DA LATAM BRASIL NO NORDESTE\"}]},{\"@type\":\"WebSite\",\"@id\":\"https:\/\/bahiaeconomica.com.br\/wp\/#website\",\"url\":\"https:\/\/bahiaeconomica.com.br\/wp\/\",\"name\":\"Bahia Economica\",\"description\":\"O maior portal de Economia da Bahia\",\"publisher\":{\"@id\":\"https:\/\/bahiaeconomica.com.br\/wp\/#organization\"},\"potentialAction\":[{\"@type\":\"SearchAction\",\"target\":{\"@type\":\"EntryPoint\",\"urlTemplate\":\"https:\/\/bahiaeconomica.com.br\/wp\/?s={search_term_string}\"},\"query-input\":\"required name=search_term_string\"}],\"inLanguage\":\"pt-BR\"},{\"@type\":\"Organization\",\"@id\":\"https:\/\/bahiaeconomica.com.br\/wp\/#organization\",\"name\":\"Bahia Econ\u00f4mica\",\"url\":\"https:\/\/bahiaeconomica.com.br\/wp\/\",\"logo\":{\"@type\":\"ImageObject\",\"inLanguage\":\"pt-BR\",\"@id\":\"https:\/\/bahiaeconomica.com.br\/wp\/#\/schema\/logo\/image\/\",\"url\":\"https:\/\/bahiaeconomica.com.br\/wp\/wp-content\/uploads\/2020\/12\/cropped-BE.png\",\"contentUrl\":\"https:\/\/bahiaeconomica.com.br\/wp\/wp-content\/uploads\/2020\/12\/cropped-BE.png\",\"width\":512,\"height\":512,\"caption\":\"Bahia Econ\u00f4mica\"},\"image\":{\"@id\":\"https:\/\/bahiaeconomica.com.br\/wp\/#\/schema\/logo\/image\/\"},\"sameAs\":[\"https:\/\/www.facebook.com\/bahiaeconomica\"]},{\"@type\":\"Person\",\"@id\":\"https:\/\/bahiaeconomica.com.br\/wp\/#\/schema\/person\/b719ce0fb1c09f3c7a00d9243ced4a6f\",\"name\":\"VICTORIA ISABEL\",\"sameAs\":[\"http:\/\/www.bahiaeconomica.com.br\"],\"url\":\"https:\/\/bahiaeconomica.com.br\/wp\/author\/victoria-isabel\/\"}]}<\/script>\n<!-- \/ Yoast SEO plugin. -->","yoast_head_json":{"title":"BAHIA GANHA A \u00daNICA BASE DE MANUTEN\u00c7\u00c3O DA LATAM BRASIL NO NORDESTE - Bahia Economica","description":"O maior portal de Economia da Bahia BAHIA INVEST, DESTAQUE DO DIA Bahia Economica","robots":{"index":"index","follow":"follow","max-snippet":"max-snippet:-1","max-image-preview":"max-image-preview:large","max-video-preview":"max-video-preview:-1"},"canonical":"https:\/\/bahiaeconomica.com.br\/wp\/2026\/09\/03\/bahia-ganha-a-unica-base-de-manutencao-da-latam-brasil-no-nordeste\/","og_locale":"pt_BR","og_type":"article","og_title":"BAHIA GANHA A \u00daNICA BASE DE MANUTEN\u00c7\u00c3O DA LATAM BRASIL NO NORDESTE - Bahia Economica","og_description":"O maior portal de Economia da Bahia BAHIA INVEST, DESTAQUE DO DIA Bahia Economica","og_url":"https:\/\/bahiaeconomica.com.br\/wp\/2026\/09\/03\/bahia-ganha-a-unica-base-de-manutencao-da-latam-brasil-no-nordeste\/","og_site_name":"Bahia Economica","article_publisher":"https:\/\/www.facebook.com\/bahiaeconomica","article_published_time":"2026-09-03T23:00:02+00:00","article_modified_time":"2026-09-03T23:04:36+00:00","og_image":[{"width":1212,"height":909,"url":"https:\/\/bahiaeconomica.com.br\/wp\/wp-content\/uploads\/2026\/09\/fuselagem-latam-airlines-brasil.webp","type":"image\/webp"}],"author":"VICTORIA ISABEL","twitter_card":"summary_large_image","twitter_misc":{"Escrito por":"VICTORIA ISABEL","Est. tempo de leitura":"3 minutos"},"schema":{"@context":"https:\/\/schema.org","@graph":[{"@type":"Article","@id":"https:\/\/bahiaeconomica.com.br\/wp\/2026\/09\/03\/bahia-ganha-a-unica-base-de-manutencao-da-latam-brasil-no-nordeste\/#article","isPartOf":{"@id":"https:\/\/bahiaeconomica.com.br\/wp\/2026\/09\/03\/bahia-ganha-a-unica-base-de-manutencao-da-latam-brasil-no-nordeste\/"},"author":{"name":"VICTORIA ISABEL","@id":"https:\/\/bahiaeconomica.com.br\/wp\/#\/schema\/person\/b719ce0fb1c09f3c7a00d9243ced4a6f"},"headline":"BAHIA GANHA A \u00daNICA BASE DE MANUTEN\u00c7\u00c3O DA LATAM BRASIL NO NORDESTE","datePublished":"2026-09-03T23:00:02+00:00","dateModified":"2026-09-03T23:04:36+00:00","mainEntityOfPage":{"@id":"https:\/\/bahiaeconomica.com.br\/wp\/2026\/09\/03\/bahia-ganha-a-unica-base-de-manutencao-da-latam-brasil-no-nordeste\/"},"wordCount":590,"publisher":{"@id":"https:\/\/bahiaeconomica.com.br\/wp\/#organization"},"articleSection":["BAHIA INVEST","DESTAQUE DO DIA"],"inLanguage":"pt-BR"},{"@type":"WebPage","@id":"https:\/\/bahiaeconomica.com.br\/wp\/2026\/09\/03\/bahia-ganha-a-unica-base-de-manutencao-da-latam-brasil-no-nordeste\/","url":"https:\/\/bahiaeconomica.com.br\/wp\/2026\/09\/03\/bahia-ganha-a-unica-base-de-manutencao-da-latam-brasil-no-nordeste\/","name":"BAHIA GANHA A \u00daNICA BASE DE MANUTEN\u00c7\u00c3O DA LATAM BRASIL NO NORDESTE - Bahia Economica","isPartOf":{"@id":"https:\/\/bahiaeconomica.com.br\/wp\/#website"},"datePublished":"2026-09-03T23:00:02+00:00","dateModified":"2026-09-03T23:04:36+00:00","description":"O maior portal de Economia da Bahia BAHIA INVEST, DESTAQUE DO DIA Bahia Economica","breadcrumb":{"@id":"https:\/\/bahiaeconomica.com.br\/wp\/2026\/09\/03\/bahia-ganha-a-unica-base-de-manutencao-da-latam-brasil-no-nordeste\/#breadcrumb"},"inLanguage":"pt-BR","potentialAction":[{"@type":"ReadAction","target":["https:\/\/bahiaeconomica.com.br\/wp\/2026\/09\/03\/bahia-ganha-a-unica-base-de-manutencao-da-latam-brasil-no-nordeste\/"]}]},{"@type":"BreadcrumbList","@id":"https:\/\/bahiaeconomica.com.br\/wp\/2026\/09\/03\/bahia-ganha-a-unica-base-de-manutencao-da-latam-brasil-no-nordeste\/#breadcrumb","itemListElement":[{"@type":"ListItem","position":1,"name":"In\u00edcio","item":"https:\/\/bahiaeconomica.com.br\/wp\/"},{"@type":"ListItem","position":2,"name":"BAHIA GANHA A \u00daNICA BASE DE MANUTEN\u00c7\u00c3O DA LATAM BRASIL NO NORDESTE"}]},{"@type":"WebSite","@id":"https:\/\/bahiaeconomica.com.br\/wp\/#website","url":"https:\/\/bahiaeconomica.com.br\/wp\/","name":"Bahia Economica","description":"O maior portal de Economia da Bahia","publisher":{"@id":"https:\/\/bahiaeconomica.com.br\/wp\/#organization"},"potentialAction":[{"@type":"SearchAction","target":{"@type":"EntryPoint","urlTemplate":"https:\/\/bahiaeconomica.com.br\/wp\/?s={search_term_string}"},"query-input":"required name=search_term_string"}],"inLanguage":"pt-BR"},{"@type":"Organization","@id":"https:\/\/bahiaeconomica.com.br\/wp\/#organization","name":"Bahia Econ\u00f4mica","url":"https:\/\/bahiaeconomica.com.br\/wp\/","logo":{"@type":"ImageObject","inLanguage":"pt-BR","@id":"https:\/\/bahiaeconomica.com.br\/wp\/#\/schema\/logo\/image\/","url":"https:\/\/bahiaeconomica.com.br\/wp\/wp-content\/uploads\/2020\/12\/cropped-BE.png","contentUrl":"https:\/\/bahiaeconomica.com.br\/wp\/wp-content\/uploads\/2020\/12\/cropped-BE.png","width":512,"height":512,"caption":"Bahia Econ\u00f4mica"},"image":{"@id":"https:\/\/bahiaeconomica.com.br\/wp\/#\/schema\/logo\/image\/"},"sameAs":["https:\/\/www.facebook.com\/bahiaeconomica"]},{"@type":"Person","@id":"https:\/\/bahiaeconomica.com.br\/wp\/#\/schema\/person\/b719ce0fb1c09f3c7a00d9243ced4a6f","name":"VICTORIA ISABEL","sameAs":["http:\/\/www.bahiaeconomica.com.br"],"url":"https:\/\/bahiaeconomica.com.br\/wp\/author\/victoria-isabel\/"}]}},"views":18,"_links":{"self":[{"href":"https:\/\/bahiaeconomica.com.br\/wp\/wp-json\/wp\/v2\/posts\/1022269"}],"collection":[{"href":"https:\/\/bahiaeconomica.com.br\/wp\/wp-json\/wp\/v2\/posts"}],"about":[{"href":"https:\/\/bahiaeconomica.com.br\/wp\/wp-json\/wp\/v2\/types\/post"}],"author":[{"embeddable":true,"href":"https:\/\/bahiaeconomica.com.br\/wp\/wp-json\/wp\/v2\/users\/15"}],"replies":[{"embeddable":true,"href":"https:\/\/bahiaeconomica.com.br\/wp\/wp-json\/wp\/v2\/comments?post=1022269"}],"version-history":[{"count":1,"href":"https:\/\/bahiaeconomica.com.br\/wp\/wp-json\/wp\/v2\/posts\/1022269\/revisions"}],"predecessor-version":[{"id":1022282,"href":"https:\/\/bahiaeconomica.com.br\/wp\/wp-json\/wp\/v2\/posts\/1022269\/revisions\/1022282"}],"wp:featuredmedia":[{"embeddable":true,"href":"https:\/\/bahiaeconomica.com.br\/wp\/wp-json\/wp\/v2\/media\/1022270"}],"wp:attachment":[{"href":"https:\/\/bahiaeconomica.com.br\/wp\/wp-json\/wp\/v2\/media?parent=1022269"}],"wp:term":[{"taxonomy":"category","embeddable":true,"href":"https:\/\/bahiaeconomica.com.br\/wp\/wp-json\/wp\/v2\/categories?post=1022269"},{"taxonomy":"post_tag","embeddable":true,"href":"https:\/\/bahiaeconomica.com.br\/wp\/wp-json\/wp\/v2\/tags?post=1022269"}],"curies":[{"name":"wp","href":"https:\/\/api.w.org\/{rel}","templated":true}]}}