{"id":1022223,"date":"2026-09-03T14:54:00","date_gmt":"2026-09-03T17:54:00","guid":{"rendered":"https:\/\/bahiaeconomica.com.br\/wp\/?p=1022223"},"modified":"2026-09-03T14:54:00","modified_gmt":"2026-09-03T17:54:00","slug":"andre-mendonca-revela-que-deixara-sociedade-em-instituto-de-ensino","status":"publish","type":"post","link":"https:\/\/bahiaeconomica.com.br\/wp\/2026\/09\/03\/andre-mendonca-revela-que-deixara-sociedade-em-instituto-de-ensino\/","title":{"rendered":"ANDR\u00c9 MENDON\u00c7A REVELA QUE DEIXAR\u00c1 SOCIEDADE EM INSTITUTO DE ENSINO"},"content":{"rendered":"<p>O ministro Andr\u00e9 Mendon\u00e7a, do Supremo Tribunal Federal (STF), anunciou nesta quinta-feira (3), que vai deixar a sociedade no Instituto Iter, institui\u00e7\u00e3o de ensino privada que oferece cursos de capacita\u00e7\u00e3o e p\u00f3s-gradua\u00e7\u00e3o executiva.<\/p>\n<p>Em nota, Mendon\u00e7a afirma que nunca recebeu lucros advindos do instituto que ajudou a fundar, em novembro de 2023, quase dois anos ap\u00f3s ele ter tomado posse como ministro da mais alta Corte de justi\u00e7a do pa\u00eds.<\/p>\n<p>Mendon\u00e7a disse que ceder\u00e1 suas cotas, bem como as de sua esposa, Janei Mendon\u00e7a, de maneira que eventuais valores decorrentes da participa\u00e7\u00e3o do casal na empresa sejam destinadas para fins sociais e educacionais.<\/p>\n<p>Ainda segundo Mendon\u00e7a, o Iter ser\u00e1 transformado em entidade sem fins lucrativos, \u201crefor\u00e7ando sua voca\u00e7\u00e3o exclusivamente educacional e social\u201d, \u00e0 qual \u201co ministro permanecer\u00e1 prestando servi\u00e7os exclusivamente acad\u00eamicos, na qualidade de professor\u201d. No site do Iter, Mendon\u00e7a \u00e9 apontado como professor do curso Arte e a Ci\u00eancia da Orat\u00f3ria.<\/p>\n<p>De acordo com o ministro, a decis\u00e3o de transformar o Iter em entidade sem fins lucrativos foi tomada em conjunto com o presidente do instituto, Victor Godoy Veiga.<\/p>\n<p>Mendon\u00e7a e Veiga foram ministros de Estado durante o governo de Jair Bolsonaro. O primeiro, comandou o Minist\u00e9rio da Justi\u00e7a e Seguran\u00e7a P\u00fablica entre abril de 2020 e mar\u00e7o de 2021. Veiga chefiou o Minist\u00e9rio da Educa\u00e7\u00e3o de mar\u00e7o a 2022 e janeiro 2023.<\/p>\n<p>A Revista F\u00f3rum noticiou, esta manh\u00e3, em seu site, que, desde que foi fundado, o Iter firmou ao menos 55 contratos com \u00f3rg\u00e3os p\u00fablicos de 14 unidades federativas. Somados, os contratos envolvem valores da ordem de R$ 10,8 milh\u00f5es. De acordo com a apura\u00e7\u00e3o do jornalista Pl\u00ednio Teodoro, da F\u00f3rum, 54 desses contratos foram formalizados por meio de contrata\u00e7\u00e3o direta, sem a realiza\u00e7\u00e3o de licita\u00e7\u00e3o pr\u00e9via.<\/p>\n<p>At\u00e9 o momento, o ministro Andr\u00e9 Mendon\u00e7a n\u00e3o respondeu aos questionamentos.<\/p>\n<p>(Fonte: Ag\u00eancia Brasil)<\/p>\n<p>Foto: Gustavo Moreno\/STF<\/p>\n","protected":false},"excerpt":{"rendered":"<p>O ministro Andr\u00e9 Mendon\u00e7a, do Supremo Tribunal Federal (STF), anunciou nesta quinta-feira (3), que vai deixar a sociedade no Instituto Iter, institui\u00e7\u00e3o de ensino privada que oferece cursos de capacita\u00e7\u00e3o e p\u00f3s-gradua\u00e7\u00e3o executiva. Em nota, Mendon\u00e7a afirma que nunca recebeu lucros advindos do instituto que ajudou a fundar, em novembro de 2023, quase dois anos [&hellip;]<\/p>\n","protected":false},"author":21,"featured_media":1022228,"comment_status":"closed","ping_status":"closed","sticky":false,"template":"","format":"standard","meta":[],"categories":[14601],"tags":[45629,2475,93],"acf":[],"yoast_head":"<!-- This site is optimized with the Yoast SEO plugin v20.8 - https:\/\/yoast.com\/wordpress\/plugins\/seo\/ -->\n<title>ANDR\u00c9 MENDON\u00c7A REVELA QUE DEIXAR\u00c1 SOCIEDADE EM INSTITUTO DE ENSINO - Bahia Economica<\/title>\n<meta name=\"description\" content=\"O maior portal de Economia da Bahia Pol\u00edtica Bahia Economica O ministro Andr\u00e9 Mendon\u00e7a, do Supremo Tribunal Federal (STF)\" \/>\n<meta name=\"robots\" content=\"index, follow, max-snippet:-1, max-image-preview:large, max-video-preview:-1\" \/>\n<link rel=\"canonical\" href=\"https:\/\/bahiaeconomica.com.br\/wp\/2026\/09\/03\/andre-mendonca-revela-que-deixara-sociedade-em-instituto-de-ensino\/\" \/>\n<meta property=\"og:locale\" content=\"pt_BR\" \/>\n<meta property=\"og:type\" content=\"article\" \/>\n<meta property=\"og:title\" content=\"ANDR\u00c9 MENDON\u00c7A REVELA QUE DEIXAR\u00c1 SOCIEDADE EM INSTITUTO DE ENSINO - Bahia Economica\" \/>\n<meta property=\"og:description\" content=\"O maior portal de Economia da Bahia Pol\u00edtica Bahia Economica O ministro Andr\u00e9 Mendon\u00e7a, do Supremo Tribunal Federal (STF)\" \/>\n<meta property=\"og:url\" content=\"https:\/\/bahiaeconomica.com.br\/wp\/2026\/09\/03\/andre-mendonca-revela-que-deixara-sociedade-em-instituto-de-ensino\/\" \/>\n<meta property=\"og:site_name\" content=\"Bahia Economica\" \/>\n<meta property=\"article:publisher\" content=\"https:\/\/www.facebook.com\/bahiaeconomica\" \/>\n<meta property=\"article:published_time\" content=\"2026-09-03T17:54:00+00:00\" \/>\n<meta property=\"og:image\" content=\"https:\/\/bahiaeconomica.com.br\/wp\/wp-content\/uploads\/2026\/09\/187636mendonca-leva-caso-vorcaro-ao-plenario-do-stf-e-determina-sessao-publica-3.webp\" \/>\n\t<meta property=\"og:image:width\" content=\"1600\" \/>\n\t<meta property=\"og:image:height\" content=\"752\" \/>\n\t<meta property=\"og:image:type\" content=\"image\/webp\" \/>\n<meta name=\"author\" content=\"HUGO LEITE\" \/>\n<meta name=\"twitter:card\" content=\"summary_large_image\" \/>\n<meta name=\"twitter:label1\" content=\"Escrito por\" \/>\n\t<meta name=\"twitter:data1\" content=\"HUGO LEITE\" \/>\n\t<meta name=\"twitter:label2\" content=\"Est. tempo de leitura\" \/>\n\t<meta name=\"twitter:data2\" content=\"2 minutos\" \/>\n<script type=\"application\/ld+json\" class=\"yoast-schema-graph\">{\"@context\":\"https:\/\/schema.org\",\"@graph\":[{\"@type\":\"Article\",\"@id\":\"https:\/\/bahiaeconomica.com.br\/wp\/2026\/09\/03\/andre-mendonca-revela-que-deixara-sociedade-em-instituto-de-ensino\/#article\",\"isPartOf\":{\"@id\":\"https:\/\/bahiaeconomica.com.br\/wp\/2026\/09\/03\/andre-mendonca-revela-que-deixara-sociedade-em-instituto-de-ensino\/\"},\"author\":{\"name\":\"HUGO LEITE\",\"@id\":\"https:\/\/bahiaeconomica.com.br\/wp\/#\/schema\/person\/1704090528f3af7c918b3cb25d9d4016\"},\"headline\":\"ANDR\u00c9 MENDON\u00c7A REVELA QUE DEIXAR\u00c1 SOCIEDADE EM INSTITUTO DE ENSINO\",\"datePublished\":\"2026-09-03T17:54:00+00:00\",\"dateModified\":\"2026-09-03T17:54:00+00:00\",\"mainEntityOfPage\":{\"@id\":\"https:\/\/bahiaeconomica.com.br\/wp\/2026\/09\/03\/andre-mendonca-revela-que-deixara-sociedade-em-instituto-de-ensino\/\"},\"wordCount\":351,\"publisher\":{\"@id\":\"https:\/\/bahiaeconomica.com.br\/wp\/#organization\"},\"keywords\":[\"instituto de ensino\",\"sociedade\",\"STF\"],\"articleSection\":[\"Pol\u00edtica\"],\"inLanguage\":\"pt-BR\"},{\"@type\":\"WebPage\",\"@id\":\"https:\/\/bahiaeconomica.com.br\/wp\/2026\/09\/03\/andre-mendonca-revela-que-deixara-sociedade-em-instituto-de-ensino\/\",\"url\":\"https:\/\/bahiaeconomica.com.br\/wp\/2026\/09\/03\/andre-mendonca-revela-que-deixara-sociedade-em-instituto-de-ensino\/\",\"name\":\"ANDR\u00c9 MENDON\u00c7A REVELA QUE DEIXAR\u00c1 SOCIEDADE EM INSTITUTO DE ENSINO - Bahia Economica\",\"isPartOf\":{\"@id\":\"https:\/\/bahiaeconomica.com.br\/wp\/#website\"},\"datePublished\":\"2026-09-03T17:54:00+00:00\",\"dateModified\":\"2026-09-03T17:54:00+00:00\",\"description\":\"O maior portal de Economia da Bahia Pol\u00edtica Bahia Economica O ministro Andr\u00e9 Mendon\u00e7a, do Supremo Tribunal Federal (STF)\",\"breadcrumb\":{\"@id\":\"https:\/\/bahiaeconomica.com.br\/wp\/2026\/09\/03\/andre-mendonca-revela-que-deixara-sociedade-em-instituto-de-ensino\/#breadcrumb\"},\"inLanguage\":\"pt-BR\",\"potentialAction\":[{\"@type\":\"ReadAction\",\"target\":[\"https:\/\/bahiaeconomica.com.br\/wp\/2026\/09\/03\/andre-mendonca-revela-que-deixara-sociedade-em-instituto-de-ensino\/\"]}]},{\"@type\":\"BreadcrumbList\",\"@id\":\"https:\/\/bahiaeconomica.com.br\/wp\/2026\/09\/03\/andre-mendonca-revela-que-deixara-sociedade-em-instituto-de-ensino\/#breadcrumb\",\"itemListElement\":[{\"@type\":\"ListItem\",\"position\":1,\"name\":\"In\u00edcio\",\"item\":\"https:\/\/bahiaeconomica.com.br\/wp\/\"},{\"@type\":\"ListItem\",\"position\":2,\"name\":\"ANDR\u00c9 MENDON\u00c7A REVELA QUE DEIXAR\u00c1 SOCIEDADE EM INSTITUTO DE ENSINO\"}]},{\"@type\":\"WebSite\",\"@id\":\"https:\/\/bahiaeconomica.com.br\/wp\/#website\",\"url\":\"https:\/\/bahiaeconomica.com.br\/wp\/\",\"name\":\"Bahia Economica\",\"description\":\"O maior portal de Economia da Bahia\",\"publisher\":{\"@id\":\"https:\/\/bahiaeconomica.com.br\/wp\/#organization\"},\"potentialAction\":[{\"@type\":\"SearchAction\",\"target\":{\"@type\":\"EntryPoint\",\"urlTemplate\":\"https:\/\/bahiaeconomica.com.br\/wp\/?s={search_term_string}\"},\"query-input\":\"required name=search_term_string\"}],\"inLanguage\":\"pt-BR\"},{\"@type\":\"Organization\",\"@id\":\"https:\/\/bahiaeconomica.com.br\/wp\/#organization\",\"name\":\"Bahia Econ\u00f4mica\",\"url\":\"https:\/\/bahiaeconomica.com.br\/wp\/\",\"logo\":{\"@type\":\"ImageObject\",\"inLanguage\":\"pt-BR\",\"@id\":\"https:\/\/bahiaeconomica.com.br\/wp\/#\/schema\/logo\/image\/\",\"url\":\"https:\/\/bahiaeconomica.com.br\/wp\/wp-content\/uploads\/2020\/12\/cropped-BE.png\",\"contentUrl\":\"https:\/\/bahiaeconomica.com.br\/wp\/wp-content\/uploads\/2020\/12\/cropped-BE.png\",\"width\":512,\"height\":512,\"caption\":\"Bahia Econ\u00f4mica\"},\"image\":{\"@id\":\"https:\/\/bahiaeconomica.com.br\/wp\/#\/schema\/logo\/image\/\"},\"sameAs\":[\"https:\/\/www.facebook.com\/bahiaeconomica\"]},{\"@type\":\"Person\",\"@id\":\"https:\/\/bahiaeconomica.com.br\/wp\/#\/schema\/person\/1704090528f3af7c918b3cb25d9d4016\",\"name\":\"HUGO LEITE\",\"sameAs\":[\"http:\/\/www.bahiaeconomica.com.br\"],\"url\":\"https:\/\/bahiaeconomica.com.br\/wp\/author\/hugo-leite\/\"}]}<\/script>\n<!-- \/ Yoast SEO plugin. -->","yoast_head_json":{"title":"ANDR\u00c9 MENDON\u00c7A REVELA QUE DEIXAR\u00c1 SOCIEDADE EM INSTITUTO DE ENSINO - Bahia Economica","description":"O maior portal de Economia da Bahia Pol\u00edtica Bahia Economica O ministro Andr\u00e9 Mendon\u00e7a, do Supremo Tribunal Federal (STF)","robots":{"index":"index","follow":"follow","max-snippet":"max-snippet:-1","max-image-preview":"max-image-preview:large","max-video-preview":"max-video-preview:-1"},"canonical":"https:\/\/bahiaeconomica.com.br\/wp\/2026\/09\/03\/andre-mendonca-revela-que-deixara-sociedade-em-instituto-de-ensino\/","og_locale":"pt_BR","og_type":"article","og_title":"ANDR\u00c9 MENDON\u00c7A REVELA QUE DEIXAR\u00c1 SOCIEDADE EM INSTITUTO DE ENSINO - Bahia Economica","og_description":"O maior portal de Economia da Bahia Pol\u00edtica Bahia Economica O ministro Andr\u00e9 Mendon\u00e7a, do Supremo Tribunal Federal (STF)","og_url":"https:\/\/bahiaeconomica.com.br\/wp\/2026\/09\/03\/andre-mendonca-revela-que-deixara-sociedade-em-instituto-de-ensino\/","og_site_name":"Bahia Economica","article_publisher":"https:\/\/www.facebook.com\/bahiaeconomica","article_published_time":"2026-09-03T17:54:00+00:00","og_image":[{"width":1600,"height":752,"url":"https:\/\/bahiaeconomica.com.br\/wp\/wp-content\/uploads\/2026\/09\/187636mendonca-leva-caso-vorcaro-ao-plenario-do-stf-e-determina-sessao-publica-3.webp","type":"image\/webp"}],"author":"HUGO LEITE","twitter_card":"summary_large_image","twitter_misc":{"Escrito por":"HUGO LEITE","Est. tempo de leitura":"2 minutos"},"schema":{"@context":"https:\/\/schema.org","@graph":[{"@type":"Article","@id":"https:\/\/bahiaeconomica.com.br\/wp\/2026\/09\/03\/andre-mendonca-revela-que-deixara-sociedade-em-instituto-de-ensino\/#article","isPartOf":{"@id":"https:\/\/bahiaeconomica.com.br\/wp\/2026\/09\/03\/andre-mendonca-revela-que-deixara-sociedade-em-instituto-de-ensino\/"},"author":{"name":"HUGO LEITE","@id":"https:\/\/bahiaeconomica.com.br\/wp\/#\/schema\/person\/1704090528f3af7c918b3cb25d9d4016"},"headline":"ANDR\u00c9 MENDON\u00c7A REVELA QUE DEIXAR\u00c1 SOCIEDADE EM INSTITUTO DE ENSINO","datePublished":"2026-09-03T17:54:00+00:00","dateModified":"2026-09-03T17:54:00+00:00","mainEntityOfPage":{"@id":"https:\/\/bahiaeconomica.com.br\/wp\/2026\/09\/03\/andre-mendonca-revela-que-deixara-sociedade-em-instituto-de-ensino\/"},"wordCount":351,"publisher":{"@id":"https:\/\/bahiaeconomica.com.br\/wp\/#organization"},"keywords":["instituto de ensino","sociedade","STF"],"articleSection":["Pol\u00edtica"],"inLanguage":"pt-BR"},{"@type":"WebPage","@id":"https:\/\/bahiaeconomica.com.br\/wp\/2026\/09\/03\/andre-mendonca-revela-que-deixara-sociedade-em-instituto-de-ensino\/","url":"https:\/\/bahiaeconomica.com.br\/wp\/2026\/09\/03\/andre-mendonca-revela-que-deixara-sociedade-em-instituto-de-ensino\/","name":"ANDR\u00c9 MENDON\u00c7A REVELA QUE DEIXAR\u00c1 SOCIEDADE EM INSTITUTO DE ENSINO - Bahia Economica","isPartOf":{"@id":"https:\/\/bahiaeconomica.com.br\/wp\/#website"},"datePublished":"2026-09-03T17:54:00+00:00","dateModified":"2026-09-03T17:54:00+00:00","description":"O maior portal de Economia da Bahia Pol\u00edtica Bahia Economica O ministro Andr\u00e9 Mendon\u00e7a, do Supremo Tribunal Federal (STF)","breadcrumb":{"@id":"https:\/\/bahiaeconomica.com.br\/wp\/2026\/09\/03\/andre-mendonca-revela-que-deixara-sociedade-em-instituto-de-ensino\/#breadcrumb"},"inLanguage":"pt-BR","potentialAction":[{"@type":"ReadAction","target":["https:\/\/bahiaeconomica.com.br\/wp\/2026\/09\/03\/andre-mendonca-revela-que-deixara-sociedade-em-instituto-de-ensino\/"]}]},{"@type":"BreadcrumbList","@id":"https:\/\/bahiaeconomica.com.br\/wp\/2026\/09\/03\/andre-mendonca-revela-que-deixara-sociedade-em-instituto-de-ensino\/#breadcrumb","itemListElement":[{"@type":"ListItem","position":1,"name":"In\u00edcio","item":"https:\/\/bahiaeconomica.com.br\/wp\/"},{"@type":"ListItem","position":2,"name":"ANDR\u00c9 MENDON\u00c7A REVELA QUE DEIXAR\u00c1 SOCIEDADE EM INSTITUTO DE ENSINO"}]},{"@type":"WebSite","@id":"https:\/\/bahiaeconomica.com.br\/wp\/#website","url":"https:\/\/bahiaeconomica.com.br\/wp\/","name":"Bahia Economica","description":"O maior portal de Economia da Bahia","publisher":{"@id":"https:\/\/bahiaeconomica.com.br\/wp\/#organization"},"potentialAction":[{"@type":"SearchAction","target":{"@type":"EntryPoint","urlTemplate":"https:\/\/bahiaeconomica.com.br\/wp\/?s={search_term_string}"},"query-input":"required name=search_term_string"}],"inLanguage":"pt-BR"},{"@type":"Organization","@id":"https:\/\/bahiaeconomica.com.br\/wp\/#organization","name":"Bahia Econ\u00f4mica","url":"https:\/\/bahiaeconomica.com.br\/wp\/","logo":{"@type":"ImageObject","inLanguage":"pt-BR","@id":"https:\/\/bahiaeconomica.com.br\/wp\/#\/schema\/logo\/image\/","url":"https:\/\/bahiaeconomica.com.br\/wp\/wp-content\/uploads\/2020\/12\/cropped-BE.png","contentUrl":"https:\/\/bahiaeconomica.com.br\/wp\/wp-content\/uploads\/2020\/12\/cropped-BE.png","width":512,"height":512,"caption":"Bahia Econ\u00f4mica"},"image":{"@id":"https:\/\/bahiaeconomica.com.br\/wp\/#\/schema\/logo\/image\/"},"sameAs":["https:\/\/www.facebook.com\/bahiaeconomica"]},{"@type":"Person","@id":"https:\/\/bahiaeconomica.com.br\/wp\/#\/schema\/person\/1704090528f3af7c918b3cb25d9d4016","name":"HUGO LEITE","sameAs":["http:\/\/www.bahiaeconomica.com.br"],"url":"https:\/\/bahiaeconomica.com.br\/wp\/author\/hugo-leite\/"}]}},"views":5,"_links":{"self":[{"href":"https:\/\/bahiaeconomica.com.br\/wp\/wp-json\/wp\/v2\/posts\/1022223"}],"collection":[{"href":"https:\/\/bahiaeconomica.com.br\/wp\/wp-json\/wp\/v2\/posts"}],"about":[{"href":"https:\/\/bahiaeconomica.com.br\/wp\/wp-json\/wp\/v2\/types\/post"}],"author":[{"embeddable":true,"href":"https:\/\/bahiaeconomica.com.br\/wp\/wp-json\/wp\/v2\/users\/21"}],"replies":[{"embeddable":true,"href":"https:\/\/bahiaeconomica.com.br\/wp\/wp-json\/wp\/v2\/comments?post=1022223"}],"version-history":[{"count":1,"href":"https:\/\/bahiaeconomica.com.br\/wp\/wp-json\/wp\/v2\/posts\/1022223\/revisions"}],"predecessor-version":[{"id":1022230,"href":"https:\/\/bahiaeconomica.com.br\/wp\/wp-json\/wp\/v2\/posts\/1022223\/revisions\/1022230"}],"wp:featuredmedia":[{"embeddable":true,"href":"https:\/\/bahiaeconomica.com.br\/wp\/wp-json\/wp\/v2\/media\/1022228"}],"wp:attachment":[{"href":"https:\/\/bahiaeconomica.com.br\/wp\/wp-json\/wp\/v2\/media?parent=1022223"}],"wp:term":[{"taxonomy":"category","embeddable":true,"href":"https:\/\/bahiaeconomica.com.br\/wp\/wp-json\/wp\/v2\/categories?post=1022223"},{"taxonomy":"post_tag","embeddable":true,"href":"https:\/\/bahiaeconomica.com.br\/wp\/wp-json\/wp\/v2\/tags?post=1022223"}],"curies":[{"name":"wp","href":"https:\/\/api.w.org\/{rel}","templated":true}]}}