{"id":1022220,"date":"2026-09-03T14:48:51","date_gmt":"2026-09-03T17:48:51","guid":{"rendered":"https:\/\/bahiaeconomica.com.br\/wp\/?p=1022220"},"modified":"2026-09-03T14:48:51","modified_gmt":"2026-09-03T17:48:51","slug":"feira-saude-mais-perto-oferece-atendimentos-gratuitos-no-suburbio-de-salvador","status":"publish","type":"post","link":"https:\/\/bahiaeconomica.com.br\/wp\/2026\/09\/03\/feira-saude-mais-perto-oferece-atendimentos-gratuitos-no-suburbio-de-salvador\/","title":{"rendered":"FEIRA SA\u00daDE MAIS PERTO OFERECE ATENDIMENTOS GRATUITOS NO SUB\u00daRBIO DE SALVADOR"},"content":{"rendered":"<p>Moradores do Sub\u00farbio de Salvador t\u00eam acesso a uma s\u00e9rie de servi\u00e7os gratuitos de sa\u00fade nesta quinta-feira (3) e sexta-feira (4), durante a Feira Sa\u00fade Mais Perto. A a\u00e7\u00e3o acontece das 8h \u00e0s 16h, na Policl\u00ednica de Escada, com consultas, exames e procedimentos voltados \u00e0 popula\u00e7\u00e3o que utiliza o Sistema \u00danico de Sa\u00fade (SUS).<\/p>\n<p>Promovida pelo Governo da Bahia, por meio da Secretaria da Sa\u00fade do Estado (Sesab), em parceria com as Volunt\u00e1rias Sociais da Bahia (VSBA), a iniciativa tem como objetivo facilitar o acesso a atendimentos especializados e ampliar a oferta de servi\u00e7os de sa\u00fade.<\/p>\n<p>Para ser atendido, o paciente deve levar CPF, documento de identifica\u00e7\u00e3o, Cart\u00e3o do SUS e a solicita\u00e7\u00e3o m\u00e9dica. Os servi\u00e7os ser\u00e3o realizados por ordem de chegada, respeitando a capacidade de atendimento da unidade e as exig\u00eancias espec\u00edficas de cada procedimento.<\/p>\n<p>Entre os servi\u00e7os oferecidos est\u00e3o eletrocardiograma, exame preventivo, coleta de exames laboratoriais, consultas com ginecologista e diferentes tipos de ultrassonografia, incluindo exames de abd\u00f4men total, tireoide, vias urin\u00e1rias, regi\u00e3o p\u00e9lvica, transvaginal, pr\u00f3stata por via abdominal e bolsa escrotal.<\/p>\n<p>A programa\u00e7\u00e3o tamb\u00e9m prev\u00ea a realiza\u00e7\u00e3o de cirurgias de mamoplastia redutora n\u00e3o est\u00e9tica. Nesse caso, o atendimento \u00e9 direcionado exclusivamente a pacientes da regi\u00e3o de sa\u00fade de Salvador que j\u00e1 estejam cadastradas no Sistema Lista \u00danica, aguardando o procedimento e com agendamento pr\u00e9vio realizado pelo Sesab Atende.<\/p>\n<p>A Feira Sa\u00fade Mais Perto busca levar servi\u00e7os especializados para mais perto da popula\u00e7\u00e3o e reduzir a espera por consultas, exames e procedimentos oferecidos pela rede p\u00fablica de sa\u00fade.<\/p>\n<p>Foto: Jo\u00e1 Souza<\/p>\n","protected":false},"excerpt":{"rendered":"<p>Moradores do Sub\u00farbio de Salvador t\u00eam acesso a uma s\u00e9rie de servi\u00e7os gratuitos de sa\u00fade nesta quinta-feira (3) e sexta-feira (4), durante a Feira Sa\u00fade Mais Perto. A a\u00e7\u00e3o acontece das 8h \u00e0s 16h, na Policl\u00ednica de Escada, com consultas, exames e procedimentos voltados \u00e0 popula\u00e7\u00e3o que utiliza o Sistema \u00danico de Sa\u00fade (SUS). Promovida [&hellip;]<\/p>\n","protected":false},"author":24,"featured_media":1022221,"comment_status":"closed","ping_status":"closed","sticky":false,"template":"","format":"standard","meta":[],"categories":[5,21],"tags":[3248,1102,58,3864],"acf":[],"yoast_head":"<!-- This site is optimized with the Yoast SEO plugin v20.8 - https:\/\/yoast.com\/wordpress\/plugins\/seo\/ -->\n<title>FEIRA SA\u00daDE MAIS PERTO OFERECE ATENDIMENTOS GRATUITOS NO SUB\u00daRBIO DE SALVADOR - Bahia Economica Moradores do Sub\u00farbio de Salvador t\u00eam acesso a uma s\u00e9rie de servi\u00e7os gratuitos de sa\u00fade nesta quinta-feira (3) e sexta-feira (4), durante a Feira Sa\u00fade Mais Perto.<\/title>\n<meta name=\"description\" content=\"O maior portal de Economia da Bahia MUNIC\u00cdPIOS, Sa\u00fade \/ Educa\u00e7\u00e3o Bahia Economica Moradores do Sub\u00farbio de Salvador t\u00eam acesso a uma s\u00e9rie de servi\u00e7os gratuitos de sa\u00fade nesta quinta-feira (3) e sexta-feira (4), durante a Feira Sa\u00fade Mais Perto.\" \/>\n<meta name=\"robots\" content=\"index, follow, max-snippet:-1, max-image-preview:large, max-video-preview:-1\" \/>\n<link rel=\"canonical\" href=\"https:\/\/bahiaeconomica.com.br\/wp\/2026\/09\/03\/feira-saude-mais-perto-oferece-atendimentos-gratuitos-no-suburbio-de-salvador\/\" \/>\n<meta property=\"og:locale\" content=\"pt_BR\" \/>\n<meta property=\"og:type\" content=\"article\" \/>\n<meta property=\"og:title\" content=\"FEIRA SA\u00daDE MAIS PERTO OFERECE ATENDIMENTOS GRATUITOS NO SUB\u00daRBIO DE SALVADOR - Bahia Economica Moradores do Sub\u00farbio de Salvador t\u00eam acesso a uma s\u00e9rie de servi\u00e7os gratuitos de sa\u00fade nesta quinta-feira (3) e sexta-feira (4), durante a Feira Sa\u00fade Mais Perto.\" \/>\n<meta property=\"og:description\" content=\"O maior portal de Economia da Bahia MUNIC\u00cdPIOS, Sa\u00fade \/ Educa\u00e7\u00e3o Bahia Economica Moradores do Sub\u00farbio de Salvador t\u00eam acesso a uma s\u00e9rie de servi\u00e7os gratuitos de sa\u00fade nesta quinta-feira (3) e sexta-feira (4), durante a Feira Sa\u00fade Mais Perto.\" \/>\n<meta property=\"og:url\" content=\"https:\/\/bahiaeconomica.com.br\/wp\/2026\/09\/03\/feira-saude-mais-perto-oferece-atendimentos-gratuitos-no-suburbio-de-salvador\/\" \/>\n<meta property=\"og:site_name\" content=\"Bahia Economica\" \/>\n<meta property=\"article:publisher\" content=\"https:\/\/www.facebook.com\/bahiaeconomica\" \/>\n<meta property=\"article:published_time\" content=\"2026-09-03T17:48:51+00:00\" \/>\n<meta property=\"og:image\" content=\"https:\/\/bahiaeconomica.com.br\/wp\/wp-content\/uploads\/2026\/09\/Foto-Joa-SouzaGOVBA-1.jpeg\" \/>\n\t<meta property=\"og:image:width\" content=\"1600\" \/>\n\t<meta property=\"og:image:height\" content=\"1083\" \/>\n\t<meta property=\"og:image:type\" content=\"image\/jpeg\" \/>\n<meta name=\"author\" content=\"VICTOR OLIVEIRA\" \/>\n<meta name=\"twitter:card\" content=\"summary_large_image\" \/>\n<meta name=\"twitter:label1\" content=\"Escrito por\" \/>\n\t<meta name=\"twitter:data1\" content=\"VICTOR OLIVEIRA\" \/>\n\t<meta name=\"twitter:label2\" content=\"Est. tempo de leitura\" \/>\n\t<meta name=\"twitter:data2\" content=\"2 minutos\" \/>\n<script type=\"application\/ld+json\" class=\"yoast-schema-graph\">{\"@context\":\"https:\/\/schema.org\",\"@graph\":[{\"@type\":\"Article\",\"@id\":\"https:\/\/bahiaeconomica.com.br\/wp\/2026\/09\/03\/feira-saude-mais-perto-oferece-atendimentos-gratuitos-no-suburbio-de-salvador\/#article\",\"isPartOf\":{\"@id\":\"https:\/\/bahiaeconomica.com.br\/wp\/2026\/09\/03\/feira-saude-mais-perto-oferece-atendimentos-gratuitos-no-suburbio-de-salvador\/\"},\"author\":{\"name\":\"VICTOR OLIVEIRA\",\"@id\":\"https:\/\/bahiaeconomica.com.br\/wp\/#\/schema\/person\/a17956d0e1112b626f403fb06b8129a9\"},\"headline\":\"FEIRA SA\u00daDE MAIS PERTO OFERECE ATENDIMENTOS GRATUITOS NO SUB\u00daRBIO DE SALVADOR\",\"datePublished\":\"2026-09-03T17:48:51+00:00\",\"dateModified\":\"2026-09-03T17:48:51+00:00\",\"mainEntityOfPage\":{\"@id\":\"https:\/\/bahiaeconomica.com.br\/wp\/2026\/09\/03\/feira-saude-mais-perto-oferece-atendimentos-gratuitos-no-suburbio-de-salvador\/\"},\"wordCount\":304,\"publisher\":{\"@id\":\"https:\/\/bahiaeconomica.com.br\/wp\/#organization\"},\"keywords\":[\"atendimentos\",\"feira\",\"sa\u00fade\",\"Sub\u00farbio\"],\"articleSection\":[\"MUNIC\u00cdPIOS\",\"Sa\u00fade \/ Educa\u00e7\u00e3o\"],\"inLanguage\":\"pt-BR\"},{\"@type\":\"WebPage\",\"@id\":\"https:\/\/bahiaeconomica.com.br\/wp\/2026\/09\/03\/feira-saude-mais-perto-oferece-atendimentos-gratuitos-no-suburbio-de-salvador\/\",\"url\":\"https:\/\/bahiaeconomica.com.br\/wp\/2026\/09\/03\/feira-saude-mais-perto-oferece-atendimentos-gratuitos-no-suburbio-de-salvador\/\",\"name\":\"FEIRA SA\u00daDE MAIS PERTO OFERECE ATENDIMENTOS GRATUITOS NO SUB\u00daRBIO DE SALVADOR - Bahia Economica Moradores do Sub\u00farbio de Salvador t\u00eam acesso a uma s\u00e9rie de servi\u00e7os gratuitos de sa\u00fade nesta quinta-feira (3) e sexta-feira (4), durante a Feira Sa\u00fade Mais Perto.\",\"isPartOf\":{\"@id\":\"https:\/\/bahiaeconomica.com.br\/wp\/#website\"},\"datePublished\":\"2026-09-03T17:48:51+00:00\",\"dateModified\":\"2026-09-03T17:48:51+00:00\",\"description\":\"O maior portal de Economia da Bahia MUNIC\u00cdPIOS, Sa\u00fade \/ Educa\u00e7\u00e3o Bahia Economica Moradores do Sub\u00farbio de Salvador t\u00eam acesso a uma s\u00e9rie de servi\u00e7os gratuitos de sa\u00fade nesta quinta-feira (3) e sexta-feira (4), durante a Feira Sa\u00fade Mais Perto.\",\"breadcrumb\":{\"@id\":\"https:\/\/bahiaeconomica.com.br\/wp\/2026\/09\/03\/feira-saude-mais-perto-oferece-atendimentos-gratuitos-no-suburbio-de-salvador\/#breadcrumb\"},\"inLanguage\":\"pt-BR\",\"potentialAction\":[{\"@type\":\"ReadAction\",\"target\":[\"https:\/\/bahiaeconomica.com.br\/wp\/2026\/09\/03\/feira-saude-mais-perto-oferece-atendimentos-gratuitos-no-suburbio-de-salvador\/\"]}]},{\"@type\":\"BreadcrumbList\",\"@id\":\"https:\/\/bahiaeconomica.com.br\/wp\/2026\/09\/03\/feira-saude-mais-perto-oferece-atendimentos-gratuitos-no-suburbio-de-salvador\/#breadcrumb\",\"itemListElement\":[{\"@type\":\"ListItem\",\"position\":1,\"name\":\"In\u00edcio\",\"item\":\"https:\/\/bahiaeconomica.com.br\/wp\/\"},{\"@type\":\"ListItem\",\"position\":2,\"name\":\"FEIRA SA\u00daDE MAIS PERTO OFERECE ATENDIMENTOS GRATUITOS NO SUB\u00daRBIO DE SALVADOR\"}]},{\"@type\":\"WebSite\",\"@id\":\"https:\/\/bahiaeconomica.com.br\/wp\/#website\",\"url\":\"https:\/\/bahiaeconomica.com.br\/wp\/\",\"name\":\"Bahia Economica\",\"description\":\"O maior portal de Economia da Bahia\",\"publisher\":{\"@id\":\"https:\/\/bahiaeconomica.com.br\/wp\/#organization\"},\"potentialAction\":[{\"@type\":\"SearchAction\",\"target\":{\"@type\":\"EntryPoint\",\"urlTemplate\":\"https:\/\/bahiaeconomica.com.br\/wp\/?s={search_term_string}\"},\"query-input\":\"required name=search_term_string\"}],\"inLanguage\":\"pt-BR\"},{\"@type\":\"Organization\",\"@id\":\"https:\/\/bahiaeconomica.com.br\/wp\/#organization\",\"name\":\"Bahia Econ\u00f4mica\",\"url\":\"https:\/\/bahiaeconomica.com.br\/wp\/\",\"logo\":{\"@type\":\"ImageObject\",\"inLanguage\":\"pt-BR\",\"@id\":\"https:\/\/bahiaeconomica.com.br\/wp\/#\/schema\/logo\/image\/\",\"url\":\"https:\/\/bahiaeconomica.com.br\/wp\/wp-content\/uploads\/2020\/12\/cropped-BE.png\",\"contentUrl\":\"https:\/\/bahiaeconomica.com.br\/wp\/wp-content\/uploads\/2020\/12\/cropped-BE.png\",\"width\":512,\"height\":512,\"caption\":\"Bahia Econ\u00f4mica\"},\"image\":{\"@id\":\"https:\/\/bahiaeconomica.com.br\/wp\/#\/schema\/logo\/image\/\"},\"sameAs\":[\"https:\/\/www.facebook.com\/bahiaeconomica\"]},{\"@type\":\"Person\",\"@id\":\"https:\/\/bahiaeconomica.com.br\/wp\/#\/schema\/person\/a17956d0e1112b626f403fb06b8129a9\",\"name\":\"VICTOR OLIVEIRA\",\"sameAs\":[\"http:\/\/www.bahiaeconomica.com.br\"],\"url\":\"https:\/\/bahiaeconomica.com.br\/wp\/author\/victor-oliveira\/\"}]}<\/script>\n<!-- \/ Yoast SEO plugin. -->","yoast_head_json":{"title":"FEIRA SA\u00daDE MAIS PERTO OFERECE ATENDIMENTOS GRATUITOS NO SUB\u00daRBIO DE SALVADOR - Bahia Economica Moradores do Sub\u00farbio de Salvador t\u00eam acesso a uma s\u00e9rie de servi\u00e7os gratuitos de sa\u00fade nesta quinta-feira (3) e sexta-feira (4), durante a Feira Sa\u00fade Mais Perto.","description":"O maior portal de Economia da Bahia MUNIC\u00cdPIOS, Sa\u00fade \/ Educa\u00e7\u00e3o Bahia Economica Moradores do Sub\u00farbio de Salvador t\u00eam acesso a uma s\u00e9rie de servi\u00e7os gratuitos de sa\u00fade nesta quinta-feira (3) e sexta-feira (4), durante a Feira Sa\u00fade Mais Perto.","robots":{"index":"index","follow":"follow","max-snippet":"max-snippet:-1","max-image-preview":"max-image-preview:large","max-video-preview":"max-video-preview:-1"},"canonical":"https:\/\/bahiaeconomica.com.br\/wp\/2026\/09\/03\/feira-saude-mais-perto-oferece-atendimentos-gratuitos-no-suburbio-de-salvador\/","og_locale":"pt_BR","og_type":"article","og_title":"FEIRA SA\u00daDE MAIS PERTO OFERECE ATENDIMENTOS GRATUITOS NO SUB\u00daRBIO DE SALVADOR - Bahia Economica Moradores do Sub\u00farbio de Salvador t\u00eam acesso a uma s\u00e9rie de servi\u00e7os gratuitos de sa\u00fade nesta quinta-feira (3) e sexta-feira (4), durante a Feira Sa\u00fade Mais Perto.","og_description":"O maior portal de Economia da Bahia MUNIC\u00cdPIOS, Sa\u00fade \/ Educa\u00e7\u00e3o Bahia Economica Moradores do Sub\u00farbio de Salvador t\u00eam acesso a uma s\u00e9rie de servi\u00e7os gratuitos de sa\u00fade nesta quinta-feira (3) e sexta-feira (4), durante a Feira Sa\u00fade Mais Perto.","og_url":"https:\/\/bahiaeconomica.com.br\/wp\/2026\/09\/03\/feira-saude-mais-perto-oferece-atendimentos-gratuitos-no-suburbio-de-salvador\/","og_site_name":"Bahia Economica","article_publisher":"https:\/\/www.facebook.com\/bahiaeconomica","article_published_time":"2026-09-03T17:48:51+00:00","og_image":[{"width":1600,"height":1083,"url":"https:\/\/bahiaeconomica.com.br\/wp\/wp-content\/uploads\/2026\/09\/Foto-Joa-SouzaGOVBA-1.jpeg","type":"image\/jpeg"}],"author":"VICTOR OLIVEIRA","twitter_card":"summary_large_image","twitter_misc":{"Escrito por":"VICTOR OLIVEIRA","Est. tempo de leitura":"2 minutos"},"schema":{"@context":"https:\/\/schema.org","@graph":[{"@type":"Article","@id":"https:\/\/bahiaeconomica.com.br\/wp\/2026\/09\/03\/feira-saude-mais-perto-oferece-atendimentos-gratuitos-no-suburbio-de-salvador\/#article","isPartOf":{"@id":"https:\/\/bahiaeconomica.com.br\/wp\/2026\/09\/03\/feira-saude-mais-perto-oferece-atendimentos-gratuitos-no-suburbio-de-salvador\/"},"author":{"name":"VICTOR OLIVEIRA","@id":"https:\/\/bahiaeconomica.com.br\/wp\/#\/schema\/person\/a17956d0e1112b626f403fb06b8129a9"},"headline":"FEIRA SA\u00daDE MAIS PERTO OFERECE ATENDIMENTOS GRATUITOS NO SUB\u00daRBIO DE SALVADOR","datePublished":"2026-09-03T17:48:51+00:00","dateModified":"2026-09-03T17:48:51+00:00","mainEntityOfPage":{"@id":"https:\/\/bahiaeconomica.com.br\/wp\/2026\/09\/03\/feira-saude-mais-perto-oferece-atendimentos-gratuitos-no-suburbio-de-salvador\/"},"wordCount":304,"publisher":{"@id":"https:\/\/bahiaeconomica.com.br\/wp\/#organization"},"keywords":["atendimentos","feira","sa\u00fade","Sub\u00farbio"],"articleSection":["MUNIC\u00cdPIOS","Sa\u00fade \/ Educa\u00e7\u00e3o"],"inLanguage":"pt-BR"},{"@type":"WebPage","@id":"https:\/\/bahiaeconomica.com.br\/wp\/2026\/09\/03\/feira-saude-mais-perto-oferece-atendimentos-gratuitos-no-suburbio-de-salvador\/","url":"https:\/\/bahiaeconomica.com.br\/wp\/2026\/09\/03\/feira-saude-mais-perto-oferece-atendimentos-gratuitos-no-suburbio-de-salvador\/","name":"FEIRA SA\u00daDE MAIS PERTO OFERECE ATENDIMENTOS GRATUITOS NO SUB\u00daRBIO DE SALVADOR - Bahia Economica Moradores do Sub\u00farbio de Salvador t\u00eam acesso a uma s\u00e9rie de servi\u00e7os gratuitos de sa\u00fade nesta quinta-feira (3) e sexta-feira (4), durante a Feira Sa\u00fade Mais Perto.","isPartOf":{"@id":"https:\/\/bahiaeconomica.com.br\/wp\/#website"},"datePublished":"2026-09-03T17:48:51+00:00","dateModified":"2026-09-03T17:48:51+00:00","description":"O maior portal de Economia da Bahia MUNIC\u00cdPIOS, Sa\u00fade \/ Educa\u00e7\u00e3o Bahia Economica Moradores do Sub\u00farbio de Salvador t\u00eam acesso a uma s\u00e9rie de servi\u00e7os gratuitos de sa\u00fade nesta quinta-feira (3) e sexta-feira (4), durante a Feira Sa\u00fade Mais Perto.","breadcrumb":{"@id":"https:\/\/bahiaeconomica.com.br\/wp\/2026\/09\/03\/feira-saude-mais-perto-oferece-atendimentos-gratuitos-no-suburbio-de-salvador\/#breadcrumb"},"inLanguage":"pt-BR","potentialAction":[{"@type":"ReadAction","target":["https:\/\/bahiaeconomica.com.br\/wp\/2026\/09\/03\/feira-saude-mais-perto-oferece-atendimentos-gratuitos-no-suburbio-de-salvador\/"]}]},{"@type":"BreadcrumbList","@id":"https:\/\/bahiaeconomica.com.br\/wp\/2026\/09\/03\/feira-saude-mais-perto-oferece-atendimentos-gratuitos-no-suburbio-de-salvador\/#breadcrumb","itemListElement":[{"@type":"ListItem","position":1,"name":"In\u00edcio","item":"https:\/\/bahiaeconomica.com.br\/wp\/"},{"@type":"ListItem","position":2,"name":"FEIRA SA\u00daDE MAIS PERTO OFERECE ATENDIMENTOS GRATUITOS NO SUB\u00daRBIO DE SALVADOR"}]},{"@type":"WebSite","@id":"https:\/\/bahiaeconomica.com.br\/wp\/#website","url":"https:\/\/bahiaeconomica.com.br\/wp\/","name":"Bahia Economica","description":"O maior portal de Economia da Bahia","publisher":{"@id":"https:\/\/bahiaeconomica.com.br\/wp\/#organization"},"potentialAction":[{"@type":"SearchAction","target":{"@type":"EntryPoint","urlTemplate":"https:\/\/bahiaeconomica.com.br\/wp\/?s={search_term_string}"},"query-input":"required name=search_term_string"}],"inLanguage":"pt-BR"},{"@type":"Organization","@id":"https:\/\/bahiaeconomica.com.br\/wp\/#organization","name":"Bahia Econ\u00f4mica","url":"https:\/\/bahiaeconomica.com.br\/wp\/","logo":{"@type":"ImageObject","inLanguage":"pt-BR","@id":"https:\/\/bahiaeconomica.com.br\/wp\/#\/schema\/logo\/image\/","url":"https:\/\/bahiaeconomica.com.br\/wp\/wp-content\/uploads\/2020\/12\/cropped-BE.png","contentUrl":"https:\/\/bahiaeconomica.com.br\/wp\/wp-content\/uploads\/2020\/12\/cropped-BE.png","width":512,"height":512,"caption":"Bahia Econ\u00f4mica"},"image":{"@id":"https:\/\/bahiaeconomica.com.br\/wp\/#\/schema\/logo\/image\/"},"sameAs":["https:\/\/www.facebook.com\/bahiaeconomica"]},{"@type":"Person","@id":"https:\/\/bahiaeconomica.com.br\/wp\/#\/schema\/person\/a17956d0e1112b626f403fb06b8129a9","name":"VICTOR OLIVEIRA","sameAs":["http:\/\/www.bahiaeconomica.com.br"],"url":"https:\/\/bahiaeconomica.com.br\/wp\/author\/victor-oliveira\/"}]}},"views":7,"_links":{"self":[{"href":"https:\/\/bahiaeconomica.com.br\/wp\/wp-json\/wp\/v2\/posts\/1022220"}],"collection":[{"href":"https:\/\/bahiaeconomica.com.br\/wp\/wp-json\/wp\/v2\/posts"}],"about":[{"href":"https:\/\/bahiaeconomica.com.br\/wp\/wp-json\/wp\/v2\/types\/post"}],"author":[{"embeddable":true,"href":"https:\/\/bahiaeconomica.com.br\/wp\/wp-json\/wp\/v2\/users\/24"}],"replies":[{"embeddable":true,"href":"https:\/\/bahiaeconomica.com.br\/wp\/wp-json\/wp\/v2\/comments?post=1022220"}],"version-history":[{"count":1,"href":"https:\/\/bahiaeconomica.com.br\/wp\/wp-json\/wp\/v2\/posts\/1022220\/revisions"}],"predecessor-version":[{"id":1022224,"href":"https:\/\/bahiaeconomica.com.br\/wp\/wp-json\/wp\/v2\/posts\/1022220\/revisions\/1022224"}],"wp:featuredmedia":[{"embeddable":true,"href":"https:\/\/bahiaeconomica.com.br\/wp\/wp-json\/wp\/v2\/media\/1022221"}],"wp:attachment":[{"href":"https:\/\/bahiaeconomica.com.br\/wp\/wp-json\/wp\/v2\/media?parent=1022220"}],"wp:term":[{"taxonomy":"category","embeddable":true,"href":"https:\/\/bahiaeconomica.com.br\/wp\/wp-json\/wp\/v2\/categories?post=1022220"},{"taxonomy":"post_tag","embeddable":true,"href":"https:\/\/bahiaeconomica.com.br\/wp\/wp-json\/wp\/v2\/tags?post=1022220"}],"curies":[{"name":"wp","href":"https:\/\/api.w.org\/{rel}","templated":true}]}}