{"id":1022176,"date":"2026-09-03T14:24:46","date_gmt":"2026-09-03T17:24:46","guid":{"rendered":"https:\/\/bahiaeconomica.com.br\/wp\/?p=1022176"},"modified":"2026-09-03T14:24:46","modified_gmt":"2026-09-03T17:24:46","slug":"3o-forum-desafios-climaticos-na-bahia-debate-o-impacto-do-super-el-nino","status":"publish","type":"post","link":"https:\/\/bahiaeconomica.com.br\/wp\/2026\/09\/03\/3o-forum-desafios-climaticos-na-bahia-debate-o-impacto-do-super-el-nino\/","title":{"rendered":"3\u00ba F\u00d3RUM DESAFIOS CLIM\u00c1TICOS NA BAHIA DEBATE O IMPACTO DO SUPER EL NI\u00d1O"},"content":{"rendered":"<p>A prepara\u00e7\u00e3o para o Super El Ni\u00f1o tem sido amplamente debatida por diversos setores socioecon\u00f4micos em todo o Brasil, pois a previs\u00e3o meteorol\u00f3gica indica que o fen\u00f4meno natural ter\u00e1, em 2026, uma vers\u00e3o potencializada devido \u00e0s mudan\u00e7as clim\u00e1ticas. Para debater sobre o cen\u00e1rio desafiador e o seu impacto no fornecimento e consumo de energia, a Neoenergia Coelba promoveu, nesta quinta-feira (3), o 3\u00ba F\u00f3rum Desafios Clim\u00e1ticos na Bahia.<\/p>\n<p>Evento que, neste ano, ocorreu parceria com o Conselho de Consumidores de Energia da Neoenergia Coelba (CCEC), na Casa do Com\u00e9rcio, em Salvador. Considerado um tema multidisciplinar, a distribuidora convidou para o evento institui\u00e7\u00f5es e autoridades que t\u00eam atua\u00e7\u00e3o estrat\u00e9gica para garantir a seguran\u00e7a da popula\u00e7\u00e3o e a continuidade de servi\u00e7os essenciais, mesmo em caso adversidades clim\u00e1ticas. O painel contou com a expertise de especialistas e lideran\u00e7as da Neoenergia Coelba, Defesa Civil da Bahia, Corpo de Bombeiros Militar, Senai\/Cimatec e Climatempo.<\/p>\n<p>&#8220;Este \u00e9 o terceiro F\u00f3rum de Desafios Clim\u00e1ticos que realizamos, com um tema relevante para toda a sociedade &#8211; o El Ni\u00f1o classificado como muito forte, de acordo com a previs\u00e3o meteorol\u00f3gica. Assim, nos reunimos com parceiros estrat\u00e9gicos para promover um debate colaborativo sobre as medidas que tomaremos de forma conjunta para garantir a continuidade de servi\u00e7os essenciais&#8221;, comenta Fabiana Lopes, diretora-presidente da Neoenergia Coelba.<\/p>\n<p>Durante o f\u00f3rum, a distribuidora destacou os investimentos realizados para modernizar e ampliar a resili\u00eancia da rede el\u00e9trica. &#8220;Para mitigar eventuais impactos deste fen\u00f4meno, precisamos agir de forma integrada, planejada e preventiva. Ao longo do \u00faltimo ano, destinamos mais de R$ 1,7 bilh\u00e3o para aquisi\u00e7\u00e3o de novos equipamentos para a rede, constru\u00e7\u00e3o de novas subesta\u00e7\u00f5es e linhas, al\u00e9m da amplia\u00e7\u00e3o na automatiza\u00e7\u00e3o do sistema.<\/p>\n<p>Estamos focados em garantir a melhor qualidade na distribui\u00e7\u00e3o de energia, com seguran\u00e7a nossos clientes&#8221;, comenta Thiago Martins, superintendente de Opera\u00e7\u00f5es da Neoenergia Coelba. Tamb\u00e9m foram refor\u00e7adas as a\u00e7\u00f5es preventivas com um plano de inspe\u00e7\u00f5es que inclui inspe\u00e7\u00f5es em 96 mil quil\u00f4metros de cabos, com mais de 420 mil podas preventivas e manuten\u00e7\u00e3o em cerca de 30 mil pontos da rede de distribui\u00e7\u00e3o de energia. A empresa escalou mais de 150 profissionais para monitoramento do sistema de distribui\u00e7\u00e3o 24 horas por dia no Centro de Opera\u00e7\u00f5es Integradas (COI), e um plano de resposta de alta escalabilidade foi desenhado, permitindo quadruplicar o efetivo de equipes em campo em caso de situa\u00e7\u00f5es extraordin\u00e1rias.<\/p>\n<p>Todas as a\u00e7\u00f5es se somam \u00e0s previstas no plano de investimentos de R$ 25 bilh\u00f5es da distribuidora para os pr\u00f3ximos quatro anos, sendo cerca de R$ 5,8 bilh\u00f5es direcionados a melhorias na qualidade operacional. &#8220;Entendermos que a estrat\u00e9gia operacional da Neoenergia Coelba para este per\u00edodo \u00e9 de grande import\u00e2ncia para a sociedade baiana, por isso viabilizamos a realiza\u00e7\u00e3o de mais um f\u00f3rum clim\u00e1tico, com importantes institui\u00e7\u00f5es do estado. O cen\u00e1rio previsto para o clima no pa\u00eds requer aten\u00e7\u00e3o especial e estamos possibilitando esclarecimentos que agregam aos cidad\u00e3os baianos&#8221;, comenta Roque Bittencourt Lopes, presidente do Conselho de Consumidores de Energia da Neoenergia Coelba (CCEC).<\/p>\n<p>A Defesa Civil da Bahia tamb\u00e9m refor\u00e7ou sua opera\u00e7\u00e3o em todos os 417 munic\u00edpios baianos, destacando o acompanhamento cont\u00ednuo das necessidades de cada uma das regi\u00f5es e prepara\u00e7\u00e3o para poss\u00edveis demandas em caso de conting\u00eancias clim\u00e1ticas.<\/p>\n<p>&#8220;O estado da Bahia, por meio dos \u00f3rg\u00e3os que formam o Sistema Estadual de Prote\u00e7\u00e3o e Defesa Civil, construiu um plano especial de enfrentamento aos efeitos do El Ni\u00f1o, que chega em n\u00edvel muito forte. Estamos atentos \u00e0s necessidades que poder\u00e3o surgir com a chegada do fen\u00f4meno, por isso nos reunimos em mais um f\u00f3rum clim\u00e1tico, trazendo ao debate as a\u00e7\u00f5es preventivas que estamos realizando e como estaremos prontos para atua\u00e7\u00e3o sob qualquer necessidade da sociedade&#8221;, afirmou Osny Bonfim, superintendente da Defesa Civil da Bahia.<\/p>\n<p>A Climatempo apoia a Neoenergia Coelba na consolida\u00e7\u00e3o da an\u00e1lise clim\u00e1tica, com indicadores sobre as previs\u00f5es de impacto do El Ni\u00f1o no estado. &#8220;J\u00e1 temos uma parceria constru\u00edda com a Neoenergia em suas \u00e1reas de atua\u00e7\u00e3o, inclusive a Bahia. Nosso objetivo \u00e9 trazer dados que possam dar previsibilidade climatol\u00f3gica \u00e0 opera\u00e7\u00e3o de campo da empresa, viabilizando a\u00e7\u00f5es mais assertivas e prepara\u00e7\u00e3o para cen\u00e1rios adversos&#8221;, comenta Vitor Hassan, especialista da Climatempo.<\/p>\n<p>&nbsp;<\/p>\n<p>Foto: Humberto Siciliano \/ Argo Imagens<\/p>\n","protected":false},"excerpt":{"rendered":"<p>A prepara\u00e7\u00e3o para o Super El Ni\u00f1o tem sido amplamente debatida por diversos setores socioecon\u00f4micos em todo o Brasil, pois a previs\u00e3o meteorol\u00f3gica indica que o fen\u00f4meno natural ter\u00e1, em 2026, uma vers\u00e3o potencializada devido \u00e0s mudan\u00e7as clim\u00e1ticas. Para debater sobre o cen\u00e1rio desafiador e o seu impacto no fornecimento e consumo de energia, a [&hellip;]<\/p>\n","protected":false},"author":22,"featured_media":1022196,"comment_status":"closed","ping_status":"closed","sticky":false,"template":"","format":"standard","meta":[],"categories":[5],"tags":[],"acf":[],"yoast_head":"<!-- This site is optimized with the Yoast SEO plugin v20.8 - https:\/\/yoast.com\/wordpress\/plugins\/seo\/ -->\n<title>3\u00ba F\u00d3RUM DESAFIOS CLIM\u00c1TICOS NA BAHIA DEBATE O IMPACTO DO SUPER EL NI\u00d1O - Bahia Economica<\/title>\n<meta name=\"description\" content=\"O maior portal de Economia da Bahia MUNIC\u00cdPIOS Bahia Economica\" \/>\n<meta name=\"robots\" content=\"index, follow, max-snippet:-1, max-image-preview:large, max-video-preview:-1\" \/>\n<link rel=\"canonical\" href=\"https:\/\/bahiaeconomica.com.br\/wp\/2026\/09\/03\/3o-forum-desafios-climaticos-na-bahia-debate-o-impacto-do-super-el-nino\/\" \/>\n<meta property=\"og:locale\" content=\"pt_BR\" \/>\n<meta property=\"og:type\" content=\"article\" \/>\n<meta property=\"og:title\" content=\"3\u00ba F\u00d3RUM DESAFIOS CLIM\u00c1TICOS NA BAHIA DEBATE O IMPACTO DO SUPER EL NI\u00d1O - Bahia Economica\" \/>\n<meta property=\"og:description\" content=\"O maior portal de Economia da Bahia MUNIC\u00cdPIOS Bahia Economica\" \/>\n<meta property=\"og:url\" content=\"https:\/\/bahiaeconomica.com.br\/wp\/2026\/09\/03\/3o-forum-desafios-climaticos-na-bahia-debate-o-impacto-do-super-el-nino\/\" \/>\n<meta property=\"og:site_name\" content=\"Bahia Economica\" \/>\n<meta property=\"article:publisher\" content=\"https:\/\/www.facebook.com\/bahiaeconomica\" \/>\n<meta property=\"article:published_time\" content=\"2026-09-03T17:24:46+00:00\" \/>\n<meta property=\"og:image\" content=\"https:\/\/bahiaeconomica.com.br\/wp\/wp-content\/uploads\/2026\/09\/2MjZ6YTYxMWM2ojci5SbvNmLhNWat9mbvNWZhlGahJGQvF2YhRWZypDO5EjM3kDN2YjOnVGcq5ydvxGN4EmN0cjZzAzYmRzNjJWYyUDMiZTOkVWN4cTZhVTM0YkMlUTM0YkMlUjN3czMGJTJykTO1MDM0EjNz8VL1ETLf9VLwITLfpDN.jpg\" \/>\n\t<meta property=\"og:image:width\" content=\"800\" \/>\n\t<meta property=\"og:image:height\" content=\"533\" \/>\n\t<meta property=\"og:image:type\" content=\"image\/jpeg\" \/>\n<meta name=\"author\" content=\"Matheus Souza\" \/>\n<meta name=\"twitter:card\" content=\"summary_large_image\" \/>\n<meta name=\"twitter:label1\" content=\"Escrito por\" \/>\n\t<meta name=\"twitter:data1\" content=\"Matheus Souza\" \/>\n\t<meta name=\"twitter:label2\" content=\"Est. tempo de leitura\" \/>\n\t<meta name=\"twitter:data2\" content=\"4 minutos\" \/>\n<script type=\"application\/ld+json\" class=\"yoast-schema-graph\">{\"@context\":\"https:\/\/schema.org\",\"@graph\":[{\"@type\":\"Article\",\"@id\":\"https:\/\/bahiaeconomica.com.br\/wp\/2026\/09\/03\/3o-forum-desafios-climaticos-na-bahia-debate-o-impacto-do-super-el-nino\/#article\",\"isPartOf\":{\"@id\":\"https:\/\/bahiaeconomica.com.br\/wp\/2026\/09\/03\/3o-forum-desafios-climaticos-na-bahia-debate-o-impacto-do-super-el-nino\/\"},\"author\":{\"name\":\"Matheus Souza\",\"@id\":\"https:\/\/bahiaeconomica.com.br\/wp\/#\/schema\/person\/3304d50cfd32353c7d08c39066638997\"},\"headline\":\"3\u00ba F\u00d3RUM DESAFIOS CLIM\u00c1TICOS NA BAHIA DEBATE O IMPACTO DO SUPER EL NI\u00d1O\",\"datePublished\":\"2026-09-03T17:24:46+00:00\",\"dateModified\":\"2026-09-03T17:24:46+00:00\",\"mainEntityOfPage\":{\"@id\":\"https:\/\/bahiaeconomica.com.br\/wp\/2026\/09\/03\/3o-forum-desafios-climaticos-na-bahia-debate-o-impacto-do-super-el-nino\/\"},\"wordCount\":791,\"publisher\":{\"@id\":\"https:\/\/bahiaeconomica.com.br\/wp\/#organization\"},\"articleSection\":[\"MUNIC\u00cdPIOS\"],\"inLanguage\":\"pt-BR\"},{\"@type\":\"WebPage\",\"@id\":\"https:\/\/bahiaeconomica.com.br\/wp\/2026\/09\/03\/3o-forum-desafios-climaticos-na-bahia-debate-o-impacto-do-super-el-nino\/\",\"url\":\"https:\/\/bahiaeconomica.com.br\/wp\/2026\/09\/03\/3o-forum-desafios-climaticos-na-bahia-debate-o-impacto-do-super-el-nino\/\",\"name\":\"3\u00ba F\u00d3RUM DESAFIOS CLIM\u00c1TICOS NA BAHIA DEBATE O IMPACTO DO SUPER EL NI\u00d1O - Bahia Economica\",\"isPartOf\":{\"@id\":\"https:\/\/bahiaeconomica.com.br\/wp\/#website\"},\"datePublished\":\"2026-09-03T17:24:46+00:00\",\"dateModified\":\"2026-09-03T17:24:46+00:00\",\"description\":\"O maior portal de Economia da Bahia MUNIC\u00cdPIOS Bahia Economica\",\"breadcrumb\":{\"@id\":\"https:\/\/bahiaeconomica.com.br\/wp\/2026\/09\/03\/3o-forum-desafios-climaticos-na-bahia-debate-o-impacto-do-super-el-nino\/#breadcrumb\"},\"inLanguage\":\"pt-BR\",\"potentialAction\":[{\"@type\":\"ReadAction\",\"target\":[\"https:\/\/bahiaeconomica.com.br\/wp\/2026\/09\/03\/3o-forum-desafios-climaticos-na-bahia-debate-o-impacto-do-super-el-nino\/\"]}]},{\"@type\":\"BreadcrumbList\",\"@id\":\"https:\/\/bahiaeconomica.com.br\/wp\/2026\/09\/03\/3o-forum-desafios-climaticos-na-bahia-debate-o-impacto-do-super-el-nino\/#breadcrumb\",\"itemListElement\":[{\"@type\":\"ListItem\",\"position\":1,\"name\":\"In\u00edcio\",\"item\":\"https:\/\/bahiaeconomica.com.br\/wp\/\"},{\"@type\":\"ListItem\",\"position\":2,\"name\":\"3\u00ba F\u00d3RUM DESAFIOS CLIM\u00c1TICOS NA BAHIA DEBATE O IMPACTO DO SUPER EL NI\u00d1O\"}]},{\"@type\":\"WebSite\",\"@id\":\"https:\/\/bahiaeconomica.com.br\/wp\/#website\",\"url\":\"https:\/\/bahiaeconomica.com.br\/wp\/\",\"name\":\"Bahia Economica\",\"description\":\"O maior portal de Economia da Bahia\",\"publisher\":{\"@id\":\"https:\/\/bahiaeconomica.com.br\/wp\/#organization\"},\"potentialAction\":[{\"@type\":\"SearchAction\",\"target\":{\"@type\":\"EntryPoint\",\"urlTemplate\":\"https:\/\/bahiaeconomica.com.br\/wp\/?s={search_term_string}\"},\"query-input\":\"required name=search_term_string\"}],\"inLanguage\":\"pt-BR\"},{\"@type\":\"Organization\",\"@id\":\"https:\/\/bahiaeconomica.com.br\/wp\/#organization\",\"name\":\"Bahia Econ\u00f4mica\",\"url\":\"https:\/\/bahiaeconomica.com.br\/wp\/\",\"logo\":{\"@type\":\"ImageObject\",\"inLanguage\":\"pt-BR\",\"@id\":\"https:\/\/bahiaeconomica.com.br\/wp\/#\/schema\/logo\/image\/\",\"url\":\"https:\/\/bahiaeconomica.com.br\/wp\/wp-content\/uploads\/2020\/12\/cropped-BE.png\",\"contentUrl\":\"https:\/\/bahiaeconomica.com.br\/wp\/wp-content\/uploads\/2020\/12\/cropped-BE.png\",\"width\":512,\"height\":512,\"caption\":\"Bahia Econ\u00f4mica\"},\"image\":{\"@id\":\"https:\/\/bahiaeconomica.com.br\/wp\/#\/schema\/logo\/image\/\"},\"sameAs\":[\"https:\/\/www.facebook.com\/bahiaeconomica\"]},{\"@type\":\"Person\",\"@id\":\"https:\/\/bahiaeconomica.com.br\/wp\/#\/schema\/person\/3304d50cfd32353c7d08c39066638997\",\"name\":\"Matheus Souza\",\"sameAs\":[\"http:\/\/www.bahiaeconomica.com.br\"],\"url\":\"https:\/\/bahiaeconomica.com.br\/wp\/author\/matheus-souza\/\"}]}<\/script>\n<!-- \/ Yoast SEO plugin. -->","yoast_head_json":{"title":"3\u00ba F\u00d3RUM DESAFIOS CLIM\u00c1TICOS NA BAHIA DEBATE O IMPACTO DO SUPER EL NI\u00d1O - Bahia Economica","description":"O maior portal de Economia da Bahia MUNIC\u00cdPIOS Bahia Economica","robots":{"index":"index","follow":"follow","max-snippet":"max-snippet:-1","max-image-preview":"max-image-preview:large","max-video-preview":"max-video-preview:-1"},"canonical":"https:\/\/bahiaeconomica.com.br\/wp\/2026\/09\/03\/3o-forum-desafios-climaticos-na-bahia-debate-o-impacto-do-super-el-nino\/","og_locale":"pt_BR","og_type":"article","og_title":"3\u00ba F\u00d3RUM DESAFIOS CLIM\u00c1TICOS NA BAHIA DEBATE O IMPACTO DO SUPER EL NI\u00d1O - Bahia Economica","og_description":"O maior portal de Economia da Bahia MUNIC\u00cdPIOS Bahia Economica","og_url":"https:\/\/bahiaeconomica.com.br\/wp\/2026\/09\/03\/3o-forum-desafios-climaticos-na-bahia-debate-o-impacto-do-super-el-nino\/","og_site_name":"Bahia Economica","article_publisher":"https:\/\/www.facebook.com\/bahiaeconomica","article_published_time":"2026-09-03T17:24:46+00:00","og_image":[{"width":800,"height":533,"url":"https:\/\/bahiaeconomica.com.br\/wp\/wp-content\/uploads\/2026\/09\/2MjZ6YTYxMWM2ojci5SbvNmLhNWat9mbvNWZhlGahJGQvF2YhRWZypDO5EjM3kDN2YjOnVGcq5ydvxGN4EmN0cjZzAzYmRzNjJWYyUDMiZTOkVWN4cTZhVTM0YkMlUTM0YkMlUjN3czMGJTJykTO1MDM0EjNz8VL1ETLf9VLwITLfpDN.jpg","type":"image\/jpeg"}],"author":"Matheus Souza","twitter_card":"summary_large_image","twitter_misc":{"Escrito por":"Matheus Souza","Est. tempo de leitura":"4 minutos"},"schema":{"@context":"https:\/\/schema.org","@graph":[{"@type":"Article","@id":"https:\/\/bahiaeconomica.com.br\/wp\/2026\/09\/03\/3o-forum-desafios-climaticos-na-bahia-debate-o-impacto-do-super-el-nino\/#article","isPartOf":{"@id":"https:\/\/bahiaeconomica.com.br\/wp\/2026\/09\/03\/3o-forum-desafios-climaticos-na-bahia-debate-o-impacto-do-super-el-nino\/"},"author":{"name":"Matheus Souza","@id":"https:\/\/bahiaeconomica.com.br\/wp\/#\/schema\/person\/3304d50cfd32353c7d08c39066638997"},"headline":"3\u00ba F\u00d3RUM DESAFIOS CLIM\u00c1TICOS NA BAHIA DEBATE O IMPACTO DO SUPER EL NI\u00d1O","datePublished":"2026-09-03T17:24:46+00:00","dateModified":"2026-09-03T17:24:46+00:00","mainEntityOfPage":{"@id":"https:\/\/bahiaeconomica.com.br\/wp\/2026\/09\/03\/3o-forum-desafios-climaticos-na-bahia-debate-o-impacto-do-super-el-nino\/"},"wordCount":791,"publisher":{"@id":"https:\/\/bahiaeconomica.com.br\/wp\/#organization"},"articleSection":["MUNIC\u00cdPIOS"],"inLanguage":"pt-BR"},{"@type":"WebPage","@id":"https:\/\/bahiaeconomica.com.br\/wp\/2026\/09\/03\/3o-forum-desafios-climaticos-na-bahia-debate-o-impacto-do-super-el-nino\/","url":"https:\/\/bahiaeconomica.com.br\/wp\/2026\/09\/03\/3o-forum-desafios-climaticos-na-bahia-debate-o-impacto-do-super-el-nino\/","name":"3\u00ba F\u00d3RUM DESAFIOS CLIM\u00c1TICOS NA BAHIA DEBATE O IMPACTO DO SUPER EL NI\u00d1O - Bahia Economica","isPartOf":{"@id":"https:\/\/bahiaeconomica.com.br\/wp\/#website"},"datePublished":"2026-09-03T17:24:46+00:00","dateModified":"2026-09-03T17:24:46+00:00","description":"O maior portal de Economia da Bahia MUNIC\u00cdPIOS Bahia Economica","breadcrumb":{"@id":"https:\/\/bahiaeconomica.com.br\/wp\/2026\/09\/03\/3o-forum-desafios-climaticos-na-bahia-debate-o-impacto-do-super-el-nino\/#breadcrumb"},"inLanguage":"pt-BR","potentialAction":[{"@type":"ReadAction","target":["https:\/\/bahiaeconomica.com.br\/wp\/2026\/09\/03\/3o-forum-desafios-climaticos-na-bahia-debate-o-impacto-do-super-el-nino\/"]}]},{"@type":"BreadcrumbList","@id":"https:\/\/bahiaeconomica.com.br\/wp\/2026\/09\/03\/3o-forum-desafios-climaticos-na-bahia-debate-o-impacto-do-super-el-nino\/#breadcrumb","itemListElement":[{"@type":"ListItem","position":1,"name":"In\u00edcio","item":"https:\/\/bahiaeconomica.com.br\/wp\/"},{"@type":"ListItem","position":2,"name":"3\u00ba F\u00d3RUM DESAFIOS CLIM\u00c1TICOS NA BAHIA DEBATE O IMPACTO DO SUPER EL NI\u00d1O"}]},{"@type":"WebSite","@id":"https:\/\/bahiaeconomica.com.br\/wp\/#website","url":"https:\/\/bahiaeconomica.com.br\/wp\/","name":"Bahia Economica","description":"O maior portal de Economia da Bahia","publisher":{"@id":"https:\/\/bahiaeconomica.com.br\/wp\/#organization"},"potentialAction":[{"@type":"SearchAction","target":{"@type":"EntryPoint","urlTemplate":"https:\/\/bahiaeconomica.com.br\/wp\/?s={search_term_string}"},"query-input":"required name=search_term_string"}],"inLanguage":"pt-BR"},{"@type":"Organization","@id":"https:\/\/bahiaeconomica.com.br\/wp\/#organization","name":"Bahia Econ\u00f4mica","url":"https:\/\/bahiaeconomica.com.br\/wp\/","logo":{"@type":"ImageObject","inLanguage":"pt-BR","@id":"https:\/\/bahiaeconomica.com.br\/wp\/#\/schema\/logo\/image\/","url":"https:\/\/bahiaeconomica.com.br\/wp\/wp-content\/uploads\/2020\/12\/cropped-BE.png","contentUrl":"https:\/\/bahiaeconomica.com.br\/wp\/wp-content\/uploads\/2020\/12\/cropped-BE.png","width":512,"height":512,"caption":"Bahia Econ\u00f4mica"},"image":{"@id":"https:\/\/bahiaeconomica.com.br\/wp\/#\/schema\/logo\/image\/"},"sameAs":["https:\/\/www.facebook.com\/bahiaeconomica"]},{"@type":"Person","@id":"https:\/\/bahiaeconomica.com.br\/wp\/#\/schema\/person\/3304d50cfd32353c7d08c39066638997","name":"Matheus Souza","sameAs":["http:\/\/www.bahiaeconomica.com.br"],"url":"https:\/\/bahiaeconomica.com.br\/wp\/author\/matheus-souza\/"}]}},"views":8,"_links":{"self":[{"href":"https:\/\/bahiaeconomica.com.br\/wp\/wp-json\/wp\/v2\/posts\/1022176"}],"collection":[{"href":"https:\/\/bahiaeconomica.com.br\/wp\/wp-json\/wp\/v2\/posts"}],"about":[{"href":"https:\/\/bahiaeconomica.com.br\/wp\/wp-json\/wp\/v2\/types\/post"}],"author":[{"embeddable":true,"href":"https:\/\/bahiaeconomica.com.br\/wp\/wp-json\/wp\/v2\/users\/22"}],"replies":[{"embeddable":true,"href":"https:\/\/bahiaeconomica.com.br\/wp\/wp-json\/wp\/v2\/comments?post=1022176"}],"version-history":[{"count":1,"href":"https:\/\/bahiaeconomica.com.br\/wp\/wp-json\/wp\/v2\/posts\/1022176\/revisions"}],"predecessor-version":[{"id":1022198,"href":"https:\/\/bahiaeconomica.com.br\/wp\/wp-json\/wp\/v2\/posts\/1022176\/revisions\/1022198"}],"wp:featuredmedia":[{"embeddable":true,"href":"https:\/\/bahiaeconomica.com.br\/wp\/wp-json\/wp\/v2\/media\/1022196"}],"wp:attachment":[{"href":"https:\/\/bahiaeconomica.com.br\/wp\/wp-json\/wp\/v2\/media?parent=1022176"}],"wp:term":[{"taxonomy":"category","embeddable":true,"href":"https:\/\/bahiaeconomica.com.br\/wp\/wp-json\/wp\/v2\/categories?post=1022176"},{"taxonomy":"post_tag","embeddable":true,"href":"https:\/\/bahiaeconomica.com.br\/wp\/wp-json\/wp\/v2\/tags?post=1022176"}],"curies":[{"name":"wp","href":"https:\/\/api.w.org\/{rel}","templated":true}]}}