{"id":1022071,"date":"2026-09-03T09:40:19","date_gmt":"2026-09-03T12:40:19","guid":{"rendered":"https:\/\/bahiaeconomica.com.br\/wp\/?p=1022071"},"modified":"2026-09-03T09:51:35","modified_gmt":"2026-09-03T12:51:35","slug":"camara-aprova-projeto-que-incentiva-praticas-agricolas-ambientalmente-sustentaveis","status":"publish","type":"post","link":"https:\/\/bahiaeconomica.com.br\/wp\/2026\/09\/03\/camara-aprova-projeto-que-incentiva-praticas-agricolas-ambientalmente-sustentaveis\/","title":{"rendered":"C\u00c2MARA APROVA PROJETO QUE INCENTIVA PR\u00c1TICAS AGR\u00cdCOLAS AMBIENTALMENTE SUSTENT\u00c1VEIS"},"content":{"rendered":"<p>Por meio de vota\u00e7\u00e3o simb\u00f3lica, foi aprovado no plen\u00e1rio da C\u00e2mara dos Deputados, na sess\u00e3o plen\u00e1ria desta quarta-feira (2), o projeto de lei n\u00ba 3.904\/2023, que institui a Pol\u00edtica Nacional de Agroecologia e Produ\u00e7\u00e3o Org\u00e2nica. O projeto, de autoria do deputado federal Valmir Assun\u00e7\u00e3o (PT-BA), segue agora para ser apreciado pelo Senado.\u00a0Deputados da oposi\u00e7\u00e3o tentaram retirar o projeto da pauta da sess\u00e3o desta quarta, mas requerimento neste sentido foi rejeitado pela maioria. Tamb\u00e9m foi derrotado pela maioria um destaque apresentado pela oposi\u00e7\u00e3o para modificar pontos do texto do relator, o deputado Padre Jo\u00e3o (PT-MG).<\/p>\n<p>O projeto foi batizado pelo deputado Valmir Assun\u00e7\u00e3o como \u201cLei Anna Primavesi\u201d, que foi uma engenheira agr\u00f4noma, pesquisadora e professora austr\u00edaca radicada no Brasil, considerada uma das maiores pioneiras mundiais da agroecologia e da agricultura org\u00e2nica. Anna Primavesi faleceu em 2020 e foi grande refer\u00eancia cient\u00edfica para movimentos sociais que reivindicam a produ\u00e7\u00e3o de alimentos saud\u00e1veis.<\/p>\n<p>\u201cA inspira\u00e7\u00e3o veio da experi\u00eancia da Bahia, depois que o governador instituiu a Pol\u00edtica Estadual de Agroecologia e Produ\u00e7\u00e3o Org\u00e2nica. Entregamos \u00e0 sociedade diretrizes importantes para a promo\u00e7\u00e3o da alimenta\u00e7\u00e3o saud\u00e1vel que independe de governos. Torna-se pol\u00edtica de Estado\u201d, comemorou Valmir Assun\u00e7\u00e3o ap\u00f3s a aprova\u00e7\u00e3o da proposta.<\/p>\n<p>A proposi\u00e7\u00e3o do deputado baiano fomenta pr\u00e1ticas agr\u00edcolas ambientalmente sustent\u00e1veis, amplia a oferta de alimentos saud\u00e1veis e apoia a transi\u00e7\u00e3o de sistemas produtivos menos dependentes de insumos qu\u00edmicos. O texto estabelece diretrizes amplas para o setor, como o fortalecimento de mercados locais e circuitos curtos de comercializa\u00e7\u00e3o, o incentivo a energias renov\u00e1veis no campo, a valoriza\u00e7\u00e3o de sementes crioulas e saberes tradicionais, e a promo\u00e7\u00e3o da igualdade entre homens e mulheres na agricultura familiar.<\/p>\n<p>Entre os principais instrumentos previstos no texto est\u00e1 a cria\u00e7\u00e3o do PLANAPO (Plano Nacional de Agroecologia e Produ\u00e7\u00e3o Org\u00e2nica), que dever\u00e1 ser incorporado ao Plano Plurianual e \u00e0 Lei de Diretrizes Or\u00e7ament\u00e1rias. A proposta tamb\u00e9m institui linhas de cr\u00e9dito espec\u00edficas, seguro para a agricultura familiar, compras p\u00fablicas preferenciais de produtos org\u00e2nicos, incentivos fiscais e um sistema participativo de certifica\u00e7\u00e3o agroecol\u00f3gica.<\/p>\n<p>\u201cAl\u00e9m disso, o projeto cria o Conselho Nacional de Agroecologia e Produ\u00e7\u00e3o Org\u00e2nica (CNAPO), com participa\u00e7\u00e3o parit\u00e1ria entre governo e sociedade civil, e a C\u00e2mara Interministerial de Agroecologia e Produ\u00e7\u00e3o Org\u00e2nica (CIAPO), respons\u00e1vel por articular a implementa\u00e7\u00e3o entre os \u00f3rg\u00e3os federais e os entes subnacionais. Iniciativas concretas de participa\u00e7\u00e3o popular, uma grande conquista dos movimentos sociais de luta por terra e territ\u00f3rio\u201d, complementa o deputado Valmir Assun\u00e7\u00e3o.<\/p>\n<p>Segundo o texto aprovado pelos deputados, est\u00e1 prevista a cria\u00e7\u00e3o de um sistema participativo de certifica\u00e7\u00e3o da produ\u00e7\u00e3o agroecol\u00f3gica. O selo ser\u00e1 destinado prioritariamente a agricultores familiares, povos e comunidades tradicionais e empreendimentos solid\u00e1rios. Ainda de acordo com o PL 3904\/23, o Plano Nacional de Agroecologia e Produ\u00e7\u00e3o Org\u00e2nica (Planapo) ser\u00e1 coordenado pela C\u00e2mara Interministerial de Agroecologia e Produ\u00e7\u00e3o Org\u00e2nica em coopera\u00e7\u00e3o com estados e munic\u00edpios. A sociedade civil participar\u00e1 da elabora\u00e7\u00e3o e acompanhamento do plano por meio do Conselho Nacional de Agroecologia e Produ\u00e7\u00e3o Org\u00e2nica.<\/p>\n","protected":false},"excerpt":{"rendered":"<p>Por meio de vota\u00e7\u00e3o simb\u00f3lica, foi aprovado no plen\u00e1rio da C\u00e2mara dos Deputados, na sess\u00e3o plen\u00e1ria desta quarta-feira (2), o projeto de lei n\u00ba 3.904\/2023, que institui a Pol\u00edtica Nacional de Agroecologia e Produ\u00e7\u00e3o Org\u00e2nica. O projeto, de autoria do deputado federal Valmir Assun\u00e7\u00e3o (PT-BA), segue agora para ser apreciado pelo Senado.\u00a0Deputados da oposi\u00e7\u00e3o tentaram [&hellip;]<\/p>\n","protected":false},"author":8,"featured_media":1022073,"comment_status":"closed","ping_status":"closed","sticky":false,"template":"","format":"standard","meta":[],"categories":[5,14601],"tags":[85,52,34723],"acf":[],"yoast_head":"<!-- This site is optimized with the Yoast SEO plugin v20.8 - https:\/\/yoast.com\/wordpress\/plugins\/seo\/ -->\n<title>C\u00c2MARA APROVA PROJETO QUE INCENTIVA PR\u00c1TICAS AGR\u00cdCOLAS AMBIENTALMENTE SUSTENT\u00c1VEIS - Bahia Economica<\/title>\n<meta name=\"description\" content=\"O maior portal de Economia da Bahia MUNIC\u00cdPIOS, Pol\u00edtica Bahia Economica Por meio de vota\u00e7\u00e3o simb\u00f3lica, foi aprovado no plen\u00e1rio da C\u00e2mara dos Deputados\" \/>\n<meta name=\"robots\" content=\"index, follow, max-snippet:-1, max-image-preview:large, max-video-preview:-1\" \/>\n<link rel=\"canonical\" href=\"https:\/\/bahiaeconomica.com.br\/wp\/2026\/09\/03\/camara-aprova-projeto-que-incentiva-praticas-agricolas-ambientalmente-sustentaveis\/\" \/>\n<meta property=\"og:locale\" content=\"pt_BR\" \/>\n<meta property=\"og:type\" content=\"article\" \/>\n<meta property=\"og:title\" content=\"C\u00c2MARA APROVA PROJETO QUE INCENTIVA PR\u00c1TICAS AGR\u00cdCOLAS AMBIENTALMENTE SUSTENT\u00c1VEIS - Bahia Economica\" \/>\n<meta property=\"og:description\" content=\"O maior portal de Economia da Bahia MUNIC\u00cdPIOS, Pol\u00edtica Bahia Economica Por meio de vota\u00e7\u00e3o simb\u00f3lica, foi aprovado no plen\u00e1rio da C\u00e2mara dos Deputados\" \/>\n<meta property=\"og:url\" content=\"https:\/\/bahiaeconomica.com.br\/wp\/2026\/09\/03\/camara-aprova-projeto-que-incentiva-praticas-agricolas-ambientalmente-sustentaveis\/\" \/>\n<meta property=\"og:site_name\" content=\"Bahia Economica\" \/>\n<meta property=\"article:publisher\" content=\"https:\/\/www.facebook.com\/bahiaeconomica\" \/>\n<meta property=\"article:published_time\" content=\"2026-09-03T12:40:19+00:00\" \/>\n<meta property=\"article:modified_time\" content=\"2026-09-03T12:51:35+00:00\" \/>\n<meta property=\"og:image\" content=\"https:\/\/bahiaeconomica.com.br\/wp\/wp-content\/uploads\/2026\/09\/WhatsApp-Image-2026-09-03-at-09.44.43.jpeg\" \/>\n\t<meta property=\"og:image:width\" content=\"1280\" \/>\n\t<meta property=\"og:image:height\" content=\"960\" \/>\n\t<meta property=\"og:image:type\" content=\"image\/jpeg\" \/>\n<meta name=\"author\" content=\"JP\" \/>\n<meta name=\"twitter:card\" content=\"summary_large_image\" \/>\n<meta name=\"twitter:label1\" content=\"Escrito por\" \/>\n\t<meta name=\"twitter:data1\" content=\"JP\" \/>\n\t<meta name=\"twitter:label2\" content=\"Est. tempo de leitura\" \/>\n\t<meta name=\"twitter:data2\" content=\"3 minutos\" \/>\n<script type=\"application\/ld+json\" class=\"yoast-schema-graph\">{\"@context\":\"https:\/\/schema.org\",\"@graph\":[{\"@type\":\"Article\",\"@id\":\"https:\/\/bahiaeconomica.com.br\/wp\/2026\/09\/03\/camara-aprova-projeto-que-incentiva-praticas-agricolas-ambientalmente-sustentaveis\/#article\",\"isPartOf\":{\"@id\":\"https:\/\/bahiaeconomica.com.br\/wp\/2026\/09\/03\/camara-aprova-projeto-que-incentiva-praticas-agricolas-ambientalmente-sustentaveis\/\"},\"author\":{\"name\":\"JP\",\"@id\":\"https:\/\/bahiaeconomica.com.br\/wp\/#\/schema\/person\/c86d3a3f8960425a0f9d0e5245991f4e\"},\"headline\":\"C\u00c2MARA APROVA PROJETO QUE INCENTIVA PR\u00c1TICAS AGR\u00cdCOLAS AMBIENTALMENTE SUSTENT\u00c1VEIS\",\"datePublished\":\"2026-09-03T12:40:19+00:00\",\"dateModified\":\"2026-09-03T12:51:35+00:00\",\"mainEntityOfPage\":{\"@id\":\"https:\/\/bahiaeconomica.com.br\/wp\/2026\/09\/03\/camara-aprova-projeto-que-incentiva-praticas-agricolas-ambientalmente-sustentaveis\/\"},\"wordCount\":579,\"publisher\":{\"@id\":\"https:\/\/bahiaeconomica.com.br\/wp\/#organization\"},\"keywords\":[\"Bahia\",\"Brasil\",\"Valmir\"],\"articleSection\":[\"MUNIC\u00cdPIOS\",\"Pol\u00edtica\"],\"inLanguage\":\"pt-BR\"},{\"@type\":\"WebPage\",\"@id\":\"https:\/\/bahiaeconomica.com.br\/wp\/2026\/09\/03\/camara-aprova-projeto-que-incentiva-praticas-agricolas-ambientalmente-sustentaveis\/\",\"url\":\"https:\/\/bahiaeconomica.com.br\/wp\/2026\/09\/03\/camara-aprova-projeto-que-incentiva-praticas-agricolas-ambientalmente-sustentaveis\/\",\"name\":\"C\u00c2MARA APROVA PROJETO QUE INCENTIVA PR\u00c1TICAS AGR\u00cdCOLAS AMBIENTALMENTE SUSTENT\u00c1VEIS - Bahia Economica\",\"isPartOf\":{\"@id\":\"https:\/\/bahiaeconomica.com.br\/wp\/#website\"},\"datePublished\":\"2026-09-03T12:40:19+00:00\",\"dateModified\":\"2026-09-03T12:51:35+00:00\",\"description\":\"O maior portal de Economia da Bahia MUNIC\u00cdPIOS, Pol\u00edtica Bahia Economica Por meio de vota\u00e7\u00e3o simb\u00f3lica, foi aprovado no plen\u00e1rio da C\u00e2mara dos Deputados\",\"breadcrumb\":{\"@id\":\"https:\/\/bahiaeconomica.com.br\/wp\/2026\/09\/03\/camara-aprova-projeto-que-incentiva-praticas-agricolas-ambientalmente-sustentaveis\/#breadcrumb\"},\"inLanguage\":\"pt-BR\",\"potentialAction\":[{\"@type\":\"ReadAction\",\"target\":[\"https:\/\/bahiaeconomica.com.br\/wp\/2026\/09\/03\/camara-aprova-projeto-que-incentiva-praticas-agricolas-ambientalmente-sustentaveis\/\"]}]},{\"@type\":\"BreadcrumbList\",\"@id\":\"https:\/\/bahiaeconomica.com.br\/wp\/2026\/09\/03\/camara-aprova-projeto-que-incentiva-praticas-agricolas-ambientalmente-sustentaveis\/#breadcrumb\",\"itemListElement\":[{\"@type\":\"ListItem\",\"position\":1,\"name\":\"In\u00edcio\",\"item\":\"https:\/\/bahiaeconomica.com.br\/wp\/\"},{\"@type\":\"ListItem\",\"position\":2,\"name\":\"C\u00c2MARA APROVA PROJETO QUE INCENTIVA PR\u00c1TICAS AGR\u00cdCOLAS AMBIENTALMENTE SUSTENT\u00c1VEIS\"}]},{\"@type\":\"WebSite\",\"@id\":\"https:\/\/bahiaeconomica.com.br\/wp\/#website\",\"url\":\"https:\/\/bahiaeconomica.com.br\/wp\/\",\"name\":\"Bahia Economica\",\"description\":\"O maior portal de Economia da Bahia\",\"publisher\":{\"@id\":\"https:\/\/bahiaeconomica.com.br\/wp\/#organization\"},\"potentialAction\":[{\"@type\":\"SearchAction\",\"target\":{\"@type\":\"EntryPoint\",\"urlTemplate\":\"https:\/\/bahiaeconomica.com.br\/wp\/?s={search_term_string}\"},\"query-input\":\"required name=search_term_string\"}],\"inLanguage\":\"pt-BR\"},{\"@type\":\"Organization\",\"@id\":\"https:\/\/bahiaeconomica.com.br\/wp\/#organization\",\"name\":\"Bahia Econ\u00f4mica\",\"url\":\"https:\/\/bahiaeconomica.com.br\/wp\/\",\"logo\":{\"@type\":\"ImageObject\",\"inLanguage\":\"pt-BR\",\"@id\":\"https:\/\/bahiaeconomica.com.br\/wp\/#\/schema\/logo\/image\/\",\"url\":\"https:\/\/bahiaeconomica.com.br\/wp\/wp-content\/uploads\/2020\/12\/cropped-BE.png\",\"contentUrl\":\"https:\/\/bahiaeconomica.com.br\/wp\/wp-content\/uploads\/2020\/12\/cropped-BE.png\",\"width\":512,\"height\":512,\"caption\":\"Bahia Econ\u00f4mica\"},\"image\":{\"@id\":\"https:\/\/bahiaeconomica.com.br\/wp\/#\/schema\/logo\/image\/\"},\"sameAs\":[\"https:\/\/www.facebook.com\/bahiaeconomica\"]},{\"@type\":\"Person\",\"@id\":\"https:\/\/bahiaeconomica.com.br\/wp\/#\/schema\/person\/c86d3a3f8960425a0f9d0e5245991f4e\",\"name\":\"JP\",\"sameAs\":[\"https:\/\/bahiaeconomica.com.br\/wp\/beta\/\"],\"url\":\"https:\/\/bahiaeconomica.com.br\/wp\/author\/jp\/\"}]}<\/script>\n<!-- \/ Yoast SEO plugin. -->","yoast_head_json":{"title":"C\u00c2MARA APROVA PROJETO QUE INCENTIVA PR\u00c1TICAS AGR\u00cdCOLAS AMBIENTALMENTE SUSTENT\u00c1VEIS - Bahia Economica","description":"O maior portal de Economia da Bahia MUNIC\u00cdPIOS, Pol\u00edtica Bahia Economica Por meio de vota\u00e7\u00e3o simb\u00f3lica, foi aprovado no plen\u00e1rio da C\u00e2mara dos Deputados","robots":{"index":"index","follow":"follow","max-snippet":"max-snippet:-1","max-image-preview":"max-image-preview:large","max-video-preview":"max-video-preview:-1"},"canonical":"https:\/\/bahiaeconomica.com.br\/wp\/2026\/09\/03\/camara-aprova-projeto-que-incentiva-praticas-agricolas-ambientalmente-sustentaveis\/","og_locale":"pt_BR","og_type":"article","og_title":"C\u00c2MARA APROVA PROJETO QUE INCENTIVA PR\u00c1TICAS AGR\u00cdCOLAS AMBIENTALMENTE SUSTENT\u00c1VEIS - Bahia Economica","og_description":"O maior portal de Economia da Bahia MUNIC\u00cdPIOS, Pol\u00edtica Bahia Economica Por meio de vota\u00e7\u00e3o simb\u00f3lica, foi aprovado no plen\u00e1rio da C\u00e2mara dos Deputados","og_url":"https:\/\/bahiaeconomica.com.br\/wp\/2026\/09\/03\/camara-aprova-projeto-que-incentiva-praticas-agricolas-ambientalmente-sustentaveis\/","og_site_name":"Bahia Economica","article_publisher":"https:\/\/www.facebook.com\/bahiaeconomica","article_published_time":"2026-09-03T12:40:19+00:00","article_modified_time":"2026-09-03T12:51:35+00:00","og_image":[{"width":1280,"height":960,"url":"https:\/\/bahiaeconomica.com.br\/wp\/wp-content\/uploads\/2026\/09\/WhatsApp-Image-2026-09-03-at-09.44.43.jpeg","type":"image\/jpeg"}],"author":"JP","twitter_card":"summary_large_image","twitter_misc":{"Escrito por":"JP","Est. tempo de leitura":"3 minutos"},"schema":{"@context":"https:\/\/schema.org","@graph":[{"@type":"Article","@id":"https:\/\/bahiaeconomica.com.br\/wp\/2026\/09\/03\/camara-aprova-projeto-que-incentiva-praticas-agricolas-ambientalmente-sustentaveis\/#article","isPartOf":{"@id":"https:\/\/bahiaeconomica.com.br\/wp\/2026\/09\/03\/camara-aprova-projeto-que-incentiva-praticas-agricolas-ambientalmente-sustentaveis\/"},"author":{"name":"JP","@id":"https:\/\/bahiaeconomica.com.br\/wp\/#\/schema\/person\/c86d3a3f8960425a0f9d0e5245991f4e"},"headline":"C\u00c2MARA APROVA PROJETO QUE INCENTIVA PR\u00c1TICAS AGR\u00cdCOLAS AMBIENTALMENTE SUSTENT\u00c1VEIS","datePublished":"2026-09-03T12:40:19+00:00","dateModified":"2026-09-03T12:51:35+00:00","mainEntityOfPage":{"@id":"https:\/\/bahiaeconomica.com.br\/wp\/2026\/09\/03\/camara-aprova-projeto-que-incentiva-praticas-agricolas-ambientalmente-sustentaveis\/"},"wordCount":579,"publisher":{"@id":"https:\/\/bahiaeconomica.com.br\/wp\/#organization"},"keywords":["Bahia","Brasil","Valmir"],"articleSection":["MUNIC\u00cdPIOS","Pol\u00edtica"],"inLanguage":"pt-BR"},{"@type":"WebPage","@id":"https:\/\/bahiaeconomica.com.br\/wp\/2026\/09\/03\/camara-aprova-projeto-que-incentiva-praticas-agricolas-ambientalmente-sustentaveis\/","url":"https:\/\/bahiaeconomica.com.br\/wp\/2026\/09\/03\/camara-aprova-projeto-que-incentiva-praticas-agricolas-ambientalmente-sustentaveis\/","name":"C\u00c2MARA APROVA PROJETO QUE INCENTIVA PR\u00c1TICAS AGR\u00cdCOLAS AMBIENTALMENTE SUSTENT\u00c1VEIS - Bahia Economica","isPartOf":{"@id":"https:\/\/bahiaeconomica.com.br\/wp\/#website"},"datePublished":"2026-09-03T12:40:19+00:00","dateModified":"2026-09-03T12:51:35+00:00","description":"O maior portal de Economia da Bahia MUNIC\u00cdPIOS, Pol\u00edtica Bahia Economica Por meio de vota\u00e7\u00e3o simb\u00f3lica, foi aprovado no plen\u00e1rio da C\u00e2mara dos Deputados","breadcrumb":{"@id":"https:\/\/bahiaeconomica.com.br\/wp\/2026\/09\/03\/camara-aprova-projeto-que-incentiva-praticas-agricolas-ambientalmente-sustentaveis\/#breadcrumb"},"inLanguage":"pt-BR","potentialAction":[{"@type":"ReadAction","target":["https:\/\/bahiaeconomica.com.br\/wp\/2026\/09\/03\/camara-aprova-projeto-que-incentiva-praticas-agricolas-ambientalmente-sustentaveis\/"]}]},{"@type":"BreadcrumbList","@id":"https:\/\/bahiaeconomica.com.br\/wp\/2026\/09\/03\/camara-aprova-projeto-que-incentiva-praticas-agricolas-ambientalmente-sustentaveis\/#breadcrumb","itemListElement":[{"@type":"ListItem","position":1,"name":"In\u00edcio","item":"https:\/\/bahiaeconomica.com.br\/wp\/"},{"@type":"ListItem","position":2,"name":"C\u00c2MARA APROVA PROJETO QUE INCENTIVA PR\u00c1TICAS AGR\u00cdCOLAS AMBIENTALMENTE SUSTENT\u00c1VEIS"}]},{"@type":"WebSite","@id":"https:\/\/bahiaeconomica.com.br\/wp\/#website","url":"https:\/\/bahiaeconomica.com.br\/wp\/","name":"Bahia Economica","description":"O maior portal de Economia da Bahia","publisher":{"@id":"https:\/\/bahiaeconomica.com.br\/wp\/#organization"},"potentialAction":[{"@type":"SearchAction","target":{"@type":"EntryPoint","urlTemplate":"https:\/\/bahiaeconomica.com.br\/wp\/?s={search_term_string}"},"query-input":"required name=search_term_string"}],"inLanguage":"pt-BR"},{"@type":"Organization","@id":"https:\/\/bahiaeconomica.com.br\/wp\/#organization","name":"Bahia Econ\u00f4mica","url":"https:\/\/bahiaeconomica.com.br\/wp\/","logo":{"@type":"ImageObject","inLanguage":"pt-BR","@id":"https:\/\/bahiaeconomica.com.br\/wp\/#\/schema\/logo\/image\/","url":"https:\/\/bahiaeconomica.com.br\/wp\/wp-content\/uploads\/2020\/12\/cropped-BE.png","contentUrl":"https:\/\/bahiaeconomica.com.br\/wp\/wp-content\/uploads\/2020\/12\/cropped-BE.png","width":512,"height":512,"caption":"Bahia Econ\u00f4mica"},"image":{"@id":"https:\/\/bahiaeconomica.com.br\/wp\/#\/schema\/logo\/image\/"},"sameAs":["https:\/\/www.facebook.com\/bahiaeconomica"]},{"@type":"Person","@id":"https:\/\/bahiaeconomica.com.br\/wp\/#\/schema\/person\/c86d3a3f8960425a0f9d0e5245991f4e","name":"JP","sameAs":["https:\/\/bahiaeconomica.com.br\/wp\/beta\/"],"url":"https:\/\/bahiaeconomica.com.br\/wp\/author\/jp\/"}]}},"views":4,"_links":{"self":[{"href":"https:\/\/bahiaeconomica.com.br\/wp\/wp-json\/wp\/v2\/posts\/1022071"}],"collection":[{"href":"https:\/\/bahiaeconomica.com.br\/wp\/wp-json\/wp\/v2\/posts"}],"about":[{"href":"https:\/\/bahiaeconomica.com.br\/wp\/wp-json\/wp\/v2\/types\/post"}],"author":[{"embeddable":true,"href":"https:\/\/bahiaeconomica.com.br\/wp\/wp-json\/wp\/v2\/users\/8"}],"replies":[{"embeddable":true,"href":"https:\/\/bahiaeconomica.com.br\/wp\/wp-json\/wp\/v2\/comments?post=1022071"}],"version-history":[{"count":1,"href":"https:\/\/bahiaeconomica.com.br\/wp\/wp-json\/wp\/v2\/posts\/1022071\/revisions"}],"predecessor-version":[{"id":1022075,"href":"https:\/\/bahiaeconomica.com.br\/wp\/wp-json\/wp\/v2\/posts\/1022071\/revisions\/1022075"}],"wp:featuredmedia":[{"embeddable":true,"href":"https:\/\/bahiaeconomica.com.br\/wp\/wp-json\/wp\/v2\/media\/1022073"}],"wp:attachment":[{"href":"https:\/\/bahiaeconomica.com.br\/wp\/wp-json\/wp\/v2\/media?parent=1022071"}],"wp:term":[{"taxonomy":"category","embeddable":true,"href":"https:\/\/bahiaeconomica.com.br\/wp\/wp-json\/wp\/v2\/categories?post=1022071"},{"taxonomy":"post_tag","embeddable":true,"href":"https:\/\/bahiaeconomica.com.br\/wp\/wp-json\/wp\/v2\/tags?post=1022071"}],"curies":[{"name":"wp","href":"https:\/\/api.w.org\/{rel}","templated":true}]}}